{"id":192944,"date":"2018-12-17T06:50:22","date_gmt":"2018-12-17T08:50:22","guid":{"rendered":"https:\/\/franciscanos.org.br\/noticias\/?p=192944"},"modified":"2020-08-04T14:16:35","modified_gmt":"2020-08-04T17:16:35","slug":"papa-francisco-completa-82-anos","status":"publish","type":"post","link":"https:\/\/franciscanos.org.br\/noticias\/papa-francisco-completa-82-anos.html","title":{"rendered":"Papa Francisco completa 82 anos"},"content":{"rendered":"<p>&nbsp;<\/p>\n<div id=\"attachment_227445\" style=\"width: 900px\" class=\"wp-caption alignnone\"><img aria-describedby=\"caption-attachment-227445\" loading=\"lazy\" class=\"wp-image-227445 size-full\" src=\"https:\/\/franciscanos.org.br\/noticias\/wp-content\/uploads\/2018\/12\/papa_0408.jpg\" alt=\"\" width=\"890\" height=\"593\" srcset=\"https:\/\/franciscanos.org.br\/noticias\/wp-content\/uploads\/2018\/12\/papa_0408.jpg 890w, https:\/\/franciscanos.org.br\/noticias\/wp-content\/uploads\/2018\/12\/papa_0408-450x300.jpg 450w, https:\/\/franciscanos.org.br\/noticias\/wp-content\/uploads\/2018\/12\/papa_0408-768x512.jpg 768w, https:\/\/franciscanos.org.br\/noticias\/wp-content\/uploads\/2018\/12\/papa_0408-150x100.jpg 150w\" sizes=\"(max-width: 890px) 100vw, 890px\" \/><p id=\"caption-attachment-227445\" class=\"wp-caption-text\">\u00a0 \u00a0 \u00a0 \u00a0 \u00a0 \u00a0 \u00a0 \u00a0 \u00a0 \u00a0 \u00a0 \u00a0 \u00a0 \u00a0 \u00a0 \u00a0 \u00a0 \u00a0 \u00a0 \u00a0 \u00a0 \u00a0 \u00a0 \u00a0 \u00a0 \u00a0 \u00a0 \u00a0 \u00a0 \u00a0 \u00a0 \u00a0 \u00a0 \u00a0 \u00a0 \u00a0 \u00a0 \u00a0 \u00a0 \u00a0 \u00a0 \u00a0 \u00a0 \u00a0 \u00a0 \u00a0 \u00a0 \u00a0 \u00a0 \u00a0 \u00a0 \u00a0 \u00a0 \u00a0 \u00a0 \u00a0 \u00a0 \u00a0 \u00a0 \u00a0 \u00a0 \u00a0 \u00a0 \u00a0 \u00a0 \u00a0 \u00a0 \u00a0 \u00a0 \u00a0 \u00a0 \u00a0 \u00a0 \u00a0 \u00a0 \u00a0 \u00a0<em> \u00a0 \u00a0 \u00a0Imagem: Vatican News<\/em><\/p><\/div>\n<p><strong>Cidade do Vaticano &#8211;<\/strong> Passaram-se 82 anos desde o 17 de dezembro de 1936, dia do nascimento em Buenos Aires de Jorge Mario Bergoglio. Filho de emigrantes piemonteses, quando crian\u00e7a dizia que gostaria de ser a\u00e7ougueiro, como recordou ao responder a pergunta de uma crian\u00e7a em 31 de dezembro de 2015. Ele tamb\u00e9m tem uma paix\u00e3o pelo canto, nascido do h\u00e1bito de ouvir m\u00fasica toda semana no r\u00e1dio, ao lado de seus irm\u00e3os e de sua m\u00e3e. Seu pai lhe ensinou, desde menino, a import\u00e2ncia do trabalho. Assim, desenvolveu v\u00e1rios of\u00edcios e graduou-se como t\u00e9cnico qu\u00edmico.<\/p>\n<p>Mas \u00e9 outro o horizonte mais importante de sua vida: a f\u00e9, forjada por sua av\u00f3 Rosa Margherita Vassallo, que floresce em sua voca\u00e7\u00e3o. Em 1958 entrou no semin\u00e1rio e escolhe realizar o noviciado entre os padres jesu\u00edtas. \u00c9 nesse momento que uma enfermeira, a Irm\u00e3 Cornelia Caraglio, salva sua vida convencendo um m\u00e9dico a administrar a dose certa de antibi\u00f3tico para tratar uma pneumonia.\u00a0Para esta &#8220;brava mulher, tamb\u00e9m corajosa o suficiente para discutir com os m\u00e9dicos&#8221;, Francesco expressou seus agradecimentos no \u00faltimo dia 3 de mar\u00e7o, ao encontrar uma delega\u00e7\u00e3o de enfermeiras.<\/p>\n<p><strong>O sacerd\u00f3cio<\/strong><br \/>\nEm 1969 foi ordenado sacerdote. Naquele dia, sua av\u00f3 entrega a ele uma carta dirigida a todos os seus sobrinhos, que o jovem Jorge M\u00e1rio guarda em seu brevi\u00e1rio: &#8220;Tenham uma vida longa e feliz. Mas se em algum dia a dor, a doen\u00e7a ou a perda de um ente querido encher voc\u00eas de desconforto, lembrem-se que um suspiro diante do Tabern\u00e1culo, onde est\u00e1 o maior e mais augusto m\u00e1rtir, e uma olhar para Maria, que est\u00e1 aos p\u00e9s da cruz, poder\u00e1 fazer cair uma gota de b\u00e1lsamo nas feridas mais profundas e dolorosas&#8221;.<\/p>\n<p><strong>Arcebispo de Buenos Aires<\/strong><br \/>\nEm 1973 foi nomeado provincial dos jesu\u00edtas da Argentina. Em 1992 recebe a ordena\u00e7\u00e3o episcopal e em 28 de fevereiro de 1998 \u00e9 nomeado arcebispo de Buenos Aires, primaz da Argentina.\u00a0No Consist\u00f3rio de 21 de fevereiro de 2001, Jo\u00e3o Paulo II o criou cardeal. &#8220;Nesta manh\u00e3 &#8211; afirmou o Papa Wojtyla na ocasi\u00e3o &#8211; a Roma cat\u00f3lica abra\u00e7a os novos cardeais com um caloroso abra\u00e7o, sabendo que outra p\u00e1gina significativa est\u00e1 sendo escrita de seus dois mil anos de hist\u00f3ria&#8221;.\u00a0\u00c9 o prel\u00fadio de outra p\u00e1gina hist\u00f3rica: a que, em 2013, escreve o primeiro Papa das Am\u00e9ricas, o primeiro pont\u00edfice jesu\u00edta.<\/p>\n<p><strong>A elei\u00e7\u00e3o para o trono de Pedro<\/strong><br \/>\nAp\u00f3s a ren\u00fancia do Papa Bento XVI, vem a Roma para o Conclave. Em 13 de mar\u00e7o de 2013 \u00e9 eleito Sumo Pont\u00edfice. Durante uma visita a uma par\u00f3quia romana, em 19 de fevereiro de 2017, uma crian\u00e7a perguntou por que ele se tornou o Papa. &#8220;O que \u00e9 eleito &#8211; responde &#8211; n\u00e3o \u00e9 necessariamente o mais inteligente (&#8230;). Mas \u00e9 aquele que Deus quer para aquele momento na Igreja&#8221;.<\/p>\n<p>Como Pont\u00edfice, escolhe o nome de Francisco. Poucos dias depois da elei\u00e7\u00e3o, encontrando os representantes da m\u00eddia, explica a escolha do nome revelando ter pensado em S\u00e3o Francisco de Assis, &#8220;o homem da pobreza, o homem da paz, o homem que ama e custodia a cria\u00e7\u00e3o&#8221;. E \u00e9 precisamente essas dire\u00e7\u00f5es, atrav\u00e9s de gestos e escritos como a Enc\u00edclica Laudato si, que marcam o pontificado de Francisco.<\/p>\n<hr \/>\n<h2 style=\"text-align: left;\"><strong>&#8220;Para entender a realidade da vida \u00e9 preciso abaixar-se, <\/strong><br \/>\n<strong>como nos abaixamos para beijar uma crian\u00e7a&#8221;<\/strong><\/h2>\n<p>Tratou-se de um encontro bastante animado neste domingo da alegria, com a presen\u00e7a de cerca de 800 pessoas na Sala Paulo VI, ocasi\u00e3o na qual Francisco fez suas felicita\u00e7\u00f5es natalinas e recebeu, antecipadamente, os parab\u00e9ns pelo seu anivers\u00e1rio esta segunda-feira, 17 de dezembro, na qual celebra 82 anos.<\/p>\n<p>\u201cOs orgulhosos, os soberbos n\u00e3o podem entender a vida, porque n\u00e3o s\u00e3o capazes de abaixar-se. Todos n\u00f3s \u2013 profissionais, organizadores, as irm\u00e3s, todos \u2013 damos muitas coisas \u00e0s crian\u00e7as; mas elas nos d\u00e3o este an\u00fancio, este ensinamento: abaixa-te. Abaixa-te, s\u00ea humilde, e assim aprender\u00e1s a entender a vida e a entender as pessoas.\u201d<\/p>\n<p>Assim se expressou o Papa Francisco ao dirigir-se, na Sala Paulo VI, na manh\u00e3 deste domingo, antes da ora\u00e7\u00e3o mariana do Angelus na Pra\u00e7a S\u00e3o Pedro, \u00e0s irm\u00e3s vicentinas, aos volunt\u00e1rios do Dispens\u00e1rio pedi\u00e1trico Santa Marta, aos pais e \u00e0s crian\u00e7as assistidas pela estrutura, que oferece tratamentos pedi\u00e1tricos a crian\u00e7as em dificuldade, provenientes do mundo inteiro.<\/p>\n<p><strong>Trabalhar com crian\u00e7as nos ensina muito<\/strong><br \/>\nTrabalhar com as crian\u00e7as n\u00e3o \u00e9 f\u00e1cil, mas nos ensina muito, continuou o Pont\u00edfice, acrescentando: a mim ensina uma coisa, \u201cque para entender a realidade da vida \u00e9 preciso abaixar-se, como nos abaixamos para beijar uma crian\u00e7a. Elas nos ensinam isso\u201d.<\/p>\n<p>Tratou-se de um encontro bastante animado neste domingo da alegria, com a presen\u00e7a de cerca de 800 pessoas na Sala Paulo VI, ocasi\u00e3o na qual Francisco fez suas felicita\u00e7\u00f5es natalinas e recebeu, antecipadamente, os parab\u00e9ns pelo seu anivers\u00e1rio esta segunda-feira, 17 de dezembro, na qual celebra 82 anos de vida.<\/p>\n<p><strong>Felicita\u00e7\u00f5es ao Papa Francisco<\/strong><br \/>\nEm sua chegada, o Papa saudou uma a uma as crian\u00e7as do Dispens\u00e1rio, sentando-se no meio delas nos degraus do palco. De fato, Francisco foi acolhido com o canto \u201cParab\u00e9ns pra voc\u00ea\u201d, uma bela coreografia natalina e um bolo de anivers\u00e1rio. O\u00a0Papa ouviu o testemunho de algumas crian\u00e7as e de duas m\u00e3es provenientes do Peru e Marrocos, desejou bom Natal a todos e presenteou \u00e0s crian\u00e7as confec\u00e7\u00f5es repletas de chocolates.<\/p>\n<hr \/>\n<p><strong>Fonte: Vatican News<\/strong><\/p>\n","protected":false},"excerpt":{"rendered":"<p>Anivers\u00e1rio do Papa Francisco<\/p>\n","protected":false},"author":3,"featured_media":227446,"comment_status":"open","ping_status":"open","sticky":false,"template":"","format":"standard","meta":[],"categories":[1428],"tags":[55],"acf":[],"yoast_head":"<!-- This site is optimized with the Yoast SEO plugin v19.2 - https:\/\/yoast.com\/wordpress\/plugins\/seo\/ -->\n<title>Papa Francisco completa 82 anos - Not\u00edcias - Franciscanos<\/title>\n<meta name=\"robots\" content=\"index, follow, max-snippet:-1, max-image-preview:large, max-video-preview:-1\" \/>\n<link rel=\"canonical\" href=\"https:\/\/franciscanos.org.br\/noticias\/papa-francisco-completa-82-anos.html\" \/>\n<meta property=\"og:locale\" content=\"pt_BR\" \/>\n<meta property=\"og:type\" content=\"article\" \/>\n<meta property=\"og:title\" content=\"Papa Francisco completa 82 anos - Not\u00edcias - Franciscanos\" \/>\n<meta property=\"og:description\" content=\"Anivers\u00e1rio do Papa Francisco\" \/>\n<meta property=\"og:url\" content=\"https:\/\/franciscanos.org.br\/noticias\/papa-francisco-completa-82-anos.html\" \/>\n<meta property=\"og:site_name\" content=\"Not\u00edcias - Franciscanos\" \/>\n<meta property=\"article:published_time\" content=\"2018-12-17T08:50:22+00:00\" \/>\n<meta property=\"article:modified_time\" content=\"2020-08-04T17:16:35+00:00\" \/>\n<meta property=\"og:image\" content=\"https:\/\/franciscanos.org.br\/noticias\/wp-content\/uploads\/2018\/12\/papa_0408d.jpg\" \/>\n\t<meta property=\"og:image:width\" content=\"800\" \/>\n\t<meta property=\"og:image:height\" content=\"601\" \/>\n\t<meta property=\"og:image:type\" content=\"image\/jpeg\" \/>\n<meta name=\"author\" content=\"moacir\" \/>\n<meta name=\"twitter:card\" content=\"summary_large_image\" \/>\n<meta name=\"twitter:label1\" content=\"Escrito por\" \/>\n\t<meta name=\"twitter:data1\" content=\"moacir\" \/>\n\t<meta name=\"twitter:label2\" content=\"Est. tempo de leitura\" \/>\n\t<meta name=\"twitter:data2\" content=\"5 minutos\" \/>\n<script type=\"application\/ld+json\" class=\"yoast-schema-graph\">{\"@context\":\"https:\/\/schema.org\",\"@graph\":[{\"@type\":\"WebSite\",\"@id\":\"https:\/\/franciscanos.org.br\/noticias\/#website\",\"url\":\"https:\/\/franciscanos.org.br\/noticias\/\",\"name\":\"Not\u00edcias - Franciscanos\",\"description\":\"Prov\u00edncia Franciscana da Imaculada Concei\u00e7\u00e3o do Brasil - Ordem dos Frades Menores - OFM\",\"potentialAction\":[{\"@type\":\"SearchAction\",\"target\":{\"@type\":\"EntryPoint\",\"urlTemplate\":\"https:\/\/franciscanos.org.br\/noticias\/?s={search_term_string}\"},\"query-input\":\"required name=search_term_string\"}],\"inLanguage\":\"pt-BR\"},{\"@type\":\"ImageObject\",\"inLanguage\":\"pt-BR\",\"@id\":\"https:\/\/franciscanos.org.br\/noticias\/papa-francisco-completa-82-anos.html#primaryimage\",\"url\":\"https:\/\/franciscanos.org.br\/noticias\/wp-content\/uploads\/2018\/12\/papa_0408d.jpg\",\"contentUrl\":\"https:\/\/franciscanos.org.br\/noticias\/wp-content\/uploads\/2018\/12\/papa_0408d.jpg\",\"width\":800,\"height\":601},{\"@type\":\"WebPage\",\"@id\":\"https:\/\/franciscanos.org.br\/noticias\/papa-francisco-completa-82-anos.html#webpage\",\"url\":\"https:\/\/franciscanos.org.br\/noticias\/papa-francisco-completa-82-anos.html\",\"name\":\"Papa Francisco completa 82 anos - Not\u00edcias - Franciscanos\",\"isPartOf\":{\"@id\":\"https:\/\/franciscanos.org.br\/noticias\/#website\"},\"primaryImageOfPage\":{\"@id\":\"https:\/\/franciscanos.org.br\/noticias\/papa-francisco-completa-82-anos.html#primaryimage\"},\"datePublished\":\"2018-12-17T08:50:22+00:00\",\"dateModified\":\"2020-08-04T17:16:35+00:00\",\"author\":{\"@id\":\"https:\/\/franciscanos.org.br\/noticias\/#\/schema\/person\/b5c8cba458c330ccff548b056e95a5d4\"},\"breadcrumb\":{\"@id\":\"https:\/\/franciscanos.org.br\/noticias\/papa-francisco-completa-82-anos.html#breadcrumb\"},\"inLanguage\":\"pt-BR\",\"potentialAction\":[{\"@type\":\"ReadAction\",\"target\":[\"https:\/\/franciscanos.org.br\/noticias\/papa-francisco-completa-82-anos.html\"]}]},{\"@type\":\"BreadcrumbList\",\"@id\":\"https:\/\/franciscanos.org.br\/noticias\/papa-francisco-completa-82-anos.html#breadcrumb\",\"itemListElement\":[{\"@type\":\"ListItem\",\"position\":1,\"name\":\"Home\",\"item\":\"https:\/\/franciscanos.org.br\/noticias\"},{\"@type\":\"ListItem\",\"position\":2,\"name\":\"Papa Francisco completa 82 anos\"}]},{\"@type\":\"Person\",\"@id\":\"https:\/\/franciscanos.org.br\/noticias\/#\/schema\/person\/b5c8cba458c330ccff548b056e95a5d4\",\"name\":\"moacir\",\"image\":{\"@type\":\"ImageObject\",\"inLanguage\":\"pt-BR\",\"@id\":\"https:\/\/franciscanos.org.br\/noticias\/#\/schema\/person\/image\/\",\"url\":\"https:\/\/secure.gravatar.com\/avatar\/d08aa2ce4c8dd416d4479aa8536fcf64?s=96&d=mm&r=g\",\"contentUrl\":\"https:\/\/secure.gravatar.com\/avatar\/d08aa2ce4c8dd416d4479aa8536fcf64?s=96&d=mm&r=g\",\"caption\":\"moacir\"},\"url\":\"https:\/\/franciscanos.org.br\/noticias\/author\/moacir\"}]}<\/script>\n<!-- \/ Yoast SEO plugin. -->","yoast_head_json":{"title":"Papa Francisco completa 82 anos - Not\u00edcias - Franciscanos","robots":{"index":"index","follow":"follow","max-snippet":"max-snippet:-1","max-image-preview":"max-image-preview:large","max-video-preview":"max-video-preview:-1"},"canonical":"https:\/\/franciscanos.org.br\/noticias\/papa-francisco-completa-82-anos.html","og_locale":"pt_BR","og_type":"article","og_title":"Papa Francisco completa 82 anos - Not\u00edcias - Franciscanos","og_description":"Anivers\u00e1rio do Papa Francisco","og_url":"https:\/\/franciscanos.org.br\/noticias\/papa-francisco-completa-82-anos.html","og_site_name":"Not\u00edcias - Franciscanos","article_published_time":"2018-12-17T08:50:22+00:00","article_modified_time":"2020-08-04T17:16:35+00:00","og_image":[{"width":800,"height":601,"url":"https:\/\/franciscanos.org.br\/noticias\/wp-content\/uploads\/2018\/12\/papa_0408d.jpg","type":"image\/jpeg"}],"author":"moacir","twitter_card":"summary_large_image","twitter_misc":{"Escrito por":"moacir","Est. tempo de leitura":"5 minutos"},"schema":{"@context":"https:\/\/schema.org","@graph":[{"@type":"WebSite","@id":"https:\/\/franciscanos.org.br\/noticias\/#website","url":"https:\/\/franciscanos.org.br\/noticias\/","name":"Not\u00edcias - Franciscanos","description":"Prov\u00edncia Franciscana da Imaculada Concei\u00e7\u00e3o do Brasil - Ordem dos Frades Menores - OFM","potentialAction":[{"@type":"SearchAction","target":{"@type":"EntryPoint","urlTemplate":"https:\/\/franciscanos.org.br\/noticias\/?s={search_term_string}"},"query-input":"required name=search_term_string"}],"inLanguage":"pt-BR"},{"@type":"ImageObject","inLanguage":"pt-BR","@id":"https:\/\/franciscanos.org.br\/noticias\/papa-francisco-completa-82-anos.html#primaryimage","url":"https:\/\/franciscanos.org.br\/noticias\/wp-content\/uploads\/2018\/12\/papa_0408d.jpg","contentUrl":"https:\/\/franciscanos.org.br\/noticias\/wp-content\/uploads\/2018\/12\/papa_0408d.jpg","width":800,"height":601},{"@type":"WebPage","@id":"https:\/\/franciscanos.org.br\/noticias\/papa-francisco-completa-82-anos.html#webpage","url":"https:\/\/franciscanos.org.br\/noticias\/papa-francisco-completa-82-anos.html","name":"Papa Francisco completa 82 anos - Not\u00edcias - Franciscanos","isPartOf":{"@id":"https:\/\/franciscanos.org.br\/noticias\/#website"},"primaryImageOfPage":{"@id":"https:\/\/franciscanos.org.br\/noticias\/papa-francisco-completa-82-anos.html#primaryimage"},"datePublished":"2018-12-17T08:50:22+00:00","dateModified":"2020-08-04T17:16:35+00:00","author":{"@id":"https:\/\/franciscanos.org.br\/noticias\/#\/schema\/person\/b5c8cba458c330ccff548b056e95a5d4"},"breadcrumb":{"@id":"https:\/\/franciscanos.org.br\/noticias\/papa-francisco-completa-82-anos.html#breadcrumb"},"inLanguage":"pt-BR","potentialAction":[{"@type":"ReadAction","target":["https:\/\/franciscanos.org.br\/noticias\/papa-francisco-completa-82-anos.html"]}]},{"@type":"BreadcrumbList","@id":"https:\/\/franciscanos.org.br\/noticias\/papa-francisco-completa-82-anos.html#breadcrumb","itemListElement":[{"@type":"ListItem","position":1,"name":"Home","item":"https:\/\/franciscanos.org.br\/noticias"},{"@type":"ListItem","position":2,"name":"Papa Francisco completa 82 anos"}]},{"@type":"Person","@id":"https:\/\/franciscanos.org.br\/noticias\/#\/schema\/person\/b5c8cba458c330ccff548b056e95a5d4","name":"moacir","image":{"@type":"ImageObject","inLanguage":"pt-BR","@id":"https:\/\/franciscanos.org.br\/noticias\/#\/schema\/person\/image\/","url":"https:\/\/secure.gravatar.com\/avatar\/d08aa2ce4c8dd416d4479aa8536fcf64?s=96&d=mm&r=g","contentUrl":"https:\/\/secure.gravatar.com\/avatar\/d08aa2ce4c8dd416d4479aa8536fcf64?s=96&d=mm&r=g","caption":"moacir"},"url":"https:\/\/franciscanos.org.br\/noticias\/author\/moacir"}]}},"_links":{"self":[{"href":"https:\/\/franciscanos.org.br\/noticias\/wp-json\/wp\/v2\/posts\/192944"}],"collection":[{"href":"https:\/\/franciscanos.org.br\/noticias\/wp-json\/wp\/v2\/posts"}],"about":[{"href":"https:\/\/franciscanos.org.br\/noticias\/wp-json\/wp\/v2\/types\/post"}],"author":[{"embeddable":true,"href":"https:\/\/franciscanos.org.br\/noticias\/wp-json\/wp\/v2\/users\/3"}],"replies":[{"embeddable":true,"href":"https:\/\/franciscanos.org.br\/noticias\/wp-json\/wp\/v2\/comments?post=192944"}],"version-history":[{"count":3,"href":"https:\/\/franciscanos.org.br\/noticias\/wp-json\/wp\/v2\/posts\/192944\/revisions"}],"predecessor-version":[{"id":227447,"href":"https:\/\/franciscanos.org.br\/noticias\/wp-json\/wp\/v2\/posts\/192944\/revisions\/227447"}],"wp:featuredmedia":[{"embeddable":true,"href":"https:\/\/franciscanos.org.br\/noticias\/wp-json\/wp\/v2\/media\/227446"}],"wp:attachment":[{"href":"https:\/\/franciscanos.org.br\/noticias\/wp-json\/wp\/v2\/media?parent=192944"}],"wp:term":[{"taxonomy":"category","embeddable":true,"href":"https:\/\/franciscanos.org.br\/noticias\/wp-json\/wp\/v2\/categories?post=192944"},{"taxonomy":"post_tag","embeddable":true,"href":"https:\/\/franciscanos.org.br\/noticias\/wp-json\/wp\/v2\/tags?post=192944"}],"curies":[{"name":"wp","href":"https:\/\/api.w.org\/{rel}","templated":true}]}}