{"id":192921,"date":"2018-12-17T07:52:17","date_gmt":"2018-12-17T09:52:17","guid":{"rendered":"https:\/\/franciscanos.org.br\/noticias\/?p=192921"},"modified":"2020-06-06T13:02:21","modified_gmt":"2020-06-06T16:02:21","slug":"frei-cesar-a-frei-bunga-anime-se-e-seja-simbolo-da-presenca-viva-de-deus","status":"publish","type":"post","link":"https:\/\/franciscanos.org.br\/noticias\/frei-cesar-a-frei-bunga-anime-se-e-seja-simbolo-da-presenca-viva-de-deus.html","title":{"rendered":"Frei C\u00e9sar a Frei Bunga: &#8220;Anime-se e seja s\u00edmbolo da presen\u00e7a viva de Deus&#8221;"},"content":{"rendered":"<p><img loading=\"lazy\" class=\"alignnone size-full wp-image-192923\" src=\"https:\/\/franciscanos.org.br\/noticias\/wp-content\/uploads\/2018\/12\/bunga_171218_4.jpg\" alt=\"\" width=\"890\" height=\"439\" srcset=\"https:\/\/franciscanos.org.br\/noticias\/wp-content\/uploads\/2018\/12\/bunga_171218_4.jpg 890w, https:\/\/franciscanos.org.br\/noticias\/wp-content\/uploads\/2018\/12\/bunga_171218_4-450x222.jpg 450w, https:\/\/franciscanos.org.br\/noticias\/wp-content\/uploads\/2018\/12\/bunga_171218_4-768x379.jpg 768w, https:\/\/franciscanos.org.br\/noticias\/wp-content\/uploads\/2018\/12\/bunga_171218_4-150x74.jpg 150w\" sizes=\"(max-width: 890px) 100vw, 890px\" \/><\/p>\n<p><strong>Frei Cris\u00f3stomo Pinto \u00d1gala<\/strong><\/p>\n<p><strong>Luanda (Angola)<\/strong> &#8211; No \u201cDomingo da Alegria\u201d, o terceiro domingo do Advento (16\/12), Frei Jo\u00e3o Alberto Bunga presidiu sua primeira Missa na Par\u00f3quia S\u00e3o Lucas, na presen\u00e7a do Ministro Provincial, Frei C\u00e9sar K\u00fclkamp, do presidente da Funda\u00e7\u00e3o Imaculada M\u00e3e de Deus de Angola (FIMDA), Frei Jos\u00e9 Ant\u00f4nio dos Santos, do animador do Servi\u00e7o Vocacional da Prov\u00edncia, Frei Diego de A. Melo, e de Frei Valdomiro Wastchuk, concelheiro da FIMDA.<\/p>\n<p>As prim\u00edcias de Frei Bunga foram celebradas na Comunidade de S\u00e3o Jos\u00e9, sede da Par\u00f3quia S\u00e3o Lucas, que, segundo a descri\u00e7\u00e3o de Frei Bunga, foi o \u2018\u00fatero\u2019 que o gerou para a Igreja, o ber\u00e7o em que foi alimentado na f\u00e9 e iniciado na doutrina crist\u00e3, o canteiro fecundo de onde come\u00e7ou o seu desejo pela sua vida religiosa e sacerdotal. Esta Par\u00f3quia est\u00e1 situada no distrito urbano de Palanca, munic\u00edpio de Kilamba Kiaxi, arquidiocese de Luanda.<\/p>\n<p>A celebra\u00e7\u00e3o foi animada pelo Coral a Voz do Deserto (Cavod), coro em que Frei Bunga fez parte enquanto vocacionado e seminarista, e contou com a presen\u00e7a dos frades estudantes, dos familiares de Frei Bunga, amigos, fi\u00e9is da Comunidade S\u00e3o Jos\u00e9.<\/p>\n<p>A homilia ficou a cargo do Ministo Provincial, Frei C\u00e9sar, que agradeceu pelo convite e acolhimento dos fi\u00e9is da Comunidade de S\u00e3o Jos\u00e9 e falou de sua alegria por este momento. &#8220;Meu querido irm\u00e3o, confrade e amigo, Frei Jo\u00e3o Alberto, o irm\u00e3o Jo\u00e3o ou Johnni aqui de Luanda e de sua fam\u00edlia, o Frei Bunga como n\u00f3s o chamamos, estamos aqui cheios de alegria na sua primeira missa, neste dia em que voc\u00ea oferece a Deus os primeiros frutos do seu minist\u00e9rio. Os primeiros de uma colheita muito maior que h\u00e1 de vir&#8221;, disse, descrevendo o percurso vocacional e formativo de Frei Bunga.<\/p>\n<p><img loading=\"lazy\" class=\"alignnone size-full wp-image-192924\" src=\"https:\/\/franciscanos.org.br\/noticias\/wp-content\/uploads\/2018\/12\/bunga_171218_2.jpg\" alt=\"\" width=\"890\" height=\"471\" srcset=\"https:\/\/franciscanos.org.br\/noticias\/wp-content\/uploads\/2018\/12\/bunga_171218_2.jpg 890w, https:\/\/franciscanos.org.br\/noticias\/wp-content\/uploads\/2018\/12\/bunga_171218_2-450x238.jpg 450w, https:\/\/franciscanos.org.br\/noticias\/wp-content\/uploads\/2018\/12\/bunga_171218_2-768x406.jpg 768w, https:\/\/franciscanos.org.br\/noticias\/wp-content\/uploads\/2018\/12\/bunga_171218_2-150x79.jpg 150w\" sizes=\"(max-width: 890px) 100vw, 890px\" \/><\/p>\n<p>Segundo Frei C\u00e9sar, o 3\u00ba domingo do Advento, o domingo da alegria por causa da proximidade do nascimento de Jesus, a Palavra nos apresenta o Profeta Jo\u00e3o Batista, aquele que vem na frente do Senhor, convidando a preparar os caminhos para Ele. &#8220;Esta prepara\u00e7\u00e3o consiste na convers\u00e3o, na mudan\u00e7a de vida. Seus ouvintes lhe perguntavam: o que devemos fazer? E Jo\u00e3o Batista indica o caminho do amor solid\u00e1rio, especialmente aos mais pobres, o caminho da justi\u00e7a. \u00c9 interessante que este seu Xar\u00e1, Frei Jo\u00e3o, nos recorda que, no Batismo, tamb\u00e9m recebemos o Esp\u00edrito que nos eleva \u00e0 dignidade de profetas. Mas, nem sempre sabemos o que isso significa. Acima de tudo, o profeta \u00e9 uma pessoa chamada por Deus&#8221;, explicou.<\/p>\n<p>&#8220;Frei Bunga, assim a iniciativa da sua voca\u00e7\u00e3o \u00e9 divina! Como foi para Jo\u00e3o Batista, para Sofonias e para Francisco e Clara de Assis. Como padre franciscano voc\u00ea tamb\u00e9m \u00e9 chamado a ser profeta. Mas, como profeta continua um ser humano. N\u00e3o virou anjo e nem precisa. Apesar de suas fraquezas e pecados, Deus quer se servir do ser humano para que a sua mensagem seja integralmente anunciada. Mas, a mensagem \u00e9 de Deus. \u00c9 Ele quem envia Jo\u00e3o Batista para preparar os seus caminhos. Esta \u00e9 tamb\u00e9m a sua voca\u00e7\u00e3o. O perigo \u00e9 a gente se apropriar da mensagem ou querer as honras por causa dela. O profeta \u00e9 chamado para cumprir uma miss\u00e3o, a de transmitir Suas palavras. Para isso, ele precisa aprender a escutar com muita aten\u00e7\u00e3o o que Deus lhe sugere&#8221;, ressaltou o Ministro Provincial.<\/p>\n<p>Para C\u00e9sar, neste aspecto, como filhos de S\u00e3o Francisco de Assis, os frades t\u00eam uma caracter\u00edstica muito particular. &#8220;Ele pede de n\u00f3s que, ao anunciarmos a Palavra de Deus, sejamos tamb\u00e9m os primeiros destinat\u00e1rios dela. Ele exige que a mensagem seja anunciada com as palavras e com a vida. Ou seja, al\u00e9m de n\u00e3o nos apropriamos, de n\u00e3o nos gloriarmos, ele ainda exige fidelidade \u00e0 Palavra&#8221;, ensinou.<\/p>\n<p><img loading=\"lazy\" class=\"alignnone size-full wp-image-192925\" src=\"https:\/\/franciscanos.org.br\/noticias\/wp-content\/uploads\/2018\/12\/bunga_171218_1.jpg\" alt=\"\" width=\"890\" height=\"443\" srcset=\"https:\/\/franciscanos.org.br\/noticias\/wp-content\/uploads\/2018\/12\/bunga_171218_1.jpg 890w, https:\/\/franciscanos.org.br\/noticias\/wp-content\/uploads\/2018\/12\/bunga_171218_1-450x224.jpg 450w, https:\/\/franciscanos.org.br\/noticias\/wp-content\/uploads\/2018\/12\/bunga_171218_1-768x382.jpg 768w, https:\/\/franciscanos.org.br\/noticias\/wp-content\/uploads\/2018\/12\/bunga_171218_1-150x75.jpg 150w\" sizes=\"(max-width: 890px) 100vw, 890px\" \/><\/p>\n<p>&#8220;Assim, na vis\u00e3o franciscana, Frei Bunga, para conseguir cumprir esta miss\u00e3o, devemos primeiro nos colocar em piedosa escuta da mensagem de Deus e deixar que ela penetre at\u00e9 o \u00e2mago do nosso cora\u00e7\u00e3o. Sua humanidade e suas dificuldades continuam a\u00ed com voc\u00ea. At\u00e9 mesmo o ap\u00f3stolo Paulo, que fez tanto pela Igreja, que levou a Palavra t\u00e3o longe, fundou tantas comunidades, afirma: &#8216;N\u00e3o eu, mas a gra\u00e7a de Deus&#8217;. Ele nos afirma que o pecado e a fraqueza s\u00e3o necess\u00e1rios para n\u00e3o perdermos a humildade e para que a for\u00e7a n\u00e3o seja nossa, mas a de Cristo habitando em n\u00f3s. E hoje o Senhor tamb\u00e9m diz a voc\u00ea, Frei Bunga: &#8216;Basta-te a minha gra\u00e7a!'&#8221;, exortou Frei C\u00e9sar, lembrando que confiar inteiramente e em todas as circunst\u00e2ncias nesta for\u00e7a n\u00e3o \u00e9 uma tarefa simples. Os profetas, os ap\u00f3stolos e o pr\u00f3prio Cristo experimentaram o sofrimento, a persegui\u00e7\u00e3o e a pr\u00f3pria morte.<\/p>\n<p>&#8220;E a Igreja, com seus minist\u00e9rios e servi\u00e7os, nasce neste contexto de luta, mas ao mesmo tempo quer anunciar a esperan\u00e7a do novo. Um novo c\u00e9u e uma nova terra. Hoje, vivemos uma \u00e9poca de grandes mudan\u00e7as em todo o mundo. Quantas pessoas s\u00e3o for\u00e7adas a deixar sua terra e buscar lugares distantes. Aqui mesmo, em Angola, temos esta realidade. Mas, tomamos consci\u00eancia dos problemas em escala mundial pela televis\u00e3o ou pela internet e, ao mesmo tempo, crescem atitudes e interesses muito individualistas. E esta \u00e9 uma cilada que trai o Evangelho e o pr\u00f3prio minist\u00e9rio&#8221;, disse.<\/p>\n<p><img loading=\"lazy\" class=\"alignnone size-full wp-image-192948\" src=\"https:\/\/franciscanos.org.br\/noticias\/wp-content\/uploads\/2018\/12\/bunga_171218_6.jpg\" alt=\"\" width=\"890\" height=\"460\" srcset=\"https:\/\/franciscanos.org.br\/noticias\/wp-content\/uploads\/2018\/12\/bunga_171218_6.jpg 890w, https:\/\/franciscanos.org.br\/noticias\/wp-content\/uploads\/2018\/12\/bunga_171218_6-450x233.jpg 450w, https:\/\/franciscanos.org.br\/noticias\/wp-content\/uploads\/2018\/12\/bunga_171218_6-768x397.jpg 768w, https:\/\/franciscanos.org.br\/noticias\/wp-content\/uploads\/2018\/12\/bunga_171218_6-150x78.jpg 150w\" sizes=\"(max-width: 890px) 100vw, 890px\" \/><\/p>\n<p>\u201c&#8217;Os minist\u00e9rios presentes na Igreja s\u00e3o todos participa\u00e7\u00e3o no mesmo minist\u00e9rio de Jesus Cristo, o bom Pastor que d\u00e1 a vida pelas suas ovelhas&#8217; (Jo 10,11).\u00a0\u00a0\u00a0\u00a0\u00a0\u00a0\u00a0\u00a0\u00a0\u00a0\u00a0\u00a0\u00a0\u00a0 Frei Bunga, a\u00ed est\u00e1 o sentido do seu minist\u00e9rio. Voc\u00ea deve sim, como crist\u00e3o e como ministro ordenado, superar o fechamento seu e dos demais para buscar a centralidade de Cristo. Que ele mesmo o conduza ao amor generoso que Ele e o Pai t\u00eam para com a humanidade&#8221;, ensinou o Ministro Provincial, enfatizando: &#8220;E voc\u00ea sabe que s\u00f3 ser\u00e1 um bom presb\u00edtero se Cristo for tudo em voc\u00ea. Todas as estrat\u00e9gias de evangeliza\u00e7\u00e3o ser\u00e3o ineficazes se n\u00e3o comunicarem um cora\u00e7\u00e3o inflamado pelo amor de Deus. &#8216;Se se deseja alcan\u00e7ar o cora\u00e7\u00e3o dos crist\u00e3os, \u00e9 preciso primeiro falar ao cora\u00e7\u00e3o de Deus e deix\u00e1-lo falar ao pr\u00f3prio cora\u00e7\u00e3o&#8217;\u201d, enfatizou, lembrando que o sacramento da Ordem \u00e9 uma eucaristia feita com a vida do presb\u00edtero, em se transformando ele mesmo em h\u00f3stia viva.<\/p>\n<p>&#8220;Frei Bunga, como franciscano e ordenado, voc\u00ea \u00e9 chamado a ser um profeta de fraternidade e de minoridade no mundo de hoje! Diante disso, s\u00f3 posso lhe dizer que seu prop\u00f3sito \u00e9 grandioso e voc\u00ea \u00e9 muito corajoso por escolh\u00ea-lo para a sua vida! Caro Frei Bunga, Deus est\u00e1 contigo! Anime-se e viva a miss\u00e3o de ser um sinal e s\u00edmbolo da presen\u00e7a viva de Deus. Como franciscanos, pe\u00e7amos a Ele o dom de conservarmos o fervor espiritual! Ser sacerdote \u00e9, sobretudo, abrir-se aos outros como irm\u00e3o! E ser irm\u00e3o \u00e9 a grande contribui\u00e7\u00e3o do nosso carisma franciscano para o mundo de hoje. Caros irm\u00e3os, invoquemos a intercess\u00e3o da Virgem Maria, padroeira de Angola, venerada como Mam\u00e1 Muxima, rainha da Ordem dos Frades Menores e m\u00e3e dos Sacerdotes, para obter do Senhor b\u00ean\u00e7\u00e3os abundantes para o minist\u00e9rio do Frei Bunga. Frei Bunga, que voc\u00ea continue crescendo em santidade e esteja pronto para testemunhar a beleza de sua total e definitiva consagra\u00e7\u00e3o a Cristo e \u00e0 Igreja, o seu povo santo!&#8221;, completou Frei C\u00e9sar.<\/p>\n<p><img loading=\"lazy\" class=\"alignnone size-full wp-image-192926\" src=\"https:\/\/franciscanos.org.br\/noticias\/wp-content\/uploads\/2018\/12\/bunga_171218_3.jpg\" alt=\"\" width=\"890\" height=\"433\" srcset=\"https:\/\/franciscanos.org.br\/noticias\/wp-content\/uploads\/2018\/12\/bunga_171218_3.jpg 890w, https:\/\/franciscanos.org.br\/noticias\/wp-content\/uploads\/2018\/12\/bunga_171218_3-450x219.jpg 450w, https:\/\/franciscanos.org.br\/noticias\/wp-content\/uploads\/2018\/12\/bunga_171218_3-768x374.jpg 768w, https:\/\/franciscanos.org.br\/noticias\/wp-content\/uploads\/2018\/12\/bunga_171218_3-150x73.jpg 150w\" sizes=\"(max-width: 890px) 100vw, 890px\" \/><\/p>\n<p>A celebra\u00e7\u00e3o ficou marcada por muitos momentos de alegria, sobretudo atrav\u00e9s dos cantos entoados por um coral composto por homens. Ao longo da Missa, os familiares e amigos de Frei Bunga ofereceram casulas, estolas, sand\u00e1lias e outros presentes\u00a0 como sinal de envio, miss\u00e3o e colabora\u00e7\u00e3o na obra de Deus.<\/p>\n<p>Depois do c\u00e2ntico de a\u00e7\u00e3o de gra\u00e7as, o Conselho Restrito da Comunidade de S\u00e3o Jos\u00e9, em nome do seu P\u00e1roco, Frei Ant\u00f3nio Baza, dos anci\u00e3os da Comunidade, o coordenador Ant\u00f3nio Pedro felicitou Frei Bunga pela primeira Missa. Frei Jo\u00e3o\u00a0 Bunga \u00e9 o terceiro padre daquela comunidade que completou 34 anos de exist\u00eancia e 18 anos desde que se tornou Par\u00f3quia.<\/p>\n<p>Ao manifestar tamb\u00e9m sua gratid\u00e3o, Frei Bunga, com seu radiante sorriso exclamou: \u201cQue dizer neste momento de imensa alegria!? N\u00e3o sei se fui arrebatado ao c\u00e9u ou se o c\u00e9u desceu at\u00e9 mim. Tenho apenas a certeza de que se trata de um dia especial\u201d, disse.\u00a0 \u201cSendo sacerdote em nome de Cristo oferecerei o maior sacrif\u00edcio de louvor e a\u00e7\u00e3o de gra\u00e7as. Serei as m\u00e3os de Jesus ao aben\u00e7oar e santificar as oferendas. Serei a voz de Cristo ao proclamar o seu evangelho. Farei as vezes de Cristo quando administrar os sacramentos, sinais vis\u00edveis da sua presen\u00e7a santificadora. Serei os seus p\u00e9s quando for ao encontro dos doentes, dos pobres, dos exclu\u00eddos. Configuro-me a Cristo em sua vida. Ser presb\u00edtero n\u00e3o \u00e9 t\u00edtulo, mas \u00e9 crucificar-se com Cristo\u201d.<\/p>\n<p>Na sequ\u00eancia, Frei Bunga acrescentou: &#8220;De agora em diante sou interpelado a proclamar para mundo que j\u00e1 n\u00e3o sou eu que vivo, que rezo, que canto, que aben\u00e7oo, que trabalho, que batizo, que celebro, mas \u00e9 Cristo que em mim vive\u201d.<\/p>\n<p>Frei Bunga reconheceu a miss\u00e3o sacerdotal e manifestou sua pequenez perante tamanha responsabilidade: \u201cConfio naquele que at\u00e9 agora me ajudou\u201d.<\/p>\n<p>O dia festivo terminou com um almo\u00e7o nas depend\u00eancias do cart\u00f3rio daquela Comunidade que est\u00e1 em obras.<\/p>\n<hr \/>\n<p>VEJA MAIS IMAGENS DA CELEBRA\u00c7\u00c3O EUCAR\u00cdSTICA<\/p>\n\n\t\t<style type=\"text\/css\">\n\t\t\t#gallery-1 {\n\t\t\t\tmargin: auto;\n\t\t\t}\n\t\t\t#gallery-1 .gallery-item {\n\t\t\t\tfloat: left;\n\t\t\t\tmargin-top: 10px;\n\t\t\t\ttext-align: center;\n\t\t\t\twidth: 25%;\n\t\t\t}\n\t\t\t#gallery-1 img {\n\t\t\t\tborder: 2px solid #cfcfcf;\n\t\t\t}\n\t\t\t#gallery-1 .gallery-caption {\n\t\t\t\tmargin-left: 0;\n\t\t\t}\n\t\t\t\/* see gallery_shortcode() in wp-includes\/media.php *\/\n\t\t<\/style>\n\t\t<div id='gallery-1' class='gallery galleryid-192921 gallery-columns-4 gallery-size-thumbnail'><dl class='gallery-item'>\n\t\t\t<dt class='gallery-icon landscape'>\n\t\t\t\t<a href='https:\/\/franciscanos.org.br\/noticias\/wp-content\/uploads\/2018\/12\/01-5.jpg'><img width=\"300\" height=\"300\" src=\"https:\/\/franciscanos.org.br\/noticias\/wp-content\/uploads\/2018\/12\/01-5-300x300.jpg\" class=\"attachment-thumbnail size-thumbnail\" alt=\"\" loading=\"lazy\" srcset=\"https:\/\/franciscanos.org.br\/noticias\/wp-content\/uploads\/2018\/12\/01-5-300x300.jpg 300w, https:\/\/franciscanos.org.br\/noticias\/wp-content\/uploads\/2018\/12\/01-5-400x400.jpg 400w\" sizes=\"(max-width: 300px) 100vw, 300px\" \/><\/a>\n\t\t\t<\/dt><\/dl><dl class='gallery-item'>\n\t\t\t<dt class='gallery-icon landscape'>\n\t\t\t\t<a href='https:\/\/franciscanos.org.br\/noticias\/wp-content\/uploads\/2018\/12\/02-6.jpg'><img width=\"300\" height=\"300\" src=\"https:\/\/franciscanos.org.br\/noticias\/wp-content\/uploads\/2018\/12\/02-6-300x300.jpg\" class=\"attachment-thumbnail size-thumbnail\" alt=\"\" loading=\"lazy\" srcset=\"https:\/\/franciscanos.org.br\/noticias\/wp-content\/uploads\/2018\/12\/02-6-300x300.jpg 300w, https:\/\/franciscanos.org.br\/noticias\/wp-content\/uploads\/2018\/12\/02-6-400x400.jpg 400w\" sizes=\"(max-width: 300px) 100vw, 300px\" \/><\/a>\n\t\t\t<\/dt><\/dl><dl class='gallery-item'>\n\t\t\t<dt class='gallery-icon landscape'>\n\t\t\t\t<a href='https:\/\/franciscanos.org.br\/noticias\/wp-content\/uploads\/2018\/12\/03-6.jpg'><img width=\"300\" height=\"300\" src=\"https:\/\/franciscanos.org.br\/noticias\/wp-content\/uploads\/2018\/12\/03-6-300x300.jpg\" class=\"attachment-thumbnail size-thumbnail\" alt=\"\" loading=\"lazy\" srcset=\"https:\/\/franciscanos.org.br\/noticias\/wp-content\/uploads\/2018\/12\/03-6-300x300.jpg 300w, https:\/\/franciscanos.org.br\/noticias\/wp-content\/uploads\/2018\/12\/03-6-400x400.jpg 400w\" sizes=\"(max-width: 300px) 100vw, 300px\" \/><\/a>\n\t\t\t<\/dt><\/dl><dl class='gallery-item'>\n\t\t\t<dt class='gallery-icon landscape'>\n\t\t\t\t<a href='https:\/\/franciscanos.org.br\/noticias\/wp-content\/uploads\/2018\/12\/04-6.jpg'><img width=\"300\" height=\"300\" src=\"https:\/\/franciscanos.org.br\/noticias\/wp-content\/uploads\/2018\/12\/04-6-300x300.jpg\" class=\"attachment-thumbnail size-thumbnail\" alt=\"\" loading=\"lazy\" srcset=\"https:\/\/franciscanos.org.br\/noticias\/wp-content\/uploads\/2018\/12\/04-6-300x300.jpg 300w, https:\/\/franciscanos.org.br\/noticias\/wp-content\/uploads\/2018\/12\/04-6-400x400.jpg 400w\" sizes=\"(max-width: 300px) 100vw, 300px\" \/><\/a>\n\t\t\t<\/dt><\/dl><br style=\"clear: both\" \/><dl class='gallery-item'>\n\t\t\t<dt class='gallery-icon landscape'>\n\t\t\t\t<a href='https:\/\/franciscanos.org.br\/noticias\/wp-content\/uploads\/2018\/12\/05-4.jpg'><img width=\"300\" height=\"300\" src=\"https:\/\/franciscanos.org.br\/noticias\/wp-content\/uploads\/2018\/12\/05-4-300x300.jpg\" class=\"attachment-thumbnail size-thumbnail\" alt=\"\" loading=\"lazy\" srcset=\"https:\/\/franciscanos.org.br\/noticias\/wp-content\/uploads\/2018\/12\/05-4-300x300.jpg 300w, https:\/\/franciscanos.org.br\/noticias\/wp-content\/uploads\/2018\/12\/05-4-400x400.jpg 400w\" sizes=\"(max-width: 300px) 100vw, 300px\" \/><\/a>\n\t\t\t<\/dt><\/dl><dl class='gallery-item'>\n\t\t\t<dt class='gallery-icon landscape'>\n\t\t\t\t<a href='https:\/\/franciscanos.org.br\/noticias\/wp-content\/uploads\/2018\/12\/06-4.jpg'><img width=\"300\" height=\"300\" src=\"https:\/\/franciscanos.org.br\/noticias\/wp-content\/uploads\/2018\/12\/06-4-300x300.jpg\" class=\"attachment-thumbnail size-thumbnail\" alt=\"\" loading=\"lazy\" srcset=\"https:\/\/franciscanos.org.br\/noticias\/wp-content\/uploads\/2018\/12\/06-4-300x300.jpg 300w, https:\/\/franciscanos.org.br\/noticias\/wp-content\/uploads\/2018\/12\/06-4-400x400.jpg 400w\" sizes=\"(max-width: 300px) 100vw, 300px\" \/><\/a>\n\t\t\t<\/dt><\/dl><dl class='gallery-item'>\n\t\t\t<dt class='gallery-icon landscape'>\n\t\t\t\t<a href='https:\/\/franciscanos.org.br\/noticias\/wp-content\/uploads\/2018\/12\/07-3.jpg'><img width=\"300\" height=\"300\" src=\"https:\/\/franciscanos.org.br\/noticias\/wp-content\/uploads\/2018\/12\/07-3-300x300.jpg\" class=\"attachment-thumbnail size-thumbnail\" alt=\"\" loading=\"lazy\" srcset=\"https:\/\/franciscanos.org.br\/noticias\/wp-content\/uploads\/2018\/12\/07-3-300x300.jpg 300w, https:\/\/franciscanos.org.br\/noticias\/wp-content\/uploads\/2018\/12\/07-3-400x400.jpg 400w\" sizes=\"(max-width: 300px) 100vw, 300px\" \/><\/a>\n\t\t\t<\/dt><\/dl><dl class='gallery-item'>\n\t\t\t<dt class='gallery-icon landscape'>\n\t\t\t\t<a href='https:\/\/franciscanos.org.br\/noticias\/wp-content\/uploads\/2018\/12\/08-3.jpg'><img width=\"300\" height=\"300\" src=\"https:\/\/franciscanos.org.br\/noticias\/wp-content\/uploads\/2018\/12\/08-3-300x300.jpg\" class=\"attachment-thumbnail size-thumbnail\" alt=\"\" loading=\"lazy\" srcset=\"https:\/\/franciscanos.org.br\/noticias\/wp-content\/uploads\/2018\/12\/08-3-300x300.jpg 300w, https:\/\/franciscanos.org.br\/noticias\/wp-content\/uploads\/2018\/12\/08-3-400x400.jpg 400w\" sizes=\"(max-width: 300px) 100vw, 300px\" \/><\/a>\n\t\t\t<\/dt><\/dl><br style=\"clear: both\" \/><dl class='gallery-item'>\n\t\t\t<dt class='gallery-icon landscape'>\n\t\t\t\t<a href='https:\/\/franciscanos.org.br\/noticias\/wp-content\/uploads\/2018\/12\/09-3.jpg'><img width=\"300\" height=\"300\" src=\"https:\/\/franciscanos.org.br\/noticias\/wp-content\/uploads\/2018\/12\/09-3-300x300.jpg\" class=\"attachment-thumbnail size-thumbnail\" alt=\"\" loading=\"lazy\" srcset=\"https:\/\/franciscanos.org.br\/noticias\/wp-content\/uploads\/2018\/12\/09-3-300x300.jpg 300w, https:\/\/franciscanos.org.br\/noticias\/wp-content\/uploads\/2018\/12\/09-3-400x400.jpg 400w\" sizes=\"(max-width: 300px) 100vw, 300px\" \/><\/a>\n\t\t\t<\/dt><\/dl><dl class='gallery-item'>\n\t\t\t<dt class='gallery-icon landscape'>\n\t\t\t\t<a href='https:\/\/franciscanos.org.br\/noticias\/wp-content\/uploads\/2018\/12\/10-3.jpg'><img width=\"300\" height=\"300\" src=\"https:\/\/franciscanos.org.br\/noticias\/wp-content\/uploads\/2018\/12\/10-3-300x300.jpg\" class=\"attachment-thumbnail size-thumbnail\" alt=\"\" loading=\"lazy\" srcset=\"https:\/\/franciscanos.org.br\/noticias\/wp-content\/uploads\/2018\/12\/10-3-300x300.jpg 300w, https:\/\/franciscanos.org.br\/noticias\/wp-content\/uploads\/2018\/12\/10-3-400x400.jpg 400w\" sizes=\"(max-width: 300px) 100vw, 300px\" \/><\/a>\n\t\t\t<\/dt><\/dl><dl class='gallery-item'>\n\t\t\t<dt class='gallery-icon landscape'>\n\t\t\t\t<a href='https:\/\/franciscanos.org.br\/noticias\/wp-content\/uploads\/2018\/12\/11-2.jpg'><img width=\"300\" height=\"300\" src=\"https:\/\/franciscanos.org.br\/noticias\/wp-content\/uploads\/2018\/12\/11-2-300x300.jpg\" class=\"attachment-thumbnail size-thumbnail\" alt=\"\" loading=\"lazy\" srcset=\"https:\/\/franciscanos.org.br\/noticias\/wp-content\/uploads\/2018\/12\/11-2-300x300.jpg 300w, https:\/\/franciscanos.org.br\/noticias\/wp-content\/uploads\/2018\/12\/11-2-400x400.jpg 400w\" sizes=\"(max-width: 300px) 100vw, 300px\" \/><\/a>\n\t\t\t<\/dt><\/dl><dl class='gallery-item'>\n\t\t\t<dt class='gallery-icon landscape'>\n\t\t\t\t<a href='https:\/\/franciscanos.org.br\/noticias\/wp-content\/uploads\/2018\/12\/12-1.jpg'><img width=\"300\" height=\"300\" src=\"https:\/\/franciscanos.org.br\/noticias\/wp-content\/uploads\/2018\/12\/12-1-300x300.jpg\" class=\"attachment-thumbnail size-thumbnail\" alt=\"\" loading=\"lazy\" srcset=\"https:\/\/franciscanos.org.br\/noticias\/wp-content\/uploads\/2018\/12\/12-1-300x300.jpg 300w, https:\/\/franciscanos.org.br\/noticias\/wp-content\/uploads\/2018\/12\/12-1-400x400.jpg 400w\" sizes=\"(max-width: 300px) 100vw, 300px\" \/><\/a>\n\t\t\t<\/dt><\/dl><br style=\"clear: both\" \/><dl class='gallery-item'>\n\t\t\t<dt class='gallery-icon landscape'>\n\t\t\t\t<a href='https:\/\/franciscanos.org.br\/noticias\/wp-content\/uploads\/2018\/12\/13.jpg'><img width=\"300\" height=\"300\" src=\"https:\/\/franciscanos.org.br\/noticias\/wp-content\/uploads\/2018\/12\/13-300x300.jpg\" class=\"attachment-thumbnail size-thumbnail\" alt=\"\" loading=\"lazy\" srcset=\"https:\/\/franciscanos.org.br\/noticias\/wp-content\/uploads\/2018\/12\/13-300x300.jpg 300w, https:\/\/franciscanos.org.br\/noticias\/wp-content\/uploads\/2018\/12\/13-400x400.jpg 400w\" sizes=\"(max-width: 300px) 100vw, 300px\" \/><\/a>\n\t\t\t<\/dt><\/dl><dl class='gallery-item'>\n\t\t\t<dt class='gallery-icon landscape'>\n\t\t\t\t<a href='https:\/\/franciscanos.org.br\/noticias\/wp-content\/uploads\/2018\/12\/14.jpg'><img width=\"300\" height=\"300\" src=\"https:\/\/franciscanos.org.br\/noticias\/wp-content\/uploads\/2018\/12\/14-300x300.jpg\" class=\"attachment-thumbnail size-thumbnail\" alt=\"\" loading=\"lazy\" srcset=\"https:\/\/franciscanos.org.br\/noticias\/wp-content\/uploads\/2018\/12\/14-300x300.jpg 300w, https:\/\/franciscanos.org.br\/noticias\/wp-content\/uploads\/2018\/12\/14-400x400.jpg 400w\" sizes=\"(max-width: 300px) 100vw, 300px\" \/><\/a>\n\t\t\t<\/dt><\/dl><dl class='gallery-item'>\n\t\t\t<dt class='gallery-icon landscape'>\n\t\t\t\t<a href='https:\/\/franciscanos.org.br\/noticias\/wp-content\/uploads\/2018\/12\/15.jpg'><img width=\"300\" height=\"300\" src=\"https:\/\/franciscanos.org.br\/noticias\/wp-content\/uploads\/2018\/12\/15-300x300.jpg\" class=\"attachment-thumbnail size-thumbnail\" alt=\"\" loading=\"lazy\" srcset=\"https:\/\/franciscanos.org.br\/noticias\/wp-content\/uploads\/2018\/12\/15-300x300.jpg 300w, https:\/\/franciscanos.org.br\/noticias\/wp-content\/uploads\/2018\/12\/15-400x400.jpg 400w\" sizes=\"(max-width: 300px) 100vw, 300px\" \/><\/a>\n\t\t\t<\/dt><\/dl>\n\t\t\t<br style='clear: both' \/>\n\t\t<\/div>\n\n","protected":false},"excerpt":{"rendered":"<p>Primeira Missa de Frei Bunga<\/p>\n","protected":false},"author":3,"featured_media":192922,"comment_status":"open","ping_status":"open","sticky":false,"template":"","format":"standard","meta":[],"categories":[1],"tags":[360,167],"acf":[],"yoast_head":"<!-- This site is optimized with the Yoast SEO plugin v19.2 - https:\/\/yoast.com\/wordpress\/plugins\/seo\/ -->\n<title>Frei C\u00e9sar a Frei Bunga: &quot;Anime-se e seja s\u00edmbolo da presen\u00e7a viva de Deus&quot; - Not\u00edcias - Franciscanos<\/title>\n<meta name=\"robots\" content=\"index, follow, max-snippet:-1, max-image-preview:large, max-video-preview:-1\" \/>\n<link rel=\"canonical\" href=\"https:\/\/franciscanos.org.br\/noticias\/frei-cesar-a-frei-bunga-anime-se-e-seja-simbolo-da-presenca-viva-de-deus.html\" \/>\n<meta property=\"og:locale\" content=\"pt_BR\" \/>\n<meta property=\"og:type\" content=\"article\" \/>\n<meta property=\"og:title\" content=\"Frei C\u00e9sar a Frei Bunga: &quot;Anime-se e seja s\u00edmbolo da presen\u00e7a viva de Deus&quot; - Not\u00edcias - Franciscanos\" \/>\n<meta property=\"og:description\" content=\"Primeira Missa de Frei Bunga\" \/>\n<meta property=\"og:url\" content=\"https:\/\/franciscanos.org.br\/noticias\/frei-cesar-a-frei-bunga-anime-se-e-seja-simbolo-da-presenca-viva-de-deus.html\" \/>\n<meta property=\"og:site_name\" content=\"Not\u00edcias - Franciscanos\" \/>\n<meta property=\"article:published_time\" content=\"2018-12-17T09:52:17+00:00\" \/>\n<meta property=\"article:modified_time\" content=\"2020-06-06T16:02:21+00:00\" \/>\n<meta property=\"og:image\" content=\"https:\/\/franciscanos.org.br\/noticias\/wp-content\/uploads\/2018\/12\/bunga_171218d.jpg\" \/>\n\t<meta property=\"og:image:width\" content=\"273\" \/>\n\t<meta property=\"og:image:height\" content=\"181\" \/>\n\t<meta property=\"og:image:type\" content=\"image\/jpeg\" \/>\n<meta name=\"author\" content=\"moacir\" \/>\n<meta name=\"twitter:card\" content=\"summary_large_image\" \/>\n<meta name=\"twitter:label1\" content=\"Escrito por\" \/>\n\t<meta name=\"twitter:data1\" content=\"moacir\" \/>\n\t<meta name=\"twitter:label2\" content=\"Est. tempo de leitura\" \/>\n\t<meta name=\"twitter:data2\" content=\"8 minutos\" \/>\n<script type=\"application\/ld+json\" class=\"yoast-schema-graph\">{\"@context\":\"https:\/\/schema.org\",\"@graph\":[{\"@type\":\"WebSite\",\"@id\":\"https:\/\/franciscanos.org.br\/noticias\/#website\",\"url\":\"https:\/\/franciscanos.org.br\/noticias\/\",\"name\":\"Not\u00edcias - Franciscanos\",\"description\":\"Prov\u00edncia Franciscana da Imaculada Concei\u00e7\u00e3o do Brasil - Ordem dos Frades Menores - OFM\",\"potentialAction\":[{\"@type\":\"SearchAction\",\"target\":{\"@type\":\"EntryPoint\",\"urlTemplate\":\"https:\/\/franciscanos.org.br\/noticias\/?s={search_term_string}\"},\"query-input\":\"required name=search_term_string\"}],\"inLanguage\":\"pt-BR\"},{\"@type\":\"ImageObject\",\"inLanguage\":\"pt-BR\",\"@id\":\"https:\/\/franciscanos.org.br\/noticias\/frei-cesar-a-frei-bunga-anime-se-e-seja-simbolo-da-presenca-viva-de-deus.html#primaryimage\",\"url\":\"https:\/\/franciscanos.org.br\/noticias\/wp-content\/uploads\/2018\/12\/bunga_171218d.jpg\",\"contentUrl\":\"https:\/\/franciscanos.org.br\/noticias\/wp-content\/uploads\/2018\/12\/bunga_171218d.jpg\",\"width\":273,\"height\":181},{\"@type\":\"WebPage\",\"@id\":\"https:\/\/franciscanos.org.br\/noticias\/frei-cesar-a-frei-bunga-anime-se-e-seja-simbolo-da-presenca-viva-de-deus.html#webpage\",\"url\":\"https:\/\/franciscanos.org.br\/noticias\/frei-cesar-a-frei-bunga-anime-se-e-seja-simbolo-da-presenca-viva-de-deus.html\",\"name\":\"Frei C\u00e9sar a Frei Bunga: \\\"Anime-se e seja s\u00edmbolo da presen\u00e7a viva de Deus\\\" - Not\u00edcias - Franciscanos\",\"isPartOf\":{\"@id\":\"https:\/\/franciscanos.org.br\/noticias\/#website\"},\"primaryImageOfPage\":{\"@id\":\"https:\/\/franciscanos.org.br\/noticias\/frei-cesar-a-frei-bunga-anime-se-e-seja-simbolo-da-presenca-viva-de-deus.html#primaryimage\"},\"datePublished\":\"2018-12-17T09:52:17+00:00\",\"dateModified\":\"2020-06-06T16:02:21+00:00\",\"author\":{\"@id\":\"https:\/\/franciscanos.org.br\/noticias\/#\/schema\/person\/b5c8cba458c330ccff548b056e95a5d4\"},\"breadcrumb\":{\"@id\":\"https:\/\/franciscanos.org.br\/noticias\/frei-cesar-a-frei-bunga-anime-se-e-seja-simbolo-da-presenca-viva-de-deus.html#breadcrumb\"},\"inLanguage\":\"pt-BR\",\"potentialAction\":[{\"@type\":\"ReadAction\",\"target\":[\"https:\/\/franciscanos.org.br\/noticias\/frei-cesar-a-frei-bunga-anime-se-e-seja-simbolo-da-presenca-viva-de-deus.html\"]}]},{\"@type\":\"BreadcrumbList\",\"@id\":\"https:\/\/franciscanos.org.br\/noticias\/frei-cesar-a-frei-bunga-anime-se-e-seja-simbolo-da-presenca-viva-de-deus.html#breadcrumb\",\"itemListElement\":[{\"@type\":\"ListItem\",\"position\":1,\"name\":\"Home\",\"item\":\"https:\/\/franciscanos.org.br\/noticias\"},{\"@type\":\"ListItem\",\"position\":2,\"name\":\"Frei C\u00e9sar a Frei Bunga: &#8220;Anime-se e seja s\u00edmbolo da presen\u00e7a viva de Deus&#8221;\"}]},{\"@type\":\"Person\",\"@id\":\"https:\/\/franciscanos.org.br\/noticias\/#\/schema\/person\/b5c8cba458c330ccff548b056e95a5d4\",\"name\":\"moacir\",\"image\":{\"@type\":\"ImageObject\",\"inLanguage\":\"pt-BR\",\"@id\":\"https:\/\/franciscanos.org.br\/noticias\/#\/schema\/person\/image\/\",\"url\":\"https:\/\/secure.gravatar.com\/avatar\/d08aa2ce4c8dd416d4479aa8536fcf64?s=96&d=mm&r=g\",\"contentUrl\":\"https:\/\/secure.gravatar.com\/avatar\/d08aa2ce4c8dd416d4479aa8536fcf64?s=96&d=mm&r=g\",\"caption\":\"moacir\"},\"url\":\"https:\/\/franciscanos.org.br\/noticias\/author\/moacir\"}]}<\/script>\n<!-- \/ Yoast SEO plugin. -->","yoast_head_json":{"title":"Frei C\u00e9sar a Frei Bunga: \"Anime-se e seja s\u00edmbolo da presen\u00e7a viva de Deus\" - Not\u00edcias - Franciscanos","robots":{"index":"index","follow":"follow","max-snippet":"max-snippet:-1","max-image-preview":"max-image-preview:large","max-video-preview":"max-video-preview:-1"},"canonical":"https:\/\/franciscanos.org.br\/noticias\/frei-cesar-a-frei-bunga-anime-se-e-seja-simbolo-da-presenca-viva-de-deus.html","og_locale":"pt_BR","og_type":"article","og_title":"Frei C\u00e9sar a Frei Bunga: \"Anime-se e seja s\u00edmbolo da presen\u00e7a viva de Deus\" - Not\u00edcias - Franciscanos","og_description":"Primeira Missa de Frei Bunga","og_url":"https:\/\/franciscanos.org.br\/noticias\/frei-cesar-a-frei-bunga-anime-se-e-seja-simbolo-da-presenca-viva-de-deus.html","og_site_name":"Not\u00edcias - Franciscanos","article_published_time":"2018-12-17T09:52:17+00:00","article_modified_time":"2020-06-06T16:02:21+00:00","og_image":[{"width":273,"height":181,"url":"https:\/\/franciscanos.org.br\/noticias\/wp-content\/uploads\/2018\/12\/bunga_171218d.jpg","type":"image\/jpeg"}],"author":"moacir","twitter_card":"summary_large_image","twitter_misc":{"Escrito por":"moacir","Est. tempo de leitura":"8 minutos"},"schema":{"@context":"https:\/\/schema.org","@graph":[{"@type":"WebSite","@id":"https:\/\/franciscanos.org.br\/noticias\/#website","url":"https:\/\/franciscanos.org.br\/noticias\/","name":"Not\u00edcias - Franciscanos","description":"Prov\u00edncia Franciscana da Imaculada Concei\u00e7\u00e3o do Brasil - Ordem dos Frades Menores - OFM","potentialAction":[{"@type":"SearchAction","target":{"@type":"EntryPoint","urlTemplate":"https:\/\/franciscanos.org.br\/noticias\/?s={search_term_string}"},"query-input":"required name=search_term_string"}],"inLanguage":"pt-BR"},{"@type":"ImageObject","inLanguage":"pt-BR","@id":"https:\/\/franciscanos.org.br\/noticias\/frei-cesar-a-frei-bunga-anime-se-e-seja-simbolo-da-presenca-viva-de-deus.html#primaryimage","url":"https:\/\/franciscanos.org.br\/noticias\/wp-content\/uploads\/2018\/12\/bunga_171218d.jpg","contentUrl":"https:\/\/franciscanos.org.br\/noticias\/wp-content\/uploads\/2018\/12\/bunga_171218d.jpg","width":273,"height":181},{"@type":"WebPage","@id":"https:\/\/franciscanos.org.br\/noticias\/frei-cesar-a-frei-bunga-anime-se-e-seja-simbolo-da-presenca-viva-de-deus.html#webpage","url":"https:\/\/franciscanos.org.br\/noticias\/frei-cesar-a-frei-bunga-anime-se-e-seja-simbolo-da-presenca-viva-de-deus.html","name":"Frei C\u00e9sar a Frei Bunga: \"Anime-se e seja s\u00edmbolo da presen\u00e7a viva de Deus\" - Not\u00edcias - Franciscanos","isPartOf":{"@id":"https:\/\/franciscanos.org.br\/noticias\/#website"},"primaryImageOfPage":{"@id":"https:\/\/franciscanos.org.br\/noticias\/frei-cesar-a-frei-bunga-anime-se-e-seja-simbolo-da-presenca-viva-de-deus.html#primaryimage"},"datePublished":"2018-12-17T09:52:17+00:00","dateModified":"2020-06-06T16:02:21+00:00","author":{"@id":"https:\/\/franciscanos.org.br\/noticias\/#\/schema\/person\/b5c8cba458c330ccff548b056e95a5d4"},"breadcrumb":{"@id":"https:\/\/franciscanos.org.br\/noticias\/frei-cesar-a-frei-bunga-anime-se-e-seja-simbolo-da-presenca-viva-de-deus.html#breadcrumb"},"inLanguage":"pt-BR","potentialAction":[{"@type":"ReadAction","target":["https:\/\/franciscanos.org.br\/noticias\/frei-cesar-a-frei-bunga-anime-se-e-seja-simbolo-da-presenca-viva-de-deus.html"]}]},{"@type":"BreadcrumbList","@id":"https:\/\/franciscanos.org.br\/noticias\/frei-cesar-a-frei-bunga-anime-se-e-seja-simbolo-da-presenca-viva-de-deus.html#breadcrumb","itemListElement":[{"@type":"ListItem","position":1,"name":"Home","item":"https:\/\/franciscanos.org.br\/noticias"},{"@type":"ListItem","position":2,"name":"Frei C\u00e9sar a Frei Bunga: &#8220;Anime-se e seja s\u00edmbolo da presen\u00e7a viva de Deus&#8221;"}]},{"@type":"Person","@id":"https:\/\/franciscanos.org.br\/noticias\/#\/schema\/person\/b5c8cba458c330ccff548b056e95a5d4","name":"moacir","image":{"@type":"ImageObject","inLanguage":"pt-BR","@id":"https:\/\/franciscanos.org.br\/noticias\/#\/schema\/person\/image\/","url":"https:\/\/secure.gravatar.com\/avatar\/d08aa2ce4c8dd416d4479aa8536fcf64?s=96&d=mm&r=g","contentUrl":"https:\/\/secure.gravatar.com\/avatar\/d08aa2ce4c8dd416d4479aa8536fcf64?s=96&d=mm&r=g","caption":"moacir"},"url":"https:\/\/franciscanos.org.br\/noticias\/author\/moacir"}]}},"_links":{"self":[{"href":"https:\/\/franciscanos.org.br\/noticias\/wp-json\/wp\/v2\/posts\/192921"}],"collection":[{"href":"https:\/\/franciscanos.org.br\/noticias\/wp-json\/wp\/v2\/posts"}],"about":[{"href":"https:\/\/franciscanos.org.br\/noticias\/wp-json\/wp\/v2\/types\/post"}],"author":[{"embeddable":true,"href":"https:\/\/franciscanos.org.br\/noticias\/wp-json\/wp\/v2\/users\/3"}],"replies":[{"embeddable":true,"href":"https:\/\/franciscanos.org.br\/noticias\/wp-json\/wp\/v2\/comments?post=192921"}],"version-history":[{"count":1,"href":"https:\/\/franciscanos.org.br\/noticias\/wp-json\/wp\/v2\/posts\/192921\/revisions"}],"predecessor-version":[{"id":224612,"href":"https:\/\/franciscanos.org.br\/noticias\/wp-json\/wp\/v2\/posts\/192921\/revisions\/224612"}],"wp:featuredmedia":[{"embeddable":true,"href":"https:\/\/franciscanos.org.br\/noticias\/wp-json\/wp\/v2\/media\/192922"}],"wp:attachment":[{"href":"https:\/\/franciscanos.org.br\/noticias\/wp-json\/wp\/v2\/media?parent=192921"}],"wp:term":[{"taxonomy":"category","embeddable":true,"href":"https:\/\/franciscanos.org.br\/noticias\/wp-json\/wp\/v2\/categories?post=192921"},{"taxonomy":"post_tag","embeddable":true,"href":"https:\/\/franciscanos.org.br\/noticias\/wp-json\/wp\/v2\/tags?post=192921"}],"curies":[{"name":"wp","href":"https:\/\/api.w.org\/{rel}","templated":true}]}}