{"id":192895,"date":"2018-12-23T13:00:46","date_gmt":"2018-12-23T15:00:46","guid":{"rendered":"https:\/\/franciscanos.org.br\/noticias\/?p=192895"},"modified":"2018-12-24T22:53:14","modified_gmt":"2018-12-25T00:53:14","slug":"uma-reflexao-franciscana-do-natal-em-forma-de-novena","status":"publish","type":"post","link":"https:\/\/franciscanos.org.br\/noticias\/uma-reflexao-franciscana-do-natal-em-forma-de-novena.html","title":{"rendered":"Uma reflex\u00e3o franciscana do Natal em forma de novena"},"content":{"rendered":"<p><iframe loading=\"lazy\" src=\"https:\/\/www.youtube.com\/embed\/efoxZDtni0U\" width=\"100%\" height=\"480\" frameborder=\"0\" allowfullscreen=\"allowfullscreen\"><span data-mce-type=\"bookmark\" style=\"display: inline-block; width: 0px; overflow: hidden; line-height: 0;\" class=\"mce_SELRES_start\">\ufeff<\/span><span data-mce-type=\"bookmark\" style=\"display: inline-block; width: 0px; overflow: hidden; line-height: 0;\" class=\"mce_SELRES_start\">\ufeff<\/span><\/iframe><\/p>\n<p><strong>Frei Augusto Luiz Gabriel<\/strong><\/p>\n<p><strong>S\u00e3o Paulo (SP) &#8211;<\/strong> Voc\u00ea sabia que quem criou o pres\u00e9pio pela primeira vez foi S\u00e3o Francisco de Assis? \u00c9 isso mesmo! Segundo a tradi\u00e7\u00e3o, a primeira representa\u00e7\u00e3o visualizada, teatralizada e celebrada de um pres\u00e9pio aconteceu no ano de 1223, num bosque pr\u00f3ximo de Greccio, na \u00dambria, regi\u00e3o italiana. Quem tomou esta iniciativa foi Francisco de Assis, e, com isso, ele passa a ser o primeiro a organizar de um modo pl\u00e1stico a cena da Encarna\u00e7\u00e3o do Filho de Deus.<\/p>\n<p>N\u00e3o \u00e9 de se discutir se o fato \u00e9 ver\u00eddico ou legend\u00e1rio, pois Francisco de Assis foi um apaixonado pelo modo como Deus fez morada no mundo dos humanos, e certamente, mais do que palavras quis mostrar o maior evento de todos os tempos: na carne de um Menino, Deus est\u00e1 para sempre no meio de n\u00f3s.<\/p>\n<p>Nos pres\u00e9pios temos a harmonia das diferen\u00e7as. O mundo do divino encontra-se com o mundo do humano. A grandeza, a onipot\u00eancia de um Deus revela-se na fragilidade de uma crian\u00e7a. Ali o mundo animal e tamb\u00e9m o mundo mineral s\u00e3o abra\u00e7ados pelo sil\u00eancio divino. H\u00e1 tamb\u00e9m o toque brilhante daquela Estrela Guia aproximando o mundo sideral.<\/p>\n<p>Num pres\u00e9pio cabe todos os rostos! \u00c9 o grande encontro dos simples, dos normais, dos marginais, dos ternos, fraternos, sofridos e exclu\u00eddos. Quando o diferente se encontra temos a mais bela paisagem do mundo. Tudo se torna transparente na unidade das diferen\u00e7as. Num pres\u00e9pio n\u00e3o existe preconceito, existe sim aquela silenciosa e calma contempla\u00e7\u00e3o da beleza de cada um, de cada uma. Encarnar-se \u00e9 morar junto e respeitar o diferente! Paz na Terra aos Humanos de vontade boa e bem trabalhada! Isso \u00e9 que encantou Francisco de Assis!<\/p>\n<p>O Amor tem que ser Amado! A Verdade e a Beleza t\u00eam que ser apreciadas. Este \u00e9 o lugar de Luz no meio das sombras humanas. A luz vale mais do que todas as trevas. Deus est\u00e1 ali com voc\u00ea e com Francisco diante do pres\u00e9pio, e abra\u00e7ando voc\u00ea com sil\u00eancio, paz, harmonia, serenidade; acolhendo voc\u00ea e passando-lhe Onipresen\u00e7a, Onipot\u00eancia eterna para a fragilidade da criatura. No pres\u00e9pio, Deus olha voc\u00ea, pessoa humana, contemplando a suprema humildade da Pessoa Divina.<\/p>\n<p>Seja bem vindo a nova s\u00e9rie da TvFranciscanos: <strong>Li\u00e7\u00e3o de Pobreza: o Pres\u00e9pio de Francisco<\/strong> &#8211; Uma reflex\u00e3o Franciscana do Natal do Senhor em forma de novena. Reze conosco!<\/p>\n<hr \/>\n<p><iframe loading=\"lazy\" src=\"https:\/\/www.youtube.com\/embed\/_EsaJUOtaPw\" width=\"100%\" height=\"480\" frameborder=\"0\" allowfullscreen=\"allowfullscreen\"><\/iframe><\/p>\n<hr \/>\n<p><iframe loading=\"lazy\" src=\"https:\/\/www.youtube.com\/embed\/gNwz9tk6V-U\" width=\"100%\" height=\"480\" frameborder=\"0\" allowfullscreen=\"allowfullscreen\"><span data-mce-type=\"bookmark\" style=\"display: inline-block; width: 0px; overflow: hidden; line-height: 0;\" class=\"mce_SELRES_start\">\ufeff<\/span><span data-mce-type=\"bookmark\" style=\"display: inline-block; width: 0px; overflow: hidden; line-height: 0;\" class=\"mce_SELRES_start\">\ufeff<\/span><\/iframe><\/p>\n<hr \/>\n<p><iframe loading=\"lazy\" src=\"https:\/\/www.youtube.com\/embed\/MEB9drefCsU\" width=\"100%\" height=\"480\" frameborder=\"0\" allowfullscreen=\"allowfullscreen\"><span data-mce-type=\"bookmark\" style=\"display: inline-block; width: 0px; overflow: hidden; line-height: 0;\" class=\"mce_SELRES_start\">\ufeff<\/span><\/iframe><\/p>\n<hr \/>\n<p><iframe loading=\"lazy\" src=\"https:\/\/www.youtube.com\/embed\/tw0F7n6-jjc\" width=\"100%\" height=\"480\" frameborder=\"0\" allowfullscreen=\"allowfullscreen\"><\/iframe><\/p>\n<hr \/>\n<p><iframe loading=\"lazy\" src=\"https:\/\/www.youtube.com\/embed\/m8jtWbXLlR8\" width=\"100%\" height=\"480\" frameborder=\"0\" allowfullscreen=\"allowfullscreen\"><\/iframe><\/p>\n<hr \/>\n<p><iframe loading=\"lazy\" src=\"https:\/\/www.youtube.com\/embed\/5DjgZp4xZmA\" width=\"100%\" height=\"480\" frameborder=\"0\" allowfullscreen=\"allowfullscreen\"><\/iframe><\/p>\n<hr \/>\n<p><iframe loading=\"lazy\" src=\"https:\/\/www.youtube.com\/embed\/eC9kiU2Yv70\" width=\"100%\" height=\"480\" frameborder=\"0\" allowfullscreen=\"allowfullscreen\"><\/iframe><\/p>\n<hr \/>\n<p><iframe loading=\"lazy\" src=\"https:\/\/www.youtube.com\/embed\/Ja9QLVh0_tw\" width=\"100%\" height=\"480\" frameborder=\"0\" allowfullscreen=\"allowfullscreen\"><span data-mce-type=\"bookmark\" style=\"display: inline-block; width: 0px; overflow: hidden; line-height: 0;\" class=\"mce_SELRES_start\">\ufeff<\/span><\/iframe><\/p>\n<hr \/>\n<p><iframe loading=\"lazy\" src=\"https:\/\/www.youtube.com\/embed\/8FTjzFPccCw\" width=\"100%\" height=\"480\" frameborder=\"0\" allowfullscreen=\"allowfullscreen\"><\/iframe><\/p>\n","protected":false},"excerpt":{"rendered":"<p>\ufeff\ufeff Frei Augusto Luiz Gabriel S\u00e3o Paulo (SP) &#8211; Voc\u00ea sabia que quem criou o pres\u00e9pio pela primeira vez foi S\u00e3o Francisco de Assis? \u00c9 isso mesmo! Segundo a tradi\u00e7\u00e3o, a primeira representa\u00e7\u00e3o visualizada, teatralizada e celebrada de um pres\u00e9pio aconteceu no ano de 1223, num bosque pr\u00f3ximo de Greccio, na \u00dambria, regi\u00e3o italiana. Quem [&hellip;]<\/p>\n","protected":false},"author":5,"featured_media":192901,"comment_status":"open","ping_status":"open","sticky":false,"template":"","format":"standard","meta":[],"categories":[1],"tags":[724,257],"acf":[],"yoast_head":"<!-- This site is optimized with the Yoast SEO plugin v19.2 - https:\/\/yoast.com\/wordpress\/plugins\/seo\/ -->\n<title>Uma reflex\u00e3o franciscana do Natal em forma de novena - Not\u00edcias - Franciscanos<\/title>\n<meta name=\"robots\" content=\"index, follow, max-snippet:-1, max-image-preview:large, max-video-preview:-1\" \/>\n<link rel=\"canonical\" href=\"https:\/\/franciscanos.org.br\/noticias\/uma-reflexao-franciscana-do-natal-em-forma-de-novena.html\" \/>\n<meta property=\"og:locale\" content=\"pt_BR\" \/>\n<meta property=\"og:type\" content=\"article\" \/>\n<meta property=\"og:title\" content=\"Uma reflex\u00e3o franciscana do Natal em forma de novena - Not\u00edcias - Franciscanos\" \/>\n<meta property=\"og:description\" content=\"\ufeff\ufeff Frei Augusto Luiz Gabriel S\u00e3o Paulo (SP) &#8211; Voc\u00ea sabia que quem criou o pres\u00e9pio pela primeira vez foi S\u00e3o Francisco de Assis? \u00c9 isso mesmo! Segundo a tradi\u00e7\u00e3o, a primeira representa\u00e7\u00e3o visualizada, teatralizada e celebrada de um pres\u00e9pio aconteceu no ano de 1223, num bosque pr\u00f3ximo de Greccio, na \u00dambria, regi\u00e3o italiana. Quem [&hellip;]\" \/>\n<meta property=\"og:url\" content=\"https:\/\/franciscanos.org.br\/noticias\/uma-reflexao-franciscana-do-natal-em-forma-de-novena.html\" \/>\n<meta property=\"og:site_name\" content=\"Not\u00edcias - Franciscanos\" \/>\n<meta property=\"article:published_time\" content=\"2018-12-23T15:00:46+00:00\" \/>\n<meta property=\"article:modified_time\" content=\"2018-12-25T00:53:14+00:00\" \/>\n<meta property=\"og:image\" content=\"https:\/\/franciscanos.org.br\/noticias\/wp-content\/uploads\/2018\/12\/novena_141218_1.jpg\" \/>\n\t<meta property=\"og:image:width\" content=\"273\" \/>\n\t<meta property=\"og:image:height\" content=\"181\" \/>\n\t<meta property=\"og:image:type\" content=\"image\/jpeg\" \/>\n<meta name=\"author\" content=\"freiaugusto\" \/>\n<meta name=\"twitter:card\" content=\"summary_large_image\" \/>\n<meta name=\"twitter:label1\" content=\"Escrito por\" \/>\n\t<meta name=\"twitter:data1\" content=\"freiaugusto\" \/>\n\t<meta name=\"twitter:label2\" content=\"Est. tempo de leitura\" \/>\n\t<meta name=\"twitter:data2\" content=\"2 minutos\" \/>\n<script type=\"application\/ld+json\" class=\"yoast-schema-graph\">{\"@context\":\"https:\/\/schema.org\",\"@graph\":[{\"@type\":\"WebSite\",\"@id\":\"https:\/\/franciscanos.org.br\/noticias\/#website\",\"url\":\"https:\/\/franciscanos.org.br\/noticias\/\",\"name\":\"Not\u00edcias - Franciscanos\",\"description\":\"Prov\u00edncia Franciscana da Imaculada Concei\u00e7\u00e3o do Brasil - Ordem dos Frades Menores - OFM\",\"potentialAction\":[{\"@type\":\"SearchAction\",\"target\":{\"@type\":\"EntryPoint\",\"urlTemplate\":\"https:\/\/franciscanos.org.br\/noticias\/?s={search_term_string}\"},\"query-input\":\"required name=search_term_string\"}],\"inLanguage\":\"pt-BR\"},{\"@type\":\"ImageObject\",\"inLanguage\":\"pt-BR\",\"@id\":\"https:\/\/franciscanos.org.br\/noticias\/uma-reflexao-franciscana-do-natal-em-forma-de-novena.html#primaryimage\",\"url\":\"https:\/\/franciscanos.org.br\/noticias\/wp-content\/uploads\/2018\/12\/novena_141218_1.jpg\",\"contentUrl\":\"https:\/\/franciscanos.org.br\/noticias\/wp-content\/uploads\/2018\/12\/novena_141218_1.jpg\",\"width\":273,\"height\":181},{\"@type\":\"WebPage\",\"@id\":\"https:\/\/franciscanos.org.br\/noticias\/uma-reflexao-franciscana-do-natal-em-forma-de-novena.html#webpage\",\"url\":\"https:\/\/franciscanos.org.br\/noticias\/uma-reflexao-franciscana-do-natal-em-forma-de-novena.html\",\"name\":\"Uma reflex\u00e3o franciscana do Natal em forma de novena - Not\u00edcias - Franciscanos\",\"isPartOf\":{\"@id\":\"https:\/\/franciscanos.org.br\/noticias\/#website\"},\"primaryImageOfPage\":{\"@id\":\"https:\/\/franciscanos.org.br\/noticias\/uma-reflexao-franciscana-do-natal-em-forma-de-novena.html#primaryimage\"},\"datePublished\":\"2018-12-23T15:00:46+00:00\",\"dateModified\":\"2018-12-25T00:53:14+00:00\",\"author\":{\"@id\":\"https:\/\/franciscanos.org.br\/noticias\/#\/schema\/person\/37f88f0d111cd5358b12a6556a99eb91\"},\"breadcrumb\":{\"@id\":\"https:\/\/franciscanos.org.br\/noticias\/uma-reflexao-franciscana-do-natal-em-forma-de-novena.html#breadcrumb\"},\"inLanguage\":\"pt-BR\",\"potentialAction\":[{\"@type\":\"ReadAction\",\"target\":[\"https:\/\/franciscanos.org.br\/noticias\/uma-reflexao-franciscana-do-natal-em-forma-de-novena.html\"]}]},{\"@type\":\"BreadcrumbList\",\"@id\":\"https:\/\/franciscanos.org.br\/noticias\/uma-reflexao-franciscana-do-natal-em-forma-de-novena.html#breadcrumb\",\"itemListElement\":[{\"@type\":\"ListItem\",\"position\":1,\"name\":\"Home\",\"item\":\"https:\/\/franciscanos.org.br\/noticias\"},{\"@type\":\"ListItem\",\"position\":2,\"name\":\"Uma reflex\u00e3o franciscana do Natal em forma de novena\"}]},{\"@type\":\"Person\",\"@id\":\"https:\/\/franciscanos.org.br\/noticias\/#\/schema\/person\/37f88f0d111cd5358b12a6556a99eb91\",\"name\":\"freiaugusto\",\"image\":{\"@type\":\"ImageObject\",\"inLanguage\":\"pt-BR\",\"@id\":\"https:\/\/franciscanos.org.br\/noticias\/#\/schema\/person\/image\/\",\"url\":\"https:\/\/secure.gravatar.com\/avatar\/9840b940e621801b24f3e6b059efb4b7?s=96&d=mm&r=g\",\"contentUrl\":\"https:\/\/secure.gravatar.com\/avatar\/9840b940e621801b24f3e6b059efb4b7?s=96&d=mm&r=g\",\"caption\":\"freiaugusto\"},\"url\":\"https:\/\/franciscanos.org.br\/noticias\/author\/freiaugusto\"}]}<\/script>\n<!-- \/ Yoast SEO plugin. -->","yoast_head_json":{"title":"Uma reflex\u00e3o franciscana do Natal em forma de novena - Not\u00edcias - Franciscanos","robots":{"index":"index","follow":"follow","max-snippet":"max-snippet:-1","max-image-preview":"max-image-preview:large","max-video-preview":"max-video-preview:-1"},"canonical":"https:\/\/franciscanos.org.br\/noticias\/uma-reflexao-franciscana-do-natal-em-forma-de-novena.html","og_locale":"pt_BR","og_type":"article","og_title":"Uma reflex\u00e3o franciscana do Natal em forma de novena - Not\u00edcias - Franciscanos","og_description":"\ufeff\ufeff Frei Augusto Luiz Gabriel S\u00e3o Paulo (SP) &#8211; Voc\u00ea sabia que quem criou o pres\u00e9pio pela primeira vez foi S\u00e3o Francisco de Assis? \u00c9 isso mesmo! Segundo a tradi\u00e7\u00e3o, a primeira representa\u00e7\u00e3o visualizada, teatralizada e celebrada de um pres\u00e9pio aconteceu no ano de 1223, num bosque pr\u00f3ximo de Greccio, na \u00dambria, regi\u00e3o italiana. Quem [&hellip;]","og_url":"https:\/\/franciscanos.org.br\/noticias\/uma-reflexao-franciscana-do-natal-em-forma-de-novena.html","og_site_name":"Not\u00edcias - Franciscanos","article_published_time":"2018-12-23T15:00:46+00:00","article_modified_time":"2018-12-25T00:53:14+00:00","og_image":[{"width":273,"height":181,"url":"https:\/\/franciscanos.org.br\/noticias\/wp-content\/uploads\/2018\/12\/novena_141218_1.jpg","type":"image\/jpeg"}],"author":"freiaugusto","twitter_card":"summary_large_image","twitter_misc":{"Escrito por":"freiaugusto","Est. tempo de leitura":"2 minutos"},"schema":{"@context":"https:\/\/schema.org","@graph":[{"@type":"WebSite","@id":"https:\/\/franciscanos.org.br\/noticias\/#website","url":"https:\/\/franciscanos.org.br\/noticias\/","name":"Not\u00edcias - Franciscanos","description":"Prov\u00edncia Franciscana da Imaculada Concei\u00e7\u00e3o do Brasil - Ordem dos Frades Menores - OFM","potentialAction":[{"@type":"SearchAction","target":{"@type":"EntryPoint","urlTemplate":"https:\/\/franciscanos.org.br\/noticias\/?s={search_term_string}"},"query-input":"required name=search_term_string"}],"inLanguage":"pt-BR"},{"@type":"ImageObject","inLanguage":"pt-BR","@id":"https:\/\/franciscanos.org.br\/noticias\/uma-reflexao-franciscana-do-natal-em-forma-de-novena.html#primaryimage","url":"https:\/\/franciscanos.org.br\/noticias\/wp-content\/uploads\/2018\/12\/novena_141218_1.jpg","contentUrl":"https:\/\/franciscanos.org.br\/noticias\/wp-content\/uploads\/2018\/12\/novena_141218_1.jpg","width":273,"height":181},{"@type":"WebPage","@id":"https:\/\/franciscanos.org.br\/noticias\/uma-reflexao-franciscana-do-natal-em-forma-de-novena.html#webpage","url":"https:\/\/franciscanos.org.br\/noticias\/uma-reflexao-franciscana-do-natal-em-forma-de-novena.html","name":"Uma reflex\u00e3o franciscana do Natal em forma de novena - Not\u00edcias - Franciscanos","isPartOf":{"@id":"https:\/\/franciscanos.org.br\/noticias\/#website"},"primaryImageOfPage":{"@id":"https:\/\/franciscanos.org.br\/noticias\/uma-reflexao-franciscana-do-natal-em-forma-de-novena.html#primaryimage"},"datePublished":"2018-12-23T15:00:46+00:00","dateModified":"2018-12-25T00:53:14+00:00","author":{"@id":"https:\/\/franciscanos.org.br\/noticias\/#\/schema\/person\/37f88f0d111cd5358b12a6556a99eb91"},"breadcrumb":{"@id":"https:\/\/franciscanos.org.br\/noticias\/uma-reflexao-franciscana-do-natal-em-forma-de-novena.html#breadcrumb"},"inLanguage":"pt-BR","potentialAction":[{"@type":"ReadAction","target":["https:\/\/franciscanos.org.br\/noticias\/uma-reflexao-franciscana-do-natal-em-forma-de-novena.html"]}]},{"@type":"BreadcrumbList","@id":"https:\/\/franciscanos.org.br\/noticias\/uma-reflexao-franciscana-do-natal-em-forma-de-novena.html#breadcrumb","itemListElement":[{"@type":"ListItem","position":1,"name":"Home","item":"https:\/\/franciscanos.org.br\/noticias"},{"@type":"ListItem","position":2,"name":"Uma reflex\u00e3o franciscana do Natal em forma de novena"}]},{"@type":"Person","@id":"https:\/\/franciscanos.org.br\/noticias\/#\/schema\/person\/37f88f0d111cd5358b12a6556a99eb91","name":"freiaugusto","image":{"@type":"ImageObject","inLanguage":"pt-BR","@id":"https:\/\/franciscanos.org.br\/noticias\/#\/schema\/person\/image\/","url":"https:\/\/secure.gravatar.com\/avatar\/9840b940e621801b24f3e6b059efb4b7?s=96&d=mm&r=g","contentUrl":"https:\/\/secure.gravatar.com\/avatar\/9840b940e621801b24f3e6b059efb4b7?s=96&d=mm&r=g","caption":"freiaugusto"},"url":"https:\/\/franciscanos.org.br\/noticias\/author\/freiaugusto"}]}},"_links":{"self":[{"href":"https:\/\/franciscanos.org.br\/noticias\/wp-json\/wp\/v2\/posts\/192895"}],"collection":[{"href":"https:\/\/franciscanos.org.br\/noticias\/wp-json\/wp\/v2\/posts"}],"about":[{"href":"https:\/\/franciscanos.org.br\/noticias\/wp-json\/wp\/v2\/types\/post"}],"author":[{"embeddable":true,"href":"https:\/\/franciscanos.org.br\/noticias\/wp-json\/wp\/v2\/users\/5"}],"replies":[{"embeddable":true,"href":"https:\/\/franciscanos.org.br\/noticias\/wp-json\/wp\/v2\/comments?post=192895"}],"version-history":[{"count":0,"href":"https:\/\/franciscanos.org.br\/noticias\/wp-json\/wp\/v2\/posts\/192895\/revisions"}],"wp:featuredmedia":[{"embeddable":true,"href":"https:\/\/franciscanos.org.br\/noticias\/wp-json\/wp\/v2\/media\/192901"}],"wp:attachment":[{"href":"https:\/\/franciscanos.org.br\/noticias\/wp-json\/wp\/v2\/media?parent=192895"}],"wp:term":[{"taxonomy":"category","embeddable":true,"href":"https:\/\/franciscanos.org.br\/noticias\/wp-json\/wp\/v2\/categories?post=192895"},{"taxonomy":"post_tag","embeddable":true,"href":"https:\/\/franciscanos.org.br\/noticias\/wp-json\/wp\/v2\/tags?post=192895"}],"curies":[{"name":"wp","href":"https:\/\/api.w.org\/{rel}","templated":true}]}}