{"id":192795,"date":"2018-12-12T15:25:23","date_gmt":"2018-12-12T17:25:23","guid":{"rendered":"https:\/\/franciscanos.org.br\/noticias\/?p=192795"},"modified":"2018-12-14T08:32:42","modified_gmt":"2018-12-14T10:32:42","slug":"o-misterio-da-encarnacao-retratado-no-centro-de-sao-paulo","status":"publish","type":"post","link":"https:\/\/franciscanos.org.br\/noticias\/o-misterio-da-encarnacao-retratado-no-centro-de-sao-paulo.html","title":{"rendered":"O mist\u00e9rio da encarna\u00e7\u00e3o retratado em S\u00e3o Paulo"},"content":{"rendered":"<p><strong><img loading=\"lazy\" class=\"alignleft size-full wp-image-192796\" src=\"https:\/\/franciscanos.org.br\/noticias\/wp-content\/uploads\/2018\/12\/presepios_111218.jpg\" alt=\"\" width=\"980\" height=\"550\" srcset=\"https:\/\/franciscanos.org.br\/noticias\/wp-content\/uploads\/2018\/12\/presepios_111218.jpg 980w, https:\/\/franciscanos.org.br\/noticias\/wp-content\/uploads\/2018\/12\/presepios_111218-450x253.jpg 450w, https:\/\/franciscanos.org.br\/noticias\/wp-content\/uploads\/2018\/12\/presepios_111218-768x431.jpg 768w, https:\/\/franciscanos.org.br\/noticias\/wp-content\/uploads\/2018\/12\/presepios_111218-150x84.jpg 150w\" sizes=\"(max-width: 980px) 100vw, 980px\" \/>\u00c9rika Augusto<\/strong><\/p>\n<p><strong>S\u00e3o Paulo (SP) &#8211; <\/strong>Com o tema \u201cEra esta a luz verdadeira que, vindo ao mundo, ilumina todas as pessoas\u201d, o Convento e Santu\u00e1rio S\u00e3o Francisco, no centro de S\u00e3o Paulo, apresenta a 29\u00aa Exposi\u00e7\u00e3o Franciscana de Pres\u00e9pios. No total, 29 conjuntos comp\u00f5em a mostra, que est\u00e1 aberta ao p\u00fablico at\u00e9 o dia 6 de janeiro.<\/p>\n<p>Est\u00e3o expostas pe\u00e7as do Brasil, Chile, Alemanha, Peru, Filipinas, Egito, It\u00e1lia, entre outros. Entre os nacionais, chama a aten\u00e7\u00e3o um conjunto feito em palha, com figuras representando o Rio Grande do Sul, com trajes t\u00edpicos e o tradicional chimarr\u00e3o, al\u00e9m de um pres\u00e9pio da cidade de Caruaru, em cer\u00e2mica. Entre os internacionais, grande destaque para o conjunto do Qu\u00eania, que ocupa tr\u00eas nichos do Sal\u00e3o S\u00e3o D\u00e2maso, onde acontece a exposi\u00e7\u00e3o. Todos os pres\u00e9pios s\u00e3o do acervo da Prov\u00edncia Franciscana, exceto o conjunto africano, que pertence a Mario Festa, professor do\u00a0Instituto de Astronomia, Geof\u00edsica e Ci\u00eancias Atmosf\u00e9ricas (IAG) da Universidade de S\u00e3o Paulo (USP).<\/p>\n<p>O curador da exposi\u00e7\u00e3o, Rafael Herrera, afirma que usa a inspira\u00e7\u00e3o para organizar a mostra, que come\u00e7ou a ser preparada em agosto, a partir da sele\u00e7\u00e3o dos pres\u00e9pios. Apenas na montagem foi necess\u00e1ria mais de uma semana para finalizar a exposi\u00e7\u00e3o. No processo, ele separa os conjuntos, os materiais dispon\u00edveis para decora\u00e7\u00e3o dos nichos e aos poucos a mostra vai nascendo. \u201cVou seguindo a intui\u00e7\u00e3o. Alguns crit\u00e9rios surgem da experi\u00eancia, como contrastar cores e texturas\u201d, revela. Segundo ele, a grande diferen\u00e7a est\u00e1 no objetivo, que \u00e9 distinto de uma decora\u00e7\u00e3o natalina comercial. \u201cAqui valorizamos o Advento. Toda esta decora\u00e7\u00e3o busca direcionar o visitante para aquilo que realmente interessa, que \u00e9 o nascimento de Jesus\u201d, afirma o artista pl\u00e1stico.<\/p>\n<p><img loading=\"lazy\" class=\"alignleft size-full wp-image-192804\" src=\"https:\/\/franciscanos.org.br\/noticias\/wp-content\/uploads\/2018\/12\/presepios_111218-3.jpg\" alt=\"\" width=\"980\" height=\"550\" srcset=\"https:\/\/franciscanos.org.br\/noticias\/wp-content\/uploads\/2018\/12\/presepios_111218-3.jpg 980w, https:\/\/franciscanos.org.br\/noticias\/wp-content\/uploads\/2018\/12\/presepios_111218-3-450x253.jpg 450w, https:\/\/franciscanos.org.br\/noticias\/wp-content\/uploads\/2018\/12\/presepios_111218-3-768x431.jpg 768w, https:\/\/franciscanos.org.br\/noticias\/wp-content\/uploads\/2018\/12\/presepios_111218-3-150x84.jpg 150w\" sizes=\"(max-width: 980px) 100vw, 980px\" \/>Para Rafael, que \u00e9 volunt\u00e1rio do Santu\u00e1rio S\u00e3o Francisco, a montagem da exposi\u00e7\u00e3o \u00e9 feita com rever\u00eancia diante do mist\u00e9rio da encarna\u00e7\u00e3o. \u201cEstas figuras s\u00e3o a representa\u00e7\u00e3o de Cristo, da Sagrada Fam\u00edlia. S\u00e3o um elo de liga\u00e7\u00e3o entre o divino e o humano. Por isso, temos que ter respeito ao dispor as pe\u00e7as e fazer disso um ritual\u201d, conta.<\/p>\n<p>Entre os dias 2 de dezembro e 6 de janeiro s\u00e3o esperados mais de 5 mil visitantes. Eleonora Snyder, que nasceu nos Estados Unidos mas vive h\u00e1 muitos anos no Brasil, faz da visita \u00e0 Exposi\u00e7\u00e3o Franciscana de Pres\u00e9pios uma tradi\u00e7\u00e3o. Neste ano, os conjuntos que mais a emocionaram foram o de Caruaru e o do Qu\u00eania. No pres\u00e9pio pernambucano, ela destacou a posi\u00e7\u00e3o dos personagens, \u201cTodos juntinhos\u201d, comentou. J\u00e1 no pres\u00e9pio africano, ela ficou tocada com toda a cena: \u201cVemos o esp\u00edrito do povo africano, o respeito aos animais, com crian\u00e7as por todos os lados, m\u00e3es rodeadas de crian\u00e7as\u201d, relata Eleonora.<\/p>\n<p>O curador da 29\u00aa Exposi\u00e7\u00e3o Franciscana de Pres\u00e9pios afirma que o conjunto africano tem v\u00e1rias particularidades. Uma delas \u00e9 a aus\u00eancia dos pastores tradicionais. Na cena, s\u00e3o as mulheres que levam ofertas ao Menino Jesus. Elas tamb\u00e9m predominam na cena, o que simboliza a for\u00e7a das mulheres na sociedade africana. Rafael tamb\u00e9m destaca os contadores de hist\u00f3rias, retratando a for\u00e7a da tradi\u00e7\u00e3o, passada de gera\u00e7\u00e3o a gera\u00e7\u00e3o.<\/p>\n<p>Rafael Herrera j\u00e1 pensa em 2019, quando a Exposi\u00e7\u00e3o Franciscana de Pres\u00e9pios chega ao seu 30\u00ba ano. Ele quer fazer uma mostra especial, homenageando as edi\u00e7\u00f5es anteriores e os artistas, \u201cisso se eu continuar respons\u00e1vel pela montagem\u201d, brinca.<\/p>\n<p><strong>Servi\u00e7o:<\/strong><\/p>\n<p><strong>29\u00aa Exposi\u00e7\u00e3o Franciscana da Pres\u00e9pios<\/strong><\/p>\n<p><strong>De 2 de dezembro a 6 de janeiro<\/strong><\/p>\n<p>Ter\u00e7a a s\u00e1bado: das 9h \u00e0s 17h<br \/>\nDomingo: 9h \u00e0s 13h30<br \/>\nSegundas e feriados: fechado<br \/>\nEntrada gratuita<\/p>\n<p>Largo S\u00e3o Francisco, 133, Centro, S\u00e3o Paulo (SP)<br \/>\n<a href=\"http:\/\/www.santuariosaofrancisco.com.br\">www.santuariosaofrancisco.com.br<\/a><br \/>\n(11) 3291-2400<\/p>\n\n\t\t<style type=\"text\/css\">\n\t\t\t#gallery-1 {\n\t\t\t\tmargin: auto;\n\t\t\t}\n\t\t\t#gallery-1 .gallery-item {\n\t\t\t\tfloat: left;\n\t\t\t\tmargin-top: 10px;\n\t\t\t\ttext-align: center;\n\t\t\t\twidth: 25%;\n\t\t\t}\n\t\t\t#gallery-1 img {\n\t\t\t\tborder: 2px solid #cfcfcf;\n\t\t\t}\n\t\t\t#gallery-1 .gallery-caption {\n\t\t\t\tmargin-left: 0;\n\t\t\t}\n\t\t\t\/* see gallery_shortcode() in wp-includes\/media.php *\/\n\t\t<\/style>\n\t\t<div id='gallery-1' class='gallery galleryid-192795 gallery-columns-4 gallery-size-thumbnail'><dl class='gallery-item'>\n\t\t\t<dt class='gallery-icon landscape'>\n\t\t\t\t<a href='https:\/\/franciscanos.org.br\/noticias\/wp-content\/uploads\/2018\/12\/presepios-sf_111218-2.jpg'><img width=\"300\" height=\"300\" src=\"https:\/\/franciscanos.org.br\/noticias\/wp-content\/uploads\/2018\/12\/presepios-sf_111218-2-300x300.jpg\" class=\"attachment-thumbnail size-thumbnail\" alt=\"\" loading=\"lazy\" srcset=\"https:\/\/franciscanos.org.br\/noticias\/wp-content\/uploads\/2018\/12\/presepios-sf_111218-2-300x300.jpg 300w, https:\/\/franciscanos.org.br\/noticias\/wp-content\/uploads\/2018\/12\/presepios-sf_111218-2-400x400.jpg 400w\" sizes=\"(max-width: 300px) 100vw, 300px\" \/><\/a>\n\t\t\t<\/dt><\/dl><dl class='gallery-item'>\n\t\t\t<dt class='gallery-icon landscape'>\n\t\t\t\t<a href='https:\/\/franciscanos.org.br\/noticias\/wp-content\/uploads\/2018\/12\/presepios-sf_111218-3.jpg'><img width=\"300\" height=\"300\" src=\"https:\/\/franciscanos.org.br\/noticias\/wp-content\/uploads\/2018\/12\/presepios-sf_111218-3-300x300.jpg\" class=\"attachment-thumbnail size-thumbnail\" alt=\"\" loading=\"lazy\" srcset=\"https:\/\/franciscanos.org.br\/noticias\/wp-content\/uploads\/2018\/12\/presepios-sf_111218-3-300x300.jpg 300w, https:\/\/franciscanos.org.br\/noticias\/wp-content\/uploads\/2018\/12\/presepios-sf_111218-3-400x400.jpg 400w\" sizes=\"(max-width: 300px) 100vw, 300px\" \/><\/a>\n\t\t\t<\/dt><\/dl><dl class='gallery-item'>\n\t\t\t<dt class='gallery-icon landscape'>\n\t\t\t\t<a href='https:\/\/franciscanos.org.br\/noticias\/wp-content\/uploads\/2018\/12\/presepios-sf_111218-4.jpg'><img width=\"300\" height=\"300\" src=\"https:\/\/franciscanos.org.br\/noticias\/wp-content\/uploads\/2018\/12\/presepios-sf_111218-4-300x300.jpg\" class=\"attachment-thumbnail size-thumbnail\" alt=\"\" loading=\"lazy\" srcset=\"https:\/\/franciscanos.org.br\/noticias\/wp-content\/uploads\/2018\/12\/presepios-sf_111218-4-300x300.jpg 300w, https:\/\/franciscanos.org.br\/noticias\/wp-content\/uploads\/2018\/12\/presepios-sf_111218-4-400x400.jpg 400w\" sizes=\"(max-width: 300px) 100vw, 300px\" \/><\/a>\n\t\t\t<\/dt><\/dl><dl class='gallery-item'>\n\t\t\t<dt class='gallery-icon landscape'>\n\t\t\t\t<a href='https:\/\/franciscanos.org.br\/noticias\/wp-content\/uploads\/2018\/12\/presepios-sf_111218-5.jpg'><img width=\"300\" height=\"300\" src=\"https:\/\/franciscanos.org.br\/noticias\/wp-content\/uploads\/2018\/12\/presepios-sf_111218-5-300x300.jpg\" class=\"attachment-thumbnail size-thumbnail\" alt=\"\" loading=\"lazy\" srcset=\"https:\/\/franciscanos.org.br\/noticias\/wp-content\/uploads\/2018\/12\/presepios-sf_111218-5-300x300.jpg 300w, https:\/\/franciscanos.org.br\/noticias\/wp-content\/uploads\/2018\/12\/presepios-sf_111218-5-400x400.jpg 400w\" sizes=\"(max-width: 300px) 100vw, 300px\" \/><\/a>\n\t\t\t<\/dt><\/dl><br style=\"clear: both\" \/><dl class='gallery-item'>\n\t\t\t<dt class='gallery-icon landscape'>\n\t\t\t\t<a href='https:\/\/franciscanos.org.br\/noticias\/wp-content\/uploads\/2018\/12\/presepios-sf_111218-6.jpg'><img width=\"300\" height=\"300\" src=\"https:\/\/franciscanos.org.br\/noticias\/wp-content\/uploads\/2018\/12\/presepios-sf_111218-6-300x300.jpg\" class=\"attachment-thumbnail size-thumbnail\" alt=\"\" loading=\"lazy\" srcset=\"https:\/\/franciscanos.org.br\/noticias\/wp-content\/uploads\/2018\/12\/presepios-sf_111218-6-300x300.jpg 300w, https:\/\/franciscanos.org.br\/noticias\/wp-content\/uploads\/2018\/12\/presepios-sf_111218-6-400x400.jpg 400w\" sizes=\"(max-width: 300px) 100vw, 300px\" \/><\/a>\n\t\t\t<\/dt><\/dl><dl class='gallery-item'>\n\t\t\t<dt class='gallery-icon landscape'>\n\t\t\t\t<a href='https:\/\/franciscanos.org.br\/noticias\/wp-content\/uploads\/2018\/12\/presepios-sf_111218-7.jpg'><img width=\"300\" height=\"300\" src=\"https:\/\/franciscanos.org.br\/noticias\/wp-content\/uploads\/2018\/12\/presepios-sf_111218-7-300x300.jpg\" class=\"attachment-thumbnail size-thumbnail\" alt=\"\" loading=\"lazy\" srcset=\"https:\/\/franciscanos.org.br\/noticias\/wp-content\/uploads\/2018\/12\/presepios-sf_111218-7-300x300.jpg 300w, https:\/\/franciscanos.org.br\/noticias\/wp-content\/uploads\/2018\/12\/presepios-sf_111218-7-400x400.jpg 400w\" sizes=\"(max-width: 300px) 100vw, 300px\" \/><\/a>\n\t\t\t<\/dt><\/dl><dl class='gallery-item'>\n\t\t\t<dt class='gallery-icon landscape'>\n\t\t\t\t<a href='https:\/\/franciscanos.org.br\/noticias\/wp-content\/uploads\/2018\/12\/presepios-sf_111218-9.jpg'><img width=\"300\" height=\"300\" src=\"https:\/\/franciscanos.org.br\/noticias\/wp-content\/uploads\/2018\/12\/presepios-sf_111218-9-300x300.jpg\" class=\"attachment-thumbnail size-thumbnail\" alt=\"\" loading=\"lazy\" srcset=\"https:\/\/franciscanos.org.br\/noticias\/wp-content\/uploads\/2018\/12\/presepios-sf_111218-9-300x300.jpg 300w, https:\/\/franciscanos.org.br\/noticias\/wp-content\/uploads\/2018\/12\/presepios-sf_111218-9-400x400.jpg 400w\" sizes=\"(max-width: 300px) 100vw, 300px\" \/><\/a>\n\t\t\t<\/dt><\/dl><dl class='gallery-item'>\n\t\t\t<dt class='gallery-icon landscape'>\n\t\t\t\t<a href='https:\/\/franciscanos.org.br\/noticias\/wp-content\/uploads\/2018\/12\/presepios-sf_111218-10.jpg'><img width=\"300\" height=\"300\" src=\"https:\/\/franciscanos.org.br\/noticias\/wp-content\/uploads\/2018\/12\/presepios-sf_111218-10-300x300.jpg\" class=\"attachment-thumbnail size-thumbnail\" alt=\"\" loading=\"lazy\" srcset=\"https:\/\/franciscanos.org.br\/noticias\/wp-content\/uploads\/2018\/12\/presepios-sf_111218-10-300x300.jpg 300w, https:\/\/franciscanos.org.br\/noticias\/wp-content\/uploads\/2018\/12\/presepios-sf_111218-10-400x400.jpg 400w\" sizes=\"(max-width: 300px) 100vw, 300px\" \/><\/a>\n\t\t\t<\/dt><\/dl><br style=\"clear: both\" \/><dl class='gallery-item'>\n\t\t\t<dt class='gallery-icon landscape'>\n\t\t\t\t<a href='https:\/\/franciscanos.org.br\/noticias\/wp-content\/uploads\/2018\/12\/presepios-sf_111218-11.jpg'><img width=\"300\" height=\"300\" src=\"https:\/\/franciscanos.org.br\/noticias\/wp-content\/uploads\/2018\/12\/presepios-sf_111218-11-300x300.jpg\" class=\"attachment-thumbnail size-thumbnail\" alt=\"\" loading=\"lazy\" srcset=\"https:\/\/franciscanos.org.br\/noticias\/wp-content\/uploads\/2018\/12\/presepios-sf_111218-11-300x300.jpg 300w, https:\/\/franciscanos.org.br\/noticias\/wp-content\/uploads\/2018\/12\/presepios-sf_111218-11-400x400.jpg 400w\" sizes=\"(max-width: 300px) 100vw, 300px\" \/><\/a>\n\t\t\t<\/dt><\/dl><dl class='gallery-item'>\n\t\t\t<dt class='gallery-icon landscape'>\n\t\t\t\t<a href='https:\/\/franciscanos.org.br\/noticias\/wp-content\/uploads\/2018\/12\/presepios-sf_111218-12.jpg'><img width=\"300\" height=\"300\" src=\"https:\/\/franciscanos.org.br\/noticias\/wp-content\/uploads\/2018\/12\/presepios-sf_111218-12-300x300.jpg\" class=\"attachment-thumbnail size-thumbnail\" alt=\"\" loading=\"lazy\" srcset=\"https:\/\/franciscanos.org.br\/noticias\/wp-content\/uploads\/2018\/12\/presepios-sf_111218-12-300x300.jpg 300w, https:\/\/franciscanos.org.br\/noticias\/wp-content\/uploads\/2018\/12\/presepios-sf_111218-12-400x400.jpg 400w\" sizes=\"(max-width: 300px) 100vw, 300px\" \/><\/a>\n\t\t\t<\/dt><\/dl><dl class='gallery-item'>\n\t\t\t<dt class='gallery-icon landscape'>\n\t\t\t\t<a href='https:\/\/franciscanos.org.br\/noticias\/wp-content\/uploads\/2018\/12\/presepios-sf_111218-13.jpg'><img width=\"300\" height=\"300\" src=\"https:\/\/franciscanos.org.br\/noticias\/wp-content\/uploads\/2018\/12\/presepios-sf_111218-13-300x300.jpg\" class=\"attachment-thumbnail size-thumbnail\" alt=\"\" loading=\"lazy\" srcset=\"https:\/\/franciscanos.org.br\/noticias\/wp-content\/uploads\/2018\/12\/presepios-sf_111218-13-300x300.jpg 300w, https:\/\/franciscanos.org.br\/noticias\/wp-content\/uploads\/2018\/12\/presepios-sf_111218-13-400x400.jpg 400w\" sizes=\"(max-width: 300px) 100vw, 300px\" \/><\/a>\n\t\t\t<\/dt><\/dl><dl class='gallery-item'>\n\t\t\t<dt class='gallery-icon landscape'>\n\t\t\t\t<a href='https:\/\/franciscanos.org.br\/noticias\/wp-content\/uploads\/2018\/12\/presepios-sf_111218-14.jpg'><img width=\"300\" height=\"300\" src=\"https:\/\/franciscanos.org.br\/noticias\/wp-content\/uploads\/2018\/12\/presepios-sf_111218-14-300x300.jpg\" class=\"attachment-thumbnail size-thumbnail\" alt=\"\" loading=\"lazy\" srcset=\"https:\/\/franciscanos.org.br\/noticias\/wp-content\/uploads\/2018\/12\/presepios-sf_111218-14-300x300.jpg 300w, https:\/\/franciscanos.org.br\/noticias\/wp-content\/uploads\/2018\/12\/presepios-sf_111218-14-400x400.jpg 400w\" sizes=\"(max-width: 300px) 100vw, 300px\" \/><\/a>\n\t\t\t<\/dt><\/dl><br style=\"clear: both\" \/><dl class='gallery-item'>\n\t\t\t<dt class='gallery-icon landscape'>\n\t\t\t\t<a href='https:\/\/franciscanos.org.br\/noticias\/wp-content\/uploads\/2018\/12\/presepios-sf_111218-15.jpg'><img width=\"300\" height=\"300\" src=\"https:\/\/franciscanos.org.br\/noticias\/wp-content\/uploads\/2018\/12\/presepios-sf_111218-15-300x300.jpg\" class=\"attachment-thumbnail size-thumbnail\" alt=\"\" loading=\"lazy\" srcset=\"https:\/\/franciscanos.org.br\/noticias\/wp-content\/uploads\/2018\/12\/presepios-sf_111218-15-300x300.jpg 300w, https:\/\/franciscanos.org.br\/noticias\/wp-content\/uploads\/2018\/12\/presepios-sf_111218-15-400x400.jpg 400w\" sizes=\"(max-width: 300px) 100vw, 300px\" \/><\/a>\n\t\t\t<\/dt><\/dl><dl class='gallery-item'>\n\t\t\t<dt class='gallery-icon landscape'>\n\t\t\t\t<a href='https:\/\/franciscanos.org.br\/noticias\/wp-content\/uploads\/2018\/12\/presepios-sf_111218-16.jpg'><img width=\"300\" height=\"300\" src=\"https:\/\/franciscanos.org.br\/noticias\/wp-content\/uploads\/2018\/12\/presepios-sf_111218-16-300x300.jpg\" class=\"attachment-thumbnail size-thumbnail\" alt=\"\" loading=\"lazy\" srcset=\"https:\/\/franciscanos.org.br\/noticias\/wp-content\/uploads\/2018\/12\/presepios-sf_111218-16-300x300.jpg 300w, https:\/\/franciscanos.org.br\/noticias\/wp-content\/uploads\/2018\/12\/presepios-sf_111218-16-400x400.jpg 400w\" sizes=\"(max-width: 300px) 100vw, 300px\" \/><\/a>\n\t\t\t<\/dt><\/dl><dl class='gallery-item'>\n\t\t\t<dt class='gallery-icon landscape'>\n\t\t\t\t<a href='https:\/\/franciscanos.org.br\/noticias\/wp-content\/uploads\/2018\/12\/presepios-sf_111218-1-1.jpg'><img width=\"300\" height=\"300\" src=\"https:\/\/franciscanos.org.br\/noticias\/wp-content\/uploads\/2018\/12\/presepios-sf_111218-1-1-300x300.jpg\" class=\"attachment-thumbnail size-thumbnail\" alt=\"\" loading=\"lazy\" srcset=\"https:\/\/franciscanos.org.br\/noticias\/wp-content\/uploads\/2018\/12\/presepios-sf_111218-1-1-300x300.jpg 300w, https:\/\/franciscanos.org.br\/noticias\/wp-content\/uploads\/2018\/12\/presepios-sf_111218-1-1-400x400.jpg 400w\" sizes=\"(max-width: 300px) 100vw, 300px\" \/><\/a>\n\t\t\t<\/dt><\/dl><dl class='gallery-item'>\n\t\t\t<dt class='gallery-icon landscape'>\n\t\t\t\t<a href='https:\/\/franciscanos.org.br\/noticias\/wp-content\/uploads\/2018\/12\/presepios-sf_111218-8-1.jpg'><img width=\"300\" height=\"300\" src=\"https:\/\/franciscanos.org.br\/noticias\/wp-content\/uploads\/2018\/12\/presepios-sf_111218-8-1-300x300.jpg\" class=\"attachment-thumbnail size-thumbnail\" alt=\"\" loading=\"lazy\" srcset=\"https:\/\/franciscanos.org.br\/noticias\/wp-content\/uploads\/2018\/12\/presepios-sf_111218-8-1-300x300.jpg 300w, https:\/\/franciscanos.org.br\/noticias\/wp-content\/uploads\/2018\/12\/presepios-sf_111218-8-1-400x400.jpg 400w\" sizes=\"(max-width: 300px) 100vw, 300px\" \/><\/a>\n\t\t\t<\/dt><\/dl><br style=\"clear: both\" \/>\n\t\t<\/div>\n\n","protected":false},"excerpt":{"rendered":"<p>\u00c9rika Augusto S\u00e3o Paulo (SP) &#8211; Com o tema \u201cEra esta a luz verdadeira que, vindo ao mundo, ilumina todas as pessoas\u201d, o Convento e Santu\u00e1rio S\u00e3o Francisco, no centro de S\u00e3o Paulo, apresenta a 29\u00aa Exposi\u00e7\u00e3o Franciscana de Pres\u00e9pios. No total, 29 conjuntos comp\u00f5em a mostra, que est\u00e1 aberta ao p\u00fablico at\u00e9 o dia [&hellip;]<\/p>\n","protected":false},"author":1,"featured_media":192797,"comment_status":"open","ping_status":"open","sticky":false,"template":"","format":"standard","meta":[],"categories":[1],"tags":[333],"acf":[],"yoast_head":"<!-- This site is optimized with the Yoast SEO plugin v19.2 - https:\/\/yoast.com\/wordpress\/plugins\/seo\/ -->\n<title>O mist\u00e9rio da encarna\u00e7\u00e3o retratado em S\u00e3o Paulo - Not\u00edcias - Franciscanos<\/title>\n<meta name=\"robots\" content=\"index, follow, max-snippet:-1, max-image-preview:large, max-video-preview:-1\" \/>\n<link rel=\"canonical\" href=\"https:\/\/franciscanos.org.br\/noticias\/o-misterio-da-encarnacao-retratado-no-centro-de-sao-paulo.html\" \/>\n<meta property=\"og:locale\" content=\"pt_BR\" \/>\n<meta property=\"og:type\" content=\"article\" \/>\n<meta property=\"og:title\" content=\"O mist\u00e9rio da encarna\u00e7\u00e3o retratado em S\u00e3o Paulo - Not\u00edcias - Franciscanos\" \/>\n<meta property=\"og:description\" content=\"\u00c9rika Augusto S\u00e3o Paulo (SP) &#8211; Com o tema \u201cEra esta a luz verdadeira que, vindo ao mundo, ilumina todas as pessoas\u201d, o Convento e Santu\u00e1rio S\u00e3o Francisco, no centro de S\u00e3o Paulo, apresenta a 29\u00aa Exposi\u00e7\u00e3o Franciscana de Pres\u00e9pios. No total, 29 conjuntos comp\u00f5em a mostra, que est\u00e1 aberta ao p\u00fablico at\u00e9 o dia [&hellip;]\" \/>\n<meta property=\"og:url\" content=\"https:\/\/franciscanos.org.br\/noticias\/o-misterio-da-encarnacao-retratado-no-centro-de-sao-paulo.html\" \/>\n<meta property=\"og:site_name\" content=\"Not\u00edcias - Franciscanos\" \/>\n<meta property=\"article:published_time\" content=\"2018-12-12T17:25:23+00:00\" \/>\n<meta property=\"article:modified_time\" content=\"2018-12-14T10:32:42+00:00\" \/>\n<meta property=\"og:image\" content=\"https:\/\/franciscanos.org.br\/noticias\/wp-content\/uploads\/2018\/12\/presepios_111218-273.jpg\" \/>\n\t<meta property=\"og:image:width\" content=\"273\" \/>\n\t<meta property=\"og:image:height\" content=\"181\" \/>\n\t<meta property=\"og:image:type\" content=\"image\/jpeg\" \/>\n<meta name=\"author\" content=\"admin\" \/>\n<meta name=\"twitter:card\" content=\"summary_large_image\" \/>\n<meta name=\"twitter:label1\" content=\"Escrito por\" \/>\n\t<meta name=\"twitter:data1\" content=\"admin\" \/>\n\t<meta name=\"twitter:label2\" content=\"Est. tempo de leitura\" \/>\n\t<meta name=\"twitter:data2\" content=\"3 minutos\" \/>\n<script type=\"application\/ld+json\" class=\"yoast-schema-graph\">{\"@context\":\"https:\/\/schema.org\",\"@graph\":[{\"@type\":\"WebSite\",\"@id\":\"https:\/\/franciscanos.org.br\/noticias\/#website\",\"url\":\"https:\/\/franciscanos.org.br\/noticias\/\",\"name\":\"Not\u00edcias - Franciscanos\",\"description\":\"Prov\u00edncia Franciscana da Imaculada Concei\u00e7\u00e3o do Brasil - Ordem dos Frades Menores - OFM\",\"potentialAction\":[{\"@type\":\"SearchAction\",\"target\":{\"@type\":\"EntryPoint\",\"urlTemplate\":\"https:\/\/franciscanos.org.br\/noticias\/?s={search_term_string}\"},\"query-input\":\"required name=search_term_string\"}],\"inLanguage\":\"pt-BR\"},{\"@type\":\"ImageObject\",\"inLanguage\":\"pt-BR\",\"@id\":\"https:\/\/franciscanos.org.br\/noticias\/o-misterio-da-encarnacao-retratado-no-centro-de-sao-paulo.html#primaryimage\",\"url\":\"https:\/\/franciscanos.org.br\/noticias\/wp-content\/uploads\/2018\/12\/presepios_111218-273.jpg\",\"contentUrl\":\"https:\/\/franciscanos.org.br\/noticias\/wp-content\/uploads\/2018\/12\/presepios_111218-273.jpg\",\"width\":273,\"height\":181},{\"@type\":\"WebPage\",\"@id\":\"https:\/\/franciscanos.org.br\/noticias\/o-misterio-da-encarnacao-retratado-no-centro-de-sao-paulo.html#webpage\",\"url\":\"https:\/\/franciscanos.org.br\/noticias\/o-misterio-da-encarnacao-retratado-no-centro-de-sao-paulo.html\",\"name\":\"O mist\u00e9rio da encarna\u00e7\u00e3o retratado em S\u00e3o Paulo - Not\u00edcias - Franciscanos\",\"isPartOf\":{\"@id\":\"https:\/\/franciscanos.org.br\/noticias\/#website\"},\"primaryImageOfPage\":{\"@id\":\"https:\/\/franciscanos.org.br\/noticias\/o-misterio-da-encarnacao-retratado-no-centro-de-sao-paulo.html#primaryimage\"},\"datePublished\":\"2018-12-12T17:25:23+00:00\",\"dateModified\":\"2018-12-14T10:32:42+00:00\",\"author\":{\"@id\":\"https:\/\/franciscanos.org.br\/noticias\/#\/schema\/person\/b38fbf43118f02820bd932f2e4b14ad3\"},\"breadcrumb\":{\"@id\":\"https:\/\/franciscanos.org.br\/noticias\/o-misterio-da-encarnacao-retratado-no-centro-de-sao-paulo.html#breadcrumb\"},\"inLanguage\":\"pt-BR\",\"potentialAction\":[{\"@type\":\"ReadAction\",\"target\":[\"https:\/\/franciscanos.org.br\/noticias\/o-misterio-da-encarnacao-retratado-no-centro-de-sao-paulo.html\"]}]},{\"@type\":\"BreadcrumbList\",\"@id\":\"https:\/\/franciscanos.org.br\/noticias\/o-misterio-da-encarnacao-retratado-no-centro-de-sao-paulo.html#breadcrumb\",\"itemListElement\":[{\"@type\":\"ListItem\",\"position\":1,\"name\":\"Home\",\"item\":\"https:\/\/franciscanos.org.br\/noticias\"},{\"@type\":\"ListItem\",\"position\":2,\"name\":\"O mist\u00e9rio da encarna\u00e7\u00e3o retratado em S\u00e3o Paulo\"}]},{\"@type\":\"Person\",\"@id\":\"https:\/\/franciscanos.org.br\/noticias\/#\/schema\/person\/b38fbf43118f02820bd932f2e4b14ad3\",\"name\":\"admin\",\"image\":{\"@type\":\"ImageObject\",\"inLanguage\":\"pt-BR\",\"@id\":\"https:\/\/franciscanos.org.br\/noticias\/#\/schema\/person\/image\/\",\"url\":\"https:\/\/secure.gravatar.com\/avatar\/e8495742d34d0ba6448ea1c628263b3e?s=96&d=mm&r=g\",\"contentUrl\":\"https:\/\/secure.gravatar.com\/avatar\/e8495742d34d0ba6448ea1c628263b3e?s=96&d=mm&r=g\",\"caption\":\"admin\"},\"url\":\"https:\/\/franciscanos.org.br\/noticias\/author\/admin\"}]}<\/script>\n<!-- \/ Yoast SEO plugin. -->","yoast_head_json":{"title":"O mist\u00e9rio da encarna\u00e7\u00e3o retratado em S\u00e3o Paulo - Not\u00edcias - Franciscanos","robots":{"index":"index","follow":"follow","max-snippet":"max-snippet:-1","max-image-preview":"max-image-preview:large","max-video-preview":"max-video-preview:-1"},"canonical":"https:\/\/franciscanos.org.br\/noticias\/o-misterio-da-encarnacao-retratado-no-centro-de-sao-paulo.html","og_locale":"pt_BR","og_type":"article","og_title":"O mist\u00e9rio da encarna\u00e7\u00e3o retratado em S\u00e3o Paulo - Not\u00edcias - Franciscanos","og_description":"\u00c9rika Augusto S\u00e3o Paulo (SP) &#8211; Com o tema \u201cEra esta a luz verdadeira que, vindo ao mundo, ilumina todas as pessoas\u201d, o Convento e Santu\u00e1rio S\u00e3o Francisco, no centro de S\u00e3o Paulo, apresenta a 29\u00aa Exposi\u00e7\u00e3o Franciscana de Pres\u00e9pios. No total, 29 conjuntos comp\u00f5em a mostra, que est\u00e1 aberta ao p\u00fablico at\u00e9 o dia [&hellip;]","og_url":"https:\/\/franciscanos.org.br\/noticias\/o-misterio-da-encarnacao-retratado-no-centro-de-sao-paulo.html","og_site_name":"Not\u00edcias - Franciscanos","article_published_time":"2018-12-12T17:25:23+00:00","article_modified_time":"2018-12-14T10:32:42+00:00","og_image":[{"width":273,"height":181,"url":"https:\/\/franciscanos.org.br\/noticias\/wp-content\/uploads\/2018\/12\/presepios_111218-273.jpg","type":"image\/jpeg"}],"author":"admin","twitter_card":"summary_large_image","twitter_misc":{"Escrito por":"admin","Est. tempo de leitura":"3 minutos"},"schema":{"@context":"https:\/\/schema.org","@graph":[{"@type":"WebSite","@id":"https:\/\/franciscanos.org.br\/noticias\/#website","url":"https:\/\/franciscanos.org.br\/noticias\/","name":"Not\u00edcias - Franciscanos","description":"Prov\u00edncia Franciscana da Imaculada Concei\u00e7\u00e3o do Brasil - Ordem dos Frades Menores - OFM","potentialAction":[{"@type":"SearchAction","target":{"@type":"EntryPoint","urlTemplate":"https:\/\/franciscanos.org.br\/noticias\/?s={search_term_string}"},"query-input":"required name=search_term_string"}],"inLanguage":"pt-BR"},{"@type":"ImageObject","inLanguage":"pt-BR","@id":"https:\/\/franciscanos.org.br\/noticias\/o-misterio-da-encarnacao-retratado-no-centro-de-sao-paulo.html#primaryimage","url":"https:\/\/franciscanos.org.br\/noticias\/wp-content\/uploads\/2018\/12\/presepios_111218-273.jpg","contentUrl":"https:\/\/franciscanos.org.br\/noticias\/wp-content\/uploads\/2018\/12\/presepios_111218-273.jpg","width":273,"height":181},{"@type":"WebPage","@id":"https:\/\/franciscanos.org.br\/noticias\/o-misterio-da-encarnacao-retratado-no-centro-de-sao-paulo.html#webpage","url":"https:\/\/franciscanos.org.br\/noticias\/o-misterio-da-encarnacao-retratado-no-centro-de-sao-paulo.html","name":"O mist\u00e9rio da encarna\u00e7\u00e3o retratado em S\u00e3o Paulo - Not\u00edcias - Franciscanos","isPartOf":{"@id":"https:\/\/franciscanos.org.br\/noticias\/#website"},"primaryImageOfPage":{"@id":"https:\/\/franciscanos.org.br\/noticias\/o-misterio-da-encarnacao-retratado-no-centro-de-sao-paulo.html#primaryimage"},"datePublished":"2018-12-12T17:25:23+00:00","dateModified":"2018-12-14T10:32:42+00:00","author":{"@id":"https:\/\/franciscanos.org.br\/noticias\/#\/schema\/person\/b38fbf43118f02820bd932f2e4b14ad3"},"breadcrumb":{"@id":"https:\/\/franciscanos.org.br\/noticias\/o-misterio-da-encarnacao-retratado-no-centro-de-sao-paulo.html#breadcrumb"},"inLanguage":"pt-BR","potentialAction":[{"@type":"ReadAction","target":["https:\/\/franciscanos.org.br\/noticias\/o-misterio-da-encarnacao-retratado-no-centro-de-sao-paulo.html"]}]},{"@type":"BreadcrumbList","@id":"https:\/\/franciscanos.org.br\/noticias\/o-misterio-da-encarnacao-retratado-no-centro-de-sao-paulo.html#breadcrumb","itemListElement":[{"@type":"ListItem","position":1,"name":"Home","item":"https:\/\/franciscanos.org.br\/noticias"},{"@type":"ListItem","position":2,"name":"O mist\u00e9rio da encarna\u00e7\u00e3o retratado em S\u00e3o Paulo"}]},{"@type":"Person","@id":"https:\/\/franciscanos.org.br\/noticias\/#\/schema\/person\/b38fbf43118f02820bd932f2e4b14ad3","name":"admin","image":{"@type":"ImageObject","inLanguage":"pt-BR","@id":"https:\/\/franciscanos.org.br\/noticias\/#\/schema\/person\/image\/","url":"https:\/\/secure.gravatar.com\/avatar\/e8495742d34d0ba6448ea1c628263b3e?s=96&d=mm&r=g","contentUrl":"https:\/\/secure.gravatar.com\/avatar\/e8495742d34d0ba6448ea1c628263b3e?s=96&d=mm&r=g","caption":"admin"},"url":"https:\/\/franciscanos.org.br\/noticias\/author\/admin"}]}},"_links":{"self":[{"href":"https:\/\/franciscanos.org.br\/noticias\/wp-json\/wp\/v2\/posts\/192795"}],"collection":[{"href":"https:\/\/franciscanos.org.br\/noticias\/wp-json\/wp\/v2\/posts"}],"about":[{"href":"https:\/\/franciscanos.org.br\/noticias\/wp-json\/wp\/v2\/types\/post"}],"author":[{"embeddable":true,"href":"https:\/\/franciscanos.org.br\/noticias\/wp-json\/wp\/v2\/users\/1"}],"replies":[{"embeddable":true,"href":"https:\/\/franciscanos.org.br\/noticias\/wp-json\/wp\/v2\/comments?post=192795"}],"version-history":[{"count":0,"href":"https:\/\/franciscanos.org.br\/noticias\/wp-json\/wp\/v2\/posts\/192795\/revisions"}],"wp:featuredmedia":[{"embeddable":true,"href":"https:\/\/franciscanos.org.br\/noticias\/wp-json\/wp\/v2\/media\/192797"}],"wp:attachment":[{"href":"https:\/\/franciscanos.org.br\/noticias\/wp-json\/wp\/v2\/media?parent=192795"}],"wp:term":[{"taxonomy":"category","embeddable":true,"href":"https:\/\/franciscanos.org.br\/noticias\/wp-json\/wp\/v2\/categories?post=192795"},{"taxonomy":"post_tag","embeddable":true,"href":"https:\/\/franciscanos.org.br\/noticias\/wp-json\/wp\/v2\/tags?post=192795"}],"curies":[{"name":"wp","href":"https:\/\/api.w.org\/{rel}","templated":true}]}}