{"id":192785,"date":"2018-12-11T07:26:24","date_gmt":"2018-12-11T09:26:24","guid":{"rendered":"https:\/\/franciscanos.org.br\/noticias\/?p=192785"},"modified":"2018-12-11T15:31:12","modified_gmt":"2018-12-11T17:31:12","slug":"exposicao-de-presepios-no-convento-da-penha","status":"publish","type":"post","link":"https:\/\/franciscanos.org.br\/noticias\/exposicao-de-presepios-no-convento-da-penha.html","title":{"rendered":"Exposi\u00e7\u00e3o de Pres\u00e9pios no Convento da Penha"},"content":{"rendered":"<p><img loading=\"lazy\" class=\"alignnone size-full wp-image-192786\" src=\"https:\/\/franciscanos.org.br\/noticias\/wp-content\/uploads\/2018\/12\/penha_111218.jpg\" alt=\"\" width=\"890\" height=\"668\" srcset=\"https:\/\/franciscanos.org.br\/noticias\/wp-content\/uploads\/2018\/12\/penha_111218.jpg 890w, https:\/\/franciscanos.org.br\/noticias\/wp-content\/uploads\/2018\/12\/penha_111218-450x338.jpg 450w, https:\/\/franciscanos.org.br\/noticias\/wp-content\/uploads\/2018\/12\/penha_111218-768x576.jpg 768w, https:\/\/franciscanos.org.br\/noticias\/wp-content\/uploads\/2018\/12\/penha_111218-150x113.jpg 150w\" sizes=\"(max-width: 890px) 100vw, 890px\" \/><\/p>\n<p>Com quatro pres\u00e9pios pequenos e um grande, o Convento da Penha apresenta a Exposi\u00e7\u00e3o &#8220;Pres\u00e9pios do Convento&#8221;. A exposi\u00e7\u00e3o \u00e9 composta por um pres\u00e9pio grande, com pe\u00e7as e imagens do pr\u00f3prio acervo, al\u00e9m de um bel\u00edssimo cen\u00e1rio, montado por volunt\u00e1rios e amigos do Convento. Foram muitos dias de trabalho, doa\u00e7\u00e3o e montagem para o resultado. Eles tamb\u00e9m confeccionaram os outros quatro pres\u00e9pios pequenos que contam a hist\u00f3ria do Frei Pedro Pal\u00e1cios, o franciscano fundador do Convento da Penha. A lembran\u00e7a dos 460 anos da chegada do Frei espanhol, na ent\u00e3o Capitania do Esp\u00edrito Santo, est\u00e1 ilustrada nos bel\u00edssimos pres\u00e9pios.<\/p>\n<p>Estes quatro pres\u00e9pios que contam a hist\u00f3ria de Frei Pedro Pal\u00e1cios, fundador do Convento da Penha, est\u00e3o na ordem cronol\u00f3gica dos pa\u00edses pelos quais ele passou at\u00e9 chegar \u00e0 Montanha Sagrada. O primeiro pres\u00e9pio, o italiano, representa os franciscanos (Frei Pedro era leigo franciscano) e a pr\u00f3pria cria\u00e7\u00e3o do Pres\u00e9pio para simbolizar o nascimento de Jesus. A segunda parada do visitante \u00e9 no pres\u00e9pio espanhol, pa\u00eds onde nasceu Frei Pedro Pal\u00e1cios por volta de 1500.<\/p>\n<p>Depois, ele mudou-se para Portugal e, j\u00e1 na voca\u00e7\u00e3o religiosa, passou a cuidar de doentes em um hospital de Lisboa. Este \u00e9, ent\u00e3o, o terceiro pres\u00e9pio. Por fim, Frei Pedro viajou para o Brasil, fazendo o seu trabalho de evangeliza\u00e7\u00e3o em terras tupiniquins, especificamente na Capitania do Esp\u00edrito Santo, nos deixando esse legado: o Convento da Penha. Ao percorrer esta linha do tempo, o visitante poder\u00e1 conhecer um pouco mais sobre o fundador do Convento por meio dos quadros informativos e principalmente dos pres\u00e9pios.<\/p>\n\n\t\t<style type=\"text\/css\">\n\t\t\t#gallery-1 {\n\t\t\t\tmargin: auto;\n\t\t\t}\n\t\t\t#gallery-1 .gallery-item {\n\t\t\t\tfloat: left;\n\t\t\t\tmargin-top: 10px;\n\t\t\t\ttext-align: center;\n\t\t\t\twidth: 33%;\n\t\t\t}\n\t\t\t#gallery-1 img {\n\t\t\t\tborder: 2px solid #cfcfcf;\n\t\t\t}\n\t\t\t#gallery-1 .gallery-caption {\n\t\t\t\tmargin-left: 0;\n\t\t\t}\n\t\t\t\/* see gallery_shortcode() in wp-includes\/media.php *\/\n\t\t<\/style>\n\t\t<div id='gallery-1' class='gallery galleryid-192785 gallery-columns-3 gallery-size-thumbnail'><dl class='gallery-item'>\n\t\t\t<dt class='gallery-icon landscape'>\n\t\t\t\t<a href='https:\/\/franciscanos.org.br\/noticias\/wp-content\/uploads\/2018\/12\/01-4.jpg'><img width=\"300\" height=\"300\" src=\"https:\/\/franciscanos.org.br\/noticias\/wp-content\/uploads\/2018\/12\/01-4-300x300.jpg\" class=\"attachment-thumbnail size-thumbnail\" alt=\"\" loading=\"lazy\" srcset=\"https:\/\/franciscanos.org.br\/noticias\/wp-content\/uploads\/2018\/12\/01-4-300x300.jpg 300w, https:\/\/franciscanos.org.br\/noticias\/wp-content\/uploads\/2018\/12\/01-4-400x400.jpg 400w\" sizes=\"(max-width: 300px) 100vw, 300px\" \/><\/a>\n\t\t\t<\/dt><\/dl><dl class='gallery-item'>\n\t\t\t<dt class='gallery-icon landscape'>\n\t\t\t\t<a href='https:\/\/franciscanos.org.br\/noticias\/wp-content\/uploads\/2018\/12\/02-5.jpg'><img width=\"300\" height=\"300\" src=\"https:\/\/franciscanos.org.br\/noticias\/wp-content\/uploads\/2018\/12\/02-5-300x300.jpg\" class=\"attachment-thumbnail size-thumbnail\" alt=\"\" loading=\"lazy\" srcset=\"https:\/\/franciscanos.org.br\/noticias\/wp-content\/uploads\/2018\/12\/02-5-300x300.jpg 300w, https:\/\/franciscanos.org.br\/noticias\/wp-content\/uploads\/2018\/12\/02-5-400x400.jpg 400w\" sizes=\"(max-width: 300px) 100vw, 300px\" \/><\/a>\n\t\t\t<\/dt><\/dl><dl class='gallery-item'>\n\t\t\t<dt class='gallery-icon landscape'>\n\t\t\t\t<a href='https:\/\/franciscanos.org.br\/noticias\/wp-content\/uploads\/2018\/12\/03-5.jpg'><img width=\"300\" height=\"300\" src=\"https:\/\/franciscanos.org.br\/noticias\/wp-content\/uploads\/2018\/12\/03-5-300x300.jpg\" class=\"attachment-thumbnail size-thumbnail\" alt=\"\" loading=\"lazy\" srcset=\"https:\/\/franciscanos.org.br\/noticias\/wp-content\/uploads\/2018\/12\/03-5-300x300.jpg 300w, https:\/\/franciscanos.org.br\/noticias\/wp-content\/uploads\/2018\/12\/03-5-400x400.jpg 400w\" sizes=\"(max-width: 300px) 100vw, 300px\" \/><\/a>\n\t\t\t<\/dt><\/dl><br style=\"clear: both\" \/><dl class='gallery-item'>\n\t\t\t<dt class='gallery-icon landscape'>\n\t\t\t\t<a href='https:\/\/franciscanos.org.br\/noticias\/wp-content\/uploads\/2018\/12\/04-3.jpg'><img width=\"300\" height=\"300\" src=\"https:\/\/franciscanos.org.br\/noticias\/wp-content\/uploads\/2018\/12\/04-3-300x300.jpg\" class=\"attachment-thumbnail size-thumbnail\" alt=\"\" loading=\"lazy\" srcset=\"https:\/\/franciscanos.org.br\/noticias\/wp-content\/uploads\/2018\/12\/04-3-300x300.jpg 300w, https:\/\/franciscanos.org.br\/noticias\/wp-content\/uploads\/2018\/12\/04-3-400x400.jpg 400w\" sizes=\"(max-width: 300px) 100vw, 300px\" \/><\/a>\n\t\t\t<\/dt><\/dl><dl class='gallery-item'>\n\t\t\t<dt class='gallery-icon landscape'>\n\t\t\t\t<a href='https:\/\/franciscanos.org.br\/noticias\/wp-content\/uploads\/2018\/12\/05-3.jpg'><img width=\"300\" height=\"300\" src=\"https:\/\/franciscanos.org.br\/noticias\/wp-content\/uploads\/2018\/12\/05-3-300x300.jpg\" class=\"attachment-thumbnail size-thumbnail\" alt=\"\" loading=\"lazy\" srcset=\"https:\/\/franciscanos.org.br\/noticias\/wp-content\/uploads\/2018\/12\/05-3-300x300.jpg 300w, https:\/\/franciscanos.org.br\/noticias\/wp-content\/uploads\/2018\/12\/05-3-400x400.jpg 400w\" sizes=\"(max-width: 300px) 100vw, 300px\" \/><\/a>\n\t\t\t<\/dt><\/dl><dl class='gallery-item'>\n\t\t\t<dt class='gallery-icon landscape'>\n\t\t\t\t<a href='https:\/\/franciscanos.org.br\/noticias\/wp-content\/uploads\/2018\/12\/06-3.jpg'><img width=\"300\" height=\"300\" src=\"https:\/\/franciscanos.org.br\/noticias\/wp-content\/uploads\/2018\/12\/06-3-300x300.jpg\" class=\"attachment-thumbnail size-thumbnail\" alt=\"\" loading=\"lazy\" srcset=\"https:\/\/franciscanos.org.br\/noticias\/wp-content\/uploads\/2018\/12\/06-3-300x300.jpg 300w, https:\/\/franciscanos.org.br\/noticias\/wp-content\/uploads\/2018\/12\/06-3-400x400.jpg 400w\" sizes=\"(max-width: 300px) 100vw, 300px\" \/><\/a>\n\t\t\t<\/dt><\/dl><br style=\"clear: both\" \/>\n\t\t<\/div>\n\n<p><strong>SERVI\u00c7O<\/strong><br \/>\n<strong>EXPOSI\u00c7\u00c3O PRES\u00c9PIOS DO CONVENTO<\/strong><br \/>\n<strong>LOCAL<\/strong>: Sala de Exposi\u00e7\u00f5es do Convento da Penha (ao lado da Sala dos Milagres)<br \/>\n<strong>QUANDO:<\/strong> diariamente, de 8h \u00e0s 12h e de 12h30 \u00e0s 16h30.<br \/>\n<strong>ENTRADA<\/strong>: gratuita<\/p>\n<p><em>Assessoria de Imprensa do Convento<\/em><\/p>\n<p>&nbsp;<\/p>\n","protected":false},"excerpt":{"rendered":"<p>Com quatro pres\u00e9pios pequenos e um grande, o Convento da Penha apresenta a Exposi\u00e7\u00e3o &#8220;Pres\u00e9pios do Convento&#8221;. A exposi\u00e7\u00e3o \u00e9 composta por um pres\u00e9pio grande, com pe\u00e7as e imagens do pr\u00f3prio acervo, al\u00e9m de um bel\u00edssimo cen\u00e1rio, montado por volunt\u00e1rios e amigos do Convento. Foram muitos dias de trabalho, doa\u00e7\u00e3o e montagem para o resultado. [&hellip;]<\/p>\n","protected":false},"author":3,"featured_media":192793,"comment_status":"open","ping_status":"open","sticky":false,"template":"","format":"standard","meta":[],"categories":[1],"tags":[1153],"acf":[],"yoast_head":"<!-- This site is optimized with the Yoast SEO plugin v19.2 - https:\/\/yoast.com\/wordpress\/plugins\/seo\/ -->\n<title>Exposi\u00e7\u00e3o de Pres\u00e9pios no Convento da Penha - Not\u00edcias - Franciscanos<\/title>\n<meta name=\"robots\" content=\"index, follow, max-snippet:-1, max-image-preview:large, max-video-preview:-1\" \/>\n<link rel=\"canonical\" href=\"https:\/\/franciscanos.org.br\/noticias\/exposicao-de-presepios-no-convento-da-penha.html\" \/>\n<meta property=\"og:locale\" content=\"pt_BR\" \/>\n<meta property=\"og:type\" content=\"article\" \/>\n<meta property=\"og:title\" content=\"Exposi\u00e7\u00e3o de Pres\u00e9pios no Convento da Penha - Not\u00edcias - Franciscanos\" \/>\n<meta property=\"og:description\" content=\"Com quatro pres\u00e9pios pequenos e um grande, o Convento da Penha apresenta a Exposi\u00e7\u00e3o &#8220;Pres\u00e9pios do Convento&#8221;. A exposi\u00e7\u00e3o \u00e9 composta por um pres\u00e9pio grande, com pe\u00e7as e imagens do pr\u00f3prio acervo, al\u00e9m de um bel\u00edssimo cen\u00e1rio, montado por volunt\u00e1rios e amigos do Convento. Foram muitos dias de trabalho, doa\u00e7\u00e3o e montagem para o resultado. [&hellip;]\" \/>\n<meta property=\"og:url\" content=\"https:\/\/franciscanos.org.br\/noticias\/exposicao-de-presepios-no-convento-da-penha.html\" \/>\n<meta property=\"og:site_name\" content=\"Not\u00edcias - Franciscanos\" \/>\n<meta property=\"article:published_time\" content=\"2018-12-11T09:26:24+00:00\" \/>\n<meta property=\"article:modified_time\" content=\"2018-12-11T17:31:12+00:00\" \/>\n<meta property=\"og:image\" content=\"https:\/\/franciscanos.org.br\/noticias\/wp-content\/uploads\/2018\/12\/penha_111218d.jpg\" \/>\n\t<meta property=\"og:image:width\" content=\"273\" \/>\n\t<meta property=\"og:image:height\" content=\"181\" \/>\n\t<meta property=\"og:image:type\" content=\"image\/jpeg\" \/>\n<meta name=\"author\" content=\"moacir\" \/>\n<meta name=\"twitter:card\" content=\"summary_large_image\" \/>\n<meta name=\"twitter:label1\" content=\"Escrito por\" \/>\n\t<meta name=\"twitter:data1\" content=\"moacir\" \/>\n\t<meta name=\"twitter:label2\" content=\"Est. tempo de leitura\" \/>\n\t<meta name=\"twitter:data2\" content=\"2 minutos\" \/>\n<script type=\"application\/ld+json\" class=\"yoast-schema-graph\">{\"@context\":\"https:\/\/schema.org\",\"@graph\":[{\"@type\":\"WebSite\",\"@id\":\"https:\/\/franciscanos.org.br\/noticias\/#website\",\"url\":\"https:\/\/franciscanos.org.br\/noticias\/\",\"name\":\"Not\u00edcias - Franciscanos\",\"description\":\"Prov\u00edncia Franciscana da Imaculada Concei\u00e7\u00e3o do Brasil - Ordem dos Frades Menores - OFM\",\"potentialAction\":[{\"@type\":\"SearchAction\",\"target\":{\"@type\":\"EntryPoint\",\"urlTemplate\":\"https:\/\/franciscanos.org.br\/noticias\/?s={search_term_string}\"},\"query-input\":\"required name=search_term_string\"}],\"inLanguage\":\"pt-BR\"},{\"@type\":\"ImageObject\",\"inLanguage\":\"pt-BR\",\"@id\":\"https:\/\/franciscanos.org.br\/noticias\/exposicao-de-presepios-no-convento-da-penha.html#primaryimage\",\"url\":\"https:\/\/franciscanos.org.br\/noticias\/wp-content\/uploads\/2018\/12\/penha_111218d.jpg\",\"contentUrl\":\"https:\/\/franciscanos.org.br\/noticias\/wp-content\/uploads\/2018\/12\/penha_111218d.jpg\",\"width\":273,\"height\":181},{\"@type\":\"WebPage\",\"@id\":\"https:\/\/franciscanos.org.br\/noticias\/exposicao-de-presepios-no-convento-da-penha.html#webpage\",\"url\":\"https:\/\/franciscanos.org.br\/noticias\/exposicao-de-presepios-no-convento-da-penha.html\",\"name\":\"Exposi\u00e7\u00e3o de Pres\u00e9pios no Convento da Penha - Not\u00edcias - Franciscanos\",\"isPartOf\":{\"@id\":\"https:\/\/franciscanos.org.br\/noticias\/#website\"},\"primaryImageOfPage\":{\"@id\":\"https:\/\/franciscanos.org.br\/noticias\/exposicao-de-presepios-no-convento-da-penha.html#primaryimage\"},\"datePublished\":\"2018-12-11T09:26:24+00:00\",\"dateModified\":\"2018-12-11T17:31:12+00:00\",\"author\":{\"@id\":\"https:\/\/franciscanos.org.br\/noticias\/#\/schema\/person\/b5c8cba458c330ccff548b056e95a5d4\"},\"breadcrumb\":{\"@id\":\"https:\/\/franciscanos.org.br\/noticias\/exposicao-de-presepios-no-convento-da-penha.html#breadcrumb\"},\"inLanguage\":\"pt-BR\",\"potentialAction\":[{\"@type\":\"ReadAction\",\"target\":[\"https:\/\/franciscanos.org.br\/noticias\/exposicao-de-presepios-no-convento-da-penha.html\"]}]},{\"@type\":\"BreadcrumbList\",\"@id\":\"https:\/\/franciscanos.org.br\/noticias\/exposicao-de-presepios-no-convento-da-penha.html#breadcrumb\",\"itemListElement\":[{\"@type\":\"ListItem\",\"position\":1,\"name\":\"Home\",\"item\":\"https:\/\/franciscanos.org.br\/noticias\"},{\"@type\":\"ListItem\",\"position\":2,\"name\":\"Exposi\u00e7\u00e3o de Pres\u00e9pios no Convento da Penha\"}]},{\"@type\":\"Person\",\"@id\":\"https:\/\/franciscanos.org.br\/noticias\/#\/schema\/person\/b5c8cba458c330ccff548b056e95a5d4\",\"name\":\"moacir\",\"image\":{\"@type\":\"ImageObject\",\"inLanguage\":\"pt-BR\",\"@id\":\"https:\/\/franciscanos.org.br\/noticias\/#\/schema\/person\/image\/\",\"url\":\"https:\/\/secure.gravatar.com\/avatar\/d08aa2ce4c8dd416d4479aa8536fcf64?s=96&d=mm&r=g\",\"contentUrl\":\"https:\/\/secure.gravatar.com\/avatar\/d08aa2ce4c8dd416d4479aa8536fcf64?s=96&d=mm&r=g\",\"caption\":\"moacir\"},\"url\":\"https:\/\/franciscanos.org.br\/noticias\/author\/moacir\"}]}<\/script>\n<!-- \/ Yoast SEO plugin. -->","yoast_head_json":{"title":"Exposi\u00e7\u00e3o de Pres\u00e9pios no Convento da Penha - Not\u00edcias - Franciscanos","robots":{"index":"index","follow":"follow","max-snippet":"max-snippet:-1","max-image-preview":"max-image-preview:large","max-video-preview":"max-video-preview:-1"},"canonical":"https:\/\/franciscanos.org.br\/noticias\/exposicao-de-presepios-no-convento-da-penha.html","og_locale":"pt_BR","og_type":"article","og_title":"Exposi\u00e7\u00e3o de Pres\u00e9pios no Convento da Penha - Not\u00edcias - Franciscanos","og_description":"Com quatro pres\u00e9pios pequenos e um grande, o Convento da Penha apresenta a Exposi\u00e7\u00e3o &#8220;Pres\u00e9pios do Convento&#8221;. A exposi\u00e7\u00e3o \u00e9 composta por um pres\u00e9pio grande, com pe\u00e7as e imagens do pr\u00f3prio acervo, al\u00e9m de um bel\u00edssimo cen\u00e1rio, montado por volunt\u00e1rios e amigos do Convento. Foram muitos dias de trabalho, doa\u00e7\u00e3o e montagem para o resultado. [&hellip;]","og_url":"https:\/\/franciscanos.org.br\/noticias\/exposicao-de-presepios-no-convento-da-penha.html","og_site_name":"Not\u00edcias - Franciscanos","article_published_time":"2018-12-11T09:26:24+00:00","article_modified_time":"2018-12-11T17:31:12+00:00","og_image":[{"width":273,"height":181,"url":"https:\/\/franciscanos.org.br\/noticias\/wp-content\/uploads\/2018\/12\/penha_111218d.jpg","type":"image\/jpeg"}],"author":"moacir","twitter_card":"summary_large_image","twitter_misc":{"Escrito por":"moacir","Est. tempo de leitura":"2 minutos"},"schema":{"@context":"https:\/\/schema.org","@graph":[{"@type":"WebSite","@id":"https:\/\/franciscanos.org.br\/noticias\/#website","url":"https:\/\/franciscanos.org.br\/noticias\/","name":"Not\u00edcias - Franciscanos","description":"Prov\u00edncia Franciscana da Imaculada Concei\u00e7\u00e3o do Brasil - Ordem dos Frades Menores - OFM","potentialAction":[{"@type":"SearchAction","target":{"@type":"EntryPoint","urlTemplate":"https:\/\/franciscanos.org.br\/noticias\/?s={search_term_string}"},"query-input":"required name=search_term_string"}],"inLanguage":"pt-BR"},{"@type":"ImageObject","inLanguage":"pt-BR","@id":"https:\/\/franciscanos.org.br\/noticias\/exposicao-de-presepios-no-convento-da-penha.html#primaryimage","url":"https:\/\/franciscanos.org.br\/noticias\/wp-content\/uploads\/2018\/12\/penha_111218d.jpg","contentUrl":"https:\/\/franciscanos.org.br\/noticias\/wp-content\/uploads\/2018\/12\/penha_111218d.jpg","width":273,"height":181},{"@type":"WebPage","@id":"https:\/\/franciscanos.org.br\/noticias\/exposicao-de-presepios-no-convento-da-penha.html#webpage","url":"https:\/\/franciscanos.org.br\/noticias\/exposicao-de-presepios-no-convento-da-penha.html","name":"Exposi\u00e7\u00e3o de Pres\u00e9pios no Convento da Penha - Not\u00edcias - Franciscanos","isPartOf":{"@id":"https:\/\/franciscanos.org.br\/noticias\/#website"},"primaryImageOfPage":{"@id":"https:\/\/franciscanos.org.br\/noticias\/exposicao-de-presepios-no-convento-da-penha.html#primaryimage"},"datePublished":"2018-12-11T09:26:24+00:00","dateModified":"2018-12-11T17:31:12+00:00","author":{"@id":"https:\/\/franciscanos.org.br\/noticias\/#\/schema\/person\/b5c8cba458c330ccff548b056e95a5d4"},"breadcrumb":{"@id":"https:\/\/franciscanos.org.br\/noticias\/exposicao-de-presepios-no-convento-da-penha.html#breadcrumb"},"inLanguage":"pt-BR","potentialAction":[{"@type":"ReadAction","target":["https:\/\/franciscanos.org.br\/noticias\/exposicao-de-presepios-no-convento-da-penha.html"]}]},{"@type":"BreadcrumbList","@id":"https:\/\/franciscanos.org.br\/noticias\/exposicao-de-presepios-no-convento-da-penha.html#breadcrumb","itemListElement":[{"@type":"ListItem","position":1,"name":"Home","item":"https:\/\/franciscanos.org.br\/noticias"},{"@type":"ListItem","position":2,"name":"Exposi\u00e7\u00e3o de Pres\u00e9pios no Convento da Penha"}]},{"@type":"Person","@id":"https:\/\/franciscanos.org.br\/noticias\/#\/schema\/person\/b5c8cba458c330ccff548b056e95a5d4","name":"moacir","image":{"@type":"ImageObject","inLanguage":"pt-BR","@id":"https:\/\/franciscanos.org.br\/noticias\/#\/schema\/person\/image\/","url":"https:\/\/secure.gravatar.com\/avatar\/d08aa2ce4c8dd416d4479aa8536fcf64?s=96&d=mm&r=g","contentUrl":"https:\/\/secure.gravatar.com\/avatar\/d08aa2ce4c8dd416d4479aa8536fcf64?s=96&d=mm&r=g","caption":"moacir"},"url":"https:\/\/franciscanos.org.br\/noticias\/author\/moacir"}]}},"_links":{"self":[{"href":"https:\/\/franciscanos.org.br\/noticias\/wp-json\/wp\/v2\/posts\/192785"}],"collection":[{"href":"https:\/\/franciscanos.org.br\/noticias\/wp-json\/wp\/v2\/posts"}],"about":[{"href":"https:\/\/franciscanos.org.br\/noticias\/wp-json\/wp\/v2\/types\/post"}],"author":[{"embeddable":true,"href":"https:\/\/franciscanos.org.br\/noticias\/wp-json\/wp\/v2\/users\/3"}],"replies":[{"embeddable":true,"href":"https:\/\/franciscanos.org.br\/noticias\/wp-json\/wp\/v2\/comments?post=192785"}],"version-history":[{"count":0,"href":"https:\/\/franciscanos.org.br\/noticias\/wp-json\/wp\/v2\/posts\/192785\/revisions"}],"wp:featuredmedia":[{"embeddable":true,"href":"https:\/\/franciscanos.org.br\/noticias\/wp-json\/wp\/v2\/media\/192793"}],"wp:attachment":[{"href":"https:\/\/franciscanos.org.br\/noticias\/wp-json\/wp\/v2\/media?parent=192785"}],"wp:term":[{"taxonomy":"category","embeddable":true,"href":"https:\/\/franciscanos.org.br\/noticias\/wp-json\/wp\/v2\/categories?post=192785"},{"taxonomy":"post_tag","embeddable":true,"href":"https:\/\/franciscanos.org.br\/noticias\/wp-json\/wp\/v2\/tags?post=192785"}],"curies":[{"name":"wp","href":"https:\/\/api.w.org\/{rel}","templated":true}]}}