{"id":192777,"date":"2018-12-11T07:38:09","date_gmt":"2018-12-11T09:38:09","guid":{"rendered":"https:\/\/franciscanos.org.br\/noticias\/?p=192777"},"modified":"2020-06-06T13:11:50","modified_gmt":"2020-06-06T16:11:50","slug":"o-mundo-de-hoje-cancelou-do-dicionario-uma-palavra-ternura","status":"publish","type":"post","link":"https:\/\/franciscanos.org.br\/noticias\/o-mundo-de-hoje-cancelou-do-dicionario-uma-palavra-ternura.html","title":{"rendered":"Papa: mundo cancelou a ternura do dicion\u00e1rio"},"content":{"rendered":"<p><img loading=\"lazy\" class=\"alignnone size-full wp-image-192778\" src=\"https:\/\/franciscanos.org.br\/noticias\/wp-content\/uploads\/2018\/12\/papa_111218.jpg\" alt=\"\" width=\"890\" height=\"501\" srcset=\"https:\/\/franciscanos.org.br\/noticias\/wp-content\/uploads\/2018\/12\/papa_111218.jpg 890w, https:\/\/franciscanos.org.br\/noticias\/wp-content\/uploads\/2018\/12\/papa_111218-450x253.jpg 450w, https:\/\/franciscanos.org.br\/noticias\/wp-content\/uploads\/2018\/12\/papa_111218-768x432.jpg 768w, https:\/\/franciscanos.org.br\/noticias\/wp-content\/uploads\/2018\/12\/papa_111218-150x84.jpg 150w\" sizes=\"(max-width: 890px) 100vw, 890px\" \/><br \/>\n<strong>Cidade do Vaticano<\/strong> &#8211; O Senhor nos consola com a ternura, assim como fazem as m\u00e3es que acariciam seus filhos quando choram. Foi o que disse o Papa Francisco na homilia da Missa celebrada esta manh\u00e3 (11\/12) na capela da Casa Santa Marta, exortando a deixar-se consolar por Deus sem opor resist\u00eancia. O Papa falou da consola\u00e7\u00e3o e fez refer\u00eancia aos m\u00e1rtires de hoje, como os coptas assassinados na praia da L\u00edbia.<\/p>\n<p>A Primeira Leitura extra\u00edda do Livro do Profeta Isa\u00edas (Is 40,1-11), de fato, \u00e9 justamente um convite \u00e0 consola\u00e7\u00e3o: \u201cConsolai, consolai o meu povo \u2013 diz o vosso Deus\u201d, porque \u201ca expia\u00e7\u00e3o de suas culpas foi cumprida\u201d. Trata-se, portanto, da \u201cconsola\u00e7\u00e3o da salva\u00e7\u00e3o\u201d, evidenciou o Papa, da boa not\u00edcia que \u201cfomos salvos\u201d. Cristo Ressuscitado, naqueles 40 dias, faz justamente isso com os seus disc\u00edpulos: consolar.<\/p>\n<p>Mas \u201cn\u00f3s n\u00e3o queremos arriscar\u201d e \u201copomos resist\u00eancia \u00e0 consola\u00e7\u00e3o\u201d, como se \u201cestiv\u00e9ssemos mais seguros nas \u00e1guas turbulentas dos problemas\u201d. \u201cN\u00f3s estamos presos a este pessimismo espiritual\u201d, disse o Papa.<\/p>\n<p><strong>Ternura: palavra cancelada do dicion\u00e1rio<\/strong><br \/>\nFrancisco citou as crian\u00e7as que, nas audi\u00eancias p\u00fablicas, gritam e choram porque, vendo-o vestido de branco, pensam que ele seja o m\u00e9dico ou o enfermeiro pronto a dar uma inje\u00e7\u00e3o. Tamb\u00e9m n\u00f3s somos um pouco assim, mas o Senhor diz: \u201cConsolai, consolai o meu povo\u201d.<\/p>\n<p>E como consola, o Senhor? Com a ternura. \u00c9 uma linguagem que os profetas de desventuras n\u00e3o conhecem: a ternura. \u00c9 uma palavra cancelada por todos os v\u00edcios que nos afastam do Senhor: v\u00edcios clericais, v\u00edcios dos crist\u00e3os que n\u00e3o querem se mexer, mornos \u2026 A ternura d\u00e1 medo. \u201cEis que o Senhor Deus vem com a conquista, eis \u00e0 sua frente a vit\u00f3ria\u201d: assim se conclui o trecho de Isa\u00edas. \u201cComo um pastor, ele apascenta o rebanho, re\u00fane, com a for\u00e7a dos bra\u00e7os, os cordeiros e carrega-os ao colo; ele mesmo tange as ovelhas-m\u00e3es\u201d. Este \u00e9 o modo de consolar do Senhor: com a ternura. As m\u00e3es, quando o filho chora, o acariciam e o tranquilizam com a ternura: uma palavra que o mundo de hoje, de fato, cancelou do dicion\u00e1rio. Ternura.<\/p>\n<p><strong>A consola\u00e7\u00e3o no momento do mart\u00edrio<\/strong><br \/>\nO Senhor convida a deixar-se consolar por Ele e isso ajuda tamb\u00e9m na prepara\u00e7\u00e3o para o Natal. E hoje, na ora\u00e7\u00e3o da coleta, recordou o Papa, pedimos a gra\u00e7a de uma sincera exulta\u00e7\u00e3o, desta alegria simples, mas sincera: E, pelo contr\u00e1rio, eu diria que o estado habitual do crist\u00e3o deve ser a consola\u00e7\u00e3o. Tamb\u00e9m nos momentos dif\u00edceis: os m\u00e1rtires entravam no Coliseu cantando; os m\u00e1rtires de hoje \u2013 penso nos trabalhadores coptas na praia da L\u00edbia, degolados \u2013 morriam dizendo \u201cJesus, Jesus!\u201d: h\u00e1 uma consola\u00e7\u00e3o, dentro; uma alegria tamb\u00e9m no momento do mart\u00edrio. O estado habitual do crist\u00e3o deve ser a consola\u00e7\u00e3o, que n\u00e3o \u00e9 a mesma coisa que o otimismo, n\u00e3o: o otimismo \u00e9 outra coisa. Mas a consola\u00e7\u00e3o, aquela base positiva \u2026 Fala-se de pessoas luminosas, positivas: a positividade, a luminosidade do crist\u00e3o \u00e9 a consola\u00e7\u00e3o.<\/p>\n<p><strong>O Senhor bate \u00e0 nossa porta com o carinho<\/strong><br \/>\nNos momentos em que se sofre, n\u00e3o se sente a consola\u00e7\u00e3o, mas um crist\u00e3o n\u00e3o pode perder a paz \u201cporque \u00e9 um dom do Senhor\u201d que a oferece a todos, inclusive nos momentos mais dif\u00edceis.<\/p>\n<p>O convite do Papa, portanto, \u00e9 pedir ao Senhor nesta semana de prepara\u00e7\u00e3o ao Natal para n\u00e3o ter medo e deixar-se consolar por Ele, fazendo refer\u00eancia tamb\u00e9m ao Evangelho de hoje (Mt 18,12-14):\u00a0Que tamb\u00e9m eu me prepare para o Natal pelo menos com a paz: a paz do cora\u00e7\u00e3o, a paz da Tua presen\u00e7a, a paz que os Teus carinhos d\u00e3o\u201d. \u201cMas eu sou pecador \u2026\u201d \u2013 sim, mas o que nos diz o Evangelho de hoje? Que o Senhor consola como o pastor; se perde um dos seus, vai procur\u00e1-lo, como aquele homem que tinha 100 ovelhas e uma delas se perdeu: vai procur\u00e1-la. Assim faz o Senhor com cada um de n\u00f3s. Eu n\u00e3o quero a paz, eu resisto \u00e0 paz, eu resisto \u00e0 consola\u00e7\u00e3o&#8230; mas Ele est\u00e1 \u00e0 porta. Ele bate para que n\u00f3s abramos o cora\u00e7\u00e3o para deixar-nos consolar e para deixar-nos ficar em paz. E o faz com suavidade: bate \u00e0 porta com os carinhos.<\/p>\n<hr \/>\n<p><em>Fonte: Vatican News<\/em><\/p>\n","protected":false},"excerpt":{"rendered":"<p>Missa em Santa Marta<\/p>\n","protected":false},"author":3,"featured_media":192779,"comment_status":"open","ping_status":"open","sticky":false,"template":"","format":"standard","meta":[],"categories":[1428],"tags":[1586],"acf":[],"yoast_head":"<!-- This site is optimized with the Yoast SEO plugin v19.2 - https:\/\/yoast.com\/wordpress\/plugins\/seo\/ -->\n<title>Papa: mundo cancelou a ternura do dicion\u00e1rio - Not\u00edcias - Franciscanos<\/title>\n<meta name=\"robots\" content=\"index, follow, max-snippet:-1, max-image-preview:large, max-video-preview:-1\" \/>\n<link rel=\"canonical\" href=\"https:\/\/franciscanos.org.br\/noticias\/o-mundo-de-hoje-cancelou-do-dicionario-uma-palavra-ternura.html\" \/>\n<meta property=\"og:locale\" content=\"pt_BR\" \/>\n<meta property=\"og:type\" content=\"article\" \/>\n<meta property=\"og:title\" content=\"Papa: mundo cancelou a ternura do dicion\u00e1rio - Not\u00edcias - Franciscanos\" \/>\n<meta property=\"og:description\" content=\"Missa em Santa Marta\" \/>\n<meta property=\"og:url\" content=\"https:\/\/franciscanos.org.br\/noticias\/o-mundo-de-hoje-cancelou-do-dicionario-uma-palavra-ternura.html\" \/>\n<meta property=\"og:site_name\" content=\"Not\u00edcias - Franciscanos\" \/>\n<meta property=\"article:published_time\" content=\"2018-12-11T09:38:09+00:00\" \/>\n<meta property=\"article:modified_time\" content=\"2020-06-06T16:11:50+00:00\" \/>\n<meta property=\"og:image\" content=\"https:\/\/franciscanos.org.br\/noticias\/wp-content\/uploads\/2018\/12\/papa_111218djpg.jpg\" \/>\n\t<meta property=\"og:image:width\" content=\"273\" \/>\n\t<meta property=\"og:image:height\" content=\"181\" \/>\n\t<meta property=\"og:image:type\" content=\"image\/jpeg\" \/>\n<meta name=\"author\" content=\"moacir\" \/>\n<meta name=\"twitter:card\" content=\"summary_large_image\" \/>\n<meta name=\"twitter:label1\" content=\"Escrito por\" \/>\n\t<meta name=\"twitter:data1\" content=\"moacir\" \/>\n\t<meta name=\"twitter:label2\" content=\"Est. tempo de leitura\" \/>\n\t<meta name=\"twitter:data2\" content=\"4 minutos\" \/>\n<script type=\"application\/ld+json\" class=\"yoast-schema-graph\">{\"@context\":\"https:\/\/schema.org\",\"@graph\":[{\"@type\":\"WebSite\",\"@id\":\"https:\/\/franciscanos.org.br\/noticias\/#website\",\"url\":\"https:\/\/franciscanos.org.br\/noticias\/\",\"name\":\"Not\u00edcias - Franciscanos\",\"description\":\"Prov\u00edncia Franciscana da Imaculada Concei\u00e7\u00e3o do Brasil - Ordem dos Frades Menores - OFM\",\"potentialAction\":[{\"@type\":\"SearchAction\",\"target\":{\"@type\":\"EntryPoint\",\"urlTemplate\":\"https:\/\/franciscanos.org.br\/noticias\/?s={search_term_string}\"},\"query-input\":\"required name=search_term_string\"}],\"inLanguage\":\"pt-BR\"},{\"@type\":\"ImageObject\",\"inLanguage\":\"pt-BR\",\"@id\":\"https:\/\/franciscanos.org.br\/noticias\/o-mundo-de-hoje-cancelou-do-dicionario-uma-palavra-ternura.html#primaryimage\",\"url\":\"https:\/\/franciscanos.org.br\/noticias\/wp-content\/uploads\/2018\/12\/papa_111218djpg.jpg\",\"contentUrl\":\"https:\/\/franciscanos.org.br\/noticias\/wp-content\/uploads\/2018\/12\/papa_111218djpg.jpg\",\"width\":273,\"height\":181},{\"@type\":\"WebPage\",\"@id\":\"https:\/\/franciscanos.org.br\/noticias\/o-mundo-de-hoje-cancelou-do-dicionario-uma-palavra-ternura.html#webpage\",\"url\":\"https:\/\/franciscanos.org.br\/noticias\/o-mundo-de-hoje-cancelou-do-dicionario-uma-palavra-ternura.html\",\"name\":\"Papa: mundo cancelou a ternura do dicion\u00e1rio - Not\u00edcias - Franciscanos\",\"isPartOf\":{\"@id\":\"https:\/\/franciscanos.org.br\/noticias\/#website\"},\"primaryImageOfPage\":{\"@id\":\"https:\/\/franciscanos.org.br\/noticias\/o-mundo-de-hoje-cancelou-do-dicionario-uma-palavra-ternura.html#primaryimage\"},\"datePublished\":\"2018-12-11T09:38:09+00:00\",\"dateModified\":\"2020-06-06T16:11:50+00:00\",\"author\":{\"@id\":\"https:\/\/franciscanos.org.br\/noticias\/#\/schema\/person\/b5c8cba458c330ccff548b056e95a5d4\"},\"breadcrumb\":{\"@id\":\"https:\/\/franciscanos.org.br\/noticias\/o-mundo-de-hoje-cancelou-do-dicionario-uma-palavra-ternura.html#breadcrumb\"},\"inLanguage\":\"pt-BR\",\"potentialAction\":[{\"@type\":\"ReadAction\",\"target\":[\"https:\/\/franciscanos.org.br\/noticias\/o-mundo-de-hoje-cancelou-do-dicionario-uma-palavra-ternura.html\"]}]},{\"@type\":\"BreadcrumbList\",\"@id\":\"https:\/\/franciscanos.org.br\/noticias\/o-mundo-de-hoje-cancelou-do-dicionario-uma-palavra-ternura.html#breadcrumb\",\"itemListElement\":[{\"@type\":\"ListItem\",\"position\":1,\"name\":\"Home\",\"item\":\"https:\/\/franciscanos.org.br\/noticias\"},{\"@type\":\"ListItem\",\"position\":2,\"name\":\"Papa: mundo cancelou a ternura do dicion\u00e1rio\"}]},{\"@type\":\"Person\",\"@id\":\"https:\/\/franciscanos.org.br\/noticias\/#\/schema\/person\/b5c8cba458c330ccff548b056e95a5d4\",\"name\":\"moacir\",\"image\":{\"@type\":\"ImageObject\",\"inLanguage\":\"pt-BR\",\"@id\":\"https:\/\/franciscanos.org.br\/noticias\/#\/schema\/person\/image\/\",\"url\":\"https:\/\/secure.gravatar.com\/avatar\/d08aa2ce4c8dd416d4479aa8536fcf64?s=96&d=mm&r=g\",\"contentUrl\":\"https:\/\/secure.gravatar.com\/avatar\/d08aa2ce4c8dd416d4479aa8536fcf64?s=96&d=mm&r=g\",\"caption\":\"moacir\"},\"url\":\"https:\/\/franciscanos.org.br\/noticias\/author\/moacir\"}]}<\/script>\n<!-- \/ Yoast SEO plugin. -->","yoast_head_json":{"title":"Papa: mundo cancelou a ternura do dicion\u00e1rio - Not\u00edcias - Franciscanos","robots":{"index":"index","follow":"follow","max-snippet":"max-snippet:-1","max-image-preview":"max-image-preview:large","max-video-preview":"max-video-preview:-1"},"canonical":"https:\/\/franciscanos.org.br\/noticias\/o-mundo-de-hoje-cancelou-do-dicionario-uma-palavra-ternura.html","og_locale":"pt_BR","og_type":"article","og_title":"Papa: mundo cancelou a ternura do dicion\u00e1rio - Not\u00edcias - Franciscanos","og_description":"Missa em Santa Marta","og_url":"https:\/\/franciscanos.org.br\/noticias\/o-mundo-de-hoje-cancelou-do-dicionario-uma-palavra-ternura.html","og_site_name":"Not\u00edcias - Franciscanos","article_published_time":"2018-12-11T09:38:09+00:00","article_modified_time":"2020-06-06T16:11:50+00:00","og_image":[{"width":273,"height":181,"url":"https:\/\/franciscanos.org.br\/noticias\/wp-content\/uploads\/2018\/12\/papa_111218djpg.jpg","type":"image\/jpeg"}],"author":"moacir","twitter_card":"summary_large_image","twitter_misc":{"Escrito por":"moacir","Est. tempo de leitura":"4 minutos"},"schema":{"@context":"https:\/\/schema.org","@graph":[{"@type":"WebSite","@id":"https:\/\/franciscanos.org.br\/noticias\/#website","url":"https:\/\/franciscanos.org.br\/noticias\/","name":"Not\u00edcias - Franciscanos","description":"Prov\u00edncia Franciscana da Imaculada Concei\u00e7\u00e3o do Brasil - Ordem dos Frades Menores - OFM","potentialAction":[{"@type":"SearchAction","target":{"@type":"EntryPoint","urlTemplate":"https:\/\/franciscanos.org.br\/noticias\/?s={search_term_string}"},"query-input":"required name=search_term_string"}],"inLanguage":"pt-BR"},{"@type":"ImageObject","inLanguage":"pt-BR","@id":"https:\/\/franciscanos.org.br\/noticias\/o-mundo-de-hoje-cancelou-do-dicionario-uma-palavra-ternura.html#primaryimage","url":"https:\/\/franciscanos.org.br\/noticias\/wp-content\/uploads\/2018\/12\/papa_111218djpg.jpg","contentUrl":"https:\/\/franciscanos.org.br\/noticias\/wp-content\/uploads\/2018\/12\/papa_111218djpg.jpg","width":273,"height":181},{"@type":"WebPage","@id":"https:\/\/franciscanos.org.br\/noticias\/o-mundo-de-hoje-cancelou-do-dicionario-uma-palavra-ternura.html#webpage","url":"https:\/\/franciscanos.org.br\/noticias\/o-mundo-de-hoje-cancelou-do-dicionario-uma-palavra-ternura.html","name":"Papa: mundo cancelou a ternura do dicion\u00e1rio - Not\u00edcias - Franciscanos","isPartOf":{"@id":"https:\/\/franciscanos.org.br\/noticias\/#website"},"primaryImageOfPage":{"@id":"https:\/\/franciscanos.org.br\/noticias\/o-mundo-de-hoje-cancelou-do-dicionario-uma-palavra-ternura.html#primaryimage"},"datePublished":"2018-12-11T09:38:09+00:00","dateModified":"2020-06-06T16:11:50+00:00","author":{"@id":"https:\/\/franciscanos.org.br\/noticias\/#\/schema\/person\/b5c8cba458c330ccff548b056e95a5d4"},"breadcrumb":{"@id":"https:\/\/franciscanos.org.br\/noticias\/o-mundo-de-hoje-cancelou-do-dicionario-uma-palavra-ternura.html#breadcrumb"},"inLanguage":"pt-BR","potentialAction":[{"@type":"ReadAction","target":["https:\/\/franciscanos.org.br\/noticias\/o-mundo-de-hoje-cancelou-do-dicionario-uma-palavra-ternura.html"]}]},{"@type":"BreadcrumbList","@id":"https:\/\/franciscanos.org.br\/noticias\/o-mundo-de-hoje-cancelou-do-dicionario-uma-palavra-ternura.html#breadcrumb","itemListElement":[{"@type":"ListItem","position":1,"name":"Home","item":"https:\/\/franciscanos.org.br\/noticias"},{"@type":"ListItem","position":2,"name":"Papa: mundo cancelou a ternura do dicion\u00e1rio"}]},{"@type":"Person","@id":"https:\/\/franciscanos.org.br\/noticias\/#\/schema\/person\/b5c8cba458c330ccff548b056e95a5d4","name":"moacir","image":{"@type":"ImageObject","inLanguage":"pt-BR","@id":"https:\/\/franciscanos.org.br\/noticias\/#\/schema\/person\/image\/","url":"https:\/\/secure.gravatar.com\/avatar\/d08aa2ce4c8dd416d4479aa8536fcf64?s=96&d=mm&r=g","contentUrl":"https:\/\/secure.gravatar.com\/avatar\/d08aa2ce4c8dd416d4479aa8536fcf64?s=96&d=mm&r=g","caption":"moacir"},"url":"https:\/\/franciscanos.org.br\/noticias\/author\/moacir"}]}},"_links":{"self":[{"href":"https:\/\/franciscanos.org.br\/noticias\/wp-json\/wp\/v2\/posts\/192777"}],"collection":[{"href":"https:\/\/franciscanos.org.br\/noticias\/wp-json\/wp\/v2\/posts"}],"about":[{"href":"https:\/\/franciscanos.org.br\/noticias\/wp-json\/wp\/v2\/types\/post"}],"author":[{"embeddable":true,"href":"https:\/\/franciscanos.org.br\/noticias\/wp-json\/wp\/v2\/users\/3"}],"replies":[{"embeddable":true,"href":"https:\/\/franciscanos.org.br\/noticias\/wp-json\/wp\/v2\/comments?post=192777"}],"version-history":[{"count":2,"href":"https:\/\/franciscanos.org.br\/noticias\/wp-json\/wp\/v2\/posts\/192777\/revisions"}],"predecessor-version":[{"id":224621,"href":"https:\/\/franciscanos.org.br\/noticias\/wp-json\/wp\/v2\/posts\/192777\/revisions\/224621"}],"wp:featuredmedia":[{"embeddable":true,"href":"https:\/\/franciscanos.org.br\/noticias\/wp-json\/wp\/v2\/media\/192779"}],"wp:attachment":[{"href":"https:\/\/franciscanos.org.br\/noticias\/wp-json\/wp\/v2\/media?parent=192777"}],"wp:term":[{"taxonomy":"category","embeddable":true,"href":"https:\/\/franciscanos.org.br\/noticias\/wp-json\/wp\/v2\/categories?post=192777"},{"taxonomy":"post_tag","embeddable":true,"href":"https:\/\/franciscanos.org.br\/noticias\/wp-json\/wp\/v2\/tags?post=192777"}],"curies":[{"name":"wp","href":"https:\/\/api.w.org\/{rel}","templated":true}]}}