{"id":192761,"date":"2018-12-11T00:05:15","date_gmt":"2018-12-11T02:05:15","guid":{"rendered":"https:\/\/franciscanos.org.br\/noticias\/?p=192761"},"modified":"2018-12-11T15:24:57","modified_gmt":"2018-12-11T17:24:57","slug":"no-convento-santo-antonio-a-4a-exposicao-franciscana-de-presepios","status":"publish","type":"post","link":"https:\/\/franciscanos.org.br\/noticias\/no-convento-santo-antonio-a-4a-exposicao-franciscana-de-presepios.html","title":{"rendered":"No Convento Santo Ant\u00f4nio, a 4\u00aa Exposi\u00e7\u00e3o Franciscana de Pres\u00e9pios"},"content":{"rendered":"<p><img loading=\"lazy\" class=\"alignnone size-full wp-image-192762\" src=\"https:\/\/franciscanos.org.br\/noticias\/wp-content\/uploads\/2018\/12\/prese_111218_1.jpg\" alt=\"\" width=\"890\" height=\"665\" srcset=\"https:\/\/franciscanos.org.br\/noticias\/wp-content\/uploads\/2018\/12\/prese_111218_1.jpg 890w, https:\/\/franciscanos.org.br\/noticias\/wp-content\/uploads\/2018\/12\/prese_111218_1-450x336.jpg 450w, https:\/\/franciscanos.org.br\/noticias\/wp-content\/uploads\/2018\/12\/prese_111218_1-768x574.jpg 768w, https:\/\/franciscanos.org.br\/noticias\/wp-content\/uploads\/2018\/12\/prese_111218_1-150x112.jpg 150w\" sizes=\"(max-width: 890px) 100vw, 890px\" \/><\/p>\n<p><strong><img loading=\"lazy\" class=\"alignleft wp-image-192783 \" src=\"https:\/\/franciscanos.org.br\/noticias\/wp-content\/uploads\/2018\/12\/prese_111218.jpg\" alt=\"\" width=\"347\" height=\"617\" srcset=\"https:\/\/franciscanos.org.br\/noticias\/wp-content\/uploads\/2018\/12\/prese_111218.jpg 500w, https:\/\/franciscanos.org.br\/noticias\/wp-content\/uploads\/2018\/12\/prese_111218-253x450.jpg 253w, https:\/\/franciscanos.org.br\/noticias\/wp-content\/uploads\/2018\/12\/prese_111218-150x267.jpg 150w\" sizes=\"(max-width: 347px) 100vw, 347px\" \/>Rio de Janeiro (RJ)<\/strong> &#8211; Com o tema &#8220;Se Deus assim nos amou, tamb\u00e9m n\u00f3s devemos amar uns aos outros&#8221;(1 Jo\u00e3o 4,11), foi aberta, no Convento Santo Ant\u00f4nio, do Rio de Janeiro, a 4\u00aa Exposi\u00e7\u00e3o Franciscana de Pres\u00e9pios. Na exposi\u00e7\u00e3o ser\u00e1 poss\u00edvel contemplar o mist\u00e9rio da Encarna\u00e7\u00e3o de Jesus representado atrav\u00e9s da arte com diversos materiais e t\u00e9cnicas, pres\u00e9pios oriundos de pa\u00edses como Alemanha, M\u00e9xico, It\u00e1lia, Peru, El salvador, Bol\u00edvia, Espanha entre outros e de cidades brasileiras: S\u00e3o Paulo, Rio de Janeiro, Jo\u00e3o Pessoa, Teresina, Recife, Belo Horizonte e Vila Velha-ES em cen\u00e1rios criativos, simples como o nascimento de Jesus e repletos de beleza e ternura. Cada pres\u00e9pio \u00e9 um convite para o Amor. &#8220;Se Deus assim nos amou, tamb\u00e9m n\u00f3s devemos amar uns aos outros&#8221;.<\/p>\n<p>A exposi\u00e7\u00e3o acontece num corredor do claustro do hist\u00f3rico convento e est\u00e3o expostos no mobili\u00e1rio antigo do acervo franciscano. O visitante, al\u00e9m de admirar a arquitetura conventual, poder\u00e1 aproveitar o tempo do Advento para se preparar para o verdadeiro sentido do Natal: o Nascimento de Jesus. Para isso, o convento em seu ambiente sagrado tem missas na igreja e atendimento de confiss\u00f5es diariamente.<\/p>\n<p>&nbsp;<\/p>\n<p>A curadoria e montagem \u00e9 do frade muse\u00f3logo, Frei R\u00f3ger que, desde 2010, monta exposi\u00e7\u00f5es de pres\u00e9pios na Prov\u00edncia. Entre pres\u00e9pios, Sagrada Fam\u00edlia e miniaturas s\u00e3o 35 obras na mostra.<\/p>\n<p>Na capela de S\u00e3o Joaquim, de estilo barroco, dois pres\u00e9pios fazem liga\u00e7\u00e3o direta com o estilo art\u00edstico do ambiente. Um da Alemanha, talhado em madeira com pinturas, doura\u00e7\u00e3o e detalhes em prata, de estilo barroco; e um outro de Recife, PE, tamb\u00e9m em madeira recortada e pintada, de estilo artesanal com muito movimento e colorido. As duas obras se complementam pelo estilo pr\u00f3prio de cada uma e dialogam com a bel\u00edssima capela barroca. Para Isabela Maria, visitante carioca que estava pela primeira vez no Convento, &#8220;a criatividade do frade artista \u00e9 um dom divino, tem harmonia com os cen\u00e1rios e cada coisa desse lugar t\u00e3o especial, e em cada detalhe podemos perceber na simplicidade de Deus&#8221;. Outra pessoa que ficou encantado foi o pequeno Bruno, que estava acompanhado dos seus pais. Ao ver um desenho infantil representando a cena do nascimento de Jesus, recordou de um trabalho feito na escola sobre o tema no ano passado. O frade respons\u00e1vel ficou admirado com a alegria do menino e o convidou a participar com um pres\u00e9pio de sua autoria no pr\u00f3ximo ano. A felicidade da fam\u00edlia foi imensa, j\u00e1 que o convite foi uma surpresa. A fam\u00edlia costuma ir ao Convento sempre que v\u00e3o ao centro da cidade.<\/p>\n<p><img loading=\"lazy\" class=\"alignnone size-full wp-image-192763\" src=\"https:\/\/franciscanos.org.br\/noticias\/wp-content\/uploads\/2018\/12\/prese_111218_2.jpg\" alt=\"\" width=\"890\" height=\"665\" srcset=\"https:\/\/franciscanos.org.br\/noticias\/wp-content\/uploads\/2018\/12\/prese_111218_2.jpg 890w, https:\/\/franciscanos.org.br\/noticias\/wp-content\/uploads\/2018\/12\/prese_111218_2-450x336.jpg 450w, https:\/\/franciscanos.org.br\/noticias\/wp-content\/uploads\/2018\/12\/prese_111218_2-768x574.jpg 768w, https:\/\/franciscanos.org.br\/noticias\/wp-content\/uploads\/2018\/12\/prese_111218_2-150x112.jpg 150w\" sizes=\"(max-width: 890px) 100vw, 890px\" \/><\/p>\n<p>VEJA ALGUNS EXEMPLARES DA MOSTRA DO RIO DE JANEIRO<\/p>\n\n\t\t<style type=\"text\/css\">\n\t\t\t#gallery-1 {\n\t\t\t\tmargin: auto;\n\t\t\t}\n\t\t\t#gallery-1 .gallery-item {\n\t\t\t\tfloat: left;\n\t\t\t\tmargin-top: 10px;\n\t\t\t\ttext-align: center;\n\t\t\t\twidth: 25%;\n\t\t\t}\n\t\t\t#gallery-1 img {\n\t\t\t\tborder: 2px solid #cfcfcf;\n\t\t\t}\n\t\t\t#gallery-1 .gallery-caption {\n\t\t\t\tmargin-left: 0;\n\t\t\t}\n\t\t\t\/* see gallery_shortcode() in wp-includes\/media.php *\/\n\t\t<\/style>\n\t\t<div id='gallery-1' class='gallery galleryid-192761 gallery-columns-4 gallery-size-thumbnail'><dl class='gallery-item'>\n\t\t\t<dt class='gallery-icon landscape'>\n\t\t\t\t<a href='https:\/\/franciscanos.org.br\/noticias\/wp-content\/uploads\/2018\/12\/01-3.jpg'><img width=\"300\" height=\"300\" src=\"https:\/\/franciscanos.org.br\/noticias\/wp-content\/uploads\/2018\/12\/01-3-300x300.jpg\" class=\"attachment-thumbnail size-thumbnail\" alt=\"\" loading=\"lazy\" srcset=\"https:\/\/franciscanos.org.br\/noticias\/wp-content\/uploads\/2018\/12\/01-3-300x300.jpg 300w, https:\/\/franciscanos.org.br\/noticias\/wp-content\/uploads\/2018\/12\/01-3-400x400.jpg 400w\" sizes=\"(max-width: 300px) 100vw, 300px\" \/><\/a>\n\t\t\t<\/dt><\/dl><dl class='gallery-item'>\n\t\t\t<dt class='gallery-icon landscape'>\n\t\t\t\t<a href='https:\/\/franciscanos.org.br\/noticias\/wp-content\/uploads\/2018\/12\/02-4.jpg'><img width=\"300\" height=\"300\" src=\"https:\/\/franciscanos.org.br\/noticias\/wp-content\/uploads\/2018\/12\/02-4-300x300.jpg\" class=\"attachment-thumbnail size-thumbnail\" alt=\"\" loading=\"lazy\" srcset=\"https:\/\/franciscanos.org.br\/noticias\/wp-content\/uploads\/2018\/12\/02-4-300x300.jpg 300w, https:\/\/franciscanos.org.br\/noticias\/wp-content\/uploads\/2018\/12\/02-4-400x400.jpg 400w\" sizes=\"(max-width: 300px) 100vw, 300px\" \/><\/a>\n\t\t\t<\/dt><\/dl><dl class='gallery-item'>\n\t\t\t<dt class='gallery-icon landscape'>\n\t\t\t\t<a href='https:\/\/franciscanos.org.br\/noticias\/wp-content\/uploads\/2018\/12\/03-2.jpg'><img width=\"300\" height=\"300\" src=\"https:\/\/franciscanos.org.br\/noticias\/wp-content\/uploads\/2018\/12\/03-2-300x300.jpg\" class=\"attachment-thumbnail size-thumbnail\" alt=\"\" loading=\"lazy\" srcset=\"https:\/\/franciscanos.org.br\/noticias\/wp-content\/uploads\/2018\/12\/03-2-300x300.jpg 300w, https:\/\/franciscanos.org.br\/noticias\/wp-content\/uploads\/2018\/12\/03-2-400x400.jpg 400w\" sizes=\"(max-width: 300px) 100vw, 300px\" \/><\/a>\n\t\t\t<\/dt><\/dl><dl class='gallery-item'>\n\t\t\t<dt class='gallery-icon landscape'>\n\t\t\t\t<a href='https:\/\/franciscanos.org.br\/noticias\/wp-content\/uploads\/2018\/12\/04-2.jpg'><img width=\"300\" height=\"300\" src=\"https:\/\/franciscanos.org.br\/noticias\/wp-content\/uploads\/2018\/12\/04-2-300x300.jpg\" class=\"attachment-thumbnail size-thumbnail\" alt=\"\" loading=\"lazy\" srcset=\"https:\/\/franciscanos.org.br\/noticias\/wp-content\/uploads\/2018\/12\/04-2-300x300.jpg 300w, https:\/\/franciscanos.org.br\/noticias\/wp-content\/uploads\/2018\/12\/04-2-400x400.jpg 400w\" sizes=\"(max-width: 300px) 100vw, 300px\" \/><\/a>\n\t\t\t<\/dt><\/dl><br style=\"clear: both\" \/><dl class='gallery-item'>\n\t\t\t<dt class='gallery-icon landscape'>\n\t\t\t\t<a href='https:\/\/franciscanos.org.br\/noticias\/wp-content\/uploads\/2018\/12\/05-2.jpg'><img width=\"300\" height=\"300\" src=\"https:\/\/franciscanos.org.br\/noticias\/wp-content\/uploads\/2018\/12\/05-2-300x300.jpg\" class=\"attachment-thumbnail size-thumbnail\" alt=\"\" loading=\"lazy\" srcset=\"https:\/\/franciscanos.org.br\/noticias\/wp-content\/uploads\/2018\/12\/05-2-300x300.jpg 300w, https:\/\/franciscanos.org.br\/noticias\/wp-content\/uploads\/2018\/12\/05-2-400x400.jpg 400w\" sizes=\"(max-width: 300px) 100vw, 300px\" \/><\/a>\n\t\t\t<\/dt><\/dl><dl class='gallery-item'>\n\t\t\t<dt class='gallery-icon landscape'>\n\t\t\t\t<a href='https:\/\/franciscanos.org.br\/noticias\/wp-content\/uploads\/2018\/12\/06-2.jpg'><img width=\"300\" height=\"300\" src=\"https:\/\/franciscanos.org.br\/noticias\/wp-content\/uploads\/2018\/12\/06-2-300x300.jpg\" class=\"attachment-thumbnail size-thumbnail\" alt=\"\" loading=\"lazy\" srcset=\"https:\/\/franciscanos.org.br\/noticias\/wp-content\/uploads\/2018\/12\/06-2-300x300.jpg 300w, https:\/\/franciscanos.org.br\/noticias\/wp-content\/uploads\/2018\/12\/06-2-450x450.jpg 450w, https:\/\/franciscanos.org.br\/noticias\/wp-content\/uploads\/2018\/12\/06-2-768x768.jpg 768w, https:\/\/franciscanos.org.br\/noticias\/wp-content\/uploads\/2018\/12\/06-2-150x150.jpg 150w, https:\/\/franciscanos.org.br\/noticias\/wp-content\/uploads\/2018\/12\/06-2-400x400.jpg 400w, https:\/\/franciscanos.org.br\/noticias\/wp-content\/uploads\/2018\/12\/06-2.jpg 918w\" sizes=\"(max-width: 300px) 100vw, 300px\" \/><\/a>\n\t\t\t<\/dt><\/dl><dl class='gallery-item'>\n\t\t\t<dt class='gallery-icon landscape'>\n\t\t\t\t<a href='https:\/\/franciscanos.org.br\/noticias\/wp-content\/uploads\/2018\/12\/07-2.jpg'><img width=\"300\" height=\"300\" src=\"https:\/\/franciscanos.org.br\/noticias\/wp-content\/uploads\/2018\/12\/07-2-300x300.jpg\" class=\"attachment-thumbnail size-thumbnail\" alt=\"\" loading=\"lazy\" srcset=\"https:\/\/franciscanos.org.br\/noticias\/wp-content\/uploads\/2018\/12\/07-2-300x300.jpg 300w, https:\/\/franciscanos.org.br\/noticias\/wp-content\/uploads\/2018\/12\/07-2-450x450.jpg 450w, https:\/\/franciscanos.org.br\/noticias\/wp-content\/uploads\/2018\/12\/07-2-768x768.jpg 768w, https:\/\/franciscanos.org.br\/noticias\/wp-content\/uploads\/2018\/12\/07-2-150x150.jpg 150w, https:\/\/franciscanos.org.br\/noticias\/wp-content\/uploads\/2018\/12\/07-2-400x400.jpg 400w, https:\/\/franciscanos.org.br\/noticias\/wp-content\/uploads\/2018\/12\/07-2.jpg 918w\" sizes=\"(max-width: 300px) 100vw, 300px\" \/><\/a>\n\t\t\t<\/dt><\/dl><dl class='gallery-item'>\n\t\t\t<dt class='gallery-icon landscape'>\n\t\t\t\t<a href='https:\/\/franciscanos.org.br\/noticias\/wp-content\/uploads\/2018\/12\/08-2.jpg'><img width=\"300\" height=\"300\" src=\"https:\/\/franciscanos.org.br\/noticias\/wp-content\/uploads\/2018\/12\/08-2-300x300.jpg\" class=\"attachment-thumbnail size-thumbnail\" alt=\"\" loading=\"lazy\" srcset=\"https:\/\/franciscanos.org.br\/noticias\/wp-content\/uploads\/2018\/12\/08-2-300x300.jpg 300w, https:\/\/franciscanos.org.br\/noticias\/wp-content\/uploads\/2018\/12\/08-2-450x450.jpg 450w, https:\/\/franciscanos.org.br\/noticias\/wp-content\/uploads\/2018\/12\/08-2-768x768.jpg 768w, https:\/\/franciscanos.org.br\/noticias\/wp-content\/uploads\/2018\/12\/08-2-150x150.jpg 150w, https:\/\/franciscanos.org.br\/noticias\/wp-content\/uploads\/2018\/12\/08-2-400x400.jpg 400w, https:\/\/franciscanos.org.br\/noticias\/wp-content\/uploads\/2018\/12\/08-2.jpg 918w\" sizes=\"(max-width: 300px) 100vw, 300px\" \/><\/a>\n\t\t\t<\/dt><\/dl><br style=\"clear: both\" \/><dl class='gallery-item'>\n\t\t\t<dt class='gallery-icon landscape'>\n\t\t\t\t<a href='https:\/\/franciscanos.org.br\/noticias\/wp-content\/uploads\/2018\/12\/09-2.jpg'><img width=\"300\" height=\"300\" src=\"https:\/\/franciscanos.org.br\/noticias\/wp-content\/uploads\/2018\/12\/09-2-300x300.jpg\" class=\"attachment-thumbnail size-thumbnail\" alt=\"\" loading=\"lazy\" srcset=\"https:\/\/franciscanos.org.br\/noticias\/wp-content\/uploads\/2018\/12\/09-2-300x300.jpg 300w, https:\/\/franciscanos.org.br\/noticias\/wp-content\/uploads\/2018\/12\/09-2-450x450.jpg 450w, https:\/\/franciscanos.org.br\/noticias\/wp-content\/uploads\/2018\/12\/09-2-768x768.jpg 768w, https:\/\/franciscanos.org.br\/noticias\/wp-content\/uploads\/2018\/12\/09-2-150x150.jpg 150w, https:\/\/franciscanos.org.br\/noticias\/wp-content\/uploads\/2018\/12\/09-2-400x400.jpg 400w, https:\/\/franciscanos.org.br\/noticias\/wp-content\/uploads\/2018\/12\/09-2.jpg 918w\" sizes=\"(max-width: 300px) 100vw, 300px\" \/><\/a>\n\t\t\t<\/dt><\/dl><dl class='gallery-item'>\n\t\t\t<dt class='gallery-icon landscape'>\n\t\t\t\t<a href='https:\/\/franciscanos.org.br\/noticias\/wp-content\/uploads\/2018\/12\/10-2.jpg'><img width=\"300\" height=\"300\" src=\"https:\/\/franciscanos.org.br\/noticias\/wp-content\/uploads\/2018\/12\/10-2-300x300.jpg\" class=\"attachment-thumbnail size-thumbnail\" alt=\"\" loading=\"lazy\" srcset=\"https:\/\/franciscanos.org.br\/noticias\/wp-content\/uploads\/2018\/12\/10-2-300x300.jpg 300w, https:\/\/franciscanos.org.br\/noticias\/wp-content\/uploads\/2018\/12\/10-2-450x450.jpg 450w, https:\/\/franciscanos.org.br\/noticias\/wp-content\/uploads\/2018\/12\/10-2-768x768.jpg 768w, https:\/\/franciscanos.org.br\/noticias\/wp-content\/uploads\/2018\/12\/10-2-150x150.jpg 150w, https:\/\/franciscanos.org.br\/noticias\/wp-content\/uploads\/2018\/12\/10-2-400x400.jpg 400w, https:\/\/franciscanos.org.br\/noticias\/wp-content\/uploads\/2018\/12\/10-2.jpg 918w\" sizes=\"(max-width: 300px) 100vw, 300px\" \/><\/a>\n\t\t\t<\/dt><\/dl><dl class='gallery-item'>\n\t\t\t<dt class='gallery-icon landscape'>\n\t\t\t\t<a href='https:\/\/franciscanos.org.br\/noticias\/wp-content\/uploads\/2018\/12\/11-1.jpg'><img width=\"300\" height=\"300\" src=\"https:\/\/franciscanos.org.br\/noticias\/wp-content\/uploads\/2018\/12\/11-1-300x300.jpg\" class=\"attachment-thumbnail size-thumbnail\" alt=\"\" loading=\"lazy\" srcset=\"https:\/\/franciscanos.org.br\/noticias\/wp-content\/uploads\/2018\/12\/11-1-300x300.jpg 300w, https:\/\/franciscanos.org.br\/noticias\/wp-content\/uploads\/2018\/12\/11-1-450x450.jpg 450w, https:\/\/franciscanos.org.br\/noticias\/wp-content\/uploads\/2018\/12\/11-1-768x768.jpg 768w, https:\/\/franciscanos.org.br\/noticias\/wp-content\/uploads\/2018\/12\/11-1-150x150.jpg 150w, https:\/\/franciscanos.org.br\/noticias\/wp-content\/uploads\/2018\/12\/11-1-400x400.jpg 400w, https:\/\/franciscanos.org.br\/noticias\/wp-content\/uploads\/2018\/12\/11-1.jpg 918w\" sizes=\"(max-width: 300px) 100vw, 300px\" \/><\/a>\n\t\t\t<\/dt><\/dl>\n\t\t\t<br style='clear: both' \/>\n\t\t<\/div>\n\n<p>&nbsp;<\/p>\n","protected":false},"excerpt":{"rendered":"<p>Rio de Janeiro (RJ) &#8211; Com o tema &#8220;Se Deus assim nos amou, tamb\u00e9m n\u00f3s devemos amar uns aos outros&#8221;(1 Jo\u00e3o 4,11), foi aberta, no Convento Santo Ant\u00f4nio, do Rio de Janeiro, a 4\u00aa Exposi\u00e7\u00e3o Franciscana de Pres\u00e9pios. Na exposi\u00e7\u00e3o ser\u00e1 poss\u00edvel contemplar o mist\u00e9rio da Encarna\u00e7\u00e3o de Jesus representado atrav\u00e9s da arte com diversos [&hellip;]<\/p>\n","protected":false},"author":3,"featured_media":192775,"comment_status":"open","ping_status":"open","sticky":false,"template":"","format":"standard","meta":[],"categories":[1],"tags":[333],"acf":[],"yoast_head":"<!-- This site is optimized with the Yoast SEO plugin v19.2 - https:\/\/yoast.com\/wordpress\/plugins\/seo\/ -->\n<title>No Convento Santo Ant\u00f4nio, a 4\u00aa Exposi\u00e7\u00e3o Franciscana de Pres\u00e9pios - Not\u00edcias - Franciscanos<\/title>\n<meta name=\"robots\" content=\"index, follow, max-snippet:-1, max-image-preview:large, max-video-preview:-1\" \/>\n<link rel=\"canonical\" href=\"https:\/\/franciscanos.org.br\/noticias\/no-convento-santo-antonio-a-4a-exposicao-franciscana-de-presepios.html\" \/>\n<meta property=\"og:locale\" content=\"pt_BR\" \/>\n<meta property=\"og:type\" content=\"article\" \/>\n<meta property=\"og:title\" content=\"No Convento Santo Ant\u00f4nio, a 4\u00aa Exposi\u00e7\u00e3o Franciscana de Pres\u00e9pios - Not\u00edcias - Franciscanos\" \/>\n<meta property=\"og:description\" content=\"Rio de Janeiro (RJ) &#8211; Com o tema &#8220;Se Deus assim nos amou, tamb\u00e9m n\u00f3s devemos amar uns aos outros&#8221;(1 Jo\u00e3o 4,11), foi aberta, no Convento Santo Ant\u00f4nio, do Rio de Janeiro, a 4\u00aa Exposi\u00e7\u00e3o Franciscana de Pres\u00e9pios. Na exposi\u00e7\u00e3o ser\u00e1 poss\u00edvel contemplar o mist\u00e9rio da Encarna\u00e7\u00e3o de Jesus representado atrav\u00e9s da arte com diversos [&hellip;]\" \/>\n<meta property=\"og:url\" content=\"https:\/\/franciscanos.org.br\/noticias\/no-convento-santo-antonio-a-4a-exposicao-franciscana-de-presepios.html\" \/>\n<meta property=\"og:site_name\" content=\"Not\u00edcias - Franciscanos\" \/>\n<meta property=\"article:published_time\" content=\"2018-12-11T02:05:15+00:00\" \/>\n<meta property=\"article:modified_time\" content=\"2018-12-11T17:24:57+00:00\" \/>\n<meta property=\"og:image\" content=\"https:\/\/franciscanos.org.br\/noticias\/wp-content\/uploads\/2018\/12\/prese_111218d.jpg\" \/>\n\t<meta property=\"og:image:width\" content=\"273\" \/>\n\t<meta property=\"og:image:height\" content=\"181\" \/>\n\t<meta property=\"og:image:type\" content=\"image\/jpeg\" \/>\n<meta name=\"author\" content=\"moacir\" \/>\n<meta name=\"twitter:card\" content=\"summary_large_image\" \/>\n<meta name=\"twitter:label1\" content=\"Escrito por\" \/>\n\t<meta name=\"twitter:data1\" content=\"moacir\" \/>\n\t<meta name=\"twitter:label2\" content=\"Est. tempo de leitura\" \/>\n\t<meta name=\"twitter:data2\" content=\"2 minutos\" \/>\n<script type=\"application\/ld+json\" class=\"yoast-schema-graph\">{\"@context\":\"https:\/\/schema.org\",\"@graph\":[{\"@type\":\"WebSite\",\"@id\":\"https:\/\/franciscanos.org.br\/noticias\/#website\",\"url\":\"https:\/\/franciscanos.org.br\/noticias\/\",\"name\":\"Not\u00edcias - Franciscanos\",\"description\":\"Prov\u00edncia Franciscana da Imaculada Concei\u00e7\u00e3o do Brasil - Ordem dos Frades Menores - OFM\",\"potentialAction\":[{\"@type\":\"SearchAction\",\"target\":{\"@type\":\"EntryPoint\",\"urlTemplate\":\"https:\/\/franciscanos.org.br\/noticias\/?s={search_term_string}\"},\"query-input\":\"required name=search_term_string\"}],\"inLanguage\":\"pt-BR\"},{\"@type\":\"ImageObject\",\"inLanguage\":\"pt-BR\",\"@id\":\"https:\/\/franciscanos.org.br\/noticias\/no-convento-santo-antonio-a-4a-exposicao-franciscana-de-presepios.html#primaryimage\",\"url\":\"https:\/\/franciscanos.org.br\/noticias\/wp-content\/uploads\/2018\/12\/prese_111218d.jpg\",\"contentUrl\":\"https:\/\/franciscanos.org.br\/noticias\/wp-content\/uploads\/2018\/12\/prese_111218d.jpg\",\"width\":273,\"height\":181},{\"@type\":\"WebPage\",\"@id\":\"https:\/\/franciscanos.org.br\/noticias\/no-convento-santo-antonio-a-4a-exposicao-franciscana-de-presepios.html#webpage\",\"url\":\"https:\/\/franciscanos.org.br\/noticias\/no-convento-santo-antonio-a-4a-exposicao-franciscana-de-presepios.html\",\"name\":\"No Convento Santo Ant\u00f4nio, a 4\u00aa Exposi\u00e7\u00e3o Franciscana de Pres\u00e9pios - Not\u00edcias - Franciscanos\",\"isPartOf\":{\"@id\":\"https:\/\/franciscanos.org.br\/noticias\/#website\"},\"primaryImageOfPage\":{\"@id\":\"https:\/\/franciscanos.org.br\/noticias\/no-convento-santo-antonio-a-4a-exposicao-franciscana-de-presepios.html#primaryimage\"},\"datePublished\":\"2018-12-11T02:05:15+00:00\",\"dateModified\":\"2018-12-11T17:24:57+00:00\",\"author\":{\"@id\":\"https:\/\/franciscanos.org.br\/noticias\/#\/schema\/person\/b5c8cba458c330ccff548b056e95a5d4\"},\"breadcrumb\":{\"@id\":\"https:\/\/franciscanos.org.br\/noticias\/no-convento-santo-antonio-a-4a-exposicao-franciscana-de-presepios.html#breadcrumb\"},\"inLanguage\":\"pt-BR\",\"potentialAction\":[{\"@type\":\"ReadAction\",\"target\":[\"https:\/\/franciscanos.org.br\/noticias\/no-convento-santo-antonio-a-4a-exposicao-franciscana-de-presepios.html\"]}]},{\"@type\":\"BreadcrumbList\",\"@id\":\"https:\/\/franciscanos.org.br\/noticias\/no-convento-santo-antonio-a-4a-exposicao-franciscana-de-presepios.html#breadcrumb\",\"itemListElement\":[{\"@type\":\"ListItem\",\"position\":1,\"name\":\"Home\",\"item\":\"https:\/\/franciscanos.org.br\/noticias\"},{\"@type\":\"ListItem\",\"position\":2,\"name\":\"No Convento Santo Ant\u00f4nio, a 4\u00aa Exposi\u00e7\u00e3o Franciscana de Pres\u00e9pios\"}]},{\"@type\":\"Person\",\"@id\":\"https:\/\/franciscanos.org.br\/noticias\/#\/schema\/person\/b5c8cba458c330ccff548b056e95a5d4\",\"name\":\"moacir\",\"image\":{\"@type\":\"ImageObject\",\"inLanguage\":\"pt-BR\",\"@id\":\"https:\/\/franciscanos.org.br\/noticias\/#\/schema\/person\/image\/\",\"url\":\"https:\/\/secure.gravatar.com\/avatar\/d08aa2ce4c8dd416d4479aa8536fcf64?s=96&d=mm&r=g\",\"contentUrl\":\"https:\/\/secure.gravatar.com\/avatar\/d08aa2ce4c8dd416d4479aa8536fcf64?s=96&d=mm&r=g\",\"caption\":\"moacir\"},\"url\":\"https:\/\/franciscanos.org.br\/noticias\/author\/moacir\"}]}<\/script>\n<!-- \/ Yoast SEO plugin. -->","yoast_head_json":{"title":"No Convento Santo Ant\u00f4nio, a 4\u00aa Exposi\u00e7\u00e3o Franciscana de Pres\u00e9pios - Not\u00edcias - Franciscanos","robots":{"index":"index","follow":"follow","max-snippet":"max-snippet:-1","max-image-preview":"max-image-preview:large","max-video-preview":"max-video-preview:-1"},"canonical":"https:\/\/franciscanos.org.br\/noticias\/no-convento-santo-antonio-a-4a-exposicao-franciscana-de-presepios.html","og_locale":"pt_BR","og_type":"article","og_title":"No Convento Santo Ant\u00f4nio, a 4\u00aa Exposi\u00e7\u00e3o Franciscana de Pres\u00e9pios - Not\u00edcias - Franciscanos","og_description":"Rio de Janeiro (RJ) &#8211; Com o tema &#8220;Se Deus assim nos amou, tamb\u00e9m n\u00f3s devemos amar uns aos outros&#8221;(1 Jo\u00e3o 4,11), foi aberta, no Convento Santo Ant\u00f4nio, do Rio de Janeiro, a 4\u00aa Exposi\u00e7\u00e3o Franciscana de Pres\u00e9pios. Na exposi\u00e7\u00e3o ser\u00e1 poss\u00edvel contemplar o mist\u00e9rio da Encarna\u00e7\u00e3o de Jesus representado atrav\u00e9s da arte com diversos [&hellip;]","og_url":"https:\/\/franciscanos.org.br\/noticias\/no-convento-santo-antonio-a-4a-exposicao-franciscana-de-presepios.html","og_site_name":"Not\u00edcias - Franciscanos","article_published_time":"2018-12-11T02:05:15+00:00","article_modified_time":"2018-12-11T17:24:57+00:00","og_image":[{"width":273,"height":181,"url":"https:\/\/franciscanos.org.br\/noticias\/wp-content\/uploads\/2018\/12\/prese_111218d.jpg","type":"image\/jpeg"}],"author":"moacir","twitter_card":"summary_large_image","twitter_misc":{"Escrito por":"moacir","Est. tempo de leitura":"2 minutos"},"schema":{"@context":"https:\/\/schema.org","@graph":[{"@type":"WebSite","@id":"https:\/\/franciscanos.org.br\/noticias\/#website","url":"https:\/\/franciscanos.org.br\/noticias\/","name":"Not\u00edcias - Franciscanos","description":"Prov\u00edncia Franciscana da Imaculada Concei\u00e7\u00e3o do Brasil - Ordem dos Frades Menores - OFM","potentialAction":[{"@type":"SearchAction","target":{"@type":"EntryPoint","urlTemplate":"https:\/\/franciscanos.org.br\/noticias\/?s={search_term_string}"},"query-input":"required name=search_term_string"}],"inLanguage":"pt-BR"},{"@type":"ImageObject","inLanguage":"pt-BR","@id":"https:\/\/franciscanos.org.br\/noticias\/no-convento-santo-antonio-a-4a-exposicao-franciscana-de-presepios.html#primaryimage","url":"https:\/\/franciscanos.org.br\/noticias\/wp-content\/uploads\/2018\/12\/prese_111218d.jpg","contentUrl":"https:\/\/franciscanos.org.br\/noticias\/wp-content\/uploads\/2018\/12\/prese_111218d.jpg","width":273,"height":181},{"@type":"WebPage","@id":"https:\/\/franciscanos.org.br\/noticias\/no-convento-santo-antonio-a-4a-exposicao-franciscana-de-presepios.html#webpage","url":"https:\/\/franciscanos.org.br\/noticias\/no-convento-santo-antonio-a-4a-exposicao-franciscana-de-presepios.html","name":"No Convento Santo Ant\u00f4nio, a 4\u00aa Exposi\u00e7\u00e3o Franciscana de Pres\u00e9pios - Not\u00edcias - Franciscanos","isPartOf":{"@id":"https:\/\/franciscanos.org.br\/noticias\/#website"},"primaryImageOfPage":{"@id":"https:\/\/franciscanos.org.br\/noticias\/no-convento-santo-antonio-a-4a-exposicao-franciscana-de-presepios.html#primaryimage"},"datePublished":"2018-12-11T02:05:15+00:00","dateModified":"2018-12-11T17:24:57+00:00","author":{"@id":"https:\/\/franciscanos.org.br\/noticias\/#\/schema\/person\/b5c8cba458c330ccff548b056e95a5d4"},"breadcrumb":{"@id":"https:\/\/franciscanos.org.br\/noticias\/no-convento-santo-antonio-a-4a-exposicao-franciscana-de-presepios.html#breadcrumb"},"inLanguage":"pt-BR","potentialAction":[{"@type":"ReadAction","target":["https:\/\/franciscanos.org.br\/noticias\/no-convento-santo-antonio-a-4a-exposicao-franciscana-de-presepios.html"]}]},{"@type":"BreadcrumbList","@id":"https:\/\/franciscanos.org.br\/noticias\/no-convento-santo-antonio-a-4a-exposicao-franciscana-de-presepios.html#breadcrumb","itemListElement":[{"@type":"ListItem","position":1,"name":"Home","item":"https:\/\/franciscanos.org.br\/noticias"},{"@type":"ListItem","position":2,"name":"No Convento Santo Ant\u00f4nio, a 4\u00aa Exposi\u00e7\u00e3o Franciscana de Pres\u00e9pios"}]},{"@type":"Person","@id":"https:\/\/franciscanos.org.br\/noticias\/#\/schema\/person\/b5c8cba458c330ccff548b056e95a5d4","name":"moacir","image":{"@type":"ImageObject","inLanguage":"pt-BR","@id":"https:\/\/franciscanos.org.br\/noticias\/#\/schema\/person\/image\/","url":"https:\/\/secure.gravatar.com\/avatar\/d08aa2ce4c8dd416d4479aa8536fcf64?s=96&d=mm&r=g","contentUrl":"https:\/\/secure.gravatar.com\/avatar\/d08aa2ce4c8dd416d4479aa8536fcf64?s=96&d=mm&r=g","caption":"moacir"},"url":"https:\/\/franciscanos.org.br\/noticias\/author\/moacir"}]}},"_links":{"self":[{"href":"https:\/\/franciscanos.org.br\/noticias\/wp-json\/wp\/v2\/posts\/192761"}],"collection":[{"href":"https:\/\/franciscanos.org.br\/noticias\/wp-json\/wp\/v2\/posts"}],"about":[{"href":"https:\/\/franciscanos.org.br\/noticias\/wp-json\/wp\/v2\/types\/post"}],"author":[{"embeddable":true,"href":"https:\/\/franciscanos.org.br\/noticias\/wp-json\/wp\/v2\/users\/3"}],"replies":[{"embeddable":true,"href":"https:\/\/franciscanos.org.br\/noticias\/wp-json\/wp\/v2\/comments?post=192761"}],"version-history":[{"count":0,"href":"https:\/\/franciscanos.org.br\/noticias\/wp-json\/wp\/v2\/posts\/192761\/revisions"}],"wp:featuredmedia":[{"embeddable":true,"href":"https:\/\/franciscanos.org.br\/noticias\/wp-json\/wp\/v2\/media\/192775"}],"wp:attachment":[{"href":"https:\/\/franciscanos.org.br\/noticias\/wp-json\/wp\/v2\/media?parent=192761"}],"wp:term":[{"taxonomy":"category","embeddable":true,"href":"https:\/\/franciscanos.org.br\/noticias\/wp-json\/wp\/v2\/categories?post=192761"},{"taxonomy":"post_tag","embeddable":true,"href":"https:\/\/franciscanos.org.br\/noticias\/wp-json\/wp\/v2\/tags?post=192761"}],"curies":[{"name":"wp","href":"https:\/\/api.w.org\/{rel}","templated":true}]}}