{"id":192739,"date":"2018-12-11T09:54:41","date_gmt":"2018-12-11T11:54:41","guid":{"rendered":"https:\/\/franciscanos.org.br\/noticias\/?p=192739"},"modified":"2020-06-06T13:10:18","modified_gmt":"2020-06-06T16:10:18","slug":"frei-joao-baptista-celebra-primeira-missa-em-angola","status":"publish","type":"post","link":"https:\/\/franciscanos.org.br\/noticias\/frei-joao-baptista-celebra-primeira-missa-em-angola.html","title":{"rendered":"Frei Jo\u00e3o Baptista celebra Primeira Missa em Angola"},"content":{"rendered":"<p><img loading=\"lazy\" class=\"alignnone size-full wp-image-192740\" src=\"https:\/\/franciscanos.org.br\/noticias\/wp-content\/uploads\/2018\/12\/canjenjenga_111218_2.jpg\" alt=\"\" width=\"890\" height=\"444\" srcset=\"https:\/\/franciscanos.org.br\/noticias\/wp-content\/uploads\/2018\/12\/canjenjenga_111218_2.jpg 890w, https:\/\/franciscanos.org.br\/noticias\/wp-content\/uploads\/2018\/12\/canjenjenga_111218_2-450x224.jpg 450w, https:\/\/franciscanos.org.br\/noticias\/wp-content\/uploads\/2018\/12\/canjenjenga_111218_2-768x383.jpg 768w, https:\/\/franciscanos.org.br\/noticias\/wp-content\/uploads\/2018\/12\/canjenjenga_111218_2-150x75.jpg 150w\" sizes=\"(max-width: 890px) 100vw, 890px\" \/><\/p>\n<p><strong>Frei Evaristo Seque Joaquim<\/strong><\/p>\n<p><strong>Viana (Angola)<\/strong> &#8211;\u00a0 Uma semana depois da Primeira Missa de Frei Ermelindo Francisco Bambi, a sede paroquial Nossa Senhora de F\u00e1tima, em Viana, Angola, acolheu os fi\u00e9is de diferentes comunidades para a Primeira Missa de Frei Jo\u00e3o Baptista Chilumda Canjenjenga, neste domingo (9\/12). A Celebra\u00e7\u00e3o Eucar\u00edstica teve in\u00edcio \u00e0s 7 horas, tendo como concelebrantes o p\u00e1roco Frei Valdemiro Wastchuck e Frei Andr\u00e9 Luiz Da Rocha Henriques, a quem Frei Jo\u00e3o Canjenjenga convidou para fazer a prega\u00e7\u00e3o, um costume na Prov\u00edncia da Imaculada que \u00e9 herdado pela Funda\u00e7\u00e3o Imaculada M\u00e3e de Deus de Angola.<\/p>\n<p>Na homilia, o pregador falou da figura do sacerdote e do grau de influ\u00eancia que ele exerce sobre o povo que o Senhor lhe confia. A obra do minist\u00e9rio presbiteral, que \u00e9 de Deus, \u00e9 o Senhor que a realizou. \u00c9 o Senhor que iniciou essa boa obra e a levar\u00e1 a bom termo &#8211; dizia o pregador. Ele refletia sobre como o presb\u00edtero conduziria o sacerd\u00f3cio segundo a vontade do Senhor.&#8221;Nenhuma preocupa\u00e7\u00e3o terrena deveria ser obst\u00e1culo para ir ao encontro de Cristo. As preocupa\u00e7\u00f5es terrenas podem se tornar, muitas vezes, um verdadeiro obst\u00e1culo para o exercic\u00edo do minist\u00e9rio sacerdotal, como tamb\u00e9m da vida crist\u00e3 quando outras coisas parecem mais importantes do que a vontade do Senhor, que o amor a Jesus Cristo Nosso Senhor&#8221;, dizia o pregador, dirigindo-se a Frei Jo\u00e3o Canjenjenga.<\/p>\n<p>&#8220;Os nossos irm\u00e3os foram revestidos com as vestes sacerdotais&#8221;, dizia Frei Andr\u00e9, dirigindo-se ao povo. &#8220;A casula n\u00e3o \u00e9 sinal de gl\u00f3ria, mas da cruz do Senhor. Aquele que preside, traz em seus ombros o jugo suave de Cristo, a cruz do Senhor. A casula \u00e9 utilizada apenas para o sacr\u00edficio eucar\u00edstico&#8221;, explicou.<\/p>\n<p><img loading=\"lazy\" class=\"alignnone size-full wp-image-192741\" src=\"https:\/\/franciscanos.org.br\/noticias\/wp-content\/uploads\/2018\/12\/canjenjenga_111218_1.jpg\" alt=\"\" width=\"890\" height=\"463\" srcset=\"https:\/\/franciscanos.org.br\/noticias\/wp-content\/uploads\/2018\/12\/canjenjenga_111218_1.jpg 890w, https:\/\/franciscanos.org.br\/noticias\/wp-content\/uploads\/2018\/12\/canjenjenga_111218_1-450x234.jpg 450w, https:\/\/franciscanos.org.br\/noticias\/wp-content\/uploads\/2018\/12\/canjenjenga_111218_1-768x400.jpg 768w, https:\/\/franciscanos.org.br\/noticias\/wp-content\/uploads\/2018\/12\/canjenjenga_111218_1-150x78.jpg 150w\" sizes=\"(max-width: 890px) 100vw, 890px\" \/><\/p>\n<p>Segundo Frei Andr\u00e9, n\u00e3o \u00e9 a ordena\u00e7\u00e3o que faz o padre, mas o que faz o padre \u00e9 cuidar dos filhos (fi\u00e9is) que o Senhor lhes d\u00e1. &#8220;No rosto destes est\u00e3o os rostos de tantos outros que encontrar\u00e1s ao longo do seu minist\u00e9rio e esses s\u00e3o os filhos que o Senhor lhes confia. Esta \u00e9 a paternidade espiritual. O Pai \u00fanico e verdadeiro \u00e9 o Pai que est\u00e1 no C\u00e9u, pois o Senhor mesmo diz: &#8216;A ningu\u00e9m na terra chameis de pai neste mundo porque um s\u00f3 \u00e9 o vosso Pai que est\u00e1 no c\u00e9u&#8217;. O sacerdote evocava S\u00e3o Paulo, que dizia que toda a paternidade, no c\u00e9u e na terra, procede do \u00fanico Pai. N\u00e3o somos donos dos nossos filhos. Quando o filho cresce n\u00f3s o criamos n\u00e3o para n\u00f3s, mas o criamos para o mundo, o criamos para Deus. Quantas vezes os pais querem escolher a voca\u00e7\u00e3o dos seus filhos, esquecendo-se de que \u00e9 o Senhor que os chama. \u00c9s convidado a recordar que o padre n\u00e3o \u00e9 o dono do povo a ele confiado, mas deve sempre lembrar, assim como Jo\u00e3o Batista, que ele \u00e9 uma voz, um instrumento&#8221;, frisou o pregador.<\/p>\n<p>&#8220;O sacerote deve sempre apontar para Jesus, o esposo da Igreja. Jesus \u00e9 o verdadeiro Senhor e, n\u00f3s, seus servos. \u00c9 preciso recordar, assim como Jo\u00e3o Batista, que devemos ser voz e deixar que Cristo seja a Palavra. Esvaziar-se de si para que Cristo apare\u00e7a. Jo\u00e3o Batista aparece como aquele que vem preparar o caminho do Senhor&#8221;, disse.<\/p>\n<p>No final da celebra\u00e7\u00e3o, Frei Jo\u00e3o Baptista Canjenjenga agradeceu aos paroquianos pelas ora\u00e7\u00f5es e apoio que tem recebido e pediu que o ajudassem a ser bom sacerdote.<\/p>\n<p><strong>VEJA MAIS IMAGENS DA CELEBRA\u00c7\u00c3O EUCAR\u00cdSTICA<\/strong><\/p>\n\n\t\t<style type=\"text\/css\">\n\t\t\t#gallery-1 {\n\t\t\t\tmargin: auto;\n\t\t\t}\n\t\t\t#gallery-1 .gallery-item {\n\t\t\t\tfloat: left;\n\t\t\t\tmargin-top: 10px;\n\t\t\t\ttext-align: center;\n\t\t\t\twidth: 25%;\n\t\t\t}\n\t\t\t#gallery-1 img {\n\t\t\t\tborder: 2px solid #cfcfcf;\n\t\t\t}\n\t\t\t#gallery-1 .gallery-caption {\n\t\t\t\tmargin-left: 0;\n\t\t\t}\n\t\t\t\/* see gallery_shortcode() in wp-includes\/media.php *\/\n\t\t<\/style>\n\t\t<div id='gallery-1' class='gallery galleryid-192739 gallery-columns-4 gallery-size-thumbnail'><dl class='gallery-item'>\n\t\t\t<dt class='gallery-icon landscape'>\n\t\t\t\t<a href='https:\/\/franciscanos.org.br\/noticias\/wp-content\/uploads\/2018\/12\/01-2.jpg'><img width=\"300\" height=\"300\" src=\"https:\/\/franciscanos.org.br\/noticias\/wp-content\/uploads\/2018\/12\/01-2-300x300.jpg\" class=\"attachment-thumbnail size-thumbnail\" alt=\"\" loading=\"lazy\" srcset=\"https:\/\/franciscanos.org.br\/noticias\/wp-content\/uploads\/2018\/12\/01-2-300x300.jpg 300w, https:\/\/franciscanos.org.br\/noticias\/wp-content\/uploads\/2018\/12\/01-2-400x400.jpg 400w\" sizes=\"(max-width: 300px) 100vw, 300px\" \/><\/a>\n\t\t\t<\/dt><\/dl><dl class='gallery-item'>\n\t\t\t<dt class='gallery-icon landscape'>\n\t\t\t\t<a href='https:\/\/franciscanos.org.br\/noticias\/wp-content\/uploads\/2018\/12\/02-1.jpg'><img width=\"300\" height=\"300\" src=\"https:\/\/franciscanos.org.br\/noticias\/wp-content\/uploads\/2018\/12\/02-1-300x300.jpg\" class=\"attachment-thumbnail size-thumbnail\" alt=\"\" loading=\"lazy\" srcset=\"https:\/\/franciscanos.org.br\/noticias\/wp-content\/uploads\/2018\/12\/02-1-300x300.jpg 300w, https:\/\/franciscanos.org.br\/noticias\/wp-content\/uploads\/2018\/12\/02-1-400x400.jpg 400w\" sizes=\"(max-width: 300px) 100vw, 300px\" \/><\/a>\n\t\t\t<\/dt><\/dl><dl class='gallery-item'>\n\t\t\t<dt class='gallery-icon landscape'>\n\t\t\t\t<a href='https:\/\/franciscanos.org.br\/noticias\/wp-content\/uploads\/2018\/12\/03-1.jpg'><img width=\"300\" height=\"300\" src=\"https:\/\/franciscanos.org.br\/noticias\/wp-content\/uploads\/2018\/12\/03-1-300x300.jpg\" class=\"attachment-thumbnail size-thumbnail\" alt=\"\" loading=\"lazy\" srcset=\"https:\/\/franciscanos.org.br\/noticias\/wp-content\/uploads\/2018\/12\/03-1-300x300.jpg 300w, https:\/\/franciscanos.org.br\/noticias\/wp-content\/uploads\/2018\/12\/03-1-400x400.jpg 400w\" sizes=\"(max-width: 300px) 100vw, 300px\" \/><\/a>\n\t\t\t<\/dt><\/dl><dl class='gallery-item'>\n\t\t\t<dt class='gallery-icon landscape'>\n\t\t\t\t<a href='https:\/\/franciscanos.org.br\/noticias\/wp-content\/uploads\/2018\/12\/05-1.jpg'><img width=\"300\" height=\"300\" src=\"https:\/\/franciscanos.org.br\/noticias\/wp-content\/uploads\/2018\/12\/05-1-300x300.jpg\" class=\"attachment-thumbnail size-thumbnail\" alt=\"\" loading=\"lazy\" srcset=\"https:\/\/franciscanos.org.br\/noticias\/wp-content\/uploads\/2018\/12\/05-1-300x300.jpg 300w, https:\/\/franciscanos.org.br\/noticias\/wp-content\/uploads\/2018\/12\/05-1-400x400.jpg 400w\" sizes=\"(max-width: 300px) 100vw, 300px\" \/><\/a>\n\t\t\t<\/dt><\/dl><br style=\"clear: both\" \/><dl class='gallery-item'>\n\t\t\t<dt class='gallery-icon landscape'>\n\t\t\t\t<a href='https:\/\/franciscanos.org.br\/noticias\/wp-content\/uploads\/2018\/12\/06-1.jpg'><img width=\"300\" height=\"300\" src=\"https:\/\/franciscanos.org.br\/noticias\/wp-content\/uploads\/2018\/12\/06-1-300x300.jpg\" class=\"attachment-thumbnail size-thumbnail\" alt=\"\" loading=\"lazy\" srcset=\"https:\/\/franciscanos.org.br\/noticias\/wp-content\/uploads\/2018\/12\/06-1-300x300.jpg 300w, https:\/\/franciscanos.org.br\/noticias\/wp-content\/uploads\/2018\/12\/06-1-400x400.jpg 400w\" sizes=\"(max-width: 300px) 100vw, 300px\" \/><\/a>\n\t\t\t<\/dt><\/dl><dl class='gallery-item'>\n\t\t\t<dt class='gallery-icon landscape'>\n\t\t\t\t<a href='https:\/\/franciscanos.org.br\/noticias\/wp-content\/uploads\/2018\/12\/07-1.jpg'><img width=\"300\" height=\"300\" src=\"https:\/\/franciscanos.org.br\/noticias\/wp-content\/uploads\/2018\/12\/07-1-300x300.jpg\" class=\"attachment-thumbnail size-thumbnail\" alt=\"\" loading=\"lazy\" srcset=\"https:\/\/franciscanos.org.br\/noticias\/wp-content\/uploads\/2018\/12\/07-1-300x300.jpg 300w, https:\/\/franciscanos.org.br\/noticias\/wp-content\/uploads\/2018\/12\/07-1-400x400.jpg 400w\" sizes=\"(max-width: 300px) 100vw, 300px\" \/><\/a>\n\t\t\t<\/dt><\/dl><dl class='gallery-item'>\n\t\t\t<dt class='gallery-icon landscape'>\n\t\t\t\t<a href='https:\/\/franciscanos.org.br\/noticias\/wp-content\/uploads\/2018\/12\/08-1.jpg'><img width=\"300\" height=\"300\" src=\"https:\/\/franciscanos.org.br\/noticias\/wp-content\/uploads\/2018\/12\/08-1-300x300.jpg\" class=\"attachment-thumbnail size-thumbnail\" alt=\"\" loading=\"lazy\" srcset=\"https:\/\/franciscanos.org.br\/noticias\/wp-content\/uploads\/2018\/12\/08-1-300x300.jpg 300w, https:\/\/franciscanos.org.br\/noticias\/wp-content\/uploads\/2018\/12\/08-1-400x400.jpg 400w\" sizes=\"(max-width: 300px) 100vw, 300px\" \/><\/a>\n\t\t\t<\/dt><\/dl><dl class='gallery-item'>\n\t\t\t<dt class='gallery-icon landscape'>\n\t\t\t\t<a href='https:\/\/franciscanos.org.br\/noticias\/wp-content\/uploads\/2018\/12\/04-1.jpg'><img width=\"300\" height=\"300\" src=\"https:\/\/franciscanos.org.br\/noticias\/wp-content\/uploads\/2018\/12\/04-1-300x300.jpg\" class=\"attachment-thumbnail size-thumbnail\" alt=\"\" loading=\"lazy\" srcset=\"https:\/\/franciscanos.org.br\/noticias\/wp-content\/uploads\/2018\/12\/04-1-300x300.jpg 300w, https:\/\/franciscanos.org.br\/noticias\/wp-content\/uploads\/2018\/12\/04-1-400x400.jpg 400w\" sizes=\"(max-width: 300px) 100vw, 300px\" \/><\/a>\n\t\t\t<\/dt><\/dl><br style=\"clear: both\" \/><dl class='gallery-item'>\n\t\t\t<dt class='gallery-icon landscape'>\n\t\t\t\t<a href='https:\/\/franciscanos.org.br\/noticias\/wp-content\/uploads\/2018\/12\/09-1.jpg'><img width=\"300\" height=\"300\" src=\"https:\/\/franciscanos.org.br\/noticias\/wp-content\/uploads\/2018\/12\/09-1-300x300.jpg\" class=\"attachment-thumbnail size-thumbnail\" alt=\"\" loading=\"lazy\" srcset=\"https:\/\/franciscanos.org.br\/noticias\/wp-content\/uploads\/2018\/12\/09-1-300x300.jpg 300w, https:\/\/franciscanos.org.br\/noticias\/wp-content\/uploads\/2018\/12\/09-1-400x400.jpg 400w\" sizes=\"(max-width: 300px) 100vw, 300px\" \/><\/a>\n\t\t\t<\/dt><\/dl><dl class='gallery-item'>\n\t\t\t<dt class='gallery-icon landscape'>\n\t\t\t\t<a href='https:\/\/franciscanos.org.br\/noticias\/wp-content\/uploads\/2018\/12\/10-1.jpg'><img width=\"300\" height=\"300\" src=\"https:\/\/franciscanos.org.br\/noticias\/wp-content\/uploads\/2018\/12\/10-1-300x300.jpg\" class=\"attachment-thumbnail size-thumbnail\" alt=\"\" loading=\"lazy\" srcset=\"https:\/\/franciscanos.org.br\/noticias\/wp-content\/uploads\/2018\/12\/10-1-300x300.jpg 300w, https:\/\/franciscanos.org.br\/noticias\/wp-content\/uploads\/2018\/12\/10-1-400x400.jpg 400w\" sizes=\"(max-width: 300px) 100vw, 300px\" \/><\/a>\n\t\t\t<\/dt><\/dl>\n\t\t\t<br style='clear: both' \/>\n\t\t<\/div>\n\n","protected":false},"excerpt":{"rendered":"<p>Primeira Missa de Frei Jo\u00e3o Baptista Canjenjenga<\/p>\n","protected":false},"author":3,"featured_media":192742,"comment_status":"open","ping_status":"open","sticky":false,"template":"","format":"standard","meta":[],"categories":[1],"tags":[360,167],"acf":[],"yoast_head":"<!-- This site is optimized with the Yoast SEO plugin v19.2 - https:\/\/yoast.com\/wordpress\/plugins\/seo\/ -->\n<title>Frei Jo\u00e3o Baptista celebra Primeira Missa em Angola - Not\u00edcias - Franciscanos<\/title>\n<meta name=\"robots\" content=\"index, follow, max-snippet:-1, max-image-preview:large, max-video-preview:-1\" \/>\n<link rel=\"canonical\" href=\"https:\/\/franciscanos.org.br\/noticias\/frei-joao-baptista-celebra-primeira-missa-em-angola.html\" \/>\n<meta property=\"og:locale\" content=\"pt_BR\" \/>\n<meta property=\"og:type\" content=\"article\" \/>\n<meta property=\"og:title\" content=\"Frei Jo\u00e3o Baptista celebra Primeira Missa em Angola - Not\u00edcias - Franciscanos\" \/>\n<meta property=\"og:description\" content=\"Primeira Missa de Frei Jo\u00e3o Baptista Canjenjenga\" \/>\n<meta property=\"og:url\" content=\"https:\/\/franciscanos.org.br\/noticias\/frei-joao-baptista-celebra-primeira-missa-em-angola.html\" \/>\n<meta property=\"og:site_name\" content=\"Not\u00edcias - Franciscanos\" \/>\n<meta property=\"article:published_time\" content=\"2018-12-11T11:54:41+00:00\" \/>\n<meta property=\"article:modified_time\" content=\"2020-06-06T16:10:18+00:00\" \/>\n<meta property=\"og:image\" content=\"https:\/\/franciscanos.org.br\/noticias\/wp-content\/uploads\/2018\/12\/canjenjenga_111218_d.jpg\" \/>\n\t<meta property=\"og:image:width\" content=\"273\" \/>\n\t<meta property=\"og:image:height\" content=\"181\" \/>\n\t<meta property=\"og:image:type\" content=\"image\/jpeg\" \/>\n<meta name=\"author\" content=\"moacir\" \/>\n<meta name=\"twitter:card\" content=\"summary_large_image\" \/>\n<meta name=\"twitter:label1\" content=\"Escrito por\" \/>\n\t<meta name=\"twitter:data1\" content=\"moacir\" \/>\n\t<meta name=\"twitter:label2\" content=\"Est. tempo de leitura\" \/>\n\t<meta name=\"twitter:data2\" content=\"3 minutos\" \/>\n<script type=\"application\/ld+json\" class=\"yoast-schema-graph\">{\"@context\":\"https:\/\/schema.org\",\"@graph\":[{\"@type\":\"WebSite\",\"@id\":\"https:\/\/franciscanos.org.br\/noticias\/#website\",\"url\":\"https:\/\/franciscanos.org.br\/noticias\/\",\"name\":\"Not\u00edcias - Franciscanos\",\"description\":\"Prov\u00edncia Franciscana da Imaculada Concei\u00e7\u00e3o do Brasil - Ordem dos Frades Menores - OFM\",\"potentialAction\":[{\"@type\":\"SearchAction\",\"target\":{\"@type\":\"EntryPoint\",\"urlTemplate\":\"https:\/\/franciscanos.org.br\/noticias\/?s={search_term_string}\"},\"query-input\":\"required name=search_term_string\"}],\"inLanguage\":\"pt-BR\"},{\"@type\":\"ImageObject\",\"inLanguage\":\"pt-BR\",\"@id\":\"https:\/\/franciscanos.org.br\/noticias\/frei-joao-baptista-celebra-primeira-missa-em-angola.html#primaryimage\",\"url\":\"https:\/\/franciscanos.org.br\/noticias\/wp-content\/uploads\/2018\/12\/canjenjenga_111218_d.jpg\",\"contentUrl\":\"https:\/\/franciscanos.org.br\/noticias\/wp-content\/uploads\/2018\/12\/canjenjenga_111218_d.jpg\",\"width\":273,\"height\":181},{\"@type\":\"WebPage\",\"@id\":\"https:\/\/franciscanos.org.br\/noticias\/frei-joao-baptista-celebra-primeira-missa-em-angola.html#webpage\",\"url\":\"https:\/\/franciscanos.org.br\/noticias\/frei-joao-baptista-celebra-primeira-missa-em-angola.html\",\"name\":\"Frei Jo\u00e3o Baptista celebra Primeira Missa em Angola - Not\u00edcias - Franciscanos\",\"isPartOf\":{\"@id\":\"https:\/\/franciscanos.org.br\/noticias\/#website\"},\"primaryImageOfPage\":{\"@id\":\"https:\/\/franciscanos.org.br\/noticias\/frei-joao-baptista-celebra-primeira-missa-em-angola.html#primaryimage\"},\"datePublished\":\"2018-12-11T11:54:41+00:00\",\"dateModified\":\"2020-06-06T16:10:18+00:00\",\"author\":{\"@id\":\"https:\/\/franciscanos.org.br\/noticias\/#\/schema\/person\/b5c8cba458c330ccff548b056e95a5d4\"},\"breadcrumb\":{\"@id\":\"https:\/\/franciscanos.org.br\/noticias\/frei-joao-baptista-celebra-primeira-missa-em-angola.html#breadcrumb\"},\"inLanguage\":\"pt-BR\",\"potentialAction\":[{\"@type\":\"ReadAction\",\"target\":[\"https:\/\/franciscanos.org.br\/noticias\/frei-joao-baptista-celebra-primeira-missa-em-angola.html\"]}]},{\"@type\":\"BreadcrumbList\",\"@id\":\"https:\/\/franciscanos.org.br\/noticias\/frei-joao-baptista-celebra-primeira-missa-em-angola.html#breadcrumb\",\"itemListElement\":[{\"@type\":\"ListItem\",\"position\":1,\"name\":\"Home\",\"item\":\"https:\/\/franciscanos.org.br\/noticias\"},{\"@type\":\"ListItem\",\"position\":2,\"name\":\"Frei Jo\u00e3o Baptista celebra Primeira Missa em Angola\"}]},{\"@type\":\"Person\",\"@id\":\"https:\/\/franciscanos.org.br\/noticias\/#\/schema\/person\/b5c8cba458c330ccff548b056e95a5d4\",\"name\":\"moacir\",\"image\":{\"@type\":\"ImageObject\",\"inLanguage\":\"pt-BR\",\"@id\":\"https:\/\/franciscanos.org.br\/noticias\/#\/schema\/person\/image\/\",\"url\":\"https:\/\/secure.gravatar.com\/avatar\/d08aa2ce4c8dd416d4479aa8536fcf64?s=96&d=mm&r=g\",\"contentUrl\":\"https:\/\/secure.gravatar.com\/avatar\/d08aa2ce4c8dd416d4479aa8536fcf64?s=96&d=mm&r=g\",\"caption\":\"moacir\"},\"url\":\"https:\/\/franciscanos.org.br\/noticias\/author\/moacir\"}]}<\/script>\n<!-- \/ Yoast SEO plugin. -->","yoast_head_json":{"title":"Frei Jo\u00e3o Baptista celebra Primeira Missa em Angola - Not\u00edcias - Franciscanos","robots":{"index":"index","follow":"follow","max-snippet":"max-snippet:-1","max-image-preview":"max-image-preview:large","max-video-preview":"max-video-preview:-1"},"canonical":"https:\/\/franciscanos.org.br\/noticias\/frei-joao-baptista-celebra-primeira-missa-em-angola.html","og_locale":"pt_BR","og_type":"article","og_title":"Frei Jo\u00e3o Baptista celebra Primeira Missa em Angola - Not\u00edcias - Franciscanos","og_description":"Primeira Missa de Frei Jo\u00e3o Baptista Canjenjenga","og_url":"https:\/\/franciscanos.org.br\/noticias\/frei-joao-baptista-celebra-primeira-missa-em-angola.html","og_site_name":"Not\u00edcias - Franciscanos","article_published_time":"2018-12-11T11:54:41+00:00","article_modified_time":"2020-06-06T16:10:18+00:00","og_image":[{"width":273,"height":181,"url":"https:\/\/franciscanos.org.br\/noticias\/wp-content\/uploads\/2018\/12\/canjenjenga_111218_d.jpg","type":"image\/jpeg"}],"author":"moacir","twitter_card":"summary_large_image","twitter_misc":{"Escrito por":"moacir","Est. tempo de leitura":"3 minutos"},"schema":{"@context":"https:\/\/schema.org","@graph":[{"@type":"WebSite","@id":"https:\/\/franciscanos.org.br\/noticias\/#website","url":"https:\/\/franciscanos.org.br\/noticias\/","name":"Not\u00edcias - Franciscanos","description":"Prov\u00edncia Franciscana da Imaculada Concei\u00e7\u00e3o do Brasil - Ordem dos Frades Menores - OFM","potentialAction":[{"@type":"SearchAction","target":{"@type":"EntryPoint","urlTemplate":"https:\/\/franciscanos.org.br\/noticias\/?s={search_term_string}"},"query-input":"required name=search_term_string"}],"inLanguage":"pt-BR"},{"@type":"ImageObject","inLanguage":"pt-BR","@id":"https:\/\/franciscanos.org.br\/noticias\/frei-joao-baptista-celebra-primeira-missa-em-angola.html#primaryimage","url":"https:\/\/franciscanos.org.br\/noticias\/wp-content\/uploads\/2018\/12\/canjenjenga_111218_d.jpg","contentUrl":"https:\/\/franciscanos.org.br\/noticias\/wp-content\/uploads\/2018\/12\/canjenjenga_111218_d.jpg","width":273,"height":181},{"@type":"WebPage","@id":"https:\/\/franciscanos.org.br\/noticias\/frei-joao-baptista-celebra-primeira-missa-em-angola.html#webpage","url":"https:\/\/franciscanos.org.br\/noticias\/frei-joao-baptista-celebra-primeira-missa-em-angola.html","name":"Frei Jo\u00e3o Baptista celebra Primeira Missa em Angola - Not\u00edcias - Franciscanos","isPartOf":{"@id":"https:\/\/franciscanos.org.br\/noticias\/#website"},"primaryImageOfPage":{"@id":"https:\/\/franciscanos.org.br\/noticias\/frei-joao-baptista-celebra-primeira-missa-em-angola.html#primaryimage"},"datePublished":"2018-12-11T11:54:41+00:00","dateModified":"2020-06-06T16:10:18+00:00","author":{"@id":"https:\/\/franciscanos.org.br\/noticias\/#\/schema\/person\/b5c8cba458c330ccff548b056e95a5d4"},"breadcrumb":{"@id":"https:\/\/franciscanos.org.br\/noticias\/frei-joao-baptista-celebra-primeira-missa-em-angola.html#breadcrumb"},"inLanguage":"pt-BR","potentialAction":[{"@type":"ReadAction","target":["https:\/\/franciscanos.org.br\/noticias\/frei-joao-baptista-celebra-primeira-missa-em-angola.html"]}]},{"@type":"BreadcrumbList","@id":"https:\/\/franciscanos.org.br\/noticias\/frei-joao-baptista-celebra-primeira-missa-em-angola.html#breadcrumb","itemListElement":[{"@type":"ListItem","position":1,"name":"Home","item":"https:\/\/franciscanos.org.br\/noticias"},{"@type":"ListItem","position":2,"name":"Frei Jo\u00e3o Baptista celebra Primeira Missa em Angola"}]},{"@type":"Person","@id":"https:\/\/franciscanos.org.br\/noticias\/#\/schema\/person\/b5c8cba458c330ccff548b056e95a5d4","name":"moacir","image":{"@type":"ImageObject","inLanguage":"pt-BR","@id":"https:\/\/franciscanos.org.br\/noticias\/#\/schema\/person\/image\/","url":"https:\/\/secure.gravatar.com\/avatar\/d08aa2ce4c8dd416d4479aa8536fcf64?s=96&d=mm&r=g","contentUrl":"https:\/\/secure.gravatar.com\/avatar\/d08aa2ce4c8dd416d4479aa8536fcf64?s=96&d=mm&r=g","caption":"moacir"},"url":"https:\/\/franciscanos.org.br\/noticias\/author\/moacir"}]}},"_links":{"self":[{"href":"https:\/\/franciscanos.org.br\/noticias\/wp-json\/wp\/v2\/posts\/192739"}],"collection":[{"href":"https:\/\/franciscanos.org.br\/noticias\/wp-json\/wp\/v2\/posts"}],"about":[{"href":"https:\/\/franciscanos.org.br\/noticias\/wp-json\/wp\/v2\/types\/post"}],"author":[{"embeddable":true,"href":"https:\/\/franciscanos.org.br\/noticias\/wp-json\/wp\/v2\/users\/3"}],"replies":[{"embeddable":true,"href":"https:\/\/franciscanos.org.br\/noticias\/wp-json\/wp\/v2\/comments?post=192739"}],"version-history":[{"count":2,"href":"https:\/\/franciscanos.org.br\/noticias\/wp-json\/wp\/v2\/posts\/192739\/revisions"}],"predecessor-version":[{"id":224619,"href":"https:\/\/franciscanos.org.br\/noticias\/wp-json\/wp\/v2\/posts\/192739\/revisions\/224619"}],"wp:featuredmedia":[{"embeddable":true,"href":"https:\/\/franciscanos.org.br\/noticias\/wp-json\/wp\/v2\/media\/192742"}],"wp:attachment":[{"href":"https:\/\/franciscanos.org.br\/noticias\/wp-json\/wp\/v2\/media?parent=192739"}],"wp:term":[{"taxonomy":"category","embeddable":true,"href":"https:\/\/franciscanos.org.br\/noticias\/wp-json\/wp\/v2\/categories?post=192739"},{"taxonomy":"post_tag","embeddable":true,"href":"https:\/\/franciscanos.org.br\/noticias\/wp-json\/wp\/v2\/tags?post=192739"}],"curies":[{"name":"wp","href":"https:\/\/api.w.org\/{rel}","templated":true}]}}