{"id":192727,"date":"2018-12-07T09:09:58","date_gmt":"2018-12-07T11:09:58","guid":{"rendered":"https:\/\/franciscanos.org.br\/noticias\/?p=192727"},"modified":"2020-06-06T13:19:09","modified_gmt":"2020-06-06T16:19:09","slug":"trabalho-voluntario-e-atividade-para-formar-alunos","status":"publish","type":"post","link":"https:\/\/franciscanos.org.br\/noticias\/trabalho-voluntario-e-atividade-para-formar-alunos.html","title":{"rendered":"Trabalho volunt\u00e1rio \u00e9 atividade para formar alunos"},"content":{"rendered":"<p><img loading=\"lazy\" class=\"alignnone size-full wp-image-192728\" src=\"https:\/\/franciscanos.org.br\/noticias\/wp-content\/uploads\/2018\/12\/bomjesus_101218.png\" alt=\"\" width=\"890\" height=\"590\" srcset=\"https:\/\/franciscanos.org.br\/noticias\/wp-content\/uploads\/2018\/12\/bomjesus_101218.png 890w, https:\/\/franciscanos.org.br\/noticias\/wp-content\/uploads\/2018\/12\/bomjesus_101218-450x298.png 450w, https:\/\/franciscanos.org.br\/noticias\/wp-content\/uploads\/2018\/12\/bomjesus_101218-768x509.png 768w, https:\/\/franciscanos.org.br\/noticias\/wp-content\/uploads\/2018\/12\/bomjesus_101218-150x99.png 150w\" sizes=\"(max-width: 890px) 100vw, 890px\" \/><\/p>\n<p><em><strong>Por que atividades solid\u00e1rias, como as que o Projeto Bom Jesus Social prop\u00f5e, melhoram a forma\u00e7\u00e3o de cidad\u00e3os?<\/strong><\/em><\/p>\n<p>Num momento em que se fala com frequ\u00eancia sobre ajudar o pr\u00f3ximo, estreitar os la\u00e7os entre escolas e institui\u00e7\u00f5es que carecem de trabalho volunt\u00e1rio pode ser uma estrat\u00e9gia de forma\u00e7\u00e3o de alunos, profissionais e cidad\u00e3os melhores, al\u00e9m de despertar interesse da pr\u00f3pria fam\u00edlia por a\u00e7\u00f5es sociais. Seja por meio do contato com idosos, outras crian\u00e7as carentes ou at\u00e9 mesmo refugiados, participar de a\u00e7\u00f5es volunt\u00e1rias traz efeitos tamb\u00e9m para a vida adulta.<\/p>\n<p>Segundo o professor de Forma\u00e7\u00e3o Humana do Col\u00e9gio Bom Jesus, Santareno Augusto Miranda, as crian\u00e7as hoje est\u00e3o mais abertas a colaborar com os outros e mais sens\u00edveis aos problemas sociais. \u201cAs not\u00edcias sobre guerra, refugiados, problemas sociais chegam \u00e0s crian\u00e7as por diversos meios de comunica\u00e7\u00e3o. Isso contribui diretamente na sensibiliza\u00e7\u00e3o das crian\u00e7as para ajudar e apoiar o pr\u00f3ximo\u201d, observa.<\/p>\n<p><strong>Papel da escola<\/strong> &#8211; As escolas que desejam formar crian\u00e7as e jovens com o olhar voltado para as necessidades de sua comunidade precisam criar mecanismos para que eles possam conhecer, identificar essas necessidades e conviver com as diferen\u00e7as. Para o professor Miranda, a escola pode incentivar esse processo com informa\u00e7\u00f5es de conscientiza\u00e7\u00e3o sobre os problemas sociais, palestras, visitas a institui\u00e7\u00f5es que trabalham com asilos, creches, col\u00e9gios municipais e estaduais, orfanatos,\u00a0entre outros.<\/p>\n<p>No Col\u00e9gio Bom Jesus, o projeto <em>Semeando o Bem<\/em>, alinhado ao objetivo do Bom Jesus Social de educar ao humanismo solid\u00e1rio, tem promovido palestras para alunos do Ensino M\u00e9dio sobre como ser volunt\u00e1rio em v\u00e1rias institui\u00e7\u00f5es e organiza\u00e7\u00f5es n\u00e3o governamentais. Al\u00e9m disso,\u00a0 os alunos ainda visitam creches, asilos e Centros de Educa\u00e7\u00e3o Infantil de Curitiba (CMEI). Durante os encontros, s\u00e3o desenvolvidas atividades para intera\u00e7\u00e3o com crian\u00e7as e idosos. No asilo, por exemplo, os alunos fazem maquiagem nas idosas, jogam cartas, cantam can\u00e7\u00f5es, preparam e servem o lanche. No CMEI, fazem brincadeiras de pintura no rosto, desenhos, gincanas e auxiliam servindo o lanche \u00e0s outras crian\u00e7as.<\/p>\n<p>Tamb\u00e9m s\u00e3o realizadas visitas aos centros de apoio aos refugiados haitianos e s\u00edrios. \u201cNessas visitas, al\u00e9m de ouvirem sobre a hist\u00f3ria do pa\u00eds e como a fuga aconteceu, incentivamos os alunos a interagirem em conversas. Ap\u00f3s a visita, os alunos s\u00e3o desafiados a fazer doa\u00e7\u00e3o de alguma coisa que perceberam ser uma necessidade dos refugiados\u201d, conta o professor.<\/p>\n<p>Outra institui\u00e7\u00e3o que o Col\u00e9gio Bom Jesus tem se disponibilizado a ajudar \u00e9 o CAIS \u2013 Casa de Amparo Irm\u00e3 Sheila. Quinzenalmente os alunos do M\u00e9dio da Unidade Divina Provid\u00eancia se deslocam para desenvolver atividades recreativas e refor\u00e7o escolar.<\/p>\n<p><strong>Integra\u00e7\u00e3o da fam\u00edlia<\/strong> &#8211; Muitas fam\u00edlias t\u00eam sido integradas nas atividades volunt\u00e1rias de seus filhos por meio de iniciativas da escola. Miranda percebe que os pais dos alunos s\u00e3o bem ativos nesse processo, levam e buscam seus filhos ao col\u00e9gio, compram o que os filhos solicitam para doar \u00e0s institui\u00e7\u00f5es visitadas. Alguns pais tamb\u00e9m se tornaram volunt\u00e1rios nas institui\u00e7\u00f5es j\u00e1 visitadas pelos alunos. \u201cNo asilo, um pai de aluno, ao saber que o local n\u00e3o tinha toalhas e cobertores para todos os idosos, comprou duas toalhas de banho e duas toalhas de rosto para cada um. Outros pais s\u00e3o volunt\u00e1rios como professores de l\u00edngua portuguesa aos refugiados haitianos e s\u00edrios, h\u00e1 os que adotaram fam\u00edlias de refugiados e os que os empregaram em suas empresas e condom\u00ednios\u201d, lembra Miranda.<\/p>\n<p><strong>Retorno na vida adulta<\/strong> &#8211; A juventude pode contribuir para um mundo melhor, quando, j\u00e1 crian\u00e7a, recebe o incentivo a n\u00e3o s\u00f3 ouvir, mas ver, participar e conviver com realidades sociais diferentes. As virtudes requerem atitudes e essas podem forjar na crian\u00e7a o jovem que ter\u00e1 valores humanistas. \u201cAlguns dos ex-alunos Bom Jesus, que se voluntariaram, seguem com essas atividades na FAE e em outras faculdades\u201d, conta o professor.<\/p>\n<p>Semeando o Bem n\u00e3o \u00e9, nesse sentido, uma iniciativa isolada das a\u00e7\u00f5es do Projeto Bom Jesus Social. Segundo Frei Claudino Gilz, tal iniciativa est\u00e1 associada a outras a\u00e7\u00f5es socioeducativas desenvolvidas nas Unidades do Grupo Educacional Bom Jesus voltadas \u00e0 defesa e promo\u00e7\u00e3o dos direitos humanos, \u00e0 conscientiza\u00e7\u00e3o da igualdade igualdade \u00e9tnico-racial, \u00e0 valoriza\u00e7\u00e3o da diversidade, ao cuidado do meio ambiente e \u00e0 melhoria das condi\u00e7\u00f5es de vida da popula\u00e7\u00e3o mais pobre, contribuindo para a minimiza\u00e7\u00e3o das desigualdades e das fraturas sociais.<\/p>\n<h2><img loading=\"lazy\" class=\"alignnone size-full wp-image-192730\" src=\"https:\/\/franciscanos.org.br\/noticias\/wp-content\/uploads\/2018\/12\/bomjesus_101218_2.jpg\" alt=\"\" width=\"890\" height=\"482\" srcset=\"https:\/\/franciscanos.org.br\/noticias\/wp-content\/uploads\/2018\/12\/bomjesus_101218_2.jpg 890w, https:\/\/franciscanos.org.br\/noticias\/wp-content\/uploads\/2018\/12\/bomjesus_101218_2-450x244.jpg 450w, https:\/\/franciscanos.org.br\/noticias\/wp-content\/uploads\/2018\/12\/bomjesus_101218_2-768x416.jpg 768w, https:\/\/franciscanos.org.br\/noticias\/wp-content\/uploads\/2018\/12\/bomjesus_101218_2-150x81.jpg 150w\" sizes=\"(max-width: 890px) 100vw, 890px\" \/><\/h2>\n<h2>MEP arrecada mais de R$ 100 mil para o Hospital Pequeno Pr\u00edncipe<\/h2>\n<p><strong><em>Estudantes do 1.\u00ba ano do curso de Administra\u00e7\u00e3o Integral da FAE criam empreendimentos em prol da institui\u00e7\u00e3o<\/em><\/strong><\/p>\n<p>A\u00e7\u00f5es sociais s\u00e3o aquelas que se desenvolvem em benef\u00edcio da comunidade, oportunizando a transforma\u00e7\u00e3o pessoal dos envolvidos, a melhoria das condi\u00e7\u00f5es de vida dos destinat\u00e1rios da a\u00e7\u00e3o por meio do cultivo do sentimento de solidariedade com os mais pobres, entre outros. O Projeto FAE Social, lan\u00e7ado em junho de 2018, inspira-se no exemplo de S\u00e3o Francisco de Assis, que se notabilizou por agir com humanidade para com todos e estender a m\u00e3o aos que nada tinham.<\/p>\n<p>Alinhados aos objetivos do FAE Social, os alunos do curso de Administra\u00e7\u00e3o Integral da FAE (MEP) conseguiram, neste ano de 2018, superar o recorde de anos anteriores de arrecada\u00e7\u00e3o de recursos financeiros para o Hospital Pequeno Pr\u00edncipe. Mais de 100 mil reais foi a quantia entregue na tarde de 4 de dezembro, por alunos, professores e respons\u00e1veis da FAE aos representantes do hospital. Hospital esse que depende de recursos p\u00fablicos (SUS) e de iniciativas solid\u00e1rias da comunidade para manter o atendimento a crian\u00e7as acometidas por doen\u00e7as de m\u00e9dia e alta complexidade, principalmente nas \u00e1reas pedi\u00e1trica, cir\u00fargica, neonatal e card\u00edaca.<\/p>\n<p>A parceria, que j\u00e1 dura oito anos, convida os alunos do MEP a planejar e a desenvolver a\u00e7\u00f5es s\u00f3ciodministrativas ao longo do ano letivo no intuito de arrecadar fundos para o maior hospital pedi\u00e1trico do pa\u00eds. De acordo com o professor orientador Luis Andr\u00e9 Werneck Fumagalli, \u201ca evolu\u00e7\u00e3o da disciplina e o engajamento dos alunos foram fundamentais para esse resultado t\u00e3o positivo. Mesmo com pouco conhecimento, em tentativas de acerto e erro, eles aceitaram o desafio e conseguiram chegar aos resultados\u201d.<\/p>\n<p><strong>Quebra de recorde<\/strong><br \/>\nImbu\u00eddos de ideias que foram de jantar de gala a venda de toalhas personalizadas, os alunos do 1.\u00ba ano do MEP da FAE desenvolveram durante todo o semestre, na disciplina de Empreendedorismo Social, projetos que agora v\u00e3o impactar de forma positiva a vida de milhares de crian\u00e7as atendidas pela entidade de sa\u00fade sem fins lucrativos.<\/p>\n<p>Eduardo Breowicz Slonski, integrante da ideia \u201cCompartilhando alegria\u201d, que confeccionou toalhas personalizadas e foi o projeto que obteve o maior retorno financeiro, acredita que a uni\u00e3o do grupo, a for\u00e7a das marcas e o objetivo da disciplina foram os maiores respons\u00e1veis pelo resultado.<\/p>\n<p>\u201cA disciplina \u00e9 muito bem pensada. Acho muito legal ter esse tipo de atividade. Meu grupo esteve muito focado na busca das metas tra\u00e7adas e organizado, mas ter marcas t\u00e3o fortes como a da FAE e a do Hospital foi um fator muito importante na hora de vender nosso produto. Agrade\u00e7o as institui\u00e7\u00f5es pela oportunidade e pelo aprendizado alcan\u00e7ado\u201d.<\/p>\n<p>O valor arrecadado ser\u00e1 destinado a pesquisas e despesas gerais do hospital que em 2019 completa 100 anos e j\u00e1 projeta novos recordes com a parceria, como aponta Rodrigo Lowen, representante do hospital.<\/p>\n<p>\u201cEsse trabalho \u00e9 muito importante para a gente. Essa parceria casa ideias em comum que n\u00f3s, do Hospital, e a FAE temos: mobilizar pessoas e auxili\u00e1-las em seu desenvolvimento. Temos sempre boas expectativas a cada ano e j\u00e1 projetamos um novo recorde na pr\u00f3xima edi\u00e7\u00e3o\u201d.<\/p>\n<p>Al\u00e9m de sensibilizar a sociedade para o humanismo solid\u00e1rio, a\u00e7\u00f5es sociais como essas dos alunos do curso de Administra\u00e7\u00e3o Integral contribuem para levar a bom termo a pr\u00f3pria miss\u00e3o da FAE Centro Universit\u00e1rio: <em>Educar para a promo\u00e7\u00e3o de uma sociedade justa, sustent\u00e1vel e feliz.<\/em><\/p>\n<h2><img loading=\"lazy\" class=\"alignnone size-full wp-image-192731\" src=\"https:\/\/franciscanos.org.br\/noticias\/wp-content\/uploads\/2018\/12\/bomjesus_101218_3.jpg\" alt=\"\" width=\"890\" height=\"598\" srcset=\"https:\/\/franciscanos.org.br\/noticias\/wp-content\/uploads\/2018\/12\/bomjesus_101218_3.jpg 890w, https:\/\/franciscanos.org.br\/noticias\/wp-content\/uploads\/2018\/12\/bomjesus_101218_3-450x302.jpg 450w, https:\/\/franciscanos.org.br\/noticias\/wp-content\/uploads\/2018\/12\/bomjesus_101218_3-768x516.jpg 768w, https:\/\/franciscanos.org.br\/noticias\/wp-content\/uploads\/2018\/12\/bomjesus_101218_3-150x101.jpg 150w\" sizes=\"(max-width: 890px) 100vw, 890px\" \/><\/h2>\n<h2><strong>Pastoral do Bom Jesus promove encontro de catequistas<\/strong><\/h2>\n<p>No dia 1.\u00ba de dezembro de 2018, catequistas de Curitiba e Regi\u00e3o Metropolitana reuniram-se na Casa de Retiros Santo Andr\u00e9, em Campo Largo, para um dia de reflex\u00e3o, estudo, partilha e confraterniza\u00e7\u00e3o, coroando com alegria e gratid\u00e3o a Deus todas as atividades realizadas na catequese ao longo do ano. Esse dia de encontro e forma\u00e7\u00e3o foi preparado pela Coordenadora da Pastoral, Rita Kleinke, em conjunto com as irm\u00e3s da Casa de Retiro e o Frei M\u00e1rio Jos\u00e9 Knapik.<\/p>\n<p>Na parte da manh\u00e3, as Irm\u00e3s Maria Cacilda e Elaine conduziram a reflex\u00e3o ao respeito do tempo do advento, com \u00eanfase na Encarna\u00e7\u00e3o do Filho de Deus. Os catequistas puderam fazer uma experi\u00eancia de interioriza\u00e7\u00e3o por meio de momentos formativos da contempla\u00e7\u00e3o da Encarna\u00e7\u00e3o. Houve momentos de medita\u00e7\u00e3o e retirada ao sil\u00eancio, de maneira que os participantes puderam voltar sua aten\u00e7\u00e3o aos sinais desse tempo e, assim como Maria em sua gesta\u00e7\u00e3o se preparou para a vinda do Senhor, cada um p\u00f4de pensar e se comprometer com a\u00e7\u00f5es di\u00e1rias para o Natal do Senhor.<\/p>\n<p>Como destacou Irm\u00e3 Maria Cacilda, \u201ca Encarna\u00e7\u00e3o do Verbo eterno de Deus no seio da Virgem Maria pela a\u00e7\u00e3o do Esp\u00edrito Santo n\u00e3o \u00e9 um ato pontual; \u00e9 o in\u00edcio de um processo que se prolonga por toda a vida de Jesus e que s\u00f3 termina com sua morte, quando Jesus entrega sua vida nas m\u00e3os do Pai. Contemplar a encarna\u00e7\u00e3o \u00e9 ver a humanidade com os olhos de Deus e responder aos apelos do mundo contempor\u00e2neo com ternura e miseric\u00f3rdia\u201d.<\/p>\n<p>No per\u00edodo da tarde, a Coordenadora da catequese conduziu um momento de partilha com os catequistas em rela\u00e7\u00e3o \u00e0 caminhada da catequese neste ano: cada catequista p\u00f4de partilhar fatos e experi\u00eancias marcantes de seu trabalho catequ\u00e9tico. Em seguida, Frei M\u00e1rio presidiu a celebra\u00e7\u00e3o eucar\u00edstica acentuando a miss\u00e3o evangelizadora de cada catequista, fruto do di\u00e1logo, da experi\u00eancia de f\u00e9 com Deus e da viv\u00eancia dos valores crist\u00e3os. Neste tempo do advento em prepara\u00e7\u00e3o ao Natal, permanecemos vigilantes na f\u00e9, na ora\u00e7\u00e3o e atentos aos \u201csinais\u201d da vinda do Senhor. Com esp\u00edrito de gratid\u00e3o, vivamos com entusiasmo, amor e alegria cada dia de nossa vida.<\/p>\n","protected":false},"excerpt":{"rendered":"<p>Projeto Bom Jesus Social<\/p>\n","protected":false},"author":3,"featured_media":192729,"comment_status":"open","ping_status":"open","sticky":false,"template":"","format":"standard","meta":[],"categories":[1],"tags":[260,1116],"acf":[],"yoast_head":"<!-- This site is optimized with the Yoast SEO plugin v19.2 - https:\/\/yoast.com\/wordpress\/plugins\/seo\/ -->\n<title>Trabalho volunt\u00e1rio \u00e9 atividade para formar alunos - Not\u00edcias - Franciscanos<\/title>\n<meta name=\"robots\" content=\"index, follow, max-snippet:-1, max-image-preview:large, max-video-preview:-1\" \/>\n<link rel=\"canonical\" href=\"https:\/\/franciscanos.org.br\/noticias\/trabalho-voluntario-e-atividade-para-formar-alunos.html\" \/>\n<meta property=\"og:locale\" content=\"pt_BR\" \/>\n<meta property=\"og:type\" content=\"article\" \/>\n<meta property=\"og:title\" content=\"Trabalho volunt\u00e1rio \u00e9 atividade para formar alunos - Not\u00edcias - Franciscanos\" \/>\n<meta property=\"og:description\" content=\"Projeto Bom Jesus Social\" \/>\n<meta property=\"og:url\" content=\"https:\/\/franciscanos.org.br\/noticias\/trabalho-voluntario-e-atividade-para-formar-alunos.html\" \/>\n<meta property=\"og:site_name\" content=\"Not\u00edcias - Franciscanos\" \/>\n<meta property=\"article:published_time\" content=\"2018-12-07T11:09:58+00:00\" \/>\n<meta property=\"article:modified_time\" content=\"2020-06-06T16:19:09+00:00\" \/>\n<meta property=\"og:image\" content=\"https:\/\/franciscanos.org.br\/noticias\/wp-content\/uploads\/2018\/12\/bomjesus_101218d.png\" \/>\n\t<meta property=\"og:image:width\" content=\"273\" \/>\n\t<meta property=\"og:image:height\" content=\"181\" \/>\n\t<meta property=\"og:image:type\" content=\"image\/png\" \/>\n<meta name=\"author\" content=\"moacir\" \/>\n<meta name=\"twitter:card\" content=\"summary_large_image\" \/>\n<meta name=\"twitter:label1\" content=\"Escrito por\" \/>\n\t<meta name=\"twitter:data1\" content=\"moacir\" \/>\n\t<meta name=\"twitter:label2\" content=\"Est. tempo de leitura\" \/>\n\t<meta name=\"twitter:data2\" content=\"9 minutos\" \/>\n<script type=\"application\/ld+json\" class=\"yoast-schema-graph\">{\"@context\":\"https:\/\/schema.org\",\"@graph\":[{\"@type\":\"WebSite\",\"@id\":\"https:\/\/franciscanos.org.br\/noticias\/#website\",\"url\":\"https:\/\/franciscanos.org.br\/noticias\/\",\"name\":\"Not\u00edcias - Franciscanos\",\"description\":\"Prov\u00edncia Franciscana da Imaculada Concei\u00e7\u00e3o do Brasil - Ordem dos Frades Menores - OFM\",\"potentialAction\":[{\"@type\":\"SearchAction\",\"target\":{\"@type\":\"EntryPoint\",\"urlTemplate\":\"https:\/\/franciscanos.org.br\/noticias\/?s={search_term_string}\"},\"query-input\":\"required name=search_term_string\"}],\"inLanguage\":\"pt-BR\"},{\"@type\":\"ImageObject\",\"inLanguage\":\"pt-BR\",\"@id\":\"https:\/\/franciscanos.org.br\/noticias\/trabalho-voluntario-e-atividade-para-formar-alunos.html#primaryimage\",\"url\":\"https:\/\/franciscanos.org.br\/noticias\/wp-content\/uploads\/2018\/12\/bomjesus_101218d.png\",\"contentUrl\":\"https:\/\/franciscanos.org.br\/noticias\/wp-content\/uploads\/2018\/12\/bomjesus_101218d.png\",\"width\":273,\"height\":181},{\"@type\":\"WebPage\",\"@id\":\"https:\/\/franciscanos.org.br\/noticias\/trabalho-voluntario-e-atividade-para-formar-alunos.html#webpage\",\"url\":\"https:\/\/franciscanos.org.br\/noticias\/trabalho-voluntario-e-atividade-para-formar-alunos.html\",\"name\":\"Trabalho volunt\u00e1rio \u00e9 atividade para formar alunos - Not\u00edcias - Franciscanos\",\"isPartOf\":{\"@id\":\"https:\/\/franciscanos.org.br\/noticias\/#website\"},\"primaryImageOfPage\":{\"@id\":\"https:\/\/franciscanos.org.br\/noticias\/trabalho-voluntario-e-atividade-para-formar-alunos.html#primaryimage\"},\"datePublished\":\"2018-12-07T11:09:58+00:00\",\"dateModified\":\"2020-06-06T16:19:09+00:00\",\"author\":{\"@id\":\"https:\/\/franciscanos.org.br\/noticias\/#\/schema\/person\/b5c8cba458c330ccff548b056e95a5d4\"},\"breadcrumb\":{\"@id\":\"https:\/\/franciscanos.org.br\/noticias\/trabalho-voluntario-e-atividade-para-formar-alunos.html#breadcrumb\"},\"inLanguage\":\"pt-BR\",\"potentialAction\":[{\"@type\":\"ReadAction\",\"target\":[\"https:\/\/franciscanos.org.br\/noticias\/trabalho-voluntario-e-atividade-para-formar-alunos.html\"]}]},{\"@type\":\"BreadcrumbList\",\"@id\":\"https:\/\/franciscanos.org.br\/noticias\/trabalho-voluntario-e-atividade-para-formar-alunos.html#breadcrumb\",\"itemListElement\":[{\"@type\":\"ListItem\",\"position\":1,\"name\":\"Home\",\"item\":\"https:\/\/franciscanos.org.br\/noticias\"},{\"@type\":\"ListItem\",\"position\":2,\"name\":\"Trabalho volunt\u00e1rio \u00e9 atividade para formar alunos\"}]},{\"@type\":\"Person\",\"@id\":\"https:\/\/franciscanos.org.br\/noticias\/#\/schema\/person\/b5c8cba458c330ccff548b056e95a5d4\",\"name\":\"moacir\",\"image\":{\"@type\":\"ImageObject\",\"inLanguage\":\"pt-BR\",\"@id\":\"https:\/\/franciscanos.org.br\/noticias\/#\/schema\/person\/image\/\",\"url\":\"https:\/\/secure.gravatar.com\/avatar\/d08aa2ce4c8dd416d4479aa8536fcf64?s=96&d=mm&r=g\",\"contentUrl\":\"https:\/\/secure.gravatar.com\/avatar\/d08aa2ce4c8dd416d4479aa8536fcf64?s=96&d=mm&r=g\",\"caption\":\"moacir\"},\"url\":\"https:\/\/franciscanos.org.br\/noticias\/author\/moacir\"}]}<\/script>\n<!-- \/ Yoast SEO plugin. -->","yoast_head_json":{"title":"Trabalho volunt\u00e1rio \u00e9 atividade para formar alunos - Not\u00edcias - Franciscanos","robots":{"index":"index","follow":"follow","max-snippet":"max-snippet:-1","max-image-preview":"max-image-preview:large","max-video-preview":"max-video-preview:-1"},"canonical":"https:\/\/franciscanos.org.br\/noticias\/trabalho-voluntario-e-atividade-para-formar-alunos.html","og_locale":"pt_BR","og_type":"article","og_title":"Trabalho volunt\u00e1rio \u00e9 atividade para formar alunos - Not\u00edcias - Franciscanos","og_description":"Projeto Bom Jesus Social","og_url":"https:\/\/franciscanos.org.br\/noticias\/trabalho-voluntario-e-atividade-para-formar-alunos.html","og_site_name":"Not\u00edcias - Franciscanos","article_published_time":"2018-12-07T11:09:58+00:00","article_modified_time":"2020-06-06T16:19:09+00:00","og_image":[{"width":273,"height":181,"url":"https:\/\/franciscanos.org.br\/noticias\/wp-content\/uploads\/2018\/12\/bomjesus_101218d.png","type":"image\/png"}],"author":"moacir","twitter_card":"summary_large_image","twitter_misc":{"Escrito por":"moacir","Est. tempo de leitura":"9 minutos"},"schema":{"@context":"https:\/\/schema.org","@graph":[{"@type":"WebSite","@id":"https:\/\/franciscanos.org.br\/noticias\/#website","url":"https:\/\/franciscanos.org.br\/noticias\/","name":"Not\u00edcias - Franciscanos","description":"Prov\u00edncia Franciscana da Imaculada Concei\u00e7\u00e3o do Brasil - Ordem dos Frades Menores - OFM","potentialAction":[{"@type":"SearchAction","target":{"@type":"EntryPoint","urlTemplate":"https:\/\/franciscanos.org.br\/noticias\/?s={search_term_string}"},"query-input":"required name=search_term_string"}],"inLanguage":"pt-BR"},{"@type":"ImageObject","inLanguage":"pt-BR","@id":"https:\/\/franciscanos.org.br\/noticias\/trabalho-voluntario-e-atividade-para-formar-alunos.html#primaryimage","url":"https:\/\/franciscanos.org.br\/noticias\/wp-content\/uploads\/2018\/12\/bomjesus_101218d.png","contentUrl":"https:\/\/franciscanos.org.br\/noticias\/wp-content\/uploads\/2018\/12\/bomjesus_101218d.png","width":273,"height":181},{"@type":"WebPage","@id":"https:\/\/franciscanos.org.br\/noticias\/trabalho-voluntario-e-atividade-para-formar-alunos.html#webpage","url":"https:\/\/franciscanos.org.br\/noticias\/trabalho-voluntario-e-atividade-para-formar-alunos.html","name":"Trabalho volunt\u00e1rio \u00e9 atividade para formar alunos - Not\u00edcias - Franciscanos","isPartOf":{"@id":"https:\/\/franciscanos.org.br\/noticias\/#website"},"primaryImageOfPage":{"@id":"https:\/\/franciscanos.org.br\/noticias\/trabalho-voluntario-e-atividade-para-formar-alunos.html#primaryimage"},"datePublished":"2018-12-07T11:09:58+00:00","dateModified":"2020-06-06T16:19:09+00:00","author":{"@id":"https:\/\/franciscanos.org.br\/noticias\/#\/schema\/person\/b5c8cba458c330ccff548b056e95a5d4"},"breadcrumb":{"@id":"https:\/\/franciscanos.org.br\/noticias\/trabalho-voluntario-e-atividade-para-formar-alunos.html#breadcrumb"},"inLanguage":"pt-BR","potentialAction":[{"@type":"ReadAction","target":["https:\/\/franciscanos.org.br\/noticias\/trabalho-voluntario-e-atividade-para-formar-alunos.html"]}]},{"@type":"BreadcrumbList","@id":"https:\/\/franciscanos.org.br\/noticias\/trabalho-voluntario-e-atividade-para-formar-alunos.html#breadcrumb","itemListElement":[{"@type":"ListItem","position":1,"name":"Home","item":"https:\/\/franciscanos.org.br\/noticias"},{"@type":"ListItem","position":2,"name":"Trabalho volunt\u00e1rio \u00e9 atividade para formar alunos"}]},{"@type":"Person","@id":"https:\/\/franciscanos.org.br\/noticias\/#\/schema\/person\/b5c8cba458c330ccff548b056e95a5d4","name":"moacir","image":{"@type":"ImageObject","inLanguage":"pt-BR","@id":"https:\/\/franciscanos.org.br\/noticias\/#\/schema\/person\/image\/","url":"https:\/\/secure.gravatar.com\/avatar\/d08aa2ce4c8dd416d4479aa8536fcf64?s=96&d=mm&r=g","contentUrl":"https:\/\/secure.gravatar.com\/avatar\/d08aa2ce4c8dd416d4479aa8536fcf64?s=96&d=mm&r=g","caption":"moacir"},"url":"https:\/\/franciscanos.org.br\/noticias\/author\/moacir"}]}},"_links":{"self":[{"href":"https:\/\/franciscanos.org.br\/noticias\/wp-json\/wp\/v2\/posts\/192727"}],"collection":[{"href":"https:\/\/franciscanos.org.br\/noticias\/wp-json\/wp\/v2\/posts"}],"about":[{"href":"https:\/\/franciscanos.org.br\/noticias\/wp-json\/wp\/v2\/types\/post"}],"author":[{"embeddable":true,"href":"https:\/\/franciscanos.org.br\/noticias\/wp-json\/wp\/v2\/users\/3"}],"replies":[{"embeddable":true,"href":"https:\/\/franciscanos.org.br\/noticias\/wp-json\/wp\/v2\/comments?post=192727"}],"version-history":[{"count":1,"href":"https:\/\/franciscanos.org.br\/noticias\/wp-json\/wp\/v2\/posts\/192727\/revisions"}],"predecessor-version":[{"id":224628,"href":"https:\/\/franciscanos.org.br\/noticias\/wp-json\/wp\/v2\/posts\/192727\/revisions\/224628"}],"wp:featuredmedia":[{"embeddable":true,"href":"https:\/\/franciscanos.org.br\/noticias\/wp-json\/wp\/v2\/media\/192729"}],"wp:attachment":[{"href":"https:\/\/franciscanos.org.br\/noticias\/wp-json\/wp\/v2\/media?parent=192727"}],"wp:term":[{"taxonomy":"category","embeddable":true,"href":"https:\/\/franciscanos.org.br\/noticias\/wp-json\/wp\/v2\/categories?post=192727"},{"taxonomy":"post_tag","embeddable":true,"href":"https:\/\/franciscanos.org.br\/noticias\/wp-json\/wp\/v2\/tags?post=192727"}],"curies":[{"name":"wp","href":"https:\/\/api.w.org\/{rel}","templated":true}]}}