{"id":192612,"date":"2018-12-08T11:04:20","date_gmt":"2018-12-08T13:04:20","guid":{"rendered":"https:\/\/franciscanos.org.br\/noticias\/?p=192612"},"modified":"2020-06-06T13:17:06","modified_gmt":"2020-06-06T16:17:06","slug":"angelus-viver-confiando-em-deus-em-tudo-eis-o-segredo-da-vida","status":"publish","type":"post","link":"https:\/\/franciscanos.org.br\/noticias\/angelus-viver-confiando-em-deus-em-tudo-eis-o-segredo-da-vida.html","title":{"rendered":"Angelus: &#8220;Viver confiando em Deus em tudo, eis o segredo da vida&#8221;"},"content":{"rendered":"<p><img loading=\"lazy\" class=\"alignnone wp-image-192614 size-full\" src=\"https:\/\/franciscanos.org.br\/noticias\/wp-content\/uploads\/2018\/12\/papa_angelus_081218.jpg\" alt=\"\" width=\"890\" height=\"400\" srcset=\"https:\/\/franciscanos.org.br\/noticias\/wp-content\/uploads\/2018\/12\/papa_angelus_081218.jpg 890w, https:\/\/franciscanos.org.br\/noticias\/wp-content\/uploads\/2018\/12\/papa_angelus_081218-450x202.jpg 450w, https:\/\/franciscanos.org.br\/noticias\/wp-content\/uploads\/2018\/12\/papa_angelus_081218-768x345.jpg 768w, https:\/\/franciscanos.org.br\/noticias\/wp-content\/uploads\/2018\/12\/papa_angelus_081218-150x67.jpg 150w\" sizes=\"(max-width: 890px) 100vw, 890px\" \/><\/p>\n<p><strong>Cidade do Vaticano &#8211;\u00a0<\/strong>&#8220;Estar com Deus n\u00e3o resolve magicamente os problemas. Mas Maria confia em Deus diante dos problemas\u201d. Foi o que disse o Papa Francisco antes de rezar a ora\u00e7\u00e3o mariana do Angelus na Solenidade da Imaculada Concei\u00e7\u00e3o com o fi\u00e9is e peregrinos reunidos na Pra\u00e7a de S\u00e3o Pedro provenientes de todo o mundo.<\/p>\n<p>&#8220;Eis um comportamento s\u00e1bio: n\u00e3o viver dependendo dos problemas \u2013 quando termina um, se apresenta outro! &#8211; mas confiando em Deus e confiando-se todos os dias a Ele: Eis-me aqui! Pe\u00e7amos \u00e0 Imaculada a gra\u00e7a de viver assim&#8221;, exortou o Papa.<\/p>\n<p>Comentando a p\u00e1gina do Evangelho do dia, o Papa recorda Eis-me \u00e9 a palavra-chave da vida. Marca a passagem de uma vida horizontal, centralizada em si mesmo nas suas pr\u00f3prias necessidades, a uma vida vertical lan\u00e7ada na dire\u00e7\u00e3o de Deus.<\/p>\n<p>&#8220;Eis-me \u00e9 estar dispon\u00edvel ao Senhor, \u00e9 a cura para o ego\u00edsmo, o ant\u00eddoto a uma vida insatisfeita, na qual sempre falta alguma coisa. Eis-me \u00e9 o rem\u00e9dio contra o envelhecimento do pecado, \u00e9 a terapia para ficar jovem dentro. Eis-me \u00e9 crer que Deus conta mais do que o meu eu. \u00c9 apostar tudo no Senhor, d\u00f3cil \u00e0s suas surpresas. Por isso dizer-lhe eis-me \u00e9 o maior louvor que podemos lhe oferecer. Por que n\u00e3o come\u00e7ar assim todos os nossos dias? Seria belo, todas as manh\u00e3s dizer: \u201cEis-me, Senhor, hoje fa\u00e7a-se em mim segundo a tua vontade\u201d.<\/p>\n<p>O Papa nos convida a tomar como exemplo Maria:\u00a0\u201cMaria n\u00e3o ama o Senhor de vez em quando, com interrup\u00e7\u00f5es. Vive confiando em Deus em tudo e para tudo. Eis o segredo da vida. Tudo pode quem confia em Deus para tudo. Por\u00e9m o Senhor, caros irm\u00e3os e irm\u00e3s, sofre quando lhe respondemos como Ad\u00e3o: \u201ctenho medo e me escondi\u201d. Deus \u00e9 Pai, o mais d\u00f3cil dos pais, e deseja a confian\u00e7a dos filhos. No entanto, quantas vezes suspeitamos d\u2019Ele, pensamos que possa nos mandar alguma prova, privar-nos da liberdade, abandonarmos. Mas esse \u00e9 um grande engano, \u00e9 a tenta\u00e7\u00e3o das origens, a tenta\u00e7\u00e3o do diabo: insinuar a desconfian\u00e7a em Deus&#8221;. Maria, &#8211; continuou o Papa &#8211; vence esta primeira tenta\u00e7\u00e3o com o seu eis-me. E hoje olhamos para a beleza de Nossa Senhora, nascida e vivida sem pecado, sempre d\u00f3cil e transparente a Deus.<\/p>\n<p>\u201cIsso n\u00e3o quer dizer que para ela a vida tenha sido f\u00e1cil. Estar com Deus n\u00e3o resolve magicamente os problemas. A conclus\u00e3o do Evangelho de hoje recorda isso: \u201cO Anjo afastou-se dela\u201d. Afastou-se: \u00e9 um verbo forte. O anjo deixa a Virgem sozinha em uma situa\u00e7\u00e3o dif\u00edcil. Ela sabia o modo particular com o qual seria M\u00e3e de Deus, mas o anjo n\u00e3o tinha explicado aos outros. E os problemas logo come\u00e7aram: pensemos na situa\u00e7\u00e3o irregular segundo a lei, \u00e1 ang\u00fastia de S\u00e3o Jos\u00e9, aos planos de vida que acabaram, o que diriam as pessoas\u2026&#8221;<\/p>\n<p>Mas Maria, finalizou o Papa, confia em Deus, diante dos seus problemas. Foi deixada pelo anjo, mas acredita que com ela, nela, ficou Deus. E confia. Est\u00e1 certa que com o Senhor, mesmo de modo inesperado, tudo vai dar certo.<\/p>\n<h2><strong>Homenagem do Papa \u00e0 Imaculada Concei\u00e7\u00e3o<\/strong><\/h2>\n<p><img loading=\"lazy\" class=\"alignnone wp-image-192698 size-full\" src=\"https:\/\/franciscanos.org.br\/noticias\/wp-content\/uploads\/2018\/12\/papa-imaculada_081218.jpg\" alt=\"\" width=\"890\" height=\"480\" srcset=\"https:\/\/franciscanos.org.br\/noticias\/wp-content\/uploads\/2018\/12\/papa-imaculada_081218.jpg 890w, https:\/\/franciscanos.org.br\/noticias\/wp-content\/uploads\/2018\/12\/papa-imaculada_081218-450x243.jpg 450w, https:\/\/franciscanos.org.br\/noticias\/wp-content\/uploads\/2018\/12\/papa-imaculada_081218-768x414.jpg 768w, https:\/\/franciscanos.org.br\/noticias\/wp-content\/uploads\/2018\/12\/papa-imaculada_081218-150x81.jpg 150w\" sizes=\"(max-width: 890px) 100vw, 890px\" \/><\/p>\n<p>Na solenidade da Imaculada Concei\u00e7\u00e3o, dogma definido pelo Papa Pio IX em 8 de dezembro de 1854, tamb\u00e9m neste ano o Papa Francisco prestou homenagem \u00e0 Virgem no cora\u00e7\u00e3o de Roma, levando consigo a vida e os sofrimentos dos habitantes da cidade. Um ato de venera\u00e7\u00e3o \u00e0 Imaculada, a dos Papas, que tem uma longa hist\u00f3ria. Francisco foi recebido pelo cardeal vig\u00e1rio Angelo De Donatis e pelas autoridades civis. Aos p\u00e9s do grande monumento onde est\u00e1 a est\u00e1tua, foi deposta a homenagem floral. Os primeiros a deporem a coroa de flores nos bra\u00e7os de Nossa Senhora, nesta manh\u00e3, como tradi\u00e7\u00e3o, foram os bombeiros.<\/p>\n<p><strong>Enfrentar os inconvenientes da vida cotidiana com paci\u00eancia<\/strong><br \/>\nEm sil\u00eancio, ao redor do Papa, uma multid\u00e3o de fi\u00e9is. Na ora\u00e7\u00e3o, o seu pensamento vai antes de tudo aos doentes e \u00e0queles que &#8220;sofrem por v\u00e1rias circunst\u00e2ncias para ir adiante e \u00e0quela &#8220;aquela gra\u00e7a ordin\u00e1ria&#8221; que a Virgem faz aos que vivem em Roma: &#8220;enfrentar com paci\u00eancia as dificuldades do dia a dia&#8221;.<\/p>\n<p><em>Eis na \u00edntegra a Ora\u00e7\u00e3o do Papa Francisco:<\/em><\/p>\n<p><strong>Ora\u00e7\u00e3o \u00e0 Maria Imaculada<\/strong><\/p>\n<p>M\u00e3e Imaculada,<br \/>\nNo dia da tua festa, t\u00e3o amada pelo povo crist\u00e3o,<br \/>\nVenho homenagear-te no cora\u00e7\u00e3o de Roma.<br \/>\nTrago na minha alma os fi\u00e9is desta Igreja<br \/>\ne todos os que vivem nesta cidade, especialmente os doentes<br \/>\ne os que sofrem por v\u00e1rias circunst\u00e2ncias para ir adiante.<\/p>\n<p>Antes de tudo quero te agradecer<br \/>\npela bondade materna com a qual acompanha nosso caminho:<br \/>\nv\u00e1rias vezes ouvimos narra\u00e7\u00f5es com l\u00e1grimas nos olhos<br \/>\ndos que receberam a tua intercess\u00e3o,<br \/>\nas gra\u00e7as que pedes para n\u00f3s ao teu Filho Jesus!<\/p>\n<p>Penso tamb\u00e9m a uma gra\u00e7a extraordin\u00e1ria que recebem os que vivem em Roma:<br \/>\na de enfrentar com paci\u00eancia as dificuldades do dia a dia.<br \/>\nMas por isso te pedimos a for\u00e7a de n\u00e3o nos resignarmos, ao contr\u00e1rio,<br \/>\nde fazer com que todos fa\u00e7am diariamente a pr\u00f3pria parte para melhorar a situa\u00e7\u00e3o,<br \/>\npara que o cuidado de cada um torne Roma mais bela e habit\u00e1vel para todos;<br \/>\npara que o dever bem fato por cada um, garanta os direitos de todos.<\/p>\n<p>E pensando ao bem comum desta cidade,<br \/>\nte pedimos pelos que t\u00eam maiores responsabilidades:<br \/>\nobtenha para eles sabedoria, clarivid\u00eancia, esp\u00edrito de servi\u00e7o e de colabora\u00e7\u00e3o.<\/p>\n<p>Virgem Santa,<br \/>\nDesejo confiar a ti de modo particular os sacerdotes desta Diocese:<br \/>\nos p\u00e1rocos, os vice-p\u00e1rocos, os padres idosos que com o cora\u00e7\u00e3o de pastores<br \/>\ncontinuam a trabalhar ao servi\u00e7o do povo de Deus,<br \/>\naos muitos sacerdotes estudantes de todas as partes do mundo que colaboram nas par\u00f3quias.<\/p>\n<p>Para todos eles te pe\u00e7o a doce alegria de evangelizar<br \/>\nE o dom de serem pais, pr\u00f3ximos do povo, misericordiosos.<br \/>\nA ti, Mulher toda consagrada a Deus, confio as mulheres consagradas na vida religiosa e na secular,<br \/>\nque gra\u00e7as a Deus, em Roma s\u00e3o muitas, mais do que em outra cidade do mundo,<br \/>\nformando um maravilhoso mosaico de nacionalidades e culturas.<br \/>\nPara elas te pe\u00e7o a alegria de serem como tu, esposas e m\u00e3es,<br \/>\nfecundas na ora\u00e7\u00e3o, na caridade, na compaix\u00e3o.<\/p>\n<p>\u00d3 M\u00e3e de Jesus,<br \/>\nPe\u00e7o ainda, por \u00faltimo, neste tempo de Advento<br \/>\nPensando nos dias em que tu e Jos\u00e9 estavam ansiosos<br \/>\npelo iminente nascimento do seu menino,<br \/>\npreocupados porque havia o censo e voc\u00eas deveriam deixar a sua cidade, Nazar\u00e9, para ir a Bel\u00e9m\u2026<\/p>\n<p>Tu sabes o que quer dizer ter uma vida no ventre<br \/>\ne sentir ao redor a indiferen\u00e7a, a rejei\u00e7\u00e3o, \u00e0s vezes o desprezo.<br \/>\nPor isso te pe\u00e7o para estar pr\u00f3xima das fam\u00edlias que hoje<br \/>\nem Roma, na It\u00e1lia, no mundo inteiro sofrem semelhantes situa\u00e7\u00f5es,<br \/>\npara que n\u00e3o sejam abandonadas a si mesmas. Mas tuteladas em seus direitos,<br \/>\ndireitos humanos que s\u00e3o prioridades antes de qualquer leg\u00edtima exig\u00eancia.<\/p>\n<p>\u00d3 Maria Imaculada,<br \/>\nautora de esperan\u00e7a no horizonte da humanidade,<br \/>\nvigie sobre esta cidade,<br \/>\nsobre as casas, as escolas, os escrit\u00f3rios, as lojas,<br \/>\nas f\u00e1bricas, os hospitais, as pris\u00f5es<br \/>\nque em nenhum lugar falte o que Roma tem de mais precioso,<br \/>\ne que conserva para o mundo inteiro, o testamento de Jesus:<br \/>\n\u201cAmai-vos uns aos outros, como eu vos amei\u201d (cf. Jo 13, 34)<\/p>\n<p>No final da ora\u00e7\u00e3o, o Papa fez uma breve parada na sede do jornal romano &#8220;Il Messaggero&#8221;, na via del Tritone, para saudar os dirigentes e funcion\u00e1rios. Este ano o jornal fesgteja 140 anos de vida.<\/p>\n<hr \/>\n<p><strong>FONTE: <a href=\"https:\/\/www.vaticannews.va\/pt.html\">Vaticans News<\/a><\/strong><\/p>\n","protected":false},"excerpt":{"rendered":"<p>Angelus<\/p>\n","protected":false},"author":5,"featured_media":192616,"comment_status":"open","ping_status":"open","sticky":false,"template":"","format":"standard","meta":[],"categories":[1428],"tags":[403,817],"acf":[],"yoast_head":"<!-- This site is optimized with the Yoast SEO plugin v19.2 - https:\/\/yoast.com\/wordpress\/plugins\/seo\/ -->\n<title>Angelus: &quot;Viver confiando em Deus em tudo, eis o segredo da vida&quot; - Not\u00edcias - Franciscanos<\/title>\n<meta name=\"robots\" content=\"index, follow, max-snippet:-1, max-image-preview:large, max-video-preview:-1\" \/>\n<link rel=\"canonical\" href=\"https:\/\/franciscanos.org.br\/noticias\/angelus-viver-confiando-em-deus-em-tudo-eis-o-segredo-da-vida.html\" \/>\n<meta property=\"og:locale\" content=\"pt_BR\" \/>\n<meta property=\"og:type\" content=\"article\" \/>\n<meta property=\"og:title\" content=\"Angelus: &quot;Viver confiando em Deus em tudo, eis o segredo da vida&quot; - Not\u00edcias - Franciscanos\" \/>\n<meta property=\"og:description\" content=\"Angelus\" \/>\n<meta property=\"og:url\" content=\"https:\/\/franciscanos.org.br\/noticias\/angelus-viver-confiando-em-deus-em-tudo-eis-o-segredo-da-vida.html\" \/>\n<meta property=\"og:site_name\" content=\"Not\u00edcias - Franciscanos\" \/>\n<meta property=\"article:published_time\" content=\"2018-12-08T13:04:20+00:00\" \/>\n<meta property=\"article:modified_time\" content=\"2020-06-06T16:17:06+00:00\" \/>\n<meta property=\"og:image\" content=\"https:\/\/franciscanos.org.br\/noticias\/wp-content\/uploads\/2018\/12\/papa_angelus_081218_1.jpg\" \/>\n\t<meta property=\"og:image:width\" content=\"273\" \/>\n\t<meta property=\"og:image:height\" content=\"181\" \/>\n\t<meta property=\"og:image:type\" content=\"image\/jpeg\" \/>\n<meta name=\"author\" content=\"freiaugusto\" \/>\n<meta name=\"twitter:card\" content=\"summary_large_image\" \/>\n<meta name=\"twitter:label1\" content=\"Escrito por\" \/>\n\t<meta name=\"twitter:data1\" content=\"freiaugusto\" \/>\n\t<meta name=\"twitter:label2\" content=\"Est. tempo de leitura\" \/>\n\t<meta name=\"twitter:data2\" content=\"7 minutos\" \/>\n<script type=\"application\/ld+json\" class=\"yoast-schema-graph\">{\"@context\":\"https:\/\/schema.org\",\"@graph\":[{\"@type\":\"WebSite\",\"@id\":\"https:\/\/franciscanos.org.br\/noticias\/#website\",\"url\":\"https:\/\/franciscanos.org.br\/noticias\/\",\"name\":\"Not\u00edcias - Franciscanos\",\"description\":\"Prov\u00edncia Franciscana da Imaculada Concei\u00e7\u00e3o do Brasil - Ordem dos Frades Menores - OFM\",\"potentialAction\":[{\"@type\":\"SearchAction\",\"target\":{\"@type\":\"EntryPoint\",\"urlTemplate\":\"https:\/\/franciscanos.org.br\/noticias\/?s={search_term_string}\"},\"query-input\":\"required name=search_term_string\"}],\"inLanguage\":\"pt-BR\"},{\"@type\":\"ImageObject\",\"inLanguage\":\"pt-BR\",\"@id\":\"https:\/\/franciscanos.org.br\/noticias\/angelus-viver-confiando-em-deus-em-tudo-eis-o-segredo-da-vida.html#primaryimage\",\"url\":\"https:\/\/franciscanos.org.br\/noticias\/wp-content\/uploads\/2018\/12\/papa_angelus_081218_1.jpg\",\"contentUrl\":\"https:\/\/franciscanos.org.br\/noticias\/wp-content\/uploads\/2018\/12\/papa_angelus_081218_1.jpg\",\"width\":273,\"height\":181},{\"@type\":\"WebPage\",\"@id\":\"https:\/\/franciscanos.org.br\/noticias\/angelus-viver-confiando-em-deus-em-tudo-eis-o-segredo-da-vida.html#webpage\",\"url\":\"https:\/\/franciscanos.org.br\/noticias\/angelus-viver-confiando-em-deus-em-tudo-eis-o-segredo-da-vida.html\",\"name\":\"Angelus: \\\"Viver confiando em Deus em tudo, eis o segredo da vida\\\" - Not\u00edcias - Franciscanos\",\"isPartOf\":{\"@id\":\"https:\/\/franciscanos.org.br\/noticias\/#website\"},\"primaryImageOfPage\":{\"@id\":\"https:\/\/franciscanos.org.br\/noticias\/angelus-viver-confiando-em-deus-em-tudo-eis-o-segredo-da-vida.html#primaryimage\"},\"datePublished\":\"2018-12-08T13:04:20+00:00\",\"dateModified\":\"2020-06-06T16:17:06+00:00\",\"author\":{\"@id\":\"https:\/\/franciscanos.org.br\/noticias\/#\/schema\/person\/37f88f0d111cd5358b12a6556a99eb91\"},\"breadcrumb\":{\"@id\":\"https:\/\/franciscanos.org.br\/noticias\/angelus-viver-confiando-em-deus-em-tudo-eis-o-segredo-da-vida.html#breadcrumb\"},\"inLanguage\":\"pt-BR\",\"potentialAction\":[{\"@type\":\"ReadAction\",\"target\":[\"https:\/\/franciscanos.org.br\/noticias\/angelus-viver-confiando-em-deus-em-tudo-eis-o-segredo-da-vida.html\"]}]},{\"@type\":\"BreadcrumbList\",\"@id\":\"https:\/\/franciscanos.org.br\/noticias\/angelus-viver-confiando-em-deus-em-tudo-eis-o-segredo-da-vida.html#breadcrumb\",\"itemListElement\":[{\"@type\":\"ListItem\",\"position\":1,\"name\":\"Home\",\"item\":\"https:\/\/franciscanos.org.br\/noticias\"},{\"@type\":\"ListItem\",\"position\":2,\"name\":\"Angelus: &#8220;Viver confiando em Deus em tudo, eis o segredo da vida&#8221;\"}]},{\"@type\":\"Person\",\"@id\":\"https:\/\/franciscanos.org.br\/noticias\/#\/schema\/person\/37f88f0d111cd5358b12a6556a99eb91\",\"name\":\"freiaugusto\",\"image\":{\"@type\":\"ImageObject\",\"inLanguage\":\"pt-BR\",\"@id\":\"https:\/\/franciscanos.org.br\/noticias\/#\/schema\/person\/image\/\",\"url\":\"https:\/\/secure.gravatar.com\/avatar\/9840b940e621801b24f3e6b059efb4b7?s=96&d=mm&r=g\",\"contentUrl\":\"https:\/\/secure.gravatar.com\/avatar\/9840b940e621801b24f3e6b059efb4b7?s=96&d=mm&r=g\",\"caption\":\"freiaugusto\"},\"url\":\"https:\/\/franciscanos.org.br\/noticias\/author\/freiaugusto\"}]}<\/script>\n<!-- \/ Yoast SEO plugin. -->","yoast_head_json":{"title":"Angelus: \"Viver confiando em Deus em tudo, eis o segredo da vida\" - Not\u00edcias - Franciscanos","robots":{"index":"index","follow":"follow","max-snippet":"max-snippet:-1","max-image-preview":"max-image-preview:large","max-video-preview":"max-video-preview:-1"},"canonical":"https:\/\/franciscanos.org.br\/noticias\/angelus-viver-confiando-em-deus-em-tudo-eis-o-segredo-da-vida.html","og_locale":"pt_BR","og_type":"article","og_title":"Angelus: \"Viver confiando em Deus em tudo, eis o segredo da vida\" - Not\u00edcias - Franciscanos","og_description":"Angelus","og_url":"https:\/\/franciscanos.org.br\/noticias\/angelus-viver-confiando-em-deus-em-tudo-eis-o-segredo-da-vida.html","og_site_name":"Not\u00edcias - Franciscanos","article_published_time":"2018-12-08T13:04:20+00:00","article_modified_time":"2020-06-06T16:17:06+00:00","og_image":[{"width":273,"height":181,"url":"https:\/\/franciscanos.org.br\/noticias\/wp-content\/uploads\/2018\/12\/papa_angelus_081218_1.jpg","type":"image\/jpeg"}],"author":"freiaugusto","twitter_card":"summary_large_image","twitter_misc":{"Escrito por":"freiaugusto","Est. tempo de leitura":"7 minutos"},"schema":{"@context":"https:\/\/schema.org","@graph":[{"@type":"WebSite","@id":"https:\/\/franciscanos.org.br\/noticias\/#website","url":"https:\/\/franciscanos.org.br\/noticias\/","name":"Not\u00edcias - Franciscanos","description":"Prov\u00edncia Franciscana da Imaculada Concei\u00e7\u00e3o do Brasil - Ordem dos Frades Menores - OFM","potentialAction":[{"@type":"SearchAction","target":{"@type":"EntryPoint","urlTemplate":"https:\/\/franciscanos.org.br\/noticias\/?s={search_term_string}"},"query-input":"required name=search_term_string"}],"inLanguage":"pt-BR"},{"@type":"ImageObject","inLanguage":"pt-BR","@id":"https:\/\/franciscanos.org.br\/noticias\/angelus-viver-confiando-em-deus-em-tudo-eis-o-segredo-da-vida.html#primaryimage","url":"https:\/\/franciscanos.org.br\/noticias\/wp-content\/uploads\/2018\/12\/papa_angelus_081218_1.jpg","contentUrl":"https:\/\/franciscanos.org.br\/noticias\/wp-content\/uploads\/2018\/12\/papa_angelus_081218_1.jpg","width":273,"height":181},{"@type":"WebPage","@id":"https:\/\/franciscanos.org.br\/noticias\/angelus-viver-confiando-em-deus-em-tudo-eis-o-segredo-da-vida.html#webpage","url":"https:\/\/franciscanos.org.br\/noticias\/angelus-viver-confiando-em-deus-em-tudo-eis-o-segredo-da-vida.html","name":"Angelus: \"Viver confiando em Deus em tudo, eis o segredo da vida\" - Not\u00edcias - Franciscanos","isPartOf":{"@id":"https:\/\/franciscanos.org.br\/noticias\/#website"},"primaryImageOfPage":{"@id":"https:\/\/franciscanos.org.br\/noticias\/angelus-viver-confiando-em-deus-em-tudo-eis-o-segredo-da-vida.html#primaryimage"},"datePublished":"2018-12-08T13:04:20+00:00","dateModified":"2020-06-06T16:17:06+00:00","author":{"@id":"https:\/\/franciscanos.org.br\/noticias\/#\/schema\/person\/37f88f0d111cd5358b12a6556a99eb91"},"breadcrumb":{"@id":"https:\/\/franciscanos.org.br\/noticias\/angelus-viver-confiando-em-deus-em-tudo-eis-o-segredo-da-vida.html#breadcrumb"},"inLanguage":"pt-BR","potentialAction":[{"@type":"ReadAction","target":["https:\/\/franciscanos.org.br\/noticias\/angelus-viver-confiando-em-deus-em-tudo-eis-o-segredo-da-vida.html"]}]},{"@type":"BreadcrumbList","@id":"https:\/\/franciscanos.org.br\/noticias\/angelus-viver-confiando-em-deus-em-tudo-eis-o-segredo-da-vida.html#breadcrumb","itemListElement":[{"@type":"ListItem","position":1,"name":"Home","item":"https:\/\/franciscanos.org.br\/noticias"},{"@type":"ListItem","position":2,"name":"Angelus: &#8220;Viver confiando em Deus em tudo, eis o segredo da vida&#8221;"}]},{"@type":"Person","@id":"https:\/\/franciscanos.org.br\/noticias\/#\/schema\/person\/37f88f0d111cd5358b12a6556a99eb91","name":"freiaugusto","image":{"@type":"ImageObject","inLanguage":"pt-BR","@id":"https:\/\/franciscanos.org.br\/noticias\/#\/schema\/person\/image\/","url":"https:\/\/secure.gravatar.com\/avatar\/9840b940e621801b24f3e6b059efb4b7?s=96&d=mm&r=g","contentUrl":"https:\/\/secure.gravatar.com\/avatar\/9840b940e621801b24f3e6b059efb4b7?s=96&d=mm&r=g","caption":"freiaugusto"},"url":"https:\/\/franciscanos.org.br\/noticias\/author\/freiaugusto"}]}},"_links":{"self":[{"href":"https:\/\/franciscanos.org.br\/noticias\/wp-json\/wp\/v2\/posts\/192612"}],"collection":[{"href":"https:\/\/franciscanos.org.br\/noticias\/wp-json\/wp\/v2\/posts"}],"about":[{"href":"https:\/\/franciscanos.org.br\/noticias\/wp-json\/wp\/v2\/types\/post"}],"author":[{"embeddable":true,"href":"https:\/\/franciscanos.org.br\/noticias\/wp-json\/wp\/v2\/users\/5"}],"replies":[{"embeddable":true,"href":"https:\/\/franciscanos.org.br\/noticias\/wp-json\/wp\/v2\/comments?post=192612"}],"version-history":[{"count":1,"href":"https:\/\/franciscanos.org.br\/noticias\/wp-json\/wp\/v2\/posts\/192612\/revisions"}],"predecessor-version":[{"id":224626,"href":"https:\/\/franciscanos.org.br\/noticias\/wp-json\/wp\/v2\/posts\/192612\/revisions\/224626"}],"wp:featuredmedia":[{"embeddable":true,"href":"https:\/\/franciscanos.org.br\/noticias\/wp-json\/wp\/v2\/media\/192616"}],"wp:attachment":[{"href":"https:\/\/franciscanos.org.br\/noticias\/wp-json\/wp\/v2\/media?parent=192612"}],"wp:term":[{"taxonomy":"category","embeddable":true,"href":"https:\/\/franciscanos.org.br\/noticias\/wp-json\/wp\/v2\/categories?post=192612"},{"taxonomy":"post_tag","embeddable":true,"href":"https:\/\/franciscanos.org.br\/noticias\/wp-json\/wp\/v2\/tags?post=192612"}],"curies":[{"name":"wp","href":"https:\/\/api.w.org\/{rel}","templated":true}]}}