{"id":192484,"date":"2015-12-08T15:26:11","date_gmt":"2015-12-08T17:26:11","guid":{"rendered":"https:\/\/franciscanos.org.br\/noticias\/?p=192484"},"modified":"2020-02-17T12:54:09","modified_gmt":"2020-02-17T15:54:09","slug":"um-dia-muito-solene-para-a-provincia-da-imaculada","status":"publish","type":"post","link":"https:\/\/franciscanos.org.br\/noticias\/um-dia-muito-solene-para-a-provincia-da-imaculada.html","title":{"rendered":"Um dia muito solene para a Prov\u00edncia da Imaculada"},"content":{"rendered":"<p><img loading=\"lazy\" class=\"alignnone wp-image-192491 size-full\" src=\"https:\/\/franciscanos.org.br\/noticias\/wp-content\/uploads\/2018\/12\/jubileus_rondinha-1.jpg\" alt=\"\" width=\"890\" height=\"600\" srcset=\"https:\/\/franciscanos.org.br\/noticias\/wp-content\/uploads\/2018\/12\/jubileus_rondinha-1.jpg 890w, https:\/\/franciscanos.org.br\/noticias\/wp-content\/uploads\/2018\/12\/jubileus_rondinha-1-450x303.jpg 450w, https:\/\/franciscanos.org.br\/noticias\/wp-content\/uploads\/2018\/12\/jubileus_rondinha-1-768x518.jpg 768w, https:\/\/franciscanos.org.br\/noticias\/wp-content\/uploads\/2018\/12\/jubileus_rondinha-1-150x101.jpg 150w\" sizes=\"(max-width: 890px) 100vw, 890px\" \/><\/p>\n<p><strong>Frei Augusto Luiz Gabriel e Moacir Beggo<\/strong><\/p>\n<p>Um dia pleno de simbolismos neste 8 de dezembro de 2015, solenidade da Imaculada Concei\u00e7\u00e3o de Maria. Para os franciscanos, a festa \u00e9 dupla porque Maria Imaculada \u00e9 Padroeira da Ordem Franciscana e desta Prov\u00edncia. N\u00e3o bastasse isso, hoje, o tom solene subiu ainda mais na Fraternidade Franciscana S\u00e3o Boaventura, em Rondinha, por ocasi\u00e3o da celebra\u00e7\u00e3o dos Jubileus de Vida Religiosa e Sacerdotal da Prov\u00edncia, exatamente no dia em que o Papa Francisco declarou aberto o Ano Santo da Miseric\u00f3rdia.<\/p>\n<p>A festa foi completa porque um dos confrades mais queridos e um dos mais idosos da Prov\u00edncia, Dom Paulo Evaristo Arns &#8211; que completou 94 anos em agosto \u00faltimo &#8211; celebrou os seus jubileus de 75 anos de vida religiosa e 70 anos de vida sacerdotal marcando presen\u00e7a em Rondinha.<\/p>\n<p>O Ministro Provincial Frei Fid\u00eancio Vanboemmel presidiu a celebra\u00e7\u00e3o \u00e0s 10 horas, encerrando o encontro dos frades jubilandos em 2015, tanto de vida religiosa como de vida sacerdotal. A celebra\u00e7\u00e3o tamb\u00e9m marcou a renova\u00e7\u00e3o de votos dos frades de profiss\u00e3o tempor\u00e1ria do tempo de Filosofia. &#8220;E hoje neste dia solene, a nossa Prov\u00edncia aqui se re\u00fane para agradecer. Agradecer a Deus e a sua M\u00e3e sant\u00edssima pela vida religiosa e sacerdotal dos nossos irm\u00e3os&#8221;, adiantou Frei Fid\u00eancio.<\/p>\n<p><img loading=\"lazy\" class=\"alignnone wp-image-192494 size-full\" src=\"https:\/\/franciscanos.org.br\/noticias\/wp-content\/uploads\/2015\/12\/jubileus_rondinha_2.jpg\" alt=\"\" width=\"890\" height=\"400\" srcset=\"https:\/\/franciscanos.org.br\/noticias\/wp-content\/uploads\/2015\/12\/jubileus_rondinha_2.jpg 890w, https:\/\/franciscanos.org.br\/noticias\/wp-content\/uploads\/2015\/12\/jubileus_rondinha_2-450x202.jpg 450w, https:\/\/franciscanos.org.br\/noticias\/wp-content\/uploads\/2015\/12\/jubileus_rondinha_2-768x345.jpg 768w, https:\/\/franciscanos.org.br\/noticias\/wp-content\/uploads\/2015\/12\/jubileus_rondinha_2-150x67.jpg 150w\" sizes=\"(max-width: 890px) 100vw, 890px\" \/><\/p>\n<p>O Ministro Provincial exortou os jovens frades a se motivarem vendo os testemunhos dos jubilandos. &#8220;Esses jubileus s\u00e3o uma provoca\u00e7\u00e3o para a nossa juventude franciscana. Que este momento seja uma inje\u00e7\u00e3o de \u00e2nimo para continuarem firmes, alegres e joviais no seguimento de Jesus Cristo como S\u00e3o Francisco de Assis&#8221;, observou Frei Fid\u00eancio, que tamb\u00e9m presidiu as Laudes, rezando em sintonia com o Papa Francisco na abertura do Ano Santo. Depois de ler alguns trechos da bula Misericordiae Vultus (O Rosto da Miseric\u00f3rdia), Frei Fid\u00eancio convidou os tr\u00eas frades de profiss\u00e3o tempor\u00e1ria &#8211; Frei Jhones Lucas Martins, Frei Jefferson Max Nunes Maciel e Frei Junior Mendes &#8211; e que far\u00e3o, no pr\u00f3ximo ano, a experi\u00eancia mission\u00e1ria em Angola, para que, num ato simb\u00f3lico, abrissem a porta da Capela da Fraternidade de Rondinha e levassem ao continente africano este rosto da miseric\u00f3rdia.<\/p>\n<p>&#8220;Creio que cada confrade nesta manh\u00e3, ao renovar a sua profiss\u00e3o, e aos jovens, que tamb\u00e9m v\u00e3o renovar os votos, cada um vai dizer: &#8216;fa\u00e7a-se em mim segunda a tua Palavra!&#8217;. \u00c9 isso que n\u00f3s queremos fazer neste momento. Vamos renovar nossos compromissos para podermos ser tamb\u00e9m respostas de Deus aos homens e mulheres de nosso tempo&#8221;, convidou o Ministro Provincial.<\/p>\n<p><strong>JUBILEU DE VIDA RELIGIOSA FRANCISCANA<\/strong><\/p>\n<p>Em seguida, Frei Fid\u00eancio convidou os frades a se aproximarem de Dom Paulo para renovarem, juntos, a suas promessas de vida religiosa franciscana.<\/p>\n<p>Dom Paulo Evaristo Arns tomou a palavra e agradeceu o Ministro Provincial por t\u00ea-lo acolhido como frade. Na hora da renova\u00e7\u00e3o das promessas religiosas, ele simplesmente disse: &#8220;Eu, Frei Paulo Evaristo&#8230;.&#8221;<\/p>\n<p><img loading=\"lazy\" class=\"alignnone wp-image-192495 size-full\" src=\"https:\/\/franciscanos.org.br\/noticias\/wp-content\/uploads\/2015\/12\/jubileus_rondinha_3.jpg\" alt=\"\" width=\"890\" height=\"500\" srcset=\"https:\/\/franciscanos.org.br\/noticias\/wp-content\/uploads\/2015\/12\/jubileus_rondinha_3.jpg 890w, https:\/\/franciscanos.org.br\/noticias\/wp-content\/uploads\/2015\/12\/jubileus_rondinha_3-450x253.jpg 450w, https:\/\/franciscanos.org.br\/noticias\/wp-content\/uploads\/2015\/12\/jubileus_rondinha_3-768x431.jpg 768w, https:\/\/franciscanos.org.br\/noticias\/wp-content\/uploads\/2015\/12\/jubileus_rondinha_3-150x84.jpg 150w\" sizes=\"(max-width: 890px) 100vw, 890px\" \/><\/p>\n<p><strong>JUBILEU DE VIDA SACERDOTAL<\/strong><\/p>\n<p>Inebriados por este lindo momento, foi a vez dos jubilandos de vida sacerdotal, louvarem e bendizerem a Deus pelos anos de sacerd\u00f3cio. Novamente Frei Fid\u00eancio, convidou os frades a se aproximarem de Dom Paulo e, na disposi\u00e7\u00e3o e fidelidade de entrega, prop\u00f4s aos jubilandos que renovassem o seu compromisso sacerdotal. Frei Fid\u00eancio desejou que o compromisso que os frades renovaram fosse impulsionador para os momentos dif\u00edceis e motivador nos momentos de alegria. \u201cQue voc\u00eas possam encher a terra com o Evangelho do Senhor\u201d desejou o Ministro Provincial.<\/p>\n<p><img loading=\"lazy\" class=\"alignnone wp-image-192496 size-full\" src=\"https:\/\/franciscanos.org.br\/noticias\/wp-content\/uploads\/2015\/12\/jubileus_rondinha_4.jpg\" alt=\"\" width=\"890\" height=\"500\" srcset=\"https:\/\/franciscanos.org.br\/noticias\/wp-content\/uploads\/2015\/12\/jubileus_rondinha_4.jpg 890w, https:\/\/franciscanos.org.br\/noticias\/wp-content\/uploads\/2015\/12\/jubileus_rondinha_4-450x253.jpg 450w, https:\/\/franciscanos.org.br\/noticias\/wp-content\/uploads\/2015\/12\/jubileus_rondinha_4-768x431.jpg 768w, https:\/\/franciscanos.org.br\/noticias\/wp-content\/uploads\/2015\/12\/jubileus_rondinha_4-150x84.jpg 150w\" sizes=\"(max-width: 890px) 100vw, 890px\" \/><\/p>\n<p><strong>RENOVA\u00c7\u00c3O DOS VOTOS<\/strong><\/p>\n<p>Logo em seguida, os frades de Profiss\u00e3o Tempor\u00e1ria foram chamados pelo nome e pelo mestre Frei F\u00e1bio C\u00e9sar Gomes, a fim de que se aproximarem do altar para que pudessem, mais uma vez, come\u00e7ar tudo de novo, renovando os votos de pobreza, obedi\u00eancia e castidade. Renovaram seus votos: Frei Alan Leal de Mattos, Frei Jefferson Max Nunes Maciel, Jhones Lucas Martins, Frei Josemberg Cardozo Aranha, Frei Junior Mendes, Frei Gabriel Dellandrea, Frei Hugo C\u00e2mara dos Santos, Frei Marcos Schwengber, Frei Zilmar Augusto Moreira de Oliveira, Frei Angelo Fernandes Baratella, Frei Augusto Luiz Gabriel, Frei David Belinelli, Frei Douglas da Silva, Frei Erick de Araujo Lazaro, Frei Heberti Senra In\u00e1cio, Frei Raoni Freitas Da Silva e Frei Samuel Santos Soares.<\/p>\n<p><img loading=\"lazy\" class=\"alignnone wp-image-192497 size-full\" src=\"https:\/\/franciscanos.org.br\/noticias\/wp-content\/uploads\/2015\/12\/jubileus_rondinha_5.jpg\" alt=\"\" width=\"890\" height=\"500\" srcset=\"https:\/\/franciscanos.org.br\/noticias\/wp-content\/uploads\/2015\/12\/jubileus_rondinha_5.jpg 890w, https:\/\/franciscanos.org.br\/noticias\/wp-content\/uploads\/2015\/12\/jubileus_rondinha_5-450x253.jpg 450w, https:\/\/franciscanos.org.br\/noticias\/wp-content\/uploads\/2015\/12\/jubileus_rondinha_5-768x431.jpg 768w, https:\/\/franciscanos.org.br\/noticias\/wp-content\/uploads\/2015\/12\/jubileus_rondinha_5-150x84.jpg 150w\" sizes=\"(max-width: 890px) 100vw, 890px\" \/><\/p>\n<p><strong>O ENCONTRO<\/strong><\/p>\n<p>O Encontro dos Frades que celebram jubileus de vida religiosa e sacerdotal come\u00e7ou na segunda-feira \u00e0 tarde, com uma partilha de vida e depois com as V\u00e9speras Solenes da Imaculada. No final do dia, reunidos em fraternidade, rezou-se o Of\u00edcio Solene da Imaculada Concei\u00e7\u00e3o. Ap\u00f3s a leitura escolhida especialmente para este dia, Frei Fid\u00eancio partilhou com os presentes uma pequena reflex\u00e3o. Disse que via nos confrades, tendo presente a hist\u00f3ria de cada um, a imagem de um Girassol. \u201cEstamos aqui, diante da m\u00e3e de Deus, como um belo girassol a brilhar, e por isso n\u00f3s queremos renovar o nosso compromisso sacerdotal, de vida religiosa e renovar tamb\u00e9m a profiss\u00e3o tempor\u00e1ria. Que possamos, sim, meus confrades, como Fraternidade Provincial, sermos um girassol a apontar, a indicar ao mundo de hoje o sol maior\u201d, exortou.<\/p>\n<p><strong>MENSAGEM<\/strong><\/p>\n<p>O Visitador Geral, Frei Nestor In\u00e1cio Schwerz, enviou mensagem ao Ministro Provincial, Frei Fid\u00eancio Vanboemmel, pela comemora\u00e7\u00e3o solene da Imaculada Concei\u00e7\u00e3o, nossa Padroeira: &#8220;Que ela seja para toda a Prov\u00edncia e para todos os seus Frades m\u00e3e, intercessora, modelo e suscite profunda confian\u00e7a em cada um no amor misericordioso de Deus que tudo cria e recria, que salva, liberta, renova, que abre horizontes de esperan\u00e7a na hist\u00f3ria humana. Bela coincid\u00eancia com a abertura do Ano Santo da Miseric\u00f3rdia. Assim como em Maria Deus preparou uma digna habita\u00e7\u00e3o para o Seu Filho, prepare tamb\u00e9m na vida de cada Irm\u00e3o e da Prov\u00edncia toda um cora\u00e7\u00e3o purificado, aberto, sens\u00edvel, bem disposto para acolher o Evangelho e as inspira\u00e7\u00f5es do Seu Esp\u00edrito nesse tempo de prepara\u00e7\u00e3o do Cap\u00edtulo provincial. Com estima e em comunh\u00e3o, Frei Nestor&#8221;.<\/p>\n<p style=\"text-align: center;\"><strong><a href=\"https:\/\/franciscanos.org.br\/noticias\/provincia-celebra-jubileus-2015-em-rondinha.html\">CONFIRA TODOS OS FRADES JUBILANDOS DA PROV\u00cdNCIA<\/a><\/strong><\/p>\n<p style=\"text-align: center;\"><strong>VEJA MAIS FOTOS:<\/strong><\/p>\n\n\t\t<style type=\"text\/css\">\n\t\t\t#gallery-1 {\n\t\t\t\tmargin: auto;\n\t\t\t}\n\t\t\t#gallery-1 .gallery-item {\n\t\t\t\tfloat: left;\n\t\t\t\tmargin-top: 10px;\n\t\t\t\ttext-align: center;\n\t\t\t\twidth: 25%;\n\t\t\t}\n\t\t\t#gallery-1 img {\n\t\t\t\tborder: 2px solid #cfcfcf;\n\t\t\t}\n\t\t\t#gallery-1 .gallery-caption {\n\t\t\t\tmargin-left: 0;\n\t\t\t}\n\t\t\t\/* see gallery_shortcode() in wp-includes\/media.php *\/\n\t\t<\/style>\n\t\t<div id='gallery-1' class='gallery galleryid-192484 gallery-columns-4 gallery-size-thumbnail'><dl class='gallery-item'>\n\t\t\t<dt class='gallery-icon landscape'>\n\t\t\t\t<a href='https:\/\/franciscanos.org.br\/noticias\/wp-content\/uploads\/2015\/12\/jubileus_rondinha_2015-1.jpg'><img width=\"300\" height=\"300\" src=\"https:\/\/franciscanos.org.br\/noticias\/wp-content\/uploads\/2015\/12\/jubileus_rondinha_2015-1-300x300.jpg\" class=\"attachment-thumbnail size-thumbnail\" alt=\"\" loading=\"lazy\" srcset=\"https:\/\/franciscanos.org.br\/noticias\/wp-content\/uploads\/2015\/12\/jubileus_rondinha_2015-1-300x300.jpg 300w, https:\/\/franciscanos.org.br\/noticias\/wp-content\/uploads\/2015\/12\/jubileus_rondinha_2015-1-400x400.jpg 400w\" sizes=\"(max-width: 300px) 100vw, 300px\" \/><\/a>\n\t\t\t<\/dt><\/dl><dl class='gallery-item'>\n\t\t\t<dt class='gallery-icon landscape'>\n\t\t\t\t<a href='https:\/\/franciscanos.org.br\/noticias\/wp-content\/uploads\/2015\/12\/jubileus_rondinha_2015-2.jpg'><img width=\"300\" height=\"300\" src=\"https:\/\/franciscanos.org.br\/noticias\/wp-content\/uploads\/2015\/12\/jubileus_rondinha_2015-2-300x300.jpg\" class=\"attachment-thumbnail size-thumbnail\" alt=\"\" loading=\"lazy\" srcset=\"https:\/\/franciscanos.org.br\/noticias\/wp-content\/uploads\/2015\/12\/jubileus_rondinha_2015-2-300x300.jpg 300w, https:\/\/franciscanos.org.br\/noticias\/wp-content\/uploads\/2015\/12\/jubileus_rondinha_2015-2-400x400.jpg 400w\" sizes=\"(max-width: 300px) 100vw, 300px\" \/><\/a>\n\t\t\t<\/dt><\/dl><dl class='gallery-item'>\n\t\t\t<dt class='gallery-icon landscape'>\n\t\t\t\t<a href='https:\/\/franciscanos.org.br\/noticias\/wp-content\/uploads\/2015\/12\/jubileus_rondinha_2015-3.jpg'><img width=\"300\" height=\"300\" src=\"https:\/\/franciscanos.org.br\/noticias\/wp-content\/uploads\/2015\/12\/jubileus_rondinha_2015-3-300x300.jpg\" class=\"attachment-thumbnail size-thumbnail\" alt=\"\" loading=\"lazy\" srcset=\"https:\/\/franciscanos.org.br\/noticias\/wp-content\/uploads\/2015\/12\/jubileus_rondinha_2015-3-300x300.jpg 300w, https:\/\/franciscanos.org.br\/noticias\/wp-content\/uploads\/2015\/12\/jubileus_rondinha_2015-3-400x400.jpg 400w\" sizes=\"(max-width: 300px) 100vw, 300px\" \/><\/a>\n\t\t\t<\/dt><\/dl><dl class='gallery-item'>\n\t\t\t<dt class='gallery-icon landscape'>\n\t\t\t\t<a href='https:\/\/franciscanos.org.br\/noticias\/wp-content\/uploads\/2015\/12\/jubileus_rondinha_2015-4.jpg'><img width=\"300\" height=\"300\" src=\"https:\/\/franciscanos.org.br\/noticias\/wp-content\/uploads\/2015\/12\/jubileus_rondinha_2015-4-300x300.jpg\" class=\"attachment-thumbnail size-thumbnail\" alt=\"\" loading=\"lazy\" srcset=\"https:\/\/franciscanos.org.br\/noticias\/wp-content\/uploads\/2015\/12\/jubileus_rondinha_2015-4-300x300.jpg 300w, https:\/\/franciscanos.org.br\/noticias\/wp-content\/uploads\/2015\/12\/jubileus_rondinha_2015-4-400x400.jpg 400w\" sizes=\"(max-width: 300px) 100vw, 300px\" \/><\/a>\n\t\t\t<\/dt><\/dl><br style=\"clear: both\" \/><dl class='gallery-item'>\n\t\t\t<dt class='gallery-icon landscape'>\n\t\t\t\t<a href='https:\/\/franciscanos.org.br\/noticias\/wp-content\/uploads\/2015\/12\/jubileus_rondinha_2015-5.jpg'><img width=\"300\" height=\"300\" src=\"https:\/\/franciscanos.org.br\/noticias\/wp-content\/uploads\/2015\/12\/jubileus_rondinha_2015-5-300x300.jpg\" class=\"attachment-thumbnail size-thumbnail\" alt=\"\" loading=\"lazy\" srcset=\"https:\/\/franciscanos.org.br\/noticias\/wp-content\/uploads\/2015\/12\/jubileus_rondinha_2015-5-300x300.jpg 300w, https:\/\/franciscanos.org.br\/noticias\/wp-content\/uploads\/2015\/12\/jubileus_rondinha_2015-5-400x400.jpg 400w\" sizes=\"(max-width: 300px) 100vw, 300px\" \/><\/a>\n\t\t\t<\/dt><\/dl><dl class='gallery-item'>\n\t\t\t<dt class='gallery-icon landscape'>\n\t\t\t\t<a href='https:\/\/franciscanos.org.br\/noticias\/wp-content\/uploads\/2015\/12\/jubileus_rondinha_2015-6.jpg'><img width=\"300\" height=\"300\" src=\"https:\/\/franciscanos.org.br\/noticias\/wp-content\/uploads\/2015\/12\/jubileus_rondinha_2015-6-300x300.jpg\" class=\"attachment-thumbnail size-thumbnail\" alt=\"\" loading=\"lazy\" srcset=\"https:\/\/franciscanos.org.br\/noticias\/wp-content\/uploads\/2015\/12\/jubileus_rondinha_2015-6-300x300.jpg 300w, https:\/\/franciscanos.org.br\/noticias\/wp-content\/uploads\/2015\/12\/jubileus_rondinha_2015-6-400x400.jpg 400w\" sizes=\"(max-width: 300px) 100vw, 300px\" \/><\/a>\n\t\t\t<\/dt><\/dl><dl class='gallery-item'>\n\t\t\t<dt class='gallery-icon landscape'>\n\t\t\t\t<a href='https:\/\/franciscanos.org.br\/noticias\/wp-content\/uploads\/2015\/12\/jubileus_rondinha_2015-7.jpg'><img width=\"300\" height=\"300\" src=\"https:\/\/franciscanos.org.br\/noticias\/wp-content\/uploads\/2015\/12\/jubileus_rondinha_2015-7-300x300.jpg\" class=\"attachment-thumbnail size-thumbnail\" alt=\"\" loading=\"lazy\" srcset=\"https:\/\/franciscanos.org.br\/noticias\/wp-content\/uploads\/2015\/12\/jubileus_rondinha_2015-7-300x300.jpg 300w, https:\/\/franciscanos.org.br\/noticias\/wp-content\/uploads\/2015\/12\/jubileus_rondinha_2015-7-400x400.jpg 400w\" sizes=\"(max-width: 300px) 100vw, 300px\" \/><\/a>\n\t\t\t<\/dt><\/dl><dl class='gallery-item'>\n\t\t\t<dt class='gallery-icon landscape'>\n\t\t\t\t<a href='https:\/\/franciscanos.org.br\/noticias\/wp-content\/uploads\/2015\/12\/jubileus_rondinha_2015-8.jpg'><img width=\"300\" height=\"300\" src=\"https:\/\/franciscanos.org.br\/noticias\/wp-content\/uploads\/2015\/12\/jubileus_rondinha_2015-8-300x300.jpg\" class=\"attachment-thumbnail size-thumbnail\" alt=\"\" loading=\"lazy\" srcset=\"https:\/\/franciscanos.org.br\/noticias\/wp-content\/uploads\/2015\/12\/jubileus_rondinha_2015-8-300x300.jpg 300w, https:\/\/franciscanos.org.br\/noticias\/wp-content\/uploads\/2015\/12\/jubileus_rondinha_2015-8-400x400.jpg 400w\" sizes=\"(max-width: 300px) 100vw, 300px\" \/><\/a>\n\t\t\t<\/dt><\/dl><br style=\"clear: both\" \/><dl class='gallery-item'>\n\t\t\t<dt class='gallery-icon landscape'>\n\t\t\t\t<a href='https:\/\/franciscanos.org.br\/noticias\/wp-content\/uploads\/2015\/12\/jubileus_rondinha_2015-9.jpg'><img width=\"300\" height=\"300\" src=\"https:\/\/franciscanos.org.br\/noticias\/wp-content\/uploads\/2015\/12\/jubileus_rondinha_2015-9-300x300.jpg\" class=\"attachment-thumbnail size-thumbnail\" alt=\"\" loading=\"lazy\" srcset=\"https:\/\/franciscanos.org.br\/noticias\/wp-content\/uploads\/2015\/12\/jubileus_rondinha_2015-9-300x300.jpg 300w, https:\/\/franciscanos.org.br\/noticias\/wp-content\/uploads\/2015\/12\/jubileus_rondinha_2015-9-400x400.jpg 400w\" sizes=\"(max-width: 300px) 100vw, 300px\" \/><\/a>\n\t\t\t<\/dt><\/dl><dl class='gallery-item'>\n\t\t\t<dt class='gallery-icon landscape'>\n\t\t\t\t<a href='https:\/\/franciscanos.org.br\/noticias\/wp-content\/uploads\/2015\/12\/jubileus_rondinha_2015-10.jpg'><img width=\"300\" height=\"300\" src=\"https:\/\/franciscanos.org.br\/noticias\/wp-content\/uploads\/2015\/12\/jubileus_rondinha_2015-10-300x300.jpg\" class=\"attachment-thumbnail size-thumbnail\" alt=\"\" loading=\"lazy\" srcset=\"https:\/\/franciscanos.org.br\/noticias\/wp-content\/uploads\/2015\/12\/jubileus_rondinha_2015-10-300x300.jpg 300w, https:\/\/franciscanos.org.br\/noticias\/wp-content\/uploads\/2015\/12\/jubileus_rondinha_2015-10-400x400.jpg 400w\" sizes=\"(max-width: 300px) 100vw, 300px\" \/><\/a>\n\t\t\t<\/dt><\/dl><dl class='gallery-item'>\n\t\t\t<dt class='gallery-icon landscape'>\n\t\t\t\t<a href='https:\/\/franciscanos.org.br\/noticias\/wp-content\/uploads\/2015\/12\/jubileus_rondinha_2015-11.jpg'><img width=\"300\" height=\"300\" src=\"https:\/\/franciscanos.org.br\/noticias\/wp-content\/uploads\/2015\/12\/jubileus_rondinha_2015-11-300x300.jpg\" class=\"attachment-thumbnail size-thumbnail\" alt=\"\" loading=\"lazy\" srcset=\"https:\/\/franciscanos.org.br\/noticias\/wp-content\/uploads\/2015\/12\/jubileus_rondinha_2015-11-300x300.jpg 300w, https:\/\/franciscanos.org.br\/noticias\/wp-content\/uploads\/2015\/12\/jubileus_rondinha_2015-11-400x400.jpg 400w\" sizes=\"(max-width: 300px) 100vw, 300px\" \/><\/a>\n\t\t\t<\/dt><\/dl><dl class='gallery-item'>\n\t\t\t<dt class='gallery-icon landscape'>\n\t\t\t\t<a href='https:\/\/franciscanos.org.br\/noticias\/wp-content\/uploads\/2015\/12\/jubileus_rondinha_2015-12.jpg'><img width=\"300\" height=\"300\" src=\"https:\/\/franciscanos.org.br\/noticias\/wp-content\/uploads\/2015\/12\/jubileus_rondinha_2015-12-300x300.jpg\" class=\"attachment-thumbnail size-thumbnail\" alt=\"\" loading=\"lazy\" srcset=\"https:\/\/franciscanos.org.br\/noticias\/wp-content\/uploads\/2015\/12\/jubileus_rondinha_2015-12-300x300.jpg 300w, https:\/\/franciscanos.org.br\/noticias\/wp-content\/uploads\/2015\/12\/jubileus_rondinha_2015-12-400x400.jpg 400w\" sizes=\"(max-width: 300px) 100vw, 300px\" \/><\/a>\n\t\t\t<\/dt><\/dl><br style=\"clear: both\" \/><dl class='gallery-item'>\n\t\t\t<dt class='gallery-icon landscape'>\n\t\t\t\t<a href='https:\/\/franciscanos.org.br\/noticias\/wp-content\/uploads\/2015\/12\/jubileus_rondinha_2015-13.jpg'><img width=\"300\" height=\"300\" src=\"https:\/\/franciscanos.org.br\/noticias\/wp-content\/uploads\/2015\/12\/jubileus_rondinha_2015-13-300x300.jpg\" class=\"attachment-thumbnail size-thumbnail\" alt=\"\" loading=\"lazy\" srcset=\"https:\/\/franciscanos.org.br\/noticias\/wp-content\/uploads\/2015\/12\/jubileus_rondinha_2015-13-300x300.jpg 300w, https:\/\/franciscanos.org.br\/noticias\/wp-content\/uploads\/2015\/12\/jubileus_rondinha_2015-13-400x400.jpg 400w\" sizes=\"(max-width: 300px) 100vw, 300px\" \/><\/a>\n\t\t\t<\/dt><\/dl><dl class='gallery-item'>\n\t\t\t<dt class='gallery-icon landscape'>\n\t\t\t\t<a href='https:\/\/franciscanos.org.br\/noticias\/wp-content\/uploads\/2015\/12\/jubileus_rondinha_2015-14.jpg'><img width=\"300\" height=\"300\" src=\"https:\/\/franciscanos.org.br\/noticias\/wp-content\/uploads\/2015\/12\/jubileus_rondinha_2015-14-300x300.jpg\" class=\"attachment-thumbnail size-thumbnail\" alt=\"\" loading=\"lazy\" srcset=\"https:\/\/franciscanos.org.br\/noticias\/wp-content\/uploads\/2015\/12\/jubileus_rondinha_2015-14-300x300.jpg 300w, https:\/\/franciscanos.org.br\/noticias\/wp-content\/uploads\/2015\/12\/jubileus_rondinha_2015-14-400x400.jpg 400w\" sizes=\"(max-width: 300px) 100vw, 300px\" \/><\/a>\n\t\t\t<\/dt><\/dl><dl class='gallery-item'>\n\t\t\t<dt class='gallery-icon landscape'>\n\t\t\t\t<a href='https:\/\/franciscanos.org.br\/noticias\/wp-content\/uploads\/2015\/12\/jubileus_rondinha_2015-15.jpg'><img width=\"300\" height=\"300\" src=\"https:\/\/franciscanos.org.br\/noticias\/wp-content\/uploads\/2015\/12\/jubileus_rondinha_2015-15-300x300.jpg\" class=\"attachment-thumbnail size-thumbnail\" alt=\"\" loading=\"lazy\" srcset=\"https:\/\/franciscanos.org.br\/noticias\/wp-content\/uploads\/2015\/12\/jubileus_rondinha_2015-15-300x300.jpg 300w, https:\/\/franciscanos.org.br\/noticias\/wp-content\/uploads\/2015\/12\/jubileus_rondinha_2015-15-400x400.jpg 400w\" sizes=\"(max-width: 300px) 100vw, 300px\" \/><\/a>\n\t\t\t<\/dt><\/dl><dl class='gallery-item'>\n\t\t\t<dt class='gallery-icon landscape'>\n\t\t\t\t<a href='https:\/\/franciscanos.org.br\/noticias\/wp-content\/uploads\/2015\/12\/jubileus_rondinha_2015-16.jpg'><img width=\"300\" height=\"300\" src=\"https:\/\/franciscanos.org.br\/noticias\/wp-content\/uploads\/2015\/12\/jubileus_rondinha_2015-16-300x300.jpg\" class=\"attachment-thumbnail size-thumbnail\" alt=\"\" loading=\"lazy\" srcset=\"https:\/\/franciscanos.org.br\/noticias\/wp-content\/uploads\/2015\/12\/jubileus_rondinha_2015-16-300x300.jpg 300w, https:\/\/franciscanos.org.br\/noticias\/wp-content\/uploads\/2015\/12\/jubileus_rondinha_2015-16-400x400.jpg 400w\" sizes=\"(max-width: 300px) 100vw, 300px\" \/><\/a>\n\t\t\t<\/dt><\/dl><br style=\"clear: both\" \/><dl class='gallery-item'>\n\t\t\t<dt class='gallery-icon landscape'>\n\t\t\t\t<a href='https:\/\/franciscanos.org.br\/noticias\/wp-content\/uploads\/2015\/12\/jubileus_rondinha_2015-17.jpg'><img width=\"300\" height=\"300\" src=\"https:\/\/franciscanos.org.br\/noticias\/wp-content\/uploads\/2015\/12\/jubileus_rondinha_2015-17-300x300.jpg\" class=\"attachment-thumbnail size-thumbnail\" alt=\"\" loading=\"lazy\" srcset=\"https:\/\/franciscanos.org.br\/noticias\/wp-content\/uploads\/2015\/12\/jubileus_rondinha_2015-17-300x300.jpg 300w, https:\/\/franciscanos.org.br\/noticias\/wp-content\/uploads\/2015\/12\/jubileus_rondinha_2015-17-400x400.jpg 400w\" sizes=\"(max-width: 300px) 100vw, 300px\" \/><\/a>\n\t\t\t<\/dt><\/dl><dl class='gallery-item'>\n\t\t\t<dt class='gallery-icon landscape'>\n\t\t\t\t<a href='https:\/\/franciscanos.org.br\/noticias\/wp-content\/uploads\/2015\/12\/jubileus_rondinha_2015-18.jpg'><img width=\"300\" height=\"300\" src=\"https:\/\/franciscanos.org.br\/noticias\/wp-content\/uploads\/2015\/12\/jubileus_rondinha_2015-18-300x300.jpg\" class=\"attachment-thumbnail size-thumbnail\" alt=\"\" loading=\"lazy\" srcset=\"https:\/\/franciscanos.org.br\/noticias\/wp-content\/uploads\/2015\/12\/jubileus_rondinha_2015-18-300x300.jpg 300w, https:\/\/franciscanos.org.br\/noticias\/wp-content\/uploads\/2015\/12\/jubileus_rondinha_2015-18-400x400.jpg 400w\" sizes=\"(max-width: 300px) 100vw, 300px\" \/><\/a>\n\t\t\t<\/dt><\/dl><dl class='gallery-item'>\n\t\t\t<dt class='gallery-icon landscape'>\n\t\t\t\t<a href='https:\/\/franciscanos.org.br\/noticias\/wp-content\/uploads\/2015\/12\/jubileus_rondinha_2015-19.jpg'><img width=\"300\" height=\"300\" src=\"https:\/\/franciscanos.org.br\/noticias\/wp-content\/uploads\/2015\/12\/jubileus_rondinha_2015-19-300x300.jpg\" class=\"attachment-thumbnail size-thumbnail\" alt=\"\" loading=\"lazy\" srcset=\"https:\/\/franciscanos.org.br\/noticias\/wp-content\/uploads\/2015\/12\/jubileus_rondinha_2015-19-300x300.jpg 300w, https:\/\/franciscanos.org.br\/noticias\/wp-content\/uploads\/2015\/12\/jubileus_rondinha_2015-19-400x400.jpg 400w\" sizes=\"(max-width: 300px) 100vw, 300px\" \/><\/a>\n\t\t\t<\/dt><\/dl><dl class='gallery-item'>\n\t\t\t<dt class='gallery-icon landscape'>\n\t\t\t\t<a href='https:\/\/franciscanos.org.br\/noticias\/wp-content\/uploads\/2015\/12\/jubileus_rondinha_2015-20.jpg'><img width=\"300\" height=\"300\" src=\"https:\/\/franciscanos.org.br\/noticias\/wp-content\/uploads\/2015\/12\/jubileus_rondinha_2015-20-300x300.jpg\" class=\"attachment-thumbnail size-thumbnail\" alt=\"\" loading=\"lazy\" srcset=\"https:\/\/franciscanos.org.br\/noticias\/wp-content\/uploads\/2015\/12\/jubileus_rondinha_2015-20-300x300.jpg 300w, https:\/\/franciscanos.org.br\/noticias\/wp-content\/uploads\/2015\/12\/jubileus_rondinha_2015-20-400x400.jpg 400w\" sizes=\"(max-width: 300px) 100vw, 300px\" \/><\/a>\n\t\t\t<\/dt><\/dl><br style=\"clear: both\" \/><dl class='gallery-item'>\n\t\t\t<dt class='gallery-icon landscape'>\n\t\t\t\t<a href='https:\/\/franciscanos.org.br\/noticias\/wp-content\/uploads\/2015\/12\/jubileus_rondinha_2015-21.jpg'><img width=\"300\" height=\"300\" src=\"https:\/\/franciscanos.org.br\/noticias\/wp-content\/uploads\/2015\/12\/jubileus_rondinha_2015-21-300x300.jpg\" class=\"attachment-thumbnail size-thumbnail\" alt=\"\" loading=\"lazy\" srcset=\"https:\/\/franciscanos.org.br\/noticias\/wp-content\/uploads\/2015\/12\/jubileus_rondinha_2015-21-300x300.jpg 300w, https:\/\/franciscanos.org.br\/noticias\/wp-content\/uploads\/2015\/12\/jubileus_rondinha_2015-21-400x400.jpg 400w\" sizes=\"(max-width: 300px) 100vw, 300px\" \/><\/a>\n\t\t\t<\/dt><\/dl><dl class='gallery-item'>\n\t\t\t<dt class='gallery-icon landscape'>\n\t\t\t\t<a href='https:\/\/franciscanos.org.br\/noticias\/wp-content\/uploads\/2015\/12\/jubileus_rondinha_2015-22.jpg'><img width=\"300\" height=\"300\" src=\"https:\/\/franciscanos.org.br\/noticias\/wp-content\/uploads\/2015\/12\/jubileus_rondinha_2015-22-300x300.jpg\" class=\"attachment-thumbnail size-thumbnail\" alt=\"\" loading=\"lazy\" srcset=\"https:\/\/franciscanos.org.br\/noticias\/wp-content\/uploads\/2015\/12\/jubileus_rondinha_2015-22-300x300.jpg 300w, https:\/\/franciscanos.org.br\/noticias\/wp-content\/uploads\/2015\/12\/jubileus_rondinha_2015-22-400x400.jpg 400w\" sizes=\"(max-width: 300px) 100vw, 300px\" \/><\/a>\n\t\t\t<\/dt><\/dl><dl class='gallery-item'>\n\t\t\t<dt class='gallery-icon landscape'>\n\t\t\t\t<a href='https:\/\/franciscanos.org.br\/noticias\/wp-content\/uploads\/2015\/12\/jubileus_rondinha_2015-23.jpg'><img width=\"300\" height=\"300\" src=\"https:\/\/franciscanos.org.br\/noticias\/wp-content\/uploads\/2015\/12\/jubileus_rondinha_2015-23-300x300.jpg\" class=\"attachment-thumbnail size-thumbnail\" alt=\"\" loading=\"lazy\" srcset=\"https:\/\/franciscanos.org.br\/noticias\/wp-content\/uploads\/2015\/12\/jubileus_rondinha_2015-23-300x300.jpg 300w, https:\/\/franciscanos.org.br\/noticias\/wp-content\/uploads\/2015\/12\/jubileus_rondinha_2015-23-400x400.jpg 400w\" sizes=\"(max-width: 300px) 100vw, 300px\" \/><\/a>\n\t\t\t<\/dt><\/dl><dl class='gallery-item'>\n\t\t\t<dt class='gallery-icon landscape'>\n\t\t\t\t<a href='https:\/\/franciscanos.org.br\/noticias\/wp-content\/uploads\/2015\/12\/jubileus_rondinha_2015-24.jpg'><img width=\"300\" height=\"300\" src=\"https:\/\/franciscanos.org.br\/noticias\/wp-content\/uploads\/2015\/12\/jubileus_rondinha_2015-24-300x300.jpg\" class=\"attachment-thumbnail size-thumbnail\" alt=\"\" loading=\"lazy\" srcset=\"https:\/\/franciscanos.org.br\/noticias\/wp-content\/uploads\/2015\/12\/jubileus_rondinha_2015-24-300x300.jpg 300w, https:\/\/franciscanos.org.br\/noticias\/wp-content\/uploads\/2015\/12\/jubileus_rondinha_2015-24-400x400.jpg 400w\" sizes=\"(max-width: 300px) 100vw, 300px\" \/><\/a>\n\t\t\t<\/dt><\/dl><br style=\"clear: both\" \/><dl class='gallery-item'>\n\t\t\t<dt class='gallery-icon landscape'>\n\t\t\t\t<a href='https:\/\/franciscanos.org.br\/noticias\/wp-content\/uploads\/2015\/12\/jubileus_rondinha_2015-25.jpg'><img width=\"300\" height=\"300\" src=\"https:\/\/franciscanos.org.br\/noticias\/wp-content\/uploads\/2015\/12\/jubileus_rondinha_2015-25-300x300.jpg\" class=\"attachment-thumbnail size-thumbnail\" alt=\"\" loading=\"lazy\" srcset=\"https:\/\/franciscanos.org.br\/noticias\/wp-content\/uploads\/2015\/12\/jubileus_rondinha_2015-25-300x300.jpg 300w, https:\/\/franciscanos.org.br\/noticias\/wp-content\/uploads\/2015\/12\/jubileus_rondinha_2015-25-400x400.jpg 400w\" sizes=\"(max-width: 300px) 100vw, 300px\" \/><\/a>\n\t\t\t<\/dt><\/dl><dl class='gallery-item'>\n\t\t\t<dt class='gallery-icon landscape'>\n\t\t\t\t<a href='https:\/\/franciscanos.org.br\/noticias\/wp-content\/uploads\/2015\/12\/jubileus_rondinha_2015-26.jpg'><img width=\"300\" height=\"300\" src=\"https:\/\/franciscanos.org.br\/noticias\/wp-content\/uploads\/2015\/12\/jubileus_rondinha_2015-26-300x300.jpg\" class=\"attachment-thumbnail size-thumbnail\" alt=\"\" loading=\"lazy\" srcset=\"https:\/\/franciscanos.org.br\/noticias\/wp-content\/uploads\/2015\/12\/jubileus_rondinha_2015-26-300x300.jpg 300w, https:\/\/franciscanos.org.br\/noticias\/wp-content\/uploads\/2015\/12\/jubileus_rondinha_2015-26-400x400.jpg 400w\" sizes=\"(max-width: 300px) 100vw, 300px\" \/><\/a>\n\t\t\t<\/dt><\/dl><dl class='gallery-item'>\n\t\t\t<dt class='gallery-icon landscape'>\n\t\t\t\t<a href='https:\/\/franciscanos.org.br\/noticias\/wp-content\/uploads\/2015\/12\/jubileus_rondinha_2015-27.jpg'><img width=\"300\" height=\"300\" src=\"https:\/\/franciscanos.org.br\/noticias\/wp-content\/uploads\/2015\/12\/jubileus_rondinha_2015-27-300x300.jpg\" class=\"attachment-thumbnail size-thumbnail\" alt=\"\" loading=\"lazy\" srcset=\"https:\/\/franciscanos.org.br\/noticias\/wp-content\/uploads\/2015\/12\/jubileus_rondinha_2015-27-300x300.jpg 300w, https:\/\/franciscanos.org.br\/noticias\/wp-content\/uploads\/2015\/12\/jubileus_rondinha_2015-27-400x400.jpg 400w\" sizes=\"(max-width: 300px) 100vw, 300px\" \/><\/a>\n\t\t\t<\/dt><\/dl><dl class='gallery-item'>\n\t\t\t<dt class='gallery-icon landscape'>\n\t\t\t\t<a href='https:\/\/franciscanos.org.br\/noticias\/wp-content\/uploads\/2015\/12\/jubileus_rondinha_2015-28.jpg'><img width=\"300\" height=\"300\" src=\"https:\/\/franciscanos.org.br\/noticias\/wp-content\/uploads\/2015\/12\/jubileus_rondinha_2015-28-300x300.jpg\" class=\"attachment-thumbnail size-thumbnail\" alt=\"\" loading=\"lazy\" srcset=\"https:\/\/franciscanos.org.br\/noticias\/wp-content\/uploads\/2015\/12\/jubileus_rondinha_2015-28-300x300.jpg 300w, https:\/\/franciscanos.org.br\/noticias\/wp-content\/uploads\/2015\/12\/jubileus_rondinha_2015-28-400x400.jpg 400w\" sizes=\"(max-width: 300px) 100vw, 300px\" \/><\/a>\n\t\t\t<\/dt><\/dl><br style=\"clear: both\" \/><dl class='gallery-item'>\n\t\t\t<dt class='gallery-icon landscape'>\n\t\t\t\t<a href='https:\/\/franciscanos.org.br\/noticias\/wp-content\/uploads\/2015\/12\/jubileus_rondinha_2015-29.jpg'><img width=\"300\" height=\"300\" src=\"https:\/\/franciscanos.org.br\/noticias\/wp-content\/uploads\/2015\/12\/jubileus_rondinha_2015-29-300x300.jpg\" class=\"attachment-thumbnail size-thumbnail\" alt=\"\" loading=\"lazy\" srcset=\"https:\/\/franciscanos.org.br\/noticias\/wp-content\/uploads\/2015\/12\/jubileus_rondinha_2015-29-300x300.jpg 300w, https:\/\/franciscanos.org.br\/noticias\/wp-content\/uploads\/2015\/12\/jubileus_rondinha_2015-29-400x400.jpg 400w\" sizes=\"(max-width: 300px) 100vw, 300px\" \/><\/a>\n\t\t\t<\/dt><\/dl><dl class='gallery-item'>\n\t\t\t<dt class='gallery-icon landscape'>\n\t\t\t\t<a href='https:\/\/franciscanos.org.br\/noticias\/wp-content\/uploads\/2015\/12\/jubileus_rondinha_2015-30.jpg'><img width=\"300\" height=\"300\" src=\"https:\/\/franciscanos.org.br\/noticias\/wp-content\/uploads\/2015\/12\/jubileus_rondinha_2015-30-300x300.jpg\" class=\"attachment-thumbnail size-thumbnail\" alt=\"\" loading=\"lazy\" srcset=\"https:\/\/franciscanos.org.br\/noticias\/wp-content\/uploads\/2015\/12\/jubileus_rondinha_2015-30-300x300.jpg 300w, https:\/\/franciscanos.org.br\/noticias\/wp-content\/uploads\/2015\/12\/jubileus_rondinha_2015-30-400x400.jpg 400w\" sizes=\"(max-width: 300px) 100vw, 300px\" \/><\/a>\n\t\t\t<\/dt><\/dl><dl class='gallery-item'>\n\t\t\t<dt class='gallery-icon landscape'>\n\t\t\t\t<a href='https:\/\/franciscanos.org.br\/noticias\/wp-content\/uploads\/2015\/12\/jubileus_rondinha_2015-31.jpg'><img width=\"300\" height=\"300\" src=\"https:\/\/franciscanos.org.br\/noticias\/wp-content\/uploads\/2015\/12\/jubileus_rondinha_2015-31-300x300.jpg\" class=\"attachment-thumbnail size-thumbnail\" alt=\"\" loading=\"lazy\" srcset=\"https:\/\/franciscanos.org.br\/noticias\/wp-content\/uploads\/2015\/12\/jubileus_rondinha_2015-31-300x300.jpg 300w, https:\/\/franciscanos.org.br\/noticias\/wp-content\/uploads\/2015\/12\/jubileus_rondinha_2015-31-400x400.jpg 400w\" sizes=\"(max-width: 300px) 100vw, 300px\" \/><\/a>\n\t\t\t<\/dt><\/dl><dl class='gallery-item'>\n\t\t\t<dt class='gallery-icon landscape'>\n\t\t\t\t<a href='https:\/\/franciscanos.org.br\/noticias\/wp-content\/uploads\/2015\/12\/jubileus_rondinha_2015-32.jpg'><img width=\"300\" height=\"300\" src=\"https:\/\/franciscanos.org.br\/noticias\/wp-content\/uploads\/2015\/12\/jubileus_rondinha_2015-32-300x300.jpg\" class=\"attachment-thumbnail size-thumbnail\" alt=\"\" loading=\"lazy\" srcset=\"https:\/\/franciscanos.org.br\/noticias\/wp-content\/uploads\/2015\/12\/jubileus_rondinha_2015-32-300x300.jpg 300w, https:\/\/franciscanos.org.br\/noticias\/wp-content\/uploads\/2015\/12\/jubileus_rondinha_2015-32-400x400.jpg 400w\" sizes=\"(max-width: 300px) 100vw, 300px\" \/><\/a>\n\t\t\t<\/dt><\/dl><br style=\"clear: both\" \/><dl class='gallery-item'>\n\t\t\t<dt class='gallery-icon landscape'>\n\t\t\t\t<a href='https:\/\/franciscanos.org.br\/noticias\/wp-content\/uploads\/2015\/12\/jubileus_rondinha_2015-33.jpg'><img width=\"300\" height=\"300\" src=\"https:\/\/franciscanos.org.br\/noticias\/wp-content\/uploads\/2015\/12\/jubileus_rondinha_2015-33-300x300.jpg\" class=\"attachment-thumbnail size-thumbnail\" alt=\"\" loading=\"lazy\" srcset=\"https:\/\/franciscanos.org.br\/noticias\/wp-content\/uploads\/2015\/12\/jubileus_rondinha_2015-33-300x300.jpg 300w, https:\/\/franciscanos.org.br\/noticias\/wp-content\/uploads\/2015\/12\/jubileus_rondinha_2015-33-400x400.jpg 400w\" sizes=\"(max-width: 300px) 100vw, 300px\" \/><\/a>\n\t\t\t<\/dt><\/dl><dl class='gallery-item'>\n\t\t\t<dt class='gallery-icon landscape'>\n\t\t\t\t<a href='https:\/\/franciscanos.org.br\/noticias\/wp-content\/uploads\/2015\/12\/jubileus_rondinha_2015-34.jpg'><img width=\"300\" height=\"300\" src=\"https:\/\/franciscanos.org.br\/noticias\/wp-content\/uploads\/2015\/12\/jubileus_rondinha_2015-34-300x300.jpg\" class=\"attachment-thumbnail size-thumbnail\" alt=\"\" loading=\"lazy\" srcset=\"https:\/\/franciscanos.org.br\/noticias\/wp-content\/uploads\/2015\/12\/jubileus_rondinha_2015-34-300x300.jpg 300w, https:\/\/franciscanos.org.br\/noticias\/wp-content\/uploads\/2015\/12\/jubileus_rondinha_2015-34-400x400.jpg 400w\" sizes=\"(max-width: 300px) 100vw, 300px\" \/><\/a>\n\t\t\t<\/dt><\/dl><dl class='gallery-item'>\n\t\t\t<dt class='gallery-icon landscape'>\n\t\t\t\t<a href='https:\/\/franciscanos.org.br\/noticias\/wp-content\/uploads\/2015\/12\/jubileus_rondinha_2015-35.jpg'><img width=\"300\" height=\"300\" src=\"https:\/\/franciscanos.org.br\/noticias\/wp-content\/uploads\/2015\/12\/jubileus_rondinha_2015-35-300x300.jpg\" class=\"attachment-thumbnail size-thumbnail\" alt=\"\" loading=\"lazy\" srcset=\"https:\/\/franciscanos.org.br\/noticias\/wp-content\/uploads\/2015\/12\/jubileus_rondinha_2015-35-300x300.jpg 300w, https:\/\/franciscanos.org.br\/noticias\/wp-content\/uploads\/2015\/12\/jubileus_rondinha_2015-35-400x400.jpg 400w\" sizes=\"(max-width: 300px) 100vw, 300px\" \/><\/a>\n\t\t\t<\/dt><\/dl><dl class='gallery-item'>\n\t\t\t<dt class='gallery-icon landscape'>\n\t\t\t\t<a href='https:\/\/franciscanos.org.br\/noticias\/wp-content\/uploads\/2015\/12\/jubileus_rondinha_2015-36.jpg'><img width=\"300\" height=\"300\" src=\"https:\/\/franciscanos.org.br\/noticias\/wp-content\/uploads\/2015\/12\/jubileus_rondinha_2015-36-300x300.jpg\" class=\"attachment-thumbnail size-thumbnail\" alt=\"\" loading=\"lazy\" srcset=\"https:\/\/franciscanos.org.br\/noticias\/wp-content\/uploads\/2015\/12\/jubileus_rondinha_2015-36-300x300.jpg 300w, https:\/\/franciscanos.org.br\/noticias\/wp-content\/uploads\/2015\/12\/jubileus_rondinha_2015-36-400x400.jpg 400w\" sizes=\"(max-width: 300px) 100vw, 300px\" \/><\/a>\n\t\t\t<\/dt><\/dl><br style=\"clear: both\" \/><dl class='gallery-item'>\n\t\t\t<dt class='gallery-icon landscape'>\n\t\t\t\t<a href='https:\/\/franciscanos.org.br\/noticias\/wp-content\/uploads\/2015\/12\/jubileus_rondinha_2015-37.jpg'><img width=\"300\" height=\"300\" src=\"https:\/\/franciscanos.org.br\/noticias\/wp-content\/uploads\/2015\/12\/jubileus_rondinha_2015-37-300x300.jpg\" class=\"attachment-thumbnail size-thumbnail\" alt=\"\" loading=\"lazy\" srcset=\"https:\/\/franciscanos.org.br\/noticias\/wp-content\/uploads\/2015\/12\/jubileus_rondinha_2015-37-300x300.jpg 300w, https:\/\/franciscanos.org.br\/noticias\/wp-content\/uploads\/2015\/12\/jubileus_rondinha_2015-37-400x400.jpg 400w\" sizes=\"(max-width: 300px) 100vw, 300px\" \/><\/a>\n\t\t\t<\/dt><\/dl><dl class='gallery-item'>\n\t\t\t<dt class='gallery-icon landscape'>\n\t\t\t\t<a href='https:\/\/franciscanos.org.br\/noticias\/wp-content\/uploads\/2015\/12\/jubileus_rondinha_2015-38.jpg'><img width=\"300\" height=\"300\" src=\"https:\/\/franciscanos.org.br\/noticias\/wp-content\/uploads\/2015\/12\/jubileus_rondinha_2015-38-300x300.jpg\" class=\"attachment-thumbnail size-thumbnail\" alt=\"\" loading=\"lazy\" srcset=\"https:\/\/franciscanos.org.br\/noticias\/wp-content\/uploads\/2015\/12\/jubileus_rondinha_2015-38-300x300.jpg 300w, https:\/\/franciscanos.org.br\/noticias\/wp-content\/uploads\/2015\/12\/jubileus_rondinha_2015-38-400x400.jpg 400w\" sizes=\"(max-width: 300px) 100vw, 300px\" \/><\/a>\n\t\t\t<\/dt><\/dl><dl class='gallery-item'>\n\t\t\t<dt class='gallery-icon landscape'>\n\t\t\t\t<a href='https:\/\/franciscanos.org.br\/noticias\/wp-content\/uploads\/2015\/12\/jubileus_rondinha_2015-39.jpg'><img width=\"300\" height=\"300\" src=\"https:\/\/franciscanos.org.br\/noticias\/wp-content\/uploads\/2015\/12\/jubileus_rondinha_2015-39-300x300.jpg\" class=\"attachment-thumbnail size-thumbnail\" alt=\"\" loading=\"lazy\" srcset=\"https:\/\/franciscanos.org.br\/noticias\/wp-content\/uploads\/2015\/12\/jubileus_rondinha_2015-39-300x300.jpg 300w, https:\/\/franciscanos.org.br\/noticias\/wp-content\/uploads\/2015\/12\/jubileus_rondinha_2015-39-400x400.jpg 400w\" sizes=\"(max-width: 300px) 100vw, 300px\" \/><\/a>\n\t\t\t<\/dt><\/dl><dl class='gallery-item'>\n\t\t\t<dt class='gallery-icon landscape'>\n\t\t\t\t<a href='https:\/\/franciscanos.org.br\/noticias\/wp-content\/uploads\/2015\/12\/jubileus_rondinha_2015-40.jpg'><img width=\"300\" height=\"300\" src=\"https:\/\/franciscanos.org.br\/noticias\/wp-content\/uploads\/2015\/12\/jubileus_rondinha_2015-40-300x300.jpg\" class=\"attachment-thumbnail size-thumbnail\" alt=\"\" loading=\"lazy\" srcset=\"https:\/\/franciscanos.org.br\/noticias\/wp-content\/uploads\/2015\/12\/jubileus_rondinha_2015-40-300x300.jpg 300w, https:\/\/franciscanos.org.br\/noticias\/wp-content\/uploads\/2015\/12\/jubileus_rondinha_2015-40-400x400.jpg 400w\" sizes=\"(max-width: 300px) 100vw, 300px\" \/><\/a>\n\t\t\t<\/dt><\/dl><br style=\"clear: both\" \/>\n\t\t<\/div>\n\n","protected":false},"excerpt":{"rendered":"<p>Celebra\u00e7\u00e3o dos Jubileus e Renova\u00e7\u00e3o dos Votos em Rondinha<\/p>\n","protected":false},"author":5,"featured_media":221139,"comment_status":"open","ping_status":"open","sticky":false,"template":"","format":"standard","meta":[],"categories":[1],"tags":[325,332,1152,591],"acf":[],"yoast_head":"<!-- This site is optimized with the Yoast SEO plugin v19.2 - https:\/\/yoast.com\/wordpress\/plugins\/seo\/ -->\n<title>Um dia muito solene para a Prov\u00edncia da Imaculada - Not\u00edcias - Franciscanos<\/title>\n<meta name=\"robots\" content=\"index, follow, max-snippet:-1, max-image-preview:large, max-video-preview:-1\" \/>\n<link rel=\"canonical\" href=\"https:\/\/franciscanos.org.br\/noticias\/um-dia-muito-solene-para-a-provincia-da-imaculada.html\" \/>\n<meta property=\"og:locale\" content=\"pt_BR\" \/>\n<meta property=\"og:type\" content=\"article\" \/>\n<meta property=\"og:title\" content=\"Um dia muito solene para a Prov\u00edncia da Imaculada - Not\u00edcias - Franciscanos\" \/>\n<meta property=\"og:description\" content=\"Celebra\u00e7\u00e3o dos Jubileus e Renova\u00e7\u00e3o dos Votos em Rondinha\" \/>\n<meta property=\"og:url\" content=\"https:\/\/franciscanos.org.br\/noticias\/um-dia-muito-solene-para-a-provincia-da-imaculada.html\" \/>\n<meta property=\"og:site_name\" content=\"Not\u00edcias - Franciscanos\" \/>\n<meta property=\"article:published_time\" content=\"2015-12-08T17:26:11+00:00\" \/>\n<meta property=\"article:modified_time\" content=\"2020-02-17T15:54:09+00:00\" \/>\n<meta property=\"og:image\" content=\"https:\/\/franciscanos.org.br\/noticias\/wp-content\/uploads\/2015\/12\/jubileus_rondinha-1.jpg\" \/>\n\t<meta property=\"og:image:width\" content=\"273\" \/>\n\t<meta property=\"og:image:height\" content=\"181\" \/>\n\t<meta property=\"og:image:type\" content=\"image\/jpeg\" \/>\n<meta name=\"author\" content=\"freiaugusto\" \/>\n<meta name=\"twitter:card\" content=\"summary_large_image\" \/>\n<meta name=\"twitter:label1\" content=\"Escrito por\" \/>\n\t<meta name=\"twitter:data1\" content=\"freiaugusto\" \/>\n\t<meta name=\"twitter:label2\" content=\"Est. tempo de leitura\" \/>\n\t<meta name=\"twitter:data2\" content=\"5 minutos\" \/>\n<script type=\"application\/ld+json\" class=\"yoast-schema-graph\">{\"@context\":\"https:\/\/schema.org\",\"@graph\":[{\"@type\":\"WebSite\",\"@id\":\"https:\/\/franciscanos.org.br\/noticias\/#website\",\"url\":\"https:\/\/franciscanos.org.br\/noticias\/\",\"name\":\"Not\u00edcias - Franciscanos\",\"description\":\"Prov\u00edncia Franciscana da Imaculada Concei\u00e7\u00e3o do Brasil - Ordem dos Frades Menores - OFM\",\"potentialAction\":[{\"@type\":\"SearchAction\",\"target\":{\"@type\":\"EntryPoint\",\"urlTemplate\":\"https:\/\/franciscanos.org.br\/noticias\/?s={search_term_string}\"},\"query-input\":\"required name=search_term_string\"}],\"inLanguage\":\"pt-BR\"},{\"@type\":\"ImageObject\",\"inLanguage\":\"pt-BR\",\"@id\":\"https:\/\/franciscanos.org.br\/noticias\/um-dia-muito-solene-para-a-provincia-da-imaculada.html#primaryimage\",\"url\":\"https:\/\/franciscanos.org.br\/noticias\/wp-content\/uploads\/2015\/12\/jubileus_rondinha-1.jpg\",\"contentUrl\":\"https:\/\/franciscanos.org.br\/noticias\/wp-content\/uploads\/2015\/12\/jubileus_rondinha-1.jpg\",\"width\":273,\"height\":181},{\"@type\":\"WebPage\",\"@id\":\"https:\/\/franciscanos.org.br\/noticias\/um-dia-muito-solene-para-a-provincia-da-imaculada.html#webpage\",\"url\":\"https:\/\/franciscanos.org.br\/noticias\/um-dia-muito-solene-para-a-provincia-da-imaculada.html\",\"name\":\"Um dia muito solene para a Prov\u00edncia da Imaculada - Not\u00edcias - Franciscanos\",\"isPartOf\":{\"@id\":\"https:\/\/franciscanos.org.br\/noticias\/#website\"},\"primaryImageOfPage\":{\"@id\":\"https:\/\/franciscanos.org.br\/noticias\/um-dia-muito-solene-para-a-provincia-da-imaculada.html#primaryimage\"},\"datePublished\":\"2015-12-08T17:26:11+00:00\",\"dateModified\":\"2020-02-17T15:54:09+00:00\",\"author\":{\"@id\":\"https:\/\/franciscanos.org.br\/noticias\/#\/schema\/person\/37f88f0d111cd5358b12a6556a99eb91\"},\"breadcrumb\":{\"@id\":\"https:\/\/franciscanos.org.br\/noticias\/um-dia-muito-solene-para-a-provincia-da-imaculada.html#breadcrumb\"},\"inLanguage\":\"pt-BR\",\"potentialAction\":[{\"@type\":\"ReadAction\",\"target\":[\"https:\/\/franciscanos.org.br\/noticias\/um-dia-muito-solene-para-a-provincia-da-imaculada.html\"]}]},{\"@type\":\"BreadcrumbList\",\"@id\":\"https:\/\/franciscanos.org.br\/noticias\/um-dia-muito-solene-para-a-provincia-da-imaculada.html#breadcrumb\",\"itemListElement\":[{\"@type\":\"ListItem\",\"position\":1,\"name\":\"Home\",\"item\":\"https:\/\/franciscanos.org.br\/noticias\"},{\"@type\":\"ListItem\",\"position\":2,\"name\":\"Um dia muito solene para a Prov\u00edncia da Imaculada\"}]},{\"@type\":\"Person\",\"@id\":\"https:\/\/franciscanos.org.br\/noticias\/#\/schema\/person\/37f88f0d111cd5358b12a6556a99eb91\",\"name\":\"freiaugusto\",\"image\":{\"@type\":\"ImageObject\",\"inLanguage\":\"pt-BR\",\"@id\":\"https:\/\/franciscanos.org.br\/noticias\/#\/schema\/person\/image\/\",\"url\":\"https:\/\/secure.gravatar.com\/avatar\/9840b940e621801b24f3e6b059efb4b7?s=96&d=mm&r=g\",\"contentUrl\":\"https:\/\/secure.gravatar.com\/avatar\/9840b940e621801b24f3e6b059efb4b7?s=96&d=mm&r=g\",\"caption\":\"freiaugusto\"},\"url\":\"https:\/\/franciscanos.org.br\/noticias\/author\/freiaugusto\"}]}<\/script>\n<!-- \/ Yoast SEO plugin. -->","yoast_head_json":{"title":"Um dia muito solene para a Prov\u00edncia da Imaculada - Not\u00edcias - Franciscanos","robots":{"index":"index","follow":"follow","max-snippet":"max-snippet:-1","max-image-preview":"max-image-preview:large","max-video-preview":"max-video-preview:-1"},"canonical":"https:\/\/franciscanos.org.br\/noticias\/um-dia-muito-solene-para-a-provincia-da-imaculada.html","og_locale":"pt_BR","og_type":"article","og_title":"Um dia muito solene para a Prov\u00edncia da Imaculada - Not\u00edcias - Franciscanos","og_description":"Celebra\u00e7\u00e3o dos Jubileus e Renova\u00e7\u00e3o dos Votos em Rondinha","og_url":"https:\/\/franciscanos.org.br\/noticias\/um-dia-muito-solene-para-a-provincia-da-imaculada.html","og_site_name":"Not\u00edcias - Franciscanos","article_published_time":"2015-12-08T17:26:11+00:00","article_modified_time":"2020-02-17T15:54:09+00:00","og_image":[{"width":273,"height":181,"url":"https:\/\/franciscanos.org.br\/noticias\/wp-content\/uploads\/2015\/12\/jubileus_rondinha-1.jpg","type":"image\/jpeg"}],"author":"freiaugusto","twitter_card":"summary_large_image","twitter_misc":{"Escrito por":"freiaugusto","Est. tempo de leitura":"5 minutos"},"schema":{"@context":"https:\/\/schema.org","@graph":[{"@type":"WebSite","@id":"https:\/\/franciscanos.org.br\/noticias\/#website","url":"https:\/\/franciscanos.org.br\/noticias\/","name":"Not\u00edcias - Franciscanos","description":"Prov\u00edncia Franciscana da Imaculada Concei\u00e7\u00e3o do Brasil - Ordem dos Frades Menores - OFM","potentialAction":[{"@type":"SearchAction","target":{"@type":"EntryPoint","urlTemplate":"https:\/\/franciscanos.org.br\/noticias\/?s={search_term_string}"},"query-input":"required name=search_term_string"}],"inLanguage":"pt-BR"},{"@type":"ImageObject","inLanguage":"pt-BR","@id":"https:\/\/franciscanos.org.br\/noticias\/um-dia-muito-solene-para-a-provincia-da-imaculada.html#primaryimage","url":"https:\/\/franciscanos.org.br\/noticias\/wp-content\/uploads\/2015\/12\/jubileus_rondinha-1.jpg","contentUrl":"https:\/\/franciscanos.org.br\/noticias\/wp-content\/uploads\/2015\/12\/jubileus_rondinha-1.jpg","width":273,"height":181},{"@type":"WebPage","@id":"https:\/\/franciscanos.org.br\/noticias\/um-dia-muito-solene-para-a-provincia-da-imaculada.html#webpage","url":"https:\/\/franciscanos.org.br\/noticias\/um-dia-muito-solene-para-a-provincia-da-imaculada.html","name":"Um dia muito solene para a Prov\u00edncia da Imaculada - Not\u00edcias - Franciscanos","isPartOf":{"@id":"https:\/\/franciscanos.org.br\/noticias\/#website"},"primaryImageOfPage":{"@id":"https:\/\/franciscanos.org.br\/noticias\/um-dia-muito-solene-para-a-provincia-da-imaculada.html#primaryimage"},"datePublished":"2015-12-08T17:26:11+00:00","dateModified":"2020-02-17T15:54:09+00:00","author":{"@id":"https:\/\/franciscanos.org.br\/noticias\/#\/schema\/person\/37f88f0d111cd5358b12a6556a99eb91"},"breadcrumb":{"@id":"https:\/\/franciscanos.org.br\/noticias\/um-dia-muito-solene-para-a-provincia-da-imaculada.html#breadcrumb"},"inLanguage":"pt-BR","potentialAction":[{"@type":"ReadAction","target":["https:\/\/franciscanos.org.br\/noticias\/um-dia-muito-solene-para-a-provincia-da-imaculada.html"]}]},{"@type":"BreadcrumbList","@id":"https:\/\/franciscanos.org.br\/noticias\/um-dia-muito-solene-para-a-provincia-da-imaculada.html#breadcrumb","itemListElement":[{"@type":"ListItem","position":1,"name":"Home","item":"https:\/\/franciscanos.org.br\/noticias"},{"@type":"ListItem","position":2,"name":"Um dia muito solene para a Prov\u00edncia da Imaculada"}]},{"@type":"Person","@id":"https:\/\/franciscanos.org.br\/noticias\/#\/schema\/person\/37f88f0d111cd5358b12a6556a99eb91","name":"freiaugusto","image":{"@type":"ImageObject","inLanguage":"pt-BR","@id":"https:\/\/franciscanos.org.br\/noticias\/#\/schema\/person\/image\/","url":"https:\/\/secure.gravatar.com\/avatar\/9840b940e621801b24f3e6b059efb4b7?s=96&d=mm&r=g","contentUrl":"https:\/\/secure.gravatar.com\/avatar\/9840b940e621801b24f3e6b059efb4b7?s=96&d=mm&r=g","caption":"freiaugusto"},"url":"https:\/\/franciscanos.org.br\/noticias\/author\/freiaugusto"}]}},"_links":{"self":[{"href":"https:\/\/franciscanos.org.br\/noticias\/wp-json\/wp\/v2\/posts\/192484"}],"collection":[{"href":"https:\/\/franciscanos.org.br\/noticias\/wp-json\/wp\/v2\/posts"}],"about":[{"href":"https:\/\/franciscanos.org.br\/noticias\/wp-json\/wp\/v2\/types\/post"}],"author":[{"embeddable":true,"href":"https:\/\/franciscanos.org.br\/noticias\/wp-json\/wp\/v2\/users\/5"}],"replies":[{"embeddable":true,"href":"https:\/\/franciscanos.org.br\/noticias\/wp-json\/wp\/v2\/comments?post=192484"}],"version-history":[{"count":0,"href":"https:\/\/franciscanos.org.br\/noticias\/wp-json\/wp\/v2\/posts\/192484\/revisions"}],"wp:featuredmedia":[{"embeddable":true,"href":"https:\/\/franciscanos.org.br\/noticias\/wp-json\/wp\/v2\/media\/221139"}],"wp:attachment":[{"href":"https:\/\/franciscanos.org.br\/noticias\/wp-json\/wp\/v2\/media?parent=192484"}],"wp:term":[{"taxonomy":"category","embeddable":true,"href":"https:\/\/franciscanos.org.br\/noticias\/wp-json\/wp\/v2\/categories?post=192484"},{"taxonomy":"post_tag","embeddable":true,"href":"https:\/\/franciscanos.org.br\/noticias\/wp-json\/wp\/v2\/tags?post=192484"}],"curies":[{"name":"wp","href":"https:\/\/api.w.org\/{rel}","templated":true}]}}