{"id":192403,"date":"2018-07-02T14:44:40","date_gmt":"2018-07-02T17:44:40","guid":{"rendered":"https:\/\/franciscanos.org.br\/noticias\/?p=192403"},"modified":"2018-12-07T14:51:32","modified_gmt":"2018-12-07T16:51:32","slug":"sobre-frei-harada","status":"publish","type":"post","link":"https:\/\/franciscanos.org.br\/noticias\/sobre-frei-harada.html","title":{"rendered":"Sobre Frei Harada"},"content":{"rendered":"<p><img loading=\"lazy\" class=\"wp-image-192404 aligncenter\" src=\"https:\/\/franciscanos.org.br\/noticias\/wp-content\/uploads\/2018\/12\/harada_alto.jpg\" alt=\"\" width=\"889\" height=\"335\" srcset=\"https:\/\/franciscanos.org.br\/noticias\/wp-content\/uploads\/2018\/12\/harada_alto.jpg 820w, https:\/\/franciscanos.org.br\/noticias\/wp-content\/uploads\/2018\/12\/harada_alto-450x170.jpg 450w, https:\/\/franciscanos.org.br\/noticias\/wp-content\/uploads\/2018\/12\/harada_alto-768x289.jpg 768w, https:\/\/franciscanos.org.br\/noticias\/wp-content\/uploads\/2018\/12\/harada_alto-150x57.jpg 150w\" sizes=\"(max-width: 889px) 100vw, 889px\" \/><\/p>\n<p><strong>O FRADE MENOR<\/strong><\/p>\n<p>Frei Herm\u00f3genes Harada nasceu em Miyasaki, Jap\u00e3o, no dia 2 de outubro de 1928. Seu pai, Kampei Harada, e sua m\u00e3e, Sunao Kubo, eram budistas convertidos ao cristianismo protestante. Segundo Frei Harada, eles se encontraram ao trabalharem numa obra social de assist\u00eancia \u00e0s crian\u00e7as abandonadas. Mais tarde se converteram ao catolicismo sob a influ\u00eancia dos mission\u00e1rios salesianos.<\/p>\n<p>Como conta o frade em sua biografia, tanto o pai como a m\u00e3e, apesar de jovens, j\u00e1 eram vi\u00favos quando se casaram. O pai n\u00e3o tinha filho e a m\u00e3e tinha dois. \u201cOs meus irm\u00e3os, hoje falecidos, s\u00e3o, portanto, meio-irm\u00e3os\u201d. O sobrenome tamb\u00e9m tem uma curiosidade. \u201cNa verdade, o sobrenome de seu pai \u00e9 Niina. Harada \u00e9 o nome da fam\u00edlia da primeira esposa. Quando a filha \u00e9 filho \u00fanico, para que o nome da fam\u00edlia permane\u00e7a, o marido \u00e9 adotado e recebe o nome da esposa\u201d, conta Frei Herm\u00f3genes.<\/p>\n<p>Em 1936, Harada veio para o Brasil. Foi ent\u00e3o que decidiu ser religioso franciscano. \u201cMinha fam\u00edlia n\u00e3o me influenciou na voca\u00e7\u00e3o em termos de religiosidade, mas pela atitude moral de meus pais, que sempre falavam e exigiam a necessidade de ser algu\u00e9m \u00fatil \u00e0 humanidade. Ali\u00e1s, meu pai queria que fosse m\u00e9dico\u201d, confessa Frei Herm\u00f3genes.<\/p>\n<p>O frade conta que toda a influ\u00eancia para a vida religiosa e sacerdotal veio dos franciscanos mission\u00e1rios para os japoneses, Frei Martinho Friese, Frei Bonif\u00e1cio Duxx e Frei Virgilio Nagel, frades da Prov\u00edncia de Fulda. Antes de morrer, seu pai pediu a Frei Martinho que fizesse de Frei Herm\u00f3genes \u201calgu\u00e9m \u00fatil \u00e0 sociedade\u201d: \u201cAo ver a vida e o modo de ser dos mission\u00e1rios decidi ser como eles\u201d.<\/p>\n<p>Para fazer sua forma\u00e7\u00e3o religiosa, Harada seguiu para o Semin\u00e1rio Ser\u00e1fico de S\u00e3o Lu\u00eds de Tolosa, em Rio Negro, no Paran\u00e1. Ali cursou o Juvenato at\u00e9 1949, quando foi admitido na Ordem Franciscana ao ingressar no Noviciado de Rodeio.<\/p>\n<p>Cursou os estudos superiores nos institutos da Prov\u00edncia Franciscana da Imaculada Concei\u00e7\u00e3o do Brasil, sendo os filos\u00f3ficos em Curitiba (PR) e os teol\u00f3gicos em Petr\u00f3polis (RJ). Aprofundou seus estudos filos\u00f3ficos em Freiburg e W\u00fcrzburg, Alemanha, ocasi\u00e3o em que editou dois volumes das Raimundi Lulli Opera Latina.<\/p>\n<p>Entre seus trabalhos preferidos, est\u00e1 o ensino de Filosofia, onde foi mestre por causa 20 anos. Era muito requisitado para pregar retiros e cursos de espiritualidade franciscana. Gostava de pesquisas relacionadas a assuntos de filosofia e espiritualidade franciscana.<\/p>\n<p>Foi pesquisador do Ifan (Instituto Franciscano de Antropologia) e do NEF (N\u00facleo de Estudos Medievais e Franciscanos), da Faculdade de Filosofia S\u00e3o Boaventura. \u00c9 co-autor de \u201cEnsaios de Filosofia\u201d (Vozes, 1999) e autor de \u201cEm comentando I Fioretti\u201d (Edusf, 2\u00aa edi\u00e7\u00e3o revista, 2006) e \u201cCoisas.<\/p>\n<p>Reflexivo, quieto, bastante fraternal e atencioso com as pessoas, reconhecia que tinha dificuldades para \u201ccertas anima\u00e7\u00f5es comunit\u00e1rias\u201d.<\/p>\n<p>Seu grande sonho era fazer uma experi\u00eancia \u201cradical\u201d m\u00edstica no deserto, enquanto tinha como desafio na vida religiosa \u201cser cada vez mais radicalmente humilde e puro\u201d.<\/p>\n<p><strong>PUBLICA\u00c7\u00d5ES<\/strong><\/p>\n<p>RAIMUNDI LULLI, in Corpus Christianorum (continuatio Mediaevalis) XXXII, Opera Latina, Tomus VII, 168-177, Anno MCCCXI comp\u00f3sita, Edidit, Turnholti, Typographi Brepolis Editores, MCMLXXV, sob orienta\u00e7\u00e3o do Prof. Friedrich Stegm\u00fcller.<\/p>\n<p>RAIMUNDI LULLI, in Corpus Christianorum (continuatio Mediaevalis) XXXIV, Opera Latina, Tomus VIII, 178-1 89, Anno MCCCXI comp\u00f3sita, Edidit, Turnholti, Typographi Brepolis Editores, MCMLXXX, sob orienta\u00e7\u00e3o do Prof. Friedrich Stegm\u00fcller.<\/p>\n<p>\u201cCoisas, velhas e novas \u2013 \u00c0 margem da espiritualidade franciscana\u201d \u2013 Ediusf 2006.<\/p>\n<p>\u201cEm comentando I Fioretti: reflex\u00f5es franciscanas intempestivas\u201d \u2013 Ediusf \u2013 2\u00aa edi\u00e7\u00e3o \u2013 2006.<\/p>\n<p><strong>ARTIGOS<\/strong><\/p>\n<blockquote><p>\u00c0 margem do Estruturalismo, REB vol. 28, fasc.4, dezembro 1968, Petr\u00f3polis, 10 p\u00e1ginas.<br \/>\nReflex\u00e3o de quem n\u00e3o sabe o que \u00e9 ora\u00e7\u00e3o, em Ora\u00e7\u00e3o no Mundo Secular, desafio e chance, Ed. Vozes, 1975, Petr\u00f3polis.<br \/>\nCristologia e Psicologia de C.G. Jung, REB vol. 31, fasc. 121, mar\u00e7o 1977, Petr\u00f3polis, 25 p\u00e1ginas.<br \/>\nDa Experi\u00eancia, em Experimentar Deus Hoje, Ed. Vozes, 1974, Petr\u00f3polis, 15 p\u00e1ginas.<br \/>\nFenomenologia do corpo, Revista de Cultura Vozes, 1971, Petr\u00f3polis, 8 p\u00e1ginas.<br \/>\nUma Est\u00f3ria sem utilidade, Revista de Cultura Vozes, 1971, Petr\u00f3polis, 2 p\u00e1ginas.<br \/>\n\u00c0 margem de um deserto, Revista de Cultura Vozes, 1971, Petr\u00f3polis, 2 p\u00e1ginas.<br \/>\nAnimal e Super-Homem, Revista de Cultura Vozes, 1971, Petr\u00f3polis, 6 p\u00e1ginas.<br \/>\nO trapaceiro, Revista de Cultura Vozes, 1971, Petr\u00f3polis, 1 p\u00e1gina.<br \/>\nCamelo, Le\u00e3o e Crian\u00e7a, Revista de Cultura Vozes, 1971, Petr\u00f3polis, 6 p\u00e1ginas.<br \/>\nEsp\u00edrito e Liberdade, Grande Sinal, Ano XXVI-1 972, Petr\u00f3polis, 11 p\u00e1ginas.<br \/>\nA virgindade consagrada, Grande Sinal, Ano XXVUI-1 974, Petr\u00f3polis, 17 p\u00e1ginas.<br \/>\nA Obedi\u00eancia, Grande Sinal, Ano XXIX-1 975, Petr\u00f3polis, 8 p\u00e1ginas.<br \/>\nA pobreza e a liberdade interior, Grande Sinal, Ano XXIX-1 975, Petr\u00f3polis, 22 p\u00e1ginas.<br \/>\nA vida fraterna, Grande Sinal, Ano XXIX-1 975, Petr\u00f3polis, 10 p\u00e1ginas.<br \/>\nO celibato, Grande Sinal, Ano XXIX-1975, Petr\u00f3polis, 10 p\u00e1ginas.<br \/>\nA arte de harmonizar a vida, Grande Sinal, Ano XX)(l-1977, Petr\u00f3polis, 12 p\u00e1ginas.<br \/>\nA rosa \u00e9 sem porque, Grande Sinal, Ano XXXI-1 977, Petr\u00f3polis, 10 p\u00e1ginas.<br \/>\nA perfeita alegria, Grande Sinal, Ano XXXII-1 978, Petr\u00f3polis, 8 p\u00e1ginas.<br \/>\nApenas apenas, Grande Sinal, Ano XXXII-1 978, Petr\u00f3polis, 10 p\u00e1ginas.<br \/>\nVida e santidade, Grande Sinal, Ano XXXIII-1979, Petr\u00f3polis, 12 p\u00e1ginas.<br \/>\nO Meio Sil\u00eancio, Arte e Palavra, Sil\u00eancio, F\u00f3rum de Ci\u00eancia e Cultura, UFRJRJ, 14 p\u00e1ginas.<br \/>\nImporta n\u00e3o ser.<br \/>\nEspiritualidade Franciscana \u2013 Do esp\u00edrito de perten\u00e7a.<\/p><\/blockquote>\n<p><strong>FORMA\u00c7\u00c3O FRANCISCANA INICIAL<\/strong><\/p>\n<p>1943 \u2013 Ingresso no Semin\u00e1rio Ser\u00e1fico S\u00e3o Lu\u00eds de Tolosa, Rio Negro-PR, onde fez estudos iniciais at\u00e9 1949.<\/p>\n<p>09.12.1949 \u2013 admitido ao Noviciado, em Rodeio-SC.<\/p>\n<p>20.12.1950 \u2013 Primeira profiss\u00e3o religiosa ao t\u00e9rmino do noviciado.<\/p>\n<p>1951-1 952 \u2013 Estudos de Filosofia, em Curitiba-PR.<\/p>\n<p>1953-1 956 \u2013 Estudos de Teologia, em Petr\u00f3polis-RJ.<\/p>\n<p>20.12.1953 \u2013 Profiss\u00e3o dos votos solenes na Ordem dos Frades Menores.<\/p>\n<p>21.12.1955 \u2013 Ordena\u00e7\u00e3o diaconal.<\/p>\n<p>02.07.1956 \u2013 Ordena\u00e7\u00e3o presbiteral.<\/p>\n<p>1957 \u2013 Ano de est\u00e1gio pastoral, em Luzerna-SC.<\/p>\n<p>1958-1965 \u2013 Convento de Freiburg, i. Br, Alemanha \u2013 Estudante de Filosofia<\/p>\n<p>1966-1967 \u2013 Convento dos Franciscanos Conventuais, depois Irm\u00e3s Franciscanas do Menino Jesus em Wurzburg, \u2013 estudante de Filosofia<\/p>\n<p>1968 \u2013 1982 \u2013 Petr\u00f3polis \u2013 Docente de Filosofia \u2013 T\u00e9cnico para Estudos no Cefepal<\/p>\n<p>1982-1998 \u2013 Rondinha \u2013 Docente de Filosofia.<\/p>\n<p><strong>ESTUDOS DE ESPECIALIZA\u00c7\u00c3O<\/strong><\/p>\n<p>1958- 1967 \u2013 Estudos de especializa\u00e7\u00e3o em Filosofia: Universidade W\u00fcrzburg, i.Br. Alemanha (Albert-Ludwigs \u2013 Freiburg), tendo feito os seguintes cursos:<\/p>\n<p>Ontologia Medieval, Edi\u00e7\u00e3o Cr\u00edtica e Fenomenologia<br \/>\nPsicologia Anal\u00edtica (Freud e Jung)<br \/>\nTeologia Dogm\u00e1tica<br \/>\nPaleografia Medieval<\/p>\n<p><strong>ATIVIDADES DESENVOLVIDAS<\/strong><\/p>\n<p>1968-1982 \u2013 Docente de Filosofia no Instituto Filos\u00f3fico-Teol\u00f3gico Franciscano; T\u00e9cnico para Estudos Franciscanos no CEFEPAL, em Petr\u00f3polis-RJ;<\/p>\n<p>1982- 1999 \u2013 Docente de Filosofia no Instituto Franciscano de S\u00e3o Boaventura, Rondinha \u2013 Campo Largo-PR;<\/p>\n<p>1992 \u2013 Per\u00edodo sab\u00e1tico e atendimento no Eremit\u00e9rio de Carceri, It\u00e1lia.<\/p>\n<p>Janeiro-maio 2000 \u2013 docente de Filosofia no Semin\u00e1rio Diocesano de Malange, Angola.<\/p>\n<p>Junho-dezembro 2000 \u2013 Atendimento no Santu\u00e1rio e Convento de S\u00e3o Francisco, em S\u00e3o Paulo-SP; Assistente espiritual da Pequena Fam\u00edlia Franciscana; Janeiro-agosto 2001 \u2013 a servi\u00e7o da Universidade S\u00e3o Francisco, em Bragan\u00e7a Paulista-SP (Instituto Franciscano de Antropologia \u2013 IFAN);<\/p>\n<p>2002-2004 \u2013 a servi\u00e7o do IFAN e do NEF (N\u00facleo de Estudos Filos\u00f3ficos), na Faculdade de Filosofia S\u00e3o Boaventura, em Curitiba-PR.<\/p>\n<p><strong>VEJA ALGUMAS FOTOS<\/strong><\/p>\n\n\t\t<style type=\"text\/css\">\n\t\t\t#gallery-1 {\n\t\t\t\tmargin: auto;\n\t\t\t}\n\t\t\t#gallery-1 .gallery-item {\n\t\t\t\tfloat: left;\n\t\t\t\tmargin-top: 10px;\n\t\t\t\ttext-align: center;\n\t\t\t\twidth: 20%;\n\t\t\t}\n\t\t\t#gallery-1 img {\n\t\t\t\tborder: 2px solid #cfcfcf;\n\t\t\t}\n\t\t\t#gallery-1 .gallery-caption {\n\t\t\t\tmargin-left: 0;\n\t\t\t}\n\t\t\t\/* see gallery_shortcode() in wp-includes\/media.php *\/\n\t\t<\/style>\n\t\t<div id='gallery-1' class='gallery galleryid-192403 gallery-columns-5 gallery-size-thumbnail'><dl class='gallery-item'>\n\t\t\t<dt class='gallery-icon portrait'>\n\t\t\t\t<a href='https:\/\/franciscanos.org.br\/noticias\/wp-content\/uploads\/2018\/12\/frei_harada-1.jpg'><img width=\"300\" height=\"300\" src=\"https:\/\/franciscanos.org.br\/noticias\/wp-content\/uploads\/2018\/12\/frei_harada-1-300x300.jpg\" class=\"attachment-thumbnail size-thumbnail\" alt=\"\" loading=\"lazy\" srcset=\"https:\/\/franciscanos.org.br\/noticias\/wp-content\/uploads\/2018\/12\/frei_harada-1-300x300.jpg 300w, https:\/\/franciscanos.org.br\/noticias\/wp-content\/uploads\/2018\/12\/frei_harada-1-400x400.jpg 400w\" sizes=\"(max-width: 300px) 100vw, 300px\" \/><\/a>\n\t\t\t<\/dt><\/dl><dl class='gallery-item'>\n\t\t\t<dt class='gallery-icon portrait'>\n\t\t\t\t<a href='https:\/\/franciscanos.org.br\/noticias\/wp-content\/uploads\/2018\/12\/frei_harada-2.jpg'><img width=\"300\" height=\"300\" src=\"https:\/\/franciscanos.org.br\/noticias\/wp-content\/uploads\/2018\/12\/frei_harada-2-300x300.jpg\" class=\"attachment-thumbnail size-thumbnail\" alt=\"\" loading=\"lazy\" srcset=\"https:\/\/franciscanos.org.br\/noticias\/wp-content\/uploads\/2018\/12\/frei_harada-2-300x300.jpg 300w, https:\/\/franciscanos.org.br\/noticias\/wp-content\/uploads\/2018\/12\/frei_harada-2-400x400.jpg 400w\" sizes=\"(max-width: 300px) 100vw, 300px\" \/><\/a>\n\t\t\t<\/dt><\/dl><dl class='gallery-item'>\n\t\t\t<dt class='gallery-icon landscape'>\n\t\t\t\t<a href='https:\/\/franciscanos.org.br\/noticias\/wp-content\/uploads\/2018\/12\/frei_harada-3.jpg'><img width=\"300\" height=\"300\" src=\"https:\/\/franciscanos.org.br\/noticias\/wp-content\/uploads\/2018\/12\/frei_harada-3-300x300.jpg\" class=\"attachment-thumbnail size-thumbnail\" alt=\"\" loading=\"lazy\" srcset=\"https:\/\/franciscanos.org.br\/noticias\/wp-content\/uploads\/2018\/12\/frei_harada-3-300x300.jpg 300w, https:\/\/franciscanos.org.br\/noticias\/wp-content\/uploads\/2018\/12\/frei_harada-3-400x400.jpg 400w\" sizes=\"(max-width: 300px) 100vw, 300px\" \/><\/a>\n\t\t\t<\/dt><\/dl><dl class='gallery-item'>\n\t\t\t<dt class='gallery-icon landscape'>\n\t\t\t\t<a href='https:\/\/franciscanos.org.br\/noticias\/wp-content\/uploads\/2018\/12\/frei_harada-4.jpg'><img width=\"300\" height=\"300\" src=\"https:\/\/franciscanos.org.br\/noticias\/wp-content\/uploads\/2018\/12\/frei_harada-4-300x300.jpg\" class=\"attachment-thumbnail size-thumbnail\" alt=\"\" loading=\"lazy\" srcset=\"https:\/\/franciscanos.org.br\/noticias\/wp-content\/uploads\/2018\/12\/frei_harada-4-300x300.jpg 300w, https:\/\/franciscanos.org.br\/noticias\/wp-content\/uploads\/2018\/12\/frei_harada-4-400x400.jpg 400w\" sizes=\"(max-width: 300px) 100vw, 300px\" \/><\/a>\n\t\t\t<\/dt><\/dl><dl class='gallery-item'>\n\t\t\t<dt class='gallery-icon landscape'>\n\t\t\t\t<a href='https:\/\/franciscanos.org.br\/noticias\/wp-content\/uploads\/2018\/12\/frei_harada-5.jpg'><img width=\"300\" height=\"300\" src=\"https:\/\/franciscanos.org.br\/noticias\/wp-content\/uploads\/2018\/12\/frei_harada-5-300x300.jpg\" class=\"attachment-thumbnail size-thumbnail\" alt=\"\" loading=\"lazy\" srcset=\"https:\/\/franciscanos.org.br\/noticias\/wp-content\/uploads\/2018\/12\/frei_harada-5-300x300.jpg 300w, https:\/\/franciscanos.org.br\/noticias\/wp-content\/uploads\/2018\/12\/frei_harada-5-400x400.jpg 400w\" sizes=\"(max-width: 300px) 100vw, 300px\" \/><\/a>\n\t\t\t<\/dt><\/dl><br style=\"clear: both\" \/><dl class='gallery-item'>\n\t\t\t<dt class='gallery-icon landscape'>\n\t\t\t\t<a href='https:\/\/franciscanos.org.br\/noticias\/wp-content\/uploads\/2018\/12\/frei_harada-6.jpg'><img width=\"300\" height=\"300\" src=\"https:\/\/franciscanos.org.br\/noticias\/wp-content\/uploads\/2018\/12\/frei_harada-6-300x300.jpg\" class=\"attachment-thumbnail size-thumbnail\" alt=\"\" loading=\"lazy\" srcset=\"https:\/\/franciscanos.org.br\/noticias\/wp-content\/uploads\/2018\/12\/frei_harada-6-300x300.jpg 300w, https:\/\/franciscanos.org.br\/noticias\/wp-content\/uploads\/2018\/12\/frei_harada-6-400x400.jpg 400w\" sizes=\"(max-width: 300px) 100vw, 300px\" \/><\/a>\n\t\t\t<\/dt><\/dl><dl class='gallery-item'>\n\t\t\t<dt class='gallery-icon landscape'>\n\t\t\t\t<a href='https:\/\/franciscanos.org.br\/noticias\/wp-content\/uploads\/2018\/12\/frei_harada-7.jpg'><img width=\"300\" height=\"300\" src=\"https:\/\/franciscanos.org.br\/noticias\/wp-content\/uploads\/2018\/12\/frei_harada-7-300x300.jpg\" class=\"attachment-thumbnail size-thumbnail\" alt=\"\" loading=\"lazy\" srcset=\"https:\/\/franciscanos.org.br\/noticias\/wp-content\/uploads\/2018\/12\/frei_harada-7-300x300.jpg 300w, https:\/\/franciscanos.org.br\/noticias\/wp-content\/uploads\/2018\/12\/frei_harada-7-400x400.jpg 400w\" sizes=\"(max-width: 300px) 100vw, 300px\" \/><\/a>\n\t\t\t<\/dt><\/dl><dl class='gallery-item'>\n\t\t\t<dt class='gallery-icon landscape'>\n\t\t\t\t<a href='https:\/\/franciscanos.org.br\/noticias\/wp-content\/uploads\/2018\/12\/frei_harada-8.jpg'><img width=\"300\" height=\"300\" src=\"https:\/\/franciscanos.org.br\/noticias\/wp-content\/uploads\/2018\/12\/frei_harada-8-300x300.jpg\" class=\"attachment-thumbnail size-thumbnail\" alt=\"\" loading=\"lazy\" srcset=\"https:\/\/franciscanos.org.br\/noticias\/wp-content\/uploads\/2018\/12\/frei_harada-8-300x300.jpg 300w, https:\/\/franciscanos.org.br\/noticias\/wp-content\/uploads\/2018\/12\/frei_harada-8-400x400.jpg 400w\" sizes=\"(max-width: 300px) 100vw, 300px\" \/><\/a>\n\t\t\t<\/dt><\/dl><dl class='gallery-item'>\n\t\t\t<dt class='gallery-icon portrait'>\n\t\t\t\t<a href='https:\/\/franciscanos.org.br\/noticias\/wp-content\/uploads\/2018\/12\/frei_harada-9.jpg'><img width=\"300\" height=\"300\" src=\"https:\/\/franciscanos.org.br\/noticias\/wp-content\/uploads\/2018\/12\/frei_harada-9-300x300.jpg\" class=\"attachment-thumbnail size-thumbnail\" alt=\"\" loading=\"lazy\" srcset=\"https:\/\/franciscanos.org.br\/noticias\/wp-content\/uploads\/2018\/12\/frei_harada-9-300x300.jpg 300w, https:\/\/franciscanos.org.br\/noticias\/wp-content\/uploads\/2018\/12\/frei_harada-9-400x400.jpg 400w\" sizes=\"(max-width: 300px) 100vw, 300px\" \/><\/a>\n\t\t\t<\/dt><\/dl><dl class='gallery-item'>\n\t\t\t<dt class='gallery-icon portrait'>\n\t\t\t\t<a href='https:\/\/franciscanos.org.br\/noticias\/wp-content\/uploads\/2018\/12\/frei_harada-10.jpg'><img width=\"300\" height=\"300\" src=\"https:\/\/franciscanos.org.br\/noticias\/wp-content\/uploads\/2018\/12\/frei_harada-10-300x300.jpg\" class=\"attachment-thumbnail size-thumbnail\" alt=\"\" loading=\"lazy\" srcset=\"https:\/\/franciscanos.org.br\/noticias\/wp-content\/uploads\/2018\/12\/frei_harada-10-300x300.jpg 300w, https:\/\/franciscanos.org.br\/noticias\/wp-content\/uploads\/2018\/12\/frei_harada-10-400x400.jpg 400w\" sizes=\"(max-width: 300px) 100vw, 300px\" \/><\/a>\n\t\t\t<\/dt><\/dl><br style=\"clear: both\" \/>\n\t\t<\/div>\n\n","protected":false},"excerpt":{"rendered":"<p>O FRADE MENOR Frei Herm\u00f3genes Harada nasceu em Miyasaki, Jap\u00e3o, no dia 2 de outubro de 1928. Seu pai, Kampei Harada, e sua m\u00e3e, Sunao Kubo, eram budistas convertidos ao cristianismo protestante. Segundo Frei Harada, eles se encontraram ao trabalharem numa obra social de assist\u00eancia \u00e0s crian\u00e7as abandonadas. Mais tarde se converteram ao catolicismo sob [&hellip;]<\/p>\n","protected":false},"author":5,"featured_media":192417,"comment_status":"open","ping_status":"open","sticky":false,"template":"","format":"standard","meta":[],"categories":[1],"tags":[586],"acf":[],"yoast_head":"<!-- This site is optimized with the Yoast SEO plugin v19.2 - https:\/\/yoast.com\/wordpress\/plugins\/seo\/ -->\n<title>Sobre Frei Harada - Not\u00edcias - Franciscanos<\/title>\n<meta name=\"robots\" content=\"index, follow, max-snippet:-1, max-image-preview:large, max-video-preview:-1\" \/>\n<link rel=\"canonical\" href=\"https:\/\/franciscanos.org.br\/noticias\/sobre-frei-harada.html\" \/>\n<meta property=\"og:locale\" content=\"pt_BR\" \/>\n<meta property=\"og:type\" content=\"article\" \/>\n<meta property=\"og:title\" content=\"Sobre Frei Harada - Not\u00edcias - Franciscanos\" \/>\n<meta property=\"og:description\" content=\"O FRADE MENOR Frei Herm\u00f3genes Harada nasceu em Miyasaki, Jap\u00e3o, no dia 2 de outubro de 1928. Seu pai, Kampei Harada, e sua m\u00e3e, Sunao Kubo, eram budistas convertidos ao cristianismo protestante. Segundo Frei Harada, eles se encontraram ao trabalharem numa obra social de assist\u00eancia \u00e0s crian\u00e7as abandonadas. Mais tarde se converteram ao catolicismo sob [&hellip;]\" \/>\n<meta property=\"og:url\" content=\"https:\/\/franciscanos.org.br\/noticias\/sobre-frei-harada.html\" \/>\n<meta property=\"og:site_name\" content=\"Not\u00edcias - Franciscanos\" \/>\n<meta property=\"article:published_time\" content=\"2018-07-02T17:44:40+00:00\" \/>\n<meta property=\"article:modified_time\" content=\"2018-12-07T16:51:32+00:00\" \/>\n<meta property=\"og:image\" content=\"https:\/\/franciscanos.org.br\/noticias\/wp-content\/uploads\/2018\/07\/harada_frei.jpg\" \/>\n\t<meta property=\"og:image:width\" content=\"330\" \/>\n\t<meta property=\"og:image:height\" content=\"219\" \/>\n\t<meta property=\"og:image:type\" content=\"image\/jpeg\" \/>\n<meta name=\"author\" content=\"freiaugusto\" \/>\n<meta name=\"twitter:card\" content=\"summary_large_image\" \/>\n<meta name=\"twitter:label1\" content=\"Escrito por\" \/>\n\t<meta name=\"twitter:data1\" content=\"freiaugusto\" \/>\n\t<meta name=\"twitter:label2\" content=\"Est. tempo de leitura\" \/>\n\t<meta name=\"twitter:data2\" content=\"6 minutos\" \/>\n<script type=\"application\/ld+json\" class=\"yoast-schema-graph\">{\"@context\":\"https:\/\/schema.org\",\"@graph\":[{\"@type\":\"WebSite\",\"@id\":\"https:\/\/franciscanos.org.br\/noticias\/#website\",\"url\":\"https:\/\/franciscanos.org.br\/noticias\/\",\"name\":\"Not\u00edcias - Franciscanos\",\"description\":\"Prov\u00edncia Franciscana da Imaculada Concei\u00e7\u00e3o do Brasil - Ordem dos Frades Menores - OFM\",\"potentialAction\":[{\"@type\":\"SearchAction\",\"target\":{\"@type\":\"EntryPoint\",\"urlTemplate\":\"https:\/\/franciscanos.org.br\/noticias\/?s={search_term_string}\"},\"query-input\":\"required name=search_term_string\"}],\"inLanguage\":\"pt-BR\"},{\"@type\":\"ImageObject\",\"inLanguage\":\"pt-BR\",\"@id\":\"https:\/\/franciscanos.org.br\/noticias\/sobre-frei-harada.html#primaryimage\",\"url\":\"https:\/\/franciscanos.org.br\/noticias\/wp-content\/uploads\/2018\/07\/harada_frei.jpg\",\"contentUrl\":\"https:\/\/franciscanos.org.br\/noticias\/wp-content\/uploads\/2018\/07\/harada_frei.jpg\",\"width\":330,\"height\":219},{\"@type\":\"WebPage\",\"@id\":\"https:\/\/franciscanos.org.br\/noticias\/sobre-frei-harada.html#webpage\",\"url\":\"https:\/\/franciscanos.org.br\/noticias\/sobre-frei-harada.html\",\"name\":\"Sobre Frei Harada - Not\u00edcias - Franciscanos\",\"isPartOf\":{\"@id\":\"https:\/\/franciscanos.org.br\/noticias\/#website\"},\"primaryImageOfPage\":{\"@id\":\"https:\/\/franciscanos.org.br\/noticias\/sobre-frei-harada.html#primaryimage\"},\"datePublished\":\"2018-07-02T17:44:40+00:00\",\"dateModified\":\"2018-12-07T16:51:32+00:00\",\"author\":{\"@id\":\"https:\/\/franciscanos.org.br\/noticias\/#\/schema\/person\/37f88f0d111cd5358b12a6556a99eb91\"},\"breadcrumb\":{\"@id\":\"https:\/\/franciscanos.org.br\/noticias\/sobre-frei-harada.html#breadcrumb\"},\"inLanguage\":\"pt-BR\",\"potentialAction\":[{\"@type\":\"ReadAction\",\"target\":[\"https:\/\/franciscanos.org.br\/noticias\/sobre-frei-harada.html\"]}]},{\"@type\":\"BreadcrumbList\",\"@id\":\"https:\/\/franciscanos.org.br\/noticias\/sobre-frei-harada.html#breadcrumb\",\"itemListElement\":[{\"@type\":\"ListItem\",\"position\":1,\"name\":\"Home\",\"item\":\"https:\/\/franciscanos.org.br\/noticias\"},{\"@type\":\"ListItem\",\"position\":2,\"name\":\"Sobre Frei Harada\"}]},{\"@type\":\"Person\",\"@id\":\"https:\/\/franciscanos.org.br\/noticias\/#\/schema\/person\/37f88f0d111cd5358b12a6556a99eb91\",\"name\":\"freiaugusto\",\"image\":{\"@type\":\"ImageObject\",\"inLanguage\":\"pt-BR\",\"@id\":\"https:\/\/franciscanos.org.br\/noticias\/#\/schema\/person\/image\/\",\"url\":\"https:\/\/secure.gravatar.com\/avatar\/9840b940e621801b24f3e6b059efb4b7?s=96&d=mm&r=g\",\"contentUrl\":\"https:\/\/secure.gravatar.com\/avatar\/9840b940e621801b24f3e6b059efb4b7?s=96&d=mm&r=g\",\"caption\":\"freiaugusto\"},\"url\":\"https:\/\/franciscanos.org.br\/noticias\/author\/freiaugusto\"}]}<\/script>\n<!-- \/ Yoast SEO plugin. -->","yoast_head_json":{"title":"Sobre Frei Harada - Not\u00edcias - Franciscanos","robots":{"index":"index","follow":"follow","max-snippet":"max-snippet:-1","max-image-preview":"max-image-preview:large","max-video-preview":"max-video-preview:-1"},"canonical":"https:\/\/franciscanos.org.br\/noticias\/sobre-frei-harada.html","og_locale":"pt_BR","og_type":"article","og_title":"Sobre Frei Harada - Not\u00edcias - Franciscanos","og_description":"O FRADE MENOR Frei Herm\u00f3genes Harada nasceu em Miyasaki, Jap\u00e3o, no dia 2 de outubro de 1928. Seu pai, Kampei Harada, e sua m\u00e3e, Sunao Kubo, eram budistas convertidos ao cristianismo protestante. Segundo Frei Harada, eles se encontraram ao trabalharem numa obra social de assist\u00eancia \u00e0s crian\u00e7as abandonadas. Mais tarde se converteram ao catolicismo sob [&hellip;]","og_url":"https:\/\/franciscanos.org.br\/noticias\/sobre-frei-harada.html","og_site_name":"Not\u00edcias - Franciscanos","article_published_time":"2018-07-02T17:44:40+00:00","article_modified_time":"2018-12-07T16:51:32+00:00","og_image":[{"width":330,"height":219,"url":"https:\/\/franciscanos.org.br\/noticias\/wp-content\/uploads\/2018\/07\/harada_frei.jpg","type":"image\/jpeg"}],"author":"freiaugusto","twitter_card":"summary_large_image","twitter_misc":{"Escrito por":"freiaugusto","Est. tempo de leitura":"6 minutos"},"schema":{"@context":"https:\/\/schema.org","@graph":[{"@type":"WebSite","@id":"https:\/\/franciscanos.org.br\/noticias\/#website","url":"https:\/\/franciscanos.org.br\/noticias\/","name":"Not\u00edcias - Franciscanos","description":"Prov\u00edncia Franciscana da Imaculada Concei\u00e7\u00e3o do Brasil - Ordem dos Frades Menores - OFM","potentialAction":[{"@type":"SearchAction","target":{"@type":"EntryPoint","urlTemplate":"https:\/\/franciscanos.org.br\/noticias\/?s={search_term_string}"},"query-input":"required name=search_term_string"}],"inLanguage":"pt-BR"},{"@type":"ImageObject","inLanguage":"pt-BR","@id":"https:\/\/franciscanos.org.br\/noticias\/sobre-frei-harada.html#primaryimage","url":"https:\/\/franciscanos.org.br\/noticias\/wp-content\/uploads\/2018\/07\/harada_frei.jpg","contentUrl":"https:\/\/franciscanos.org.br\/noticias\/wp-content\/uploads\/2018\/07\/harada_frei.jpg","width":330,"height":219},{"@type":"WebPage","@id":"https:\/\/franciscanos.org.br\/noticias\/sobre-frei-harada.html#webpage","url":"https:\/\/franciscanos.org.br\/noticias\/sobre-frei-harada.html","name":"Sobre Frei Harada - Not\u00edcias - Franciscanos","isPartOf":{"@id":"https:\/\/franciscanos.org.br\/noticias\/#website"},"primaryImageOfPage":{"@id":"https:\/\/franciscanos.org.br\/noticias\/sobre-frei-harada.html#primaryimage"},"datePublished":"2018-07-02T17:44:40+00:00","dateModified":"2018-12-07T16:51:32+00:00","author":{"@id":"https:\/\/franciscanos.org.br\/noticias\/#\/schema\/person\/37f88f0d111cd5358b12a6556a99eb91"},"breadcrumb":{"@id":"https:\/\/franciscanos.org.br\/noticias\/sobre-frei-harada.html#breadcrumb"},"inLanguage":"pt-BR","potentialAction":[{"@type":"ReadAction","target":["https:\/\/franciscanos.org.br\/noticias\/sobre-frei-harada.html"]}]},{"@type":"BreadcrumbList","@id":"https:\/\/franciscanos.org.br\/noticias\/sobre-frei-harada.html#breadcrumb","itemListElement":[{"@type":"ListItem","position":1,"name":"Home","item":"https:\/\/franciscanos.org.br\/noticias"},{"@type":"ListItem","position":2,"name":"Sobre Frei Harada"}]},{"@type":"Person","@id":"https:\/\/franciscanos.org.br\/noticias\/#\/schema\/person\/37f88f0d111cd5358b12a6556a99eb91","name":"freiaugusto","image":{"@type":"ImageObject","inLanguage":"pt-BR","@id":"https:\/\/franciscanos.org.br\/noticias\/#\/schema\/person\/image\/","url":"https:\/\/secure.gravatar.com\/avatar\/9840b940e621801b24f3e6b059efb4b7?s=96&d=mm&r=g","contentUrl":"https:\/\/secure.gravatar.com\/avatar\/9840b940e621801b24f3e6b059efb4b7?s=96&d=mm&r=g","caption":"freiaugusto"},"url":"https:\/\/franciscanos.org.br\/noticias\/author\/freiaugusto"}]}},"_links":{"self":[{"href":"https:\/\/franciscanos.org.br\/noticias\/wp-json\/wp\/v2\/posts\/192403"}],"collection":[{"href":"https:\/\/franciscanos.org.br\/noticias\/wp-json\/wp\/v2\/posts"}],"about":[{"href":"https:\/\/franciscanos.org.br\/noticias\/wp-json\/wp\/v2\/types\/post"}],"author":[{"embeddable":true,"href":"https:\/\/franciscanos.org.br\/noticias\/wp-json\/wp\/v2\/users\/5"}],"replies":[{"embeddable":true,"href":"https:\/\/franciscanos.org.br\/noticias\/wp-json\/wp\/v2\/comments?post=192403"}],"version-history":[{"count":0,"href":"https:\/\/franciscanos.org.br\/noticias\/wp-json\/wp\/v2\/posts\/192403\/revisions"}],"wp:featuredmedia":[{"embeddable":true,"href":"https:\/\/franciscanos.org.br\/noticias\/wp-json\/wp\/v2\/media\/192417"}],"wp:attachment":[{"href":"https:\/\/franciscanos.org.br\/noticias\/wp-json\/wp\/v2\/media?parent=192403"}],"wp:term":[{"taxonomy":"category","embeddable":true,"href":"https:\/\/franciscanos.org.br\/noticias\/wp-json\/wp\/v2\/categories?post=192403"},{"taxonomy":"post_tag","embeddable":true,"href":"https:\/\/franciscanos.org.br\/noticias\/wp-json\/wp\/v2\/tags?post=192403"}],"curies":[{"name":"wp","href":"https:\/\/api.w.org\/{rel}","templated":true}]}}