{"id":192399,"date":"2018-07-04T14:39:19","date_gmt":"2018-07-04T17:39:19","guid":{"rendered":"https:\/\/franciscanos.org.br\/noticias\/?p=192399"},"modified":"2018-12-07T14:42:02","modified_gmt":"2018-12-07T16:42:02","slug":"bilhete-de-frei-harada-a-dom-leonardo","status":"publish","type":"post","link":"https:\/\/franciscanos.org.br\/noticias\/bilhete-de-frei-harada-a-dom-leonardo.html","title":{"rendered":"Bilhete de Frei Harada a Dom Leonardo"},"content":{"rendered":"<p>&nbsp;<\/p>\n<p><img loading=\"lazy\" class=\"alignnone wp-image-192401 size-full\" src=\"https:\/\/franciscanos.org.br\/noticias\/wp-content\/uploads\/2018\/12\/encontro_harada_7.jpg\" alt=\"\" width=\"890\" height=\"500\" srcset=\"https:\/\/franciscanos.org.br\/noticias\/wp-content\/uploads\/2018\/12\/encontro_harada_7.jpg 890w, https:\/\/franciscanos.org.br\/noticias\/wp-content\/uploads\/2018\/12\/encontro_harada_7-450x253.jpg 450w, https:\/\/franciscanos.org.br\/noticias\/wp-content\/uploads\/2018\/12\/encontro_harada_7-768x431.jpg 768w, https:\/\/franciscanos.org.br\/noticias\/wp-content\/uploads\/2018\/12\/encontro_harada_7-150x84.jpg 150w\" sizes=\"(max-width: 890px) 100vw, 890px\" \/><\/p>\n<p><em>\u201cNa sua primeira Admoesta\u00e7\u00e3o Francisco fala da inacessibilidade de Deus: Pai habita numa luz inacess\u00edvel! O Pai habita luz inacess\u00edvel? O quer dizer que Deus habita numa luz inacess\u00edvel? N\u00e3o, n\u00e3o \u00e9 acess\u00edvel, n\u00e3o \u00e9 toc\u00e1vel, n\u00e3o se pode alcan\u00e7ar? Ou se trata da Inacessibilidade que est\u00e1 intimamente ligada ao Encontro? O Piv\u00f4 da Quest\u00e3o \u00e9 entender que os textos espirituais, todos eles s\u00f3 falam do Encontro. E n\u00e3o de fatos-coisas! Mas sim da Hist\u00f3ria de Encontro!<\/em><\/p>\n<p><em>O Piv\u00f4 da Quest\u00e3o \u00e9 entender que os textos espirituais, todos eles s\u00f3 falam do Encontro. E n\u00e3o de fatos-coisas! Mas sim da Hist\u00f3ria de Encontro!<\/em><\/p>\n<p><em>Inacess\u00edvel significa, ent\u00e3o, algo que por estar longe de mim ou no lugar a onde eu n\u00e3o consigo chegar, se torna imposs\u00edvel de ser pago, ser possu\u00eddo ou ser tocado por mim, a partir de mim. Mas que se eu tivesse uma escada ou se houvesse um caminho eu o alcan\u00e7aria.<\/em><\/p>\n<p><em>Esse tipo de inacessibilidade na realidade n\u00e3o \u00e9 o Inacess\u00edvel do qual fala a Sagrada Escritura e afirmado por Francisco na sua Admoesta\u00e7\u00e3o. Esse tipo inalcan\u00e7\u00e1vel a partir de mim, de fato, poderia ser alcan\u00e7ado. S\u00f3 n\u00e3o o \u00e9 de fato, por n\u00e3o ter no momento uma possibilidade. Nesse caso dizemos: \u00e9 inacess\u00edvel. Mas quem sabe um dia agente chega l\u00e1, se conseguirmos um dia abrir um caminho. Esse tipo de Inacess\u00edvel \u00e9 ainda acess\u00edvel ao Homem como possibilidade. Quando o texto de Admoesta\u00e7\u00f5es diz que Deus habita na luz inacess\u00edvel, est\u00e1 falando de outro tipo de Inacessibilidade.<\/em><\/p>\n<p><em>Esse tipo de inacessibilidade na realidade n\u00e3o \u00e9 o Inacess\u00edvel do qual fala a Sagrada Escritura e afirmado por Francisco na sua Admoesta\u00e7\u00e3o. Esse tipo inalcan\u00e7\u00e1vel a partir de mim, de fato, poderia ser alcan\u00e7ado. S\u00f3 n\u00e3o o \u00e9 de fato, por n\u00e3o ter no momento um possibilidade. Nesse caso dizemos: \u00e9 inacess\u00edvel. Mas quem sabe um dia agente chega l\u00e1, se conseguirmos um dia abrir um caminho. Esse tipo de Inacess\u00edvel \u00e9 ainda acess\u00edvel ao Homem como possibilidade. Quando o texto de Admoesta\u00e7\u00f5es diz que Deus habita na luz inacess\u00edvel, est\u00e1 falando de outro tipo de Inacessibilidade.<\/em><\/p>\n<p><em>Est\u00e1 falando da Inacessibilidade, q qual, por exemplo, o grande Nicolau de Cusa chamou de Non-Aliud = N\u00e3o Outro. Isto \u00e9: Deus \u00e9 t\u00e3o diferente de, t\u00e3o anterior a n\u00f3s que dele nem sequer podemos dizer que ele \u00e9 inteiramente diferente, outro que nos mesmos! Deus est non-aliud = Radical-Outro!<\/em><\/p>\n<p><em>Essa impossibilidade absoluta de n\u00f3s, a partir de n\u00f3s mesmos nos achegarmos a Ele diz uma realidade absolutamente positiva: Que, nos amou antes de toda e qualquer possibilidade nossa; que ele veio a n\u00f3s a partir Dele mesmo; que Ele nos tocou; que Ele nos veio livremente ao e de Encontro. Isto \u00e9: Que se Ele se nos tornou acess\u00edvel, t\u00e3o acess\u00edvel a ponto de n\u00f3s o podermos chamar de Abba, o podermos pegar na m\u00e3o e comer, , fazer Dele o que bem quisermos, \u00e9 porque Ele gratuitamente, livremente se nos deu. Essa gratuidade n\u00e3o \u00e9 nossa conquista, n\u00e3o e nosso dom\u00ednio, n\u00e3o o \u00e9 nossa conquista, n\u00e3o \u00e9 nosso dom\u00ednio, n\u00e3o o \u00e9 porque ainda de fato n\u00e3o encontramos um meio de domin\u00e1-lo, mas porque pertence a ess\u00eancia intima da gratuidade da liberdade de Encontro. Nesse sentido: a resposta que n\u00f3s vamos dar a Deus, o nosso sim do Encontro \u00e9 tamb\u00e9m Inacess\u00edvel ao pr\u00f3prio Deus, pois, o Amor do Encontro, jamais pode ser possu\u00eddo, conquistado como uma coisa sobre a qual tenho a partir de mim um poder e dom\u00ednio! \u00c9 inacess\u00edvel, pois trata-se de Doa\u00e7\u00e3o Livre de Benevol\u00eancia.<\/em><\/p>\n<p><em>Por isso, S\u00e3o Francisco diz: ser\u00e1 que n\u00e3o se percebe que a \u00fanica possibilidade nossa de ver a Deus inacess\u00edvel \u00e9 Gratid\u00e3o profunda diante desse amor humilde que vem de Encontro a n\u00f3s? Com outras palavras: a Inacessibilidade num sentido rigoroso e absoluto s\u00f3 pode se referir ao fen\u00f4meno de Encontro de Pessoas: na doa\u00e7\u00e3o da liberdade. Por isso atitudes como essa: prove que eu creio; quero ver como \u00e9 isso; \u00e9 imposs\u00edvel de compreender, des\u00e2nimo etc\u2026 S\u00e3o todas atitudes de quem acha que \u00e9 de sua compet\u00eancia poder fazer o Encontro acess\u00edvel a partir de si. O encontro s\u00f3 \u00e9 acess\u00edvel na recep\u00e7\u00e3o grata e humilde de amor\u201d<\/em><\/p>\n","protected":false},"excerpt":{"rendered":"<p>&nbsp; \u201cNa sua primeira Admoesta\u00e7\u00e3o Francisco fala da inacessibilidade de Deus: Pai habita numa luz inacess\u00edvel! O Pai habita luz inacess\u00edvel? O quer dizer que Deus habita numa luz inacess\u00edvel? N\u00e3o, n\u00e3o \u00e9 acess\u00edvel, n\u00e3o \u00e9 toc\u00e1vel, n\u00e3o se pode alcan\u00e7ar? Ou se trata da Inacessibilidade que est\u00e1 intimamente ligada ao Encontro? O Piv\u00f4 da [&hellip;]<\/p>\n","protected":false},"author":5,"featured_media":192400,"comment_status":"open","ping_status":"open","sticky":false,"template":"","format":"standard","meta":[],"categories":[1],"tags":[586],"acf":[],"yoast_head":"<!-- This site is optimized with the Yoast SEO plugin v19.2 - https:\/\/yoast.com\/wordpress\/plugins\/seo\/ -->\n<title>Bilhete de Frei Harada a Dom Leonardo - Not\u00edcias - Franciscanos<\/title>\n<meta name=\"robots\" content=\"index, follow, max-snippet:-1, max-image-preview:large, max-video-preview:-1\" \/>\n<link rel=\"canonical\" href=\"https:\/\/franciscanos.org.br\/noticias\/bilhete-de-frei-harada-a-dom-leonardo.html\" \/>\n<meta property=\"og:locale\" content=\"pt_BR\" \/>\n<meta property=\"og:type\" content=\"article\" \/>\n<meta property=\"og:title\" content=\"Bilhete de Frei Harada a Dom Leonardo - Not\u00edcias - Franciscanos\" \/>\n<meta property=\"og:description\" content=\"&nbsp; \u201cNa sua primeira Admoesta\u00e7\u00e3o Francisco fala da inacessibilidade de Deus: Pai habita numa luz inacess\u00edvel! O Pai habita luz inacess\u00edvel? O quer dizer que Deus habita numa luz inacess\u00edvel? N\u00e3o, n\u00e3o \u00e9 acess\u00edvel, n\u00e3o \u00e9 toc\u00e1vel, n\u00e3o se pode alcan\u00e7ar? Ou se trata da Inacessibilidade que est\u00e1 intimamente ligada ao Encontro? O Piv\u00f4 da [&hellip;]\" \/>\n<meta property=\"og:url\" content=\"https:\/\/franciscanos.org.br\/noticias\/bilhete-de-frei-harada-a-dom-leonardo.html\" \/>\n<meta property=\"og:site_name\" content=\"Not\u00edcias - Franciscanos\" \/>\n<meta property=\"article:published_time\" content=\"2018-07-04T17:39:19+00:00\" \/>\n<meta property=\"article:modified_time\" content=\"2018-12-07T16:42:02+00:00\" \/>\n<meta property=\"og:image\" content=\"https:\/\/franciscanos.org.br\/noticias\/wp-content\/uploads\/2018\/12\/encontro_harada_6.jpg\" \/>\n\t<meta property=\"og:image:width\" content=\"330\" \/>\n\t<meta property=\"og:image:height\" content=\"219\" \/>\n\t<meta property=\"og:image:type\" content=\"image\/jpeg\" \/>\n<meta name=\"author\" content=\"freiaugusto\" \/>\n<meta name=\"twitter:card\" content=\"summary_large_image\" \/>\n<meta name=\"twitter:label1\" content=\"Escrito por\" \/>\n\t<meta name=\"twitter:data1\" content=\"freiaugusto\" \/>\n\t<meta name=\"twitter:label2\" content=\"Est. tempo de leitura\" \/>\n\t<meta name=\"twitter:data2\" content=\"4 minutos\" \/>\n<script type=\"application\/ld+json\" class=\"yoast-schema-graph\">{\"@context\":\"https:\/\/schema.org\",\"@graph\":[{\"@type\":\"WebSite\",\"@id\":\"https:\/\/franciscanos.org.br\/noticias\/#website\",\"url\":\"https:\/\/franciscanos.org.br\/noticias\/\",\"name\":\"Not\u00edcias - Franciscanos\",\"description\":\"Prov\u00edncia Franciscana da Imaculada Concei\u00e7\u00e3o do Brasil - Ordem dos Frades Menores - OFM\",\"potentialAction\":[{\"@type\":\"SearchAction\",\"target\":{\"@type\":\"EntryPoint\",\"urlTemplate\":\"https:\/\/franciscanos.org.br\/noticias\/?s={search_term_string}\"},\"query-input\":\"required name=search_term_string\"}],\"inLanguage\":\"pt-BR\"},{\"@type\":\"ImageObject\",\"inLanguage\":\"pt-BR\",\"@id\":\"https:\/\/franciscanos.org.br\/noticias\/bilhete-de-frei-harada-a-dom-leonardo.html#primaryimage\",\"url\":\"https:\/\/franciscanos.org.br\/noticias\/wp-content\/uploads\/2018\/12\/encontro_harada_6.jpg\",\"contentUrl\":\"https:\/\/franciscanos.org.br\/noticias\/wp-content\/uploads\/2018\/12\/encontro_harada_6.jpg\",\"width\":330,\"height\":219},{\"@type\":\"WebPage\",\"@id\":\"https:\/\/franciscanos.org.br\/noticias\/bilhete-de-frei-harada-a-dom-leonardo.html#webpage\",\"url\":\"https:\/\/franciscanos.org.br\/noticias\/bilhete-de-frei-harada-a-dom-leonardo.html\",\"name\":\"Bilhete de Frei Harada a Dom Leonardo - Not\u00edcias - Franciscanos\",\"isPartOf\":{\"@id\":\"https:\/\/franciscanos.org.br\/noticias\/#website\"},\"primaryImageOfPage\":{\"@id\":\"https:\/\/franciscanos.org.br\/noticias\/bilhete-de-frei-harada-a-dom-leonardo.html#primaryimage\"},\"datePublished\":\"2018-07-04T17:39:19+00:00\",\"dateModified\":\"2018-12-07T16:42:02+00:00\",\"author\":{\"@id\":\"https:\/\/franciscanos.org.br\/noticias\/#\/schema\/person\/37f88f0d111cd5358b12a6556a99eb91\"},\"breadcrumb\":{\"@id\":\"https:\/\/franciscanos.org.br\/noticias\/bilhete-de-frei-harada-a-dom-leonardo.html#breadcrumb\"},\"inLanguage\":\"pt-BR\",\"potentialAction\":[{\"@type\":\"ReadAction\",\"target\":[\"https:\/\/franciscanos.org.br\/noticias\/bilhete-de-frei-harada-a-dom-leonardo.html\"]}]},{\"@type\":\"BreadcrumbList\",\"@id\":\"https:\/\/franciscanos.org.br\/noticias\/bilhete-de-frei-harada-a-dom-leonardo.html#breadcrumb\",\"itemListElement\":[{\"@type\":\"ListItem\",\"position\":1,\"name\":\"Home\",\"item\":\"https:\/\/franciscanos.org.br\/noticias\"},{\"@type\":\"ListItem\",\"position\":2,\"name\":\"Bilhete de Frei Harada a Dom Leonardo\"}]},{\"@type\":\"Person\",\"@id\":\"https:\/\/franciscanos.org.br\/noticias\/#\/schema\/person\/37f88f0d111cd5358b12a6556a99eb91\",\"name\":\"freiaugusto\",\"image\":{\"@type\":\"ImageObject\",\"inLanguage\":\"pt-BR\",\"@id\":\"https:\/\/franciscanos.org.br\/noticias\/#\/schema\/person\/image\/\",\"url\":\"https:\/\/secure.gravatar.com\/avatar\/9840b940e621801b24f3e6b059efb4b7?s=96&d=mm&r=g\",\"contentUrl\":\"https:\/\/secure.gravatar.com\/avatar\/9840b940e621801b24f3e6b059efb4b7?s=96&d=mm&r=g\",\"caption\":\"freiaugusto\"},\"url\":\"https:\/\/franciscanos.org.br\/noticias\/author\/freiaugusto\"}]}<\/script>\n<!-- \/ Yoast SEO plugin. -->","yoast_head_json":{"title":"Bilhete de Frei Harada a Dom Leonardo - Not\u00edcias - Franciscanos","robots":{"index":"index","follow":"follow","max-snippet":"max-snippet:-1","max-image-preview":"max-image-preview:large","max-video-preview":"max-video-preview:-1"},"canonical":"https:\/\/franciscanos.org.br\/noticias\/bilhete-de-frei-harada-a-dom-leonardo.html","og_locale":"pt_BR","og_type":"article","og_title":"Bilhete de Frei Harada a Dom Leonardo - Not\u00edcias - Franciscanos","og_description":"&nbsp; \u201cNa sua primeira Admoesta\u00e7\u00e3o Francisco fala da inacessibilidade de Deus: Pai habita numa luz inacess\u00edvel! O Pai habita luz inacess\u00edvel? O quer dizer que Deus habita numa luz inacess\u00edvel? N\u00e3o, n\u00e3o \u00e9 acess\u00edvel, n\u00e3o \u00e9 toc\u00e1vel, n\u00e3o se pode alcan\u00e7ar? Ou se trata da Inacessibilidade que est\u00e1 intimamente ligada ao Encontro? O Piv\u00f4 da [&hellip;]","og_url":"https:\/\/franciscanos.org.br\/noticias\/bilhete-de-frei-harada-a-dom-leonardo.html","og_site_name":"Not\u00edcias - Franciscanos","article_published_time":"2018-07-04T17:39:19+00:00","article_modified_time":"2018-12-07T16:42:02+00:00","og_image":[{"width":330,"height":219,"url":"https:\/\/franciscanos.org.br\/noticias\/wp-content\/uploads\/2018\/12\/encontro_harada_6.jpg","type":"image\/jpeg"}],"author":"freiaugusto","twitter_card":"summary_large_image","twitter_misc":{"Escrito por":"freiaugusto","Est. tempo de leitura":"4 minutos"},"schema":{"@context":"https:\/\/schema.org","@graph":[{"@type":"WebSite","@id":"https:\/\/franciscanos.org.br\/noticias\/#website","url":"https:\/\/franciscanos.org.br\/noticias\/","name":"Not\u00edcias - Franciscanos","description":"Prov\u00edncia Franciscana da Imaculada Concei\u00e7\u00e3o do Brasil - Ordem dos Frades Menores - OFM","potentialAction":[{"@type":"SearchAction","target":{"@type":"EntryPoint","urlTemplate":"https:\/\/franciscanos.org.br\/noticias\/?s={search_term_string}"},"query-input":"required name=search_term_string"}],"inLanguage":"pt-BR"},{"@type":"ImageObject","inLanguage":"pt-BR","@id":"https:\/\/franciscanos.org.br\/noticias\/bilhete-de-frei-harada-a-dom-leonardo.html#primaryimage","url":"https:\/\/franciscanos.org.br\/noticias\/wp-content\/uploads\/2018\/12\/encontro_harada_6.jpg","contentUrl":"https:\/\/franciscanos.org.br\/noticias\/wp-content\/uploads\/2018\/12\/encontro_harada_6.jpg","width":330,"height":219},{"@type":"WebPage","@id":"https:\/\/franciscanos.org.br\/noticias\/bilhete-de-frei-harada-a-dom-leonardo.html#webpage","url":"https:\/\/franciscanos.org.br\/noticias\/bilhete-de-frei-harada-a-dom-leonardo.html","name":"Bilhete de Frei Harada a Dom Leonardo - Not\u00edcias - Franciscanos","isPartOf":{"@id":"https:\/\/franciscanos.org.br\/noticias\/#website"},"primaryImageOfPage":{"@id":"https:\/\/franciscanos.org.br\/noticias\/bilhete-de-frei-harada-a-dom-leonardo.html#primaryimage"},"datePublished":"2018-07-04T17:39:19+00:00","dateModified":"2018-12-07T16:42:02+00:00","author":{"@id":"https:\/\/franciscanos.org.br\/noticias\/#\/schema\/person\/37f88f0d111cd5358b12a6556a99eb91"},"breadcrumb":{"@id":"https:\/\/franciscanos.org.br\/noticias\/bilhete-de-frei-harada-a-dom-leonardo.html#breadcrumb"},"inLanguage":"pt-BR","potentialAction":[{"@type":"ReadAction","target":["https:\/\/franciscanos.org.br\/noticias\/bilhete-de-frei-harada-a-dom-leonardo.html"]}]},{"@type":"BreadcrumbList","@id":"https:\/\/franciscanos.org.br\/noticias\/bilhete-de-frei-harada-a-dom-leonardo.html#breadcrumb","itemListElement":[{"@type":"ListItem","position":1,"name":"Home","item":"https:\/\/franciscanos.org.br\/noticias"},{"@type":"ListItem","position":2,"name":"Bilhete de Frei Harada a Dom Leonardo"}]},{"@type":"Person","@id":"https:\/\/franciscanos.org.br\/noticias\/#\/schema\/person\/37f88f0d111cd5358b12a6556a99eb91","name":"freiaugusto","image":{"@type":"ImageObject","inLanguage":"pt-BR","@id":"https:\/\/franciscanos.org.br\/noticias\/#\/schema\/person\/image\/","url":"https:\/\/secure.gravatar.com\/avatar\/9840b940e621801b24f3e6b059efb4b7?s=96&d=mm&r=g","contentUrl":"https:\/\/secure.gravatar.com\/avatar\/9840b940e621801b24f3e6b059efb4b7?s=96&d=mm&r=g","caption":"freiaugusto"},"url":"https:\/\/franciscanos.org.br\/noticias\/author\/freiaugusto"}]}},"_links":{"self":[{"href":"https:\/\/franciscanos.org.br\/noticias\/wp-json\/wp\/v2\/posts\/192399"}],"collection":[{"href":"https:\/\/franciscanos.org.br\/noticias\/wp-json\/wp\/v2\/posts"}],"about":[{"href":"https:\/\/franciscanos.org.br\/noticias\/wp-json\/wp\/v2\/types\/post"}],"author":[{"embeddable":true,"href":"https:\/\/franciscanos.org.br\/noticias\/wp-json\/wp\/v2\/users\/5"}],"replies":[{"embeddable":true,"href":"https:\/\/franciscanos.org.br\/noticias\/wp-json\/wp\/v2\/comments?post=192399"}],"version-history":[{"count":0,"href":"https:\/\/franciscanos.org.br\/noticias\/wp-json\/wp\/v2\/posts\/192399\/revisions"}],"wp:featuredmedia":[{"embeddable":true,"href":"https:\/\/franciscanos.org.br\/noticias\/wp-json\/wp\/v2\/media\/192400"}],"wp:attachment":[{"href":"https:\/\/franciscanos.org.br\/noticias\/wp-json\/wp\/v2\/media?parent=192399"}],"wp:term":[{"taxonomy":"category","embeddable":true,"href":"https:\/\/franciscanos.org.br\/noticias\/wp-json\/wp\/v2\/categories?post=192399"},{"taxonomy":"post_tag","embeddable":true,"href":"https:\/\/franciscanos.org.br\/noticias\/wp-json\/wp\/v2\/tags?post=192399"}],"curies":[{"name":"wp","href":"https:\/\/api.w.org\/{rel}","templated":true}]}}