{"id":192242,"date":"2018-12-06T08:51:38","date_gmt":"2018-12-06T10:51:38","guid":{"rendered":"https:\/\/franciscanos.org.br\/noticias\/?p=192242"},"modified":"2020-06-06T13:23:00","modified_gmt":"2020-06-06T16:23:00","slug":"oracao-de-sao-francisco-e-tema-da-visita-do-papa-aos-emirados","status":"publish","type":"post","link":"https:\/\/franciscanos.org.br\/noticias\/oracao-de-sao-francisco-e-tema-da-visita-do-papa-aos-emirados.html","title":{"rendered":"Ora\u00e7\u00e3o de S\u00e3o Francisco \u00e9 tema da visita do Papa aos Emirados"},"content":{"rendered":"<p><img loading=\"lazy\" class=\"alignnone size-full wp-image-192243\" src=\"https:\/\/franciscanos.org.br\/noticias\/wp-content\/uploads\/2018\/12\/emirados_071218.jpg\" alt=\"\" width=\"890\" height=\"501\" srcset=\"https:\/\/franciscanos.org.br\/noticias\/wp-content\/uploads\/2018\/12\/emirados_071218.jpg 890w, https:\/\/franciscanos.org.br\/noticias\/wp-content\/uploads\/2018\/12\/emirados_071218-450x253.jpg 450w, https:\/\/franciscanos.org.br\/noticias\/wp-content\/uploads\/2018\/12\/emirados_071218-768x432.jpg 768w, https:\/\/franciscanos.org.br\/noticias\/wp-content\/uploads\/2018\/12\/emirados_071218-150x84.jpg 150w\" sizes=\"(max-width: 890px) 100vw, 890px\" \/><\/p>\n<p><strong>Cidade do Vaticano<\/strong> &#8211; O Papa visitar\u00e1 Abu Dhabi, capital dos Emirados \u00c1rabes Unidos, de 3 a 5 de fevereiro de 2019, para participar do Encontro Inter-religioso Internacional sobre \u201cFraternidade Humana\u201d.\u00a0Francisco acolheu o convite do xeique Mohammed bin Zayed Al Nahyan, pr\u00edncipe herdeiro de Abu Dhabi, e tamb\u00e9m da Igreja Cat\u00f3lica nos Emirados \u00c1rabes Unidos. A not\u00edcia foi divulgada, nesta quinta-feira (06\/12), pelo diretor da Sala de Imprensa da Santa S\u00e9, Greg Burke.<\/p>\n<p>O tema da visita \u00e9 \u201cFazei de mim um instrumento de vossa paz\u201d, extra\u00eddo da Ora\u00e7\u00e3o de S\u00e3o Francisco de Assis. Espera-se que a visita do Papa Francisco aos Emirados \u00c1rabes Unidos possa difundir a paz de Deus no cora\u00e7\u00e3o de todos os homens de boa vontade.\u00a0O Papa escolheu o nome de S\u00e3o Francisco de Assis, um santo que colocou em pr\u00e1tica as palavras de Jesus Cristo: \u201cFelizes os que promovem a paz, porque ser\u00e3o chamados filhos de Deus\u201d, (Mt 5, 9). A paz de Deus cura na pessoa toda forma de hostilidade e acompanha a Boa Nova, proclamada por Jesus Cristo, de um Deus que reconcilia o mundo consigo.<\/p>\n<p><strong>Logotipo da visita<\/strong><br \/>\nO logotipo da visita \u00e9 uma pomba que carrega no bico um ramo de oliveira. As cores da pomba, branca e amarela, retomam as cores da bandeira vaticana.\u00a0As cores da bandeira dos Emirados \u00c1rabes Unidos est\u00e3o inseridas no corpo da pomba, simbolizando que o Papa visita o pa\u00eds \u00e1rabe como um arauto da paz.<\/p>\n<h2><strong>PREGA\u00c7\u00c3O DO ADVENTO<\/strong><\/h2>\n<p><img loading=\"lazy\" class=\"alignnone size-full wp-image-192245\" src=\"https:\/\/franciscanos.org.br\/noticias\/wp-content\/uploads\/2018\/12\/cantalamessa_071218.jpg\" alt=\"\" width=\"890\" height=\"501\" srcset=\"https:\/\/franciscanos.org.br\/noticias\/wp-content\/uploads\/2018\/12\/cantalamessa_071218.jpg 890w, https:\/\/franciscanos.org.br\/noticias\/wp-content\/uploads\/2018\/12\/cantalamessa_071218-450x253.jpg 450w, https:\/\/franciscanos.org.br\/noticias\/wp-content\/uploads\/2018\/12\/cantalamessa_071218-768x432.jpg 768w, https:\/\/franciscanos.org.br\/noticias\/wp-content\/uploads\/2018\/12\/cantalamessa_071218-150x84.jpg 150w\" sizes=\"(max-width: 890px) 100vw, 890px\" \/><\/p>\n<p><em><strong>Deus nos busca e vai ao nosso encontro desde a cria\u00e7\u00e3o do mundo<\/strong><\/em><\/p>\n<p>Em sua primeira medita\u00e7\u00e3o, neste tempo lit\u00fargico de Advento, em prepara\u00e7\u00e3o ao Santo Natal, o Pregador da Casa Pontif\u00edcia refletiu sobre o tema \u201cDeus existe\u201d! Devido \u00e0s nossas in\u00fameras tarefas e compromissos, problemas a serem resolvidos e desafios a serem superados, disse o Capuchinho, corremos o risco de perder de vista a nossa rela\u00e7\u00e3o pessoal com Deus e com Cristo.<\/p>\n<p>No entanto, sabemos, por experi\u00eancia, que um relacionamento pessoal genu\u00edno com Deus \u00e9 a primeira condi\u00e7\u00e3o para enfrentarmos as situa\u00e7\u00f5es e problem\u00e1ticas do nosso dia a dia, sem perder a paz e a paci\u00eancia. Por isso, o tema das homilias de Advento do Pregador \u00e9 extra\u00eddo do Salmo: &#8220;Minha alma tem sede de Deus, do Deus vivo&#8221;!<\/p>\n<p>Os homens do nosso tempo buscam, sem cessar, sinais da exist\u00eancia de seres vivos e inteligentes em outros planetas. \u00c9 uma busca leg\u00edtima e compreens\u00edvel. Entretanto, poucos buscam os sinais daquele Ser que criou o Universo, que entrou na hist\u00f3ria e vive nela. Quantas vezes somos obrigados a dizer a Deus, como Santo Agostinho: &#8220;Estavas comigo, mas eu n\u00e3o estava contigo&#8221;. Deus nos busca e vai ao nosso encontro desde a cria\u00e7\u00e3o do mundo e continua a perguntar: &#8220;Ad\u00e3o, onde voc\u00ea est\u00e1?&#8221; Hoje, devemos apoiar-nos na palavra de Jesus &#8220;Buscai e achareis. Batei e vos ser\u00e1 aberto&#8221;. Ele promete dar a si mesmo, para al\u00e9m das coisas f\u00fateis que lhe pedimos, e mant\u00e9m a sua promessa.<\/p>\n<p><strong>Retornar \u00e0s coisas!<\/strong><br \/>\nA B\u00edblia apresenta in\u00fameras passagens que falam de Deus vivo e n\u00f3s, por nossa parte, sentimos a necessidade de um retorno \u00e0 nossa &#8220;realidade&#8221; de f\u00e9 em Deus. Talvez, at\u00e9 agora, n\u00e3o entendemos o profundo significado da verdadeira exist\u00eancia de Deus em nossa vida, como aconteceu com tantos pensadores e fil\u00f3sofos. A express\u00e3o que melhor explica este significado \u00e9 &#8220;dar-nos conta&#8221; ou abrir os olhos sobre a exist\u00eancia de Deus na nossa hist\u00f3ria.<\/p>\n<p><strong>A presen\u00e7a de Deus<\/strong><br \/>\nDeus revelou seu nome: &#8220;Eu sou aquele que sou&#8221;! &#8220;Eu sou o Deus vivo&#8221;! Mas, ent\u00e3o, qual o significado real de Deus vivo? O Pregador da Casa Pontif\u00edcia tentou responder a esta pergunta tra\u00e7ando um perfil do Deus vivo, a partir da B\u00edblia, mas percebeu que isso seria uma loucura: descrever Deus vivo, delinear seu perfil, at\u00e9 mesmo atrav\u00e9s da B\u00edblia, seria muito redutivo.<\/p>\n<p>O que podemos fazer, em rela\u00e7\u00e3o ao Deus vivo, explicou Frei Cantalamessa, \u00e9 ir al\u00e9m dos sinais que os homens tra\u00e7aram sobre Ele. E citando Santo Agostinho, disse que devemos acreditar em um Deus que vai al\u00e9m daquele que acreditamos! Deus \u00e9 a minha rocha, a nossa rocha, a &#8220;rocha da nossa salva\u00e7\u00e3o&#8221;.<\/p>\n<p>Os primeiros Setenta tradutores da B\u00edblia, diante de uma imagem t\u00e3o material de Deus, que parecia rebaix\u00e1-lo, substitu\u00edram o termo &#8220;rocha&#8221; como for\u00e7a, ref\u00fagio, salva\u00e7\u00e3o. Rocha n\u00e3o se refere apenas a Deus, mas tamb\u00e9m ao que devemos ser. Se Deus \u00e9 rocha, o homem \u00e9 um &#8220;alpinista&#8221;. O Pregador da Casa Pontif\u00edcia concluiu sua primeira medita\u00e7\u00e3o afirmando: \u201cDeus existe e basta!\u201d Aprendamos, tamb\u00e9m n\u00f3s, a repetir estas simples palavras em nossa vida!<\/p>\n<hr \/>\n<p><em>Fonte: Vatican News<\/em><\/p>\n","protected":false},"excerpt":{"rendered":"<p>Viagem apost\u00f3lica dos Emirados \u00c1rabes<\/p>\n","protected":false},"author":3,"featured_media":192244,"comment_status":"open","ping_status":"open","sticky":false,"template":"","format":"standard","meta":[],"categories":[1428],"tags":[106,1140],"acf":[],"yoast_head":"<!-- This site is optimized with the Yoast SEO plugin v19.2 - https:\/\/yoast.com\/wordpress\/plugins\/seo\/ -->\n<title>Ora\u00e7\u00e3o de S\u00e3o Francisco \u00e9 tema da visita do Papa aos Emirados - Not\u00edcias - Franciscanos<\/title>\n<meta name=\"robots\" content=\"index, follow, max-snippet:-1, max-image-preview:large, max-video-preview:-1\" \/>\n<link rel=\"canonical\" href=\"https:\/\/franciscanos.org.br\/noticias\/oracao-de-sao-francisco-e-tema-da-visita-do-papa-aos-emirados.html\" \/>\n<meta property=\"og:locale\" content=\"pt_BR\" \/>\n<meta property=\"og:type\" content=\"article\" \/>\n<meta property=\"og:title\" content=\"Ora\u00e7\u00e3o de S\u00e3o Francisco \u00e9 tema da visita do Papa aos Emirados - Not\u00edcias - Franciscanos\" \/>\n<meta property=\"og:description\" content=\"Viagem apost\u00f3lica dos Emirados \u00c1rabes\" \/>\n<meta property=\"og:url\" content=\"https:\/\/franciscanos.org.br\/noticias\/oracao-de-sao-francisco-e-tema-da-visita-do-papa-aos-emirados.html\" \/>\n<meta property=\"og:site_name\" content=\"Not\u00edcias - Franciscanos\" \/>\n<meta property=\"article:published_time\" content=\"2018-12-06T10:51:38+00:00\" \/>\n<meta property=\"article:modified_time\" content=\"2020-06-06T16:23:00+00:00\" \/>\n<meta property=\"og:image\" content=\"https:\/\/franciscanos.org.br\/noticias\/wp-content\/uploads\/2018\/12\/emirados_071218d.jpg\" \/>\n\t<meta property=\"og:image:width\" content=\"273\" \/>\n\t<meta property=\"og:image:height\" content=\"181\" \/>\n\t<meta property=\"og:image:type\" content=\"image\/jpeg\" \/>\n<meta name=\"author\" content=\"moacir\" \/>\n<meta name=\"twitter:card\" content=\"summary_large_image\" \/>\n<meta name=\"twitter:label1\" content=\"Escrito por\" \/>\n\t<meta name=\"twitter:data1\" content=\"moacir\" \/>\n\t<meta name=\"twitter:label2\" content=\"Est. tempo de leitura\" \/>\n\t<meta name=\"twitter:data2\" content=\"4 minutos\" \/>\n<script type=\"application\/ld+json\" class=\"yoast-schema-graph\">{\"@context\":\"https:\/\/schema.org\",\"@graph\":[{\"@type\":\"WebSite\",\"@id\":\"https:\/\/franciscanos.org.br\/noticias\/#website\",\"url\":\"https:\/\/franciscanos.org.br\/noticias\/\",\"name\":\"Not\u00edcias - Franciscanos\",\"description\":\"Prov\u00edncia Franciscana da Imaculada Concei\u00e7\u00e3o do Brasil - Ordem dos Frades Menores - OFM\",\"potentialAction\":[{\"@type\":\"SearchAction\",\"target\":{\"@type\":\"EntryPoint\",\"urlTemplate\":\"https:\/\/franciscanos.org.br\/noticias\/?s={search_term_string}\"},\"query-input\":\"required name=search_term_string\"}],\"inLanguage\":\"pt-BR\"},{\"@type\":\"ImageObject\",\"inLanguage\":\"pt-BR\",\"@id\":\"https:\/\/franciscanos.org.br\/noticias\/oracao-de-sao-francisco-e-tema-da-visita-do-papa-aos-emirados.html#primaryimage\",\"url\":\"https:\/\/franciscanos.org.br\/noticias\/wp-content\/uploads\/2018\/12\/emirados_071218d.jpg\",\"contentUrl\":\"https:\/\/franciscanos.org.br\/noticias\/wp-content\/uploads\/2018\/12\/emirados_071218d.jpg\",\"width\":273,\"height\":181},{\"@type\":\"WebPage\",\"@id\":\"https:\/\/franciscanos.org.br\/noticias\/oracao-de-sao-francisco-e-tema-da-visita-do-papa-aos-emirados.html#webpage\",\"url\":\"https:\/\/franciscanos.org.br\/noticias\/oracao-de-sao-francisco-e-tema-da-visita-do-papa-aos-emirados.html\",\"name\":\"Ora\u00e7\u00e3o de S\u00e3o Francisco \u00e9 tema da visita do Papa aos Emirados - Not\u00edcias - Franciscanos\",\"isPartOf\":{\"@id\":\"https:\/\/franciscanos.org.br\/noticias\/#website\"},\"primaryImageOfPage\":{\"@id\":\"https:\/\/franciscanos.org.br\/noticias\/oracao-de-sao-francisco-e-tema-da-visita-do-papa-aos-emirados.html#primaryimage\"},\"datePublished\":\"2018-12-06T10:51:38+00:00\",\"dateModified\":\"2020-06-06T16:23:00+00:00\",\"author\":{\"@id\":\"https:\/\/franciscanos.org.br\/noticias\/#\/schema\/person\/b5c8cba458c330ccff548b056e95a5d4\"},\"breadcrumb\":{\"@id\":\"https:\/\/franciscanos.org.br\/noticias\/oracao-de-sao-francisco-e-tema-da-visita-do-papa-aos-emirados.html#breadcrumb\"},\"inLanguage\":\"pt-BR\",\"potentialAction\":[{\"@type\":\"ReadAction\",\"target\":[\"https:\/\/franciscanos.org.br\/noticias\/oracao-de-sao-francisco-e-tema-da-visita-do-papa-aos-emirados.html\"]}]},{\"@type\":\"BreadcrumbList\",\"@id\":\"https:\/\/franciscanos.org.br\/noticias\/oracao-de-sao-francisco-e-tema-da-visita-do-papa-aos-emirados.html#breadcrumb\",\"itemListElement\":[{\"@type\":\"ListItem\",\"position\":1,\"name\":\"Home\",\"item\":\"https:\/\/franciscanos.org.br\/noticias\"},{\"@type\":\"ListItem\",\"position\":2,\"name\":\"Ora\u00e7\u00e3o de S\u00e3o Francisco \u00e9 tema da visita do Papa aos Emirados\"}]},{\"@type\":\"Person\",\"@id\":\"https:\/\/franciscanos.org.br\/noticias\/#\/schema\/person\/b5c8cba458c330ccff548b056e95a5d4\",\"name\":\"moacir\",\"image\":{\"@type\":\"ImageObject\",\"inLanguage\":\"pt-BR\",\"@id\":\"https:\/\/franciscanos.org.br\/noticias\/#\/schema\/person\/image\/\",\"url\":\"https:\/\/secure.gravatar.com\/avatar\/d08aa2ce4c8dd416d4479aa8536fcf64?s=96&d=mm&r=g\",\"contentUrl\":\"https:\/\/secure.gravatar.com\/avatar\/d08aa2ce4c8dd416d4479aa8536fcf64?s=96&d=mm&r=g\",\"caption\":\"moacir\"},\"url\":\"https:\/\/franciscanos.org.br\/noticias\/author\/moacir\"}]}<\/script>\n<!-- \/ Yoast SEO plugin. -->","yoast_head_json":{"title":"Ora\u00e7\u00e3o de S\u00e3o Francisco \u00e9 tema da visita do Papa aos Emirados - Not\u00edcias - Franciscanos","robots":{"index":"index","follow":"follow","max-snippet":"max-snippet:-1","max-image-preview":"max-image-preview:large","max-video-preview":"max-video-preview:-1"},"canonical":"https:\/\/franciscanos.org.br\/noticias\/oracao-de-sao-francisco-e-tema-da-visita-do-papa-aos-emirados.html","og_locale":"pt_BR","og_type":"article","og_title":"Ora\u00e7\u00e3o de S\u00e3o Francisco \u00e9 tema da visita do Papa aos Emirados - Not\u00edcias - Franciscanos","og_description":"Viagem apost\u00f3lica dos Emirados \u00c1rabes","og_url":"https:\/\/franciscanos.org.br\/noticias\/oracao-de-sao-francisco-e-tema-da-visita-do-papa-aos-emirados.html","og_site_name":"Not\u00edcias - Franciscanos","article_published_time":"2018-12-06T10:51:38+00:00","article_modified_time":"2020-06-06T16:23:00+00:00","og_image":[{"width":273,"height":181,"url":"https:\/\/franciscanos.org.br\/noticias\/wp-content\/uploads\/2018\/12\/emirados_071218d.jpg","type":"image\/jpeg"}],"author":"moacir","twitter_card":"summary_large_image","twitter_misc":{"Escrito por":"moacir","Est. tempo de leitura":"4 minutos"},"schema":{"@context":"https:\/\/schema.org","@graph":[{"@type":"WebSite","@id":"https:\/\/franciscanos.org.br\/noticias\/#website","url":"https:\/\/franciscanos.org.br\/noticias\/","name":"Not\u00edcias - Franciscanos","description":"Prov\u00edncia Franciscana da Imaculada Concei\u00e7\u00e3o do Brasil - Ordem dos Frades Menores - OFM","potentialAction":[{"@type":"SearchAction","target":{"@type":"EntryPoint","urlTemplate":"https:\/\/franciscanos.org.br\/noticias\/?s={search_term_string}"},"query-input":"required name=search_term_string"}],"inLanguage":"pt-BR"},{"@type":"ImageObject","inLanguage":"pt-BR","@id":"https:\/\/franciscanos.org.br\/noticias\/oracao-de-sao-francisco-e-tema-da-visita-do-papa-aos-emirados.html#primaryimage","url":"https:\/\/franciscanos.org.br\/noticias\/wp-content\/uploads\/2018\/12\/emirados_071218d.jpg","contentUrl":"https:\/\/franciscanos.org.br\/noticias\/wp-content\/uploads\/2018\/12\/emirados_071218d.jpg","width":273,"height":181},{"@type":"WebPage","@id":"https:\/\/franciscanos.org.br\/noticias\/oracao-de-sao-francisco-e-tema-da-visita-do-papa-aos-emirados.html#webpage","url":"https:\/\/franciscanos.org.br\/noticias\/oracao-de-sao-francisco-e-tema-da-visita-do-papa-aos-emirados.html","name":"Ora\u00e7\u00e3o de S\u00e3o Francisco \u00e9 tema da visita do Papa aos Emirados - Not\u00edcias - Franciscanos","isPartOf":{"@id":"https:\/\/franciscanos.org.br\/noticias\/#website"},"primaryImageOfPage":{"@id":"https:\/\/franciscanos.org.br\/noticias\/oracao-de-sao-francisco-e-tema-da-visita-do-papa-aos-emirados.html#primaryimage"},"datePublished":"2018-12-06T10:51:38+00:00","dateModified":"2020-06-06T16:23:00+00:00","author":{"@id":"https:\/\/franciscanos.org.br\/noticias\/#\/schema\/person\/b5c8cba458c330ccff548b056e95a5d4"},"breadcrumb":{"@id":"https:\/\/franciscanos.org.br\/noticias\/oracao-de-sao-francisco-e-tema-da-visita-do-papa-aos-emirados.html#breadcrumb"},"inLanguage":"pt-BR","potentialAction":[{"@type":"ReadAction","target":["https:\/\/franciscanos.org.br\/noticias\/oracao-de-sao-francisco-e-tema-da-visita-do-papa-aos-emirados.html"]}]},{"@type":"BreadcrumbList","@id":"https:\/\/franciscanos.org.br\/noticias\/oracao-de-sao-francisco-e-tema-da-visita-do-papa-aos-emirados.html#breadcrumb","itemListElement":[{"@type":"ListItem","position":1,"name":"Home","item":"https:\/\/franciscanos.org.br\/noticias"},{"@type":"ListItem","position":2,"name":"Ora\u00e7\u00e3o de S\u00e3o Francisco \u00e9 tema da visita do Papa aos Emirados"}]},{"@type":"Person","@id":"https:\/\/franciscanos.org.br\/noticias\/#\/schema\/person\/b5c8cba458c330ccff548b056e95a5d4","name":"moacir","image":{"@type":"ImageObject","inLanguage":"pt-BR","@id":"https:\/\/franciscanos.org.br\/noticias\/#\/schema\/person\/image\/","url":"https:\/\/secure.gravatar.com\/avatar\/d08aa2ce4c8dd416d4479aa8536fcf64?s=96&d=mm&r=g","contentUrl":"https:\/\/secure.gravatar.com\/avatar\/d08aa2ce4c8dd416d4479aa8536fcf64?s=96&d=mm&r=g","caption":"moacir"},"url":"https:\/\/franciscanos.org.br\/noticias\/author\/moacir"}]}},"_links":{"self":[{"href":"https:\/\/franciscanos.org.br\/noticias\/wp-json\/wp\/v2\/posts\/192242"}],"collection":[{"href":"https:\/\/franciscanos.org.br\/noticias\/wp-json\/wp\/v2\/posts"}],"about":[{"href":"https:\/\/franciscanos.org.br\/noticias\/wp-json\/wp\/v2\/types\/post"}],"author":[{"embeddable":true,"href":"https:\/\/franciscanos.org.br\/noticias\/wp-json\/wp\/v2\/users\/3"}],"replies":[{"embeddable":true,"href":"https:\/\/franciscanos.org.br\/noticias\/wp-json\/wp\/v2\/comments?post=192242"}],"version-history":[{"count":1,"href":"https:\/\/franciscanos.org.br\/noticias\/wp-json\/wp\/v2\/posts\/192242\/revisions"}],"predecessor-version":[{"id":224632,"href":"https:\/\/franciscanos.org.br\/noticias\/wp-json\/wp\/v2\/posts\/192242\/revisions\/224632"}],"wp:featuredmedia":[{"embeddable":true,"href":"https:\/\/franciscanos.org.br\/noticias\/wp-json\/wp\/v2\/media\/192244"}],"wp:attachment":[{"href":"https:\/\/franciscanos.org.br\/noticias\/wp-json\/wp\/v2\/media?parent=192242"}],"wp:term":[{"taxonomy":"category","embeddable":true,"href":"https:\/\/franciscanos.org.br\/noticias\/wp-json\/wp\/v2\/categories?post=192242"},{"taxonomy":"post_tag","embeddable":true,"href":"https:\/\/franciscanos.org.br\/noticias\/wp-json\/wp\/v2\/tags?post=192242"}],"curies":[{"name":"wp","href":"https:\/\/api.w.org\/{rel}","templated":true}]}}