{"id":192183,"date":"2018-12-08T00:11:29","date_gmt":"2018-12-08T02:11:29","guid":{"rendered":"https:\/\/franciscanos.org.br\/noticias\/?p=192183"},"modified":"2021-05-17T21:37:10","modified_gmt":"2021-05-18T00:37:10","slug":"mensagem-do-ministro-provincial-para-a-solenidade-da-imaculada-conceicao","status":"publish","type":"post","link":"https:\/\/franciscanos.org.br\/noticias\/mensagem-do-ministro-provincial-para-a-solenidade-da-imaculada-conceicao.html","title":{"rendered":"Mensagem do Ministro Provincial"},"content":{"rendered":"<p><img loading=\"lazy\" class=\"alignnone size-full wp-image-192184\" src=\"https:\/\/franciscanos.org.br\/noticias\/wp-content\/uploads\/2018\/12\/imaculada_061218_1.jpg\" alt=\"\" width=\"890\" height=\"427\" srcset=\"https:\/\/franciscanos.org.br\/noticias\/wp-content\/uploads\/2018\/12\/imaculada_061218_1.jpg 890w, https:\/\/franciscanos.org.br\/noticias\/wp-content\/uploads\/2018\/12\/imaculada_061218_1-450x216.jpg 450w, https:\/\/franciscanos.org.br\/noticias\/wp-content\/uploads\/2018\/12\/imaculada_061218_1-768x368.jpg 768w, https:\/\/franciscanos.org.br\/noticias\/wp-content\/uploads\/2018\/12\/imaculada_061218_1-150x72.jpg 150w\" sizes=\"(max-width: 890px) 100vw, 890px\" \/><\/p>\n<p style=\"padding-left: 30px;\"><strong>Queridos irm\u00e3os e irm\u00e3s,<\/strong><\/p>\n<p style=\"padding-left: 30px;\"><strong>Paz e Bem!<\/strong><\/p>\n<p>Celebramos com toda a Igreja a solenidade da Imaculada Concei\u00e7\u00e3o de Maria! Para a nossa Prov\u00edncia \u00e9 tamb\u00e9m o dia da sua Padroeira!<\/p>\n<p>E celebrar esta solenidade da M\u00e3e de Deus \u00e9 se colocar em atitude de contempla\u00e7\u00e3o diante de um mist\u00e9rio \u2013 o mist\u00e9rio de que Maria foi preservada da mancha herdada pelo pecado das origens da pr\u00f3pria humanidade, trazido em forma aleg\u00f3rica no livro do G\u00eanesis. Aos nossos primeiros pais, Ad\u00e3o e Eva, \u00e9 atribu\u00edda a vulnerabilidade do ser humano diante das for\u00e7as do mal. Hoje, reconhecemos a exist\u00eancia desta tend\u00eancia, originada na ruptura com Deus, o criador, perfeit\u00edssimo em sua ess\u00eancia.<\/p>\n<p>Apesar disso, \u00e9 Ele mesmo quem toma a iniciativa de nos resgatar para a plena e eterna comunh\u00e3o com Ele ao nos enviar seu pr\u00f3prio Filho, a v\u00edtima do sacrif\u00edcio que nos purifica. Para Ele se encarnar, Deus escolhe uma mulher e a prepara sant\u00edssima, adornada com as qualidades e as belezas d&#8217;Ele mesmo. Assim, ela estaria isenta do pecado, natural na criatura humana.<\/p>\n<p>A Igreja sempre venerou a santidade da M\u00e3e de Deus, o seu cora\u00e7\u00e3o inteiramente voltado para Deus, a mulher &#8220;cheia de gra\u00e7a&#8221; (Lc 1,28), saudada pelo anjo, na Anuncia\u00e7\u00e3o. Mas foi em 1854, no dia 8 de dezembro, que o Papa declarou verdade de f\u00e9 a concei\u00e7\u00e3o imaculada de Maria, como um dogma &#8211; uma doutrina contida na Revela\u00e7\u00e3o Divina, a ser acreditada por todos os fi\u00e9is. Assim, s\u00e3o 164 anos deste dogma. Mas, a nossa Prov\u00edncia j\u00e1 foi criada h\u00e1 tr\u00eas s\u00e9culos e meio, com esta invoca\u00e7\u00e3o: Prov\u00edncia da Imaculada Concei\u00e7\u00e3o.<\/p>\n<p><iframe loading=\"lazy\" src=\"https:\/\/www.youtube.com\/embed\/-jLMzit5hV4\" width=\"100%\" height=\"480\" frameborder=\"0\" allowfullscreen=\"allowfullscreen\"><span data-mce-type=\"bookmark\" style=\"display: inline-block; width: 0px; overflow: hidden; line-height: 0;\" class=\"mce_SELRES_start\">\ufeff<\/span><\/iframe><\/p>\n<p>Pois\u00a0 a Ordem Franciscana j\u00e1 celebrava esta solenidade desde o s\u00e9culo XIII. S\u00e3o Francisco, na simples e bel\u00edssima ora\u00e7\u00e3o, &#8220;Sauda\u00e7\u00e3o \u00e0 M\u00e3e de Deus&#8221;, expressa esta verdade com palavras cheias de ternura: &#8220;Salve \u00f3 Senhora Santa&#8230;! Em v\u00f3s residiu e reside toda a plenitude da gra\u00e7a e todo o bem!&#8221;.<\/p>\n<p>Na solenidade da Imaculada, ainda nos \u00e9 muito presente a recente celebra\u00e7\u00e3o do nosso Cap\u00edtulo Provincial, ocasi\u00e3o em que refletimos sobre a minoridade, como aquilo que qualifica a nossa fraternidade. Somos uma fraternidade de menores, seguidores de Jesus Cristo &#8211; aquele que se fez menor, ao menos em tr\u00eas mist\u00e9rios muito caros para S\u00e3o Francisco: a sua encarna\u00e7\u00e3o, a sua paix\u00e3o e a eucaristia. Foi nesta contempla\u00e7\u00e3o do Salvador, que S\u00e3o Francisco percebeu o caminho que queria trilhar, abrindo-o para que n\u00f3s hoje pud\u00e9ssemos continuar perseguindo seus passos.<\/p>\n<p>Como franciscanos, frades, leigos e leigas, queremos nos despojar radicalmente de n\u00f3s mesmos e de todas as coisas, e viver como menores, anunciando as bem-aventuran\u00e7as com alegria \u2013 esta \u00e9 a nossa miss\u00e3o na Igreja, vivida na fidelidade ao Esp\u00edrito de S\u00e3o Francisco.<\/p>\n<p>Convido cada um de voc\u00eas, irm\u00e3os e irm\u00e3s, a renovarem tamb\u00e9m o seu sim no sim ousado de Maria! Sim revestido de humildade e de servi\u00e7o &#8211; \u201cEis aqui a serva do Senhor\u201d! \u201cFa\u00e7a-se em mim segundo a tua palavra!\u201d Ela n\u00e3o nos chama para si mesma, mas nos aponta para seu Filho.<\/p>\n<p>Unidos a Ele e com a confian\u00e7a e a fidelidade de sua Sant\u00edssima M\u00e3e, a Imaculada Concei\u00e7\u00e3o, renovemos nosso amor e nosso sim!<\/p>\n<p><em>Pela intercess\u00e3o da Bem-aventurada Virgem Maria, em sua Imaculada Concei\u00e7\u00e3o, aben\u00e7oe-vos Deus todo poderoso: o Pai, o Filho e o Esp\u00edrito Santo! Am\u00e9m!<\/em><\/p>\n<p style=\"padding-left: 30px;\"><strong>FREI C\u00c9SAR K\u00dcLKAMP<br \/>\n<\/strong><strong>Ministro Provincial<\/strong><\/p>\n<p><strong><a href=\"https:\/\/vidacrista.franciscanos.org.br\/especiais\/imaculada-conceicao-de-maria\/\">VEJA TAMB\u00c9M O ESPECIAL PARA A SOLENIDADE<\/a><\/strong><\/p>\n","protected":false},"excerpt":{"rendered":"<p>Solenidade da Imaculada Concei\u00e7\u00e3o de Maria<\/p>\n","protected":false},"author":3,"featured_media":192185,"comment_status":"open","ping_status":"open","sticky":false,"template":"","format":"standard","meta":[],"categories":[1],"tags":[817,366],"acf":[],"yoast_head":"<!-- This site is optimized with the Yoast SEO plugin v19.2 - https:\/\/yoast.com\/wordpress\/plugins\/seo\/ -->\n<title>Mensagem do Ministro Provincial - Not\u00edcias - Franciscanos<\/title>\n<meta name=\"robots\" content=\"index, follow, max-snippet:-1, max-image-preview:large, max-video-preview:-1\" \/>\n<link rel=\"canonical\" href=\"https:\/\/franciscanos.org.br\/noticias\/mensagem-do-ministro-provincial-para-a-solenidade-da-imaculada-conceicao.html\" \/>\n<meta property=\"og:locale\" content=\"pt_BR\" \/>\n<meta property=\"og:type\" content=\"article\" \/>\n<meta property=\"og:title\" content=\"Mensagem do Ministro Provincial - Not\u00edcias - Franciscanos\" \/>\n<meta property=\"og:description\" content=\"Solenidade da Imaculada Concei\u00e7\u00e3o de Maria\" \/>\n<meta property=\"og:url\" content=\"https:\/\/franciscanos.org.br\/noticias\/mensagem-do-ministro-provincial-para-a-solenidade-da-imaculada-conceicao.html\" \/>\n<meta property=\"og:site_name\" content=\"Not\u00edcias - Franciscanos\" \/>\n<meta property=\"article:published_time\" content=\"2018-12-08T02:11:29+00:00\" \/>\n<meta property=\"article:modified_time\" content=\"2021-05-18T00:37:10+00:00\" \/>\n<meta property=\"og:image\" content=\"https:\/\/franciscanos.org.br\/noticias\/wp-content\/uploads\/2018\/12\/imaculada_061218_1d.jpg\" \/>\n\t<meta property=\"og:image:width\" content=\"273\" \/>\n\t<meta property=\"og:image:height\" content=\"181\" \/>\n\t<meta property=\"og:image:type\" content=\"image\/jpeg\" \/>\n<meta name=\"author\" content=\"moacir\" \/>\n<meta name=\"twitter:card\" content=\"summary_large_image\" \/>\n<meta name=\"twitter:label1\" content=\"Escrito por\" \/>\n\t<meta name=\"twitter:data1\" content=\"moacir\" \/>\n\t<meta name=\"twitter:label2\" content=\"Est. tempo de leitura\" \/>\n\t<meta name=\"twitter:data2\" content=\"3 minutos\" \/>\n<script type=\"application\/ld+json\" class=\"yoast-schema-graph\">{\"@context\":\"https:\/\/schema.org\",\"@graph\":[{\"@type\":\"WebSite\",\"@id\":\"https:\/\/franciscanos.org.br\/noticias\/#website\",\"url\":\"https:\/\/franciscanos.org.br\/noticias\/\",\"name\":\"Not\u00edcias - Franciscanos\",\"description\":\"Prov\u00edncia Franciscana da Imaculada Concei\u00e7\u00e3o do Brasil - Ordem dos Frades Menores - OFM\",\"potentialAction\":[{\"@type\":\"SearchAction\",\"target\":{\"@type\":\"EntryPoint\",\"urlTemplate\":\"https:\/\/franciscanos.org.br\/noticias\/?s={search_term_string}\"},\"query-input\":\"required name=search_term_string\"}],\"inLanguage\":\"pt-BR\"},{\"@type\":\"ImageObject\",\"inLanguage\":\"pt-BR\",\"@id\":\"https:\/\/franciscanos.org.br\/noticias\/mensagem-do-ministro-provincial-para-a-solenidade-da-imaculada-conceicao.html#primaryimage\",\"url\":\"https:\/\/franciscanos.org.br\/noticias\/wp-content\/uploads\/2018\/12\/imaculada_061218_1d.jpg\",\"contentUrl\":\"https:\/\/franciscanos.org.br\/noticias\/wp-content\/uploads\/2018\/12\/imaculada_061218_1d.jpg\",\"width\":273,\"height\":181},{\"@type\":\"WebPage\",\"@id\":\"https:\/\/franciscanos.org.br\/noticias\/mensagem-do-ministro-provincial-para-a-solenidade-da-imaculada-conceicao.html#webpage\",\"url\":\"https:\/\/franciscanos.org.br\/noticias\/mensagem-do-ministro-provincial-para-a-solenidade-da-imaculada-conceicao.html\",\"name\":\"Mensagem do Ministro Provincial - Not\u00edcias - Franciscanos\",\"isPartOf\":{\"@id\":\"https:\/\/franciscanos.org.br\/noticias\/#website\"},\"primaryImageOfPage\":{\"@id\":\"https:\/\/franciscanos.org.br\/noticias\/mensagem-do-ministro-provincial-para-a-solenidade-da-imaculada-conceicao.html#primaryimage\"},\"datePublished\":\"2018-12-08T02:11:29+00:00\",\"dateModified\":\"2021-05-18T00:37:10+00:00\",\"author\":{\"@id\":\"https:\/\/franciscanos.org.br\/noticias\/#\/schema\/person\/b5c8cba458c330ccff548b056e95a5d4\"},\"breadcrumb\":{\"@id\":\"https:\/\/franciscanos.org.br\/noticias\/mensagem-do-ministro-provincial-para-a-solenidade-da-imaculada-conceicao.html#breadcrumb\"},\"inLanguage\":\"pt-BR\",\"potentialAction\":[{\"@type\":\"ReadAction\",\"target\":[\"https:\/\/franciscanos.org.br\/noticias\/mensagem-do-ministro-provincial-para-a-solenidade-da-imaculada-conceicao.html\"]}]},{\"@type\":\"BreadcrumbList\",\"@id\":\"https:\/\/franciscanos.org.br\/noticias\/mensagem-do-ministro-provincial-para-a-solenidade-da-imaculada-conceicao.html#breadcrumb\",\"itemListElement\":[{\"@type\":\"ListItem\",\"position\":1,\"name\":\"Home\",\"item\":\"https:\/\/franciscanos.org.br\/noticias\"},{\"@type\":\"ListItem\",\"position\":2,\"name\":\"Mensagem do Ministro Provincial\"}]},{\"@type\":\"Person\",\"@id\":\"https:\/\/franciscanos.org.br\/noticias\/#\/schema\/person\/b5c8cba458c330ccff548b056e95a5d4\",\"name\":\"moacir\",\"image\":{\"@type\":\"ImageObject\",\"inLanguage\":\"pt-BR\",\"@id\":\"https:\/\/franciscanos.org.br\/noticias\/#\/schema\/person\/image\/\",\"url\":\"https:\/\/secure.gravatar.com\/avatar\/d08aa2ce4c8dd416d4479aa8536fcf64?s=96&d=mm&r=g\",\"contentUrl\":\"https:\/\/secure.gravatar.com\/avatar\/d08aa2ce4c8dd416d4479aa8536fcf64?s=96&d=mm&r=g\",\"caption\":\"moacir\"},\"url\":\"https:\/\/franciscanos.org.br\/noticias\/author\/moacir\"}]}<\/script>\n<!-- \/ Yoast SEO plugin. -->","yoast_head_json":{"title":"Mensagem do Ministro Provincial - Not\u00edcias - Franciscanos","robots":{"index":"index","follow":"follow","max-snippet":"max-snippet:-1","max-image-preview":"max-image-preview:large","max-video-preview":"max-video-preview:-1"},"canonical":"https:\/\/franciscanos.org.br\/noticias\/mensagem-do-ministro-provincial-para-a-solenidade-da-imaculada-conceicao.html","og_locale":"pt_BR","og_type":"article","og_title":"Mensagem do Ministro Provincial - Not\u00edcias - Franciscanos","og_description":"Solenidade da Imaculada Concei\u00e7\u00e3o de Maria","og_url":"https:\/\/franciscanos.org.br\/noticias\/mensagem-do-ministro-provincial-para-a-solenidade-da-imaculada-conceicao.html","og_site_name":"Not\u00edcias - Franciscanos","article_published_time":"2018-12-08T02:11:29+00:00","article_modified_time":"2021-05-18T00:37:10+00:00","og_image":[{"width":273,"height":181,"url":"https:\/\/franciscanos.org.br\/noticias\/wp-content\/uploads\/2018\/12\/imaculada_061218_1d.jpg","type":"image\/jpeg"}],"author":"moacir","twitter_card":"summary_large_image","twitter_misc":{"Escrito por":"moacir","Est. tempo de leitura":"3 minutos"},"schema":{"@context":"https:\/\/schema.org","@graph":[{"@type":"WebSite","@id":"https:\/\/franciscanos.org.br\/noticias\/#website","url":"https:\/\/franciscanos.org.br\/noticias\/","name":"Not\u00edcias - Franciscanos","description":"Prov\u00edncia Franciscana da Imaculada Concei\u00e7\u00e3o do Brasil - Ordem dos Frades Menores - OFM","potentialAction":[{"@type":"SearchAction","target":{"@type":"EntryPoint","urlTemplate":"https:\/\/franciscanos.org.br\/noticias\/?s={search_term_string}"},"query-input":"required name=search_term_string"}],"inLanguage":"pt-BR"},{"@type":"ImageObject","inLanguage":"pt-BR","@id":"https:\/\/franciscanos.org.br\/noticias\/mensagem-do-ministro-provincial-para-a-solenidade-da-imaculada-conceicao.html#primaryimage","url":"https:\/\/franciscanos.org.br\/noticias\/wp-content\/uploads\/2018\/12\/imaculada_061218_1d.jpg","contentUrl":"https:\/\/franciscanos.org.br\/noticias\/wp-content\/uploads\/2018\/12\/imaculada_061218_1d.jpg","width":273,"height":181},{"@type":"WebPage","@id":"https:\/\/franciscanos.org.br\/noticias\/mensagem-do-ministro-provincial-para-a-solenidade-da-imaculada-conceicao.html#webpage","url":"https:\/\/franciscanos.org.br\/noticias\/mensagem-do-ministro-provincial-para-a-solenidade-da-imaculada-conceicao.html","name":"Mensagem do Ministro Provincial - Not\u00edcias - Franciscanos","isPartOf":{"@id":"https:\/\/franciscanos.org.br\/noticias\/#website"},"primaryImageOfPage":{"@id":"https:\/\/franciscanos.org.br\/noticias\/mensagem-do-ministro-provincial-para-a-solenidade-da-imaculada-conceicao.html#primaryimage"},"datePublished":"2018-12-08T02:11:29+00:00","dateModified":"2021-05-18T00:37:10+00:00","author":{"@id":"https:\/\/franciscanos.org.br\/noticias\/#\/schema\/person\/b5c8cba458c330ccff548b056e95a5d4"},"breadcrumb":{"@id":"https:\/\/franciscanos.org.br\/noticias\/mensagem-do-ministro-provincial-para-a-solenidade-da-imaculada-conceicao.html#breadcrumb"},"inLanguage":"pt-BR","potentialAction":[{"@type":"ReadAction","target":["https:\/\/franciscanos.org.br\/noticias\/mensagem-do-ministro-provincial-para-a-solenidade-da-imaculada-conceicao.html"]}]},{"@type":"BreadcrumbList","@id":"https:\/\/franciscanos.org.br\/noticias\/mensagem-do-ministro-provincial-para-a-solenidade-da-imaculada-conceicao.html#breadcrumb","itemListElement":[{"@type":"ListItem","position":1,"name":"Home","item":"https:\/\/franciscanos.org.br\/noticias"},{"@type":"ListItem","position":2,"name":"Mensagem do Ministro Provincial"}]},{"@type":"Person","@id":"https:\/\/franciscanos.org.br\/noticias\/#\/schema\/person\/b5c8cba458c330ccff548b056e95a5d4","name":"moacir","image":{"@type":"ImageObject","inLanguage":"pt-BR","@id":"https:\/\/franciscanos.org.br\/noticias\/#\/schema\/person\/image\/","url":"https:\/\/secure.gravatar.com\/avatar\/d08aa2ce4c8dd416d4479aa8536fcf64?s=96&d=mm&r=g","contentUrl":"https:\/\/secure.gravatar.com\/avatar\/d08aa2ce4c8dd416d4479aa8536fcf64?s=96&d=mm&r=g","caption":"moacir"},"url":"https:\/\/franciscanos.org.br\/noticias\/author\/moacir"}]}},"_links":{"self":[{"href":"https:\/\/franciscanos.org.br\/noticias\/wp-json\/wp\/v2\/posts\/192183"}],"collection":[{"href":"https:\/\/franciscanos.org.br\/noticias\/wp-json\/wp\/v2\/posts"}],"about":[{"href":"https:\/\/franciscanos.org.br\/noticias\/wp-json\/wp\/v2\/types\/post"}],"author":[{"embeddable":true,"href":"https:\/\/franciscanos.org.br\/noticias\/wp-json\/wp\/v2\/users\/3"}],"replies":[{"embeddable":true,"href":"https:\/\/franciscanos.org.br\/noticias\/wp-json\/wp\/v2\/comments?post=192183"}],"version-history":[{"count":2,"href":"https:\/\/franciscanos.org.br\/noticias\/wp-json\/wp\/v2\/posts\/192183\/revisions"}],"predecessor-version":[{"id":232036,"href":"https:\/\/franciscanos.org.br\/noticias\/wp-json\/wp\/v2\/posts\/192183\/revisions\/232036"}],"wp:featuredmedia":[{"embeddable":true,"href":"https:\/\/franciscanos.org.br\/noticias\/wp-json\/wp\/v2\/media\/192185"}],"wp:attachment":[{"href":"https:\/\/franciscanos.org.br\/noticias\/wp-json\/wp\/v2\/media?parent=192183"}],"wp:term":[{"taxonomy":"category","embeddable":true,"href":"https:\/\/franciscanos.org.br\/noticias\/wp-json\/wp\/v2\/categories?post=192183"},{"taxonomy":"post_tag","embeddable":true,"href":"https:\/\/franciscanos.org.br\/noticias\/wp-json\/wp\/v2\/tags?post=192183"}],"curies":[{"name":"wp","href":"https:\/\/api.w.org\/{rel}","templated":true}]}}