{"id":192174,"date":"2019-01-01T00:17:10","date_gmt":"2019-01-01T02:17:10","guid":{"rendered":"https:\/\/franciscanos.org.br\/noticias\/?p=192174"},"modified":"2019-09-02T08:38:55","modified_gmt":"2019-09-02T11:38:55","slug":"cursos-e-formacoes-no-primeiro-trimestre-de-2019","status":"publish","type":"post","link":"https:\/\/franciscanos.org.br\/noticias\/cursos-e-formacoes-no-primeiro-trimestre-de-2019.html","title":{"rendered":"Cursos e forma\u00e7\u00f5es no primeiro trimestre de 2019"},"content":{"rendered":"<h2>Teologia e Evangeliza\u00e7\u00e3o: Reflex\u00e3o e Pr\u00e1tica na \u00d3tica Franciscana<\/h2>\n<p><img loading=\"lazy\" class=\"alignnone size-full wp-image-193430\" src=\"https:\/\/franciscanos.org.br\/noticias\/wp-content\/uploads\/2019\/01\/teologia_020118.jpg\" alt=\"\" width=\"890\" height=\"1234\" srcset=\"https:\/\/franciscanos.org.br\/noticias\/wp-content\/uploads\/2019\/01\/teologia_020118.jpg 890w, https:\/\/franciscanos.org.br\/noticias\/wp-content\/uploads\/2019\/01\/teologia_020118-325x450.jpg 325w, https:\/\/franciscanos.org.br\/noticias\/wp-content\/uploads\/2019\/01\/teologia_020118-768x1065.jpg 768w, https:\/\/franciscanos.org.br\/noticias\/wp-content\/uploads\/2019\/01\/teologia_020118-739x1024.jpg 739w, https:\/\/franciscanos.org.br\/noticias\/wp-content\/uploads\/2019\/01\/teologia_020118-150x208.jpg 150w\" sizes=\"(max-width: 890px) 100vw, 890px\" \/><\/p>\n<p>&nbsp;<\/p>\n<hr \/>\n<p><img loading=\"lazy\" class=\"alignnone wp-image-192175 size-full\" src=\"https:\/\/franciscanos.org.br\/noticias\/wp-content\/uploads\/2018\/12\/verao_2019.jpg\" alt=\"\" width=\"980\" height=\"400\" srcset=\"https:\/\/franciscanos.org.br\/noticias\/wp-content\/uploads\/2018\/12\/verao_2019.jpg 980w, https:\/\/franciscanos.org.br\/noticias\/wp-content\/uploads\/2018\/12\/verao_2019-450x184.jpg 450w, https:\/\/franciscanos.org.br\/noticias\/wp-content\/uploads\/2018\/12\/verao_2019-768x313.jpg 768w, https:\/\/franciscanos.org.br\/noticias\/wp-content\/uploads\/2018\/12\/verao_2019-150x61.jpg 150w\" sizes=\"(max-width: 980px) 100vw, 980px\" \/><\/p>\n<p><strong>S\u00e3o P<\/strong><strong>aulo (SP) &#8211;<\/strong> Com o tema <strong>\u201cPor uma cidade acolhedora: Somos todos Migrantes\u201d<\/strong>, o Centro Ecum\u00eanico de Servi\u00e7os \u00e0 Evangeliza\u00e7\u00e3o e Educa\u00e7\u00e3o Popular (CESEEP) promove de 9 a 17 de janeiro a 32\u00aa edi\u00e7\u00e3o do Curso de Ver\u00e3o.<\/p>\n<p>Popular, ecum\u00eanico e realizado em mutir\u00e3o, o Curso \u00e9 organizado para um grande n\u00famero de pessoas e, ao mesmo tempo, garante trabalho em pequenos grupos. Dentro da proposta metodol\u00f3gica da Educa\u00e7\u00e3o Popular, combina reflex\u00e3o e criatividade, arte e celebra\u00e7\u00e3o, al\u00e9m da conviv\u00eancia fraterna e o compromisso transformador no retorno \u00e0 pr\u00e1tica nas pastorais e movimentos sociais.<\/p>\n<p>Neste ano, o tema trabalhado nas oficinas e assessorias ser\u00e1 a migra\u00e7\u00e3o e os refugiados. Al\u00e9m dos assessores, estar\u00e3o presentes no Curso diversas institui\u00e7\u00f5es que trabalham diretamente com a quest\u00e3o da migra\u00e7\u00e3o como a C\u00e1ritas, o Comit\u00ea Executivo do Alto Comissariado das Na\u00e7\u00f5es Unidas para Refugiados (ACNUR), o Centro de Estudos Migrat\u00f3rios (CEM), o Servi\u00e7o Pastoral dos Migrantes (SPM), entre outros.<\/p>\n<p>O evento acontece na PUC-SP e h\u00e1 possibilidade de hospedagem em casas de fam\u00edlias e comunidades comprometidas com o mutir\u00e3o que, al\u00e9m do pouso, oferecem caf\u00e9 da manh\u00e3 e jantar.<\/p>\n<p><strong>Inscri\u00e7\u00f5es:<\/strong><\/p>\n<p>As inscri\u00e7\u00f5es pagas somente at\u00e9 15\/12 ter\u00e3o o valor de R$ 210. A partir do dia 16\/12 at\u00e9 o in\u00edcio do Curso, o valor ser\u00e1 de R$ 240. A comunidade ou movimento que pagar quatro inscri\u00e7\u00f5es ter\u00e1 direito a uma quinta inscri\u00e7\u00e3o gratuita.<\/p>\n<p>As inscri\u00e7\u00f5es podem ser feitas no endere\u00e7o: <a href=\"https:\/\/www.cursodeverao.com\/\" target=\"_blank\" rel=\"noopener noreferrer\">https:\/\/www.cursodeverao.com\/<\/a><\/p>\n<p><strong>Local:<\/strong><\/p>\n<p>Rua Monte Alegre, 984 \/ 1024 &#8211; Perdizes, S\u00e3o Paulo &#8211; SP, CEP: 05014-901<\/p>\n<p>Telefone: (11) 3105-1680<br \/>\nE-mail:\u00a0<a href=\"verao@ceseep.org.br\">verao@ceseep.org.br<\/a><br \/>\nSite:\u00a0<a href=\"https:\/\/www.cursodeverao.com\/\">www.ceseep.org.br<\/a><\/p>\n<p>&nbsp;<\/p>\n<hr \/>\n<h1><strong>Em mar\u00e7o, revigoramento franciscano para religiosas e religiosos <\/strong><\/h1>\n<p><img loading=\"lazy\" class=\" wp-image-192176 alignright\" src=\"https:\/\/franciscanos.org.br\/noticias\/wp-content\/uploads\/2018\/12\/cernef2019.jpg\" alt=\"\" width=\"412\" height=\"327\" \/>De 2 a 30 de mar\u00e7o, o Centro de Renova\u00e7\u00e3o da Espiritualidade Franciscana (CERNEF) oferece um tempo forte de encontro com Deus, consigo mesmo e com a cria\u00e7\u00e3o, atrav\u00e9s da forma\u00e7\u00e3o franciscana, tempo de retiro e conv\u00edvio fraterno. O encontro acontece no Semin\u00e1rio Santo Ant\u00f4nio, em Agudos (SP) e disponibiliza 35 vagas.<\/p>\n<p>Um dos objetivos \u00e9 aprofundar tem\u00e1ticas franciscanas com conte\u00fados que proporcionem conhecimento teol\u00f3gico-franciscano e sua contribui\u00e7\u00e3o para um ser humano forte, coerente e com espiritualidade encarnada. Durante as semanas, haver\u00e1 coloca\u00e7\u00f5es de assessores, \u00a0celebra\u00e7\u00f5es lit\u00fargicas di\u00e1rias, grupos de viv\u00eancia, momentos de partilha, acompanhamento espiritual e momentos de lazer e descanso.<\/p>\n<p><strong>P\u00fablico-alvo:<\/strong><strong>\u00a0<\/strong><\/p>\n<ul>\n<li>Irm\u00e3s e irm\u00e3os acima dos 10 anos de profiss\u00e3o religiosa;<\/li>\n<li>Que tenham boa sa\u00fade para acompanhar a programa\u00e7\u00e3o;<\/li>\n<li>Que sejam totalmente liberadas\/os para a participa\u00e7\u00e3o (n\u00e3o ser\u00e1 permitido ausentar-se para realiza\u00e7\u00e3o de outras atividades).<\/li>\n<\/ul>\n<p>Para mais informa\u00e7\u00f5es e inscri\u00e7\u00f5es, acesse o link: <a href=\"http:\/\/bit.ly\/cernef2019\" target=\"_blank\" rel=\"noopener noreferrer\">bit.ly\/cernef2019<\/a><\/p>\n<hr \/>\n<p><img loading=\"lazy\" class=\"alignnone size-full wp-image-192886\" src=\"https:\/\/franciscanos.org.br\/noticias\/wp-content\/uploads\/2018\/12\/curso.jpg\" alt=\"\" width=\"890\" height=\"1472\" srcset=\"https:\/\/franciscanos.org.br\/noticias\/wp-content\/uploads\/2018\/12\/curso.jpg 890w, https:\/\/franciscanos.org.br\/noticias\/wp-content\/uploads\/2018\/12\/curso-272x450.jpg 272w, https:\/\/franciscanos.org.br\/noticias\/wp-content\/uploads\/2018\/12\/curso-768x1270.jpg 768w, https:\/\/franciscanos.org.br\/noticias\/wp-content\/uploads\/2018\/12\/curso-619x1024.jpg 619w, https:\/\/franciscanos.org.br\/noticias\/wp-content\/uploads\/2018\/12\/curso-150x248.jpg 150w\" sizes=\"(max-width: 890px) 100vw, 890px\" \/><\/p>\n<hr \/>\n<h1><strong>Curso Franciscano de Ver\u00e3o<\/strong><\/h1>\n<p><img loading=\"lazy\" class=\"size-full wp-image-192215 alignright\" src=\"https:\/\/franciscanos.org.br\/noticias\/wp-content\/uploads\/2018\/12\/centro_franciscano.png\" alt=\"\" width=\"450\" height=\"158\" srcset=\"https:\/\/franciscanos.org.br\/noticias\/wp-content\/uploads\/2018\/12\/centro_franciscano.png 450w, https:\/\/franciscanos.org.br\/noticias\/wp-content\/uploads\/2018\/12\/centro_franciscano-150x53.png 150w\" sizes=\"(max-width: 450px) 100vw, 450px\" \/>O Curso \u00e9 promovido pelo Centro Franciscano de Espiritualidade, dos Frades Menores Capuchinhos e acontece no Semin\u00e1rio Santo Ant\u00f4nio, na cidade de S\u00e3o Pedro (SP). Neste ano, o curso passa a ser oferecido em 2 anos. O conte\u00fado \u00e9 distribu\u00eddo em 6 unidades, dentro de 2 eixos distintos: Hist\u00f3ria, Fontes e Espiritualidade e Espiritualidade e Heran\u00e7a Franciscana.<\/p>\n<p>O Curso \u00e9 destinado a toda a fam\u00edlia franciscana e aos que se interessam em aprofundar seus conhecimentos em franciscanismo. Como est\u00e1 organizado por m\u00f3dulos, existe a possibilidade do aluno participar de apenas 1 ou 2 unidades por ano, conforme a sua disponibilidade e condi\u00e7\u00e3o.<\/p>\n<p>As inscri\u00e7\u00f5es para o Curso Franciscano de Ver\u00e3o 2019 ser\u00e3o feitas apenas pelo site:\u00a0<a href=\"http:\/\/www.centrofranciscano.capuchinhossp.org.br\" target=\"_blank\" rel=\"noopener noreferrer\">www.centrofranciscano.capuchinhossp.org.br<\/a> de 22\/10 a 14\/12.<\/p>\n<p>Informa\u00e7\u00f5es na secretaria do Centro Franciscano de Espiritualidade ou atrav\u00e9s do e-mail: <a href=\"mailto:contato@centrofranciscano.org.br\" target=\"_blank\" rel=\"noopener noreferrer\">contato@centrofranciscano.org.br<\/a>.<\/p>\n<p>Saiba mais <strong><a href=\"http:\/\/www.capuchinhossp.org.br\/centrofranciscano\/images\/curso-de-verao\/Programacao_2019.pdf\" target=\"_blank\" rel=\"noopener noreferrer\">aqui<\/a><\/strong><\/p>\n","protected":false},"excerpt":{"rendered":"<p>Teologia e Evangeliza\u00e7\u00e3o: Reflex\u00e3o e Pr\u00e1tica na \u00d3tica Franciscana &nbsp; S\u00e3o Paulo (SP) &#8211; Com o tema \u201cPor uma cidade acolhedora: Somos todos Migrantes\u201d, o Centro Ecum\u00eanico de Servi\u00e7os \u00e0 Evangeliza\u00e7\u00e3o e Educa\u00e7\u00e3o Popular (CESEEP) promove de 9 a 17 de janeiro a 32\u00aa edi\u00e7\u00e3o do Curso de Ver\u00e3o. Popular, ecum\u00eanico e realizado em mutir\u00e3o, [&hellip;]<\/p>\n","protected":false},"author":1,"featured_media":199355,"comment_status":"open","ping_status":"open","sticky":false,"template":"","format":"standard","meta":[],"categories":[1],"tags":[1151,132],"acf":[],"yoast_head":"<!-- This site is optimized with the Yoast SEO plugin v19.2 - https:\/\/yoast.com\/wordpress\/plugins\/seo\/ -->\n<title>Cursos e forma\u00e7\u00f5es no primeiro trimestre de 2019 - Not\u00edcias - Franciscanos<\/title>\n<meta name=\"robots\" content=\"index, follow, max-snippet:-1, max-image-preview:large, max-video-preview:-1\" \/>\n<link rel=\"canonical\" href=\"https:\/\/franciscanos.org.br\/noticias\/cursos-e-formacoes-no-primeiro-trimestre-de-2019.html\" \/>\n<meta property=\"og:locale\" content=\"pt_BR\" \/>\n<meta property=\"og:type\" content=\"article\" \/>\n<meta property=\"og:title\" content=\"Cursos e forma\u00e7\u00f5es no primeiro trimestre de 2019 - Not\u00edcias - Franciscanos\" \/>\n<meta property=\"og:description\" content=\"Teologia e Evangeliza\u00e7\u00e3o: Reflex\u00e3o e Pr\u00e1tica na \u00d3tica Franciscana &nbsp; S\u00e3o Paulo (SP) &#8211; Com o tema \u201cPor uma cidade acolhedora: Somos todos Migrantes\u201d, o Centro Ecum\u00eanico de Servi\u00e7os \u00e0 Evangeliza\u00e7\u00e3o e Educa\u00e7\u00e3o Popular (CESEEP) promove de 9 a 17 de janeiro a 32\u00aa edi\u00e7\u00e3o do Curso de Ver\u00e3o. Popular, ecum\u00eanico e realizado em mutir\u00e3o, [&hellip;]\" \/>\n<meta property=\"og:url\" content=\"https:\/\/franciscanos.org.br\/noticias\/cursos-e-formacoes-no-primeiro-trimestre-de-2019.html\" \/>\n<meta property=\"og:site_name\" content=\"Not\u00edcias - Franciscanos\" \/>\n<meta property=\"article:published_time\" content=\"2019-01-01T02:17:10+00:00\" \/>\n<meta property=\"article:modified_time\" content=\"2019-09-02T11:38:55+00:00\" \/>\n<meta property=\"og:image\" content=\"https:\/\/franciscanos.org.br\/noticias\/wp-content\/uploads\/2019\/01\/cernef2019d.jpg\" \/>\n\t<meta property=\"og:image:width\" content=\"273\" \/>\n\t<meta property=\"og:image:height\" content=\"181\" \/>\n\t<meta property=\"og:image:type\" content=\"image\/jpeg\" \/>\n<meta name=\"author\" content=\"admin\" \/>\n<meta name=\"twitter:card\" content=\"summary_large_image\" \/>\n<meta name=\"twitter:label1\" content=\"Escrito por\" \/>\n\t<meta name=\"twitter:data1\" content=\"admin\" \/>\n\t<meta name=\"twitter:label2\" content=\"Est. tempo de leitura\" \/>\n\t<meta name=\"twitter:data2\" content=\"3 minutos\" \/>\n<script type=\"application\/ld+json\" class=\"yoast-schema-graph\">{\"@context\":\"https:\/\/schema.org\",\"@graph\":[{\"@type\":\"WebSite\",\"@id\":\"https:\/\/franciscanos.org.br\/noticias\/#website\",\"url\":\"https:\/\/franciscanos.org.br\/noticias\/\",\"name\":\"Not\u00edcias - Franciscanos\",\"description\":\"Prov\u00edncia Franciscana da Imaculada Concei\u00e7\u00e3o do Brasil - Ordem dos Frades Menores - OFM\",\"potentialAction\":[{\"@type\":\"SearchAction\",\"target\":{\"@type\":\"EntryPoint\",\"urlTemplate\":\"https:\/\/franciscanos.org.br\/noticias\/?s={search_term_string}\"},\"query-input\":\"required name=search_term_string\"}],\"inLanguage\":\"pt-BR\"},{\"@type\":\"ImageObject\",\"inLanguage\":\"pt-BR\",\"@id\":\"https:\/\/franciscanos.org.br\/noticias\/cursos-e-formacoes-no-primeiro-trimestre-de-2019.html#primaryimage\",\"url\":\"https:\/\/franciscanos.org.br\/noticias\/wp-content\/uploads\/2019\/01\/cernef2019d.jpg\",\"contentUrl\":\"https:\/\/franciscanos.org.br\/noticias\/wp-content\/uploads\/2019\/01\/cernef2019d.jpg\",\"width\":273,\"height\":181},{\"@type\":\"WebPage\",\"@id\":\"https:\/\/franciscanos.org.br\/noticias\/cursos-e-formacoes-no-primeiro-trimestre-de-2019.html#webpage\",\"url\":\"https:\/\/franciscanos.org.br\/noticias\/cursos-e-formacoes-no-primeiro-trimestre-de-2019.html\",\"name\":\"Cursos e forma\u00e7\u00f5es no primeiro trimestre de 2019 - Not\u00edcias - Franciscanos\",\"isPartOf\":{\"@id\":\"https:\/\/franciscanos.org.br\/noticias\/#website\"},\"primaryImageOfPage\":{\"@id\":\"https:\/\/franciscanos.org.br\/noticias\/cursos-e-formacoes-no-primeiro-trimestre-de-2019.html#primaryimage\"},\"datePublished\":\"2019-01-01T02:17:10+00:00\",\"dateModified\":\"2019-09-02T11:38:55+00:00\",\"author\":{\"@id\":\"https:\/\/franciscanos.org.br\/noticias\/#\/schema\/person\/b38fbf43118f02820bd932f2e4b14ad3\"},\"breadcrumb\":{\"@id\":\"https:\/\/franciscanos.org.br\/noticias\/cursos-e-formacoes-no-primeiro-trimestre-de-2019.html#breadcrumb\"},\"inLanguage\":\"pt-BR\",\"potentialAction\":[{\"@type\":\"ReadAction\",\"target\":[\"https:\/\/franciscanos.org.br\/noticias\/cursos-e-formacoes-no-primeiro-trimestre-de-2019.html\"]}]},{\"@type\":\"BreadcrumbList\",\"@id\":\"https:\/\/franciscanos.org.br\/noticias\/cursos-e-formacoes-no-primeiro-trimestre-de-2019.html#breadcrumb\",\"itemListElement\":[{\"@type\":\"ListItem\",\"position\":1,\"name\":\"Home\",\"item\":\"https:\/\/franciscanos.org.br\/noticias\"},{\"@type\":\"ListItem\",\"position\":2,\"name\":\"Cursos e forma\u00e7\u00f5es no primeiro trimestre de 2019\"}]},{\"@type\":\"Person\",\"@id\":\"https:\/\/franciscanos.org.br\/noticias\/#\/schema\/person\/b38fbf43118f02820bd932f2e4b14ad3\",\"name\":\"admin\",\"image\":{\"@type\":\"ImageObject\",\"inLanguage\":\"pt-BR\",\"@id\":\"https:\/\/franciscanos.org.br\/noticias\/#\/schema\/person\/image\/\",\"url\":\"https:\/\/secure.gravatar.com\/avatar\/e8495742d34d0ba6448ea1c628263b3e?s=96&d=mm&r=g\",\"contentUrl\":\"https:\/\/secure.gravatar.com\/avatar\/e8495742d34d0ba6448ea1c628263b3e?s=96&d=mm&r=g\",\"caption\":\"admin\"},\"url\":\"https:\/\/franciscanos.org.br\/noticias\/author\/admin\"}]}<\/script>\n<!-- \/ Yoast SEO plugin. -->","yoast_head_json":{"title":"Cursos e forma\u00e7\u00f5es no primeiro trimestre de 2019 - Not\u00edcias - Franciscanos","robots":{"index":"index","follow":"follow","max-snippet":"max-snippet:-1","max-image-preview":"max-image-preview:large","max-video-preview":"max-video-preview:-1"},"canonical":"https:\/\/franciscanos.org.br\/noticias\/cursos-e-formacoes-no-primeiro-trimestre-de-2019.html","og_locale":"pt_BR","og_type":"article","og_title":"Cursos e forma\u00e7\u00f5es no primeiro trimestre de 2019 - Not\u00edcias - Franciscanos","og_description":"Teologia e Evangeliza\u00e7\u00e3o: Reflex\u00e3o e Pr\u00e1tica na \u00d3tica Franciscana &nbsp; S\u00e3o Paulo (SP) &#8211; Com o tema \u201cPor uma cidade acolhedora: Somos todos Migrantes\u201d, o Centro Ecum\u00eanico de Servi\u00e7os \u00e0 Evangeliza\u00e7\u00e3o e Educa\u00e7\u00e3o Popular (CESEEP) promove de 9 a 17 de janeiro a 32\u00aa edi\u00e7\u00e3o do Curso de Ver\u00e3o. Popular, ecum\u00eanico e realizado em mutir\u00e3o, [&hellip;]","og_url":"https:\/\/franciscanos.org.br\/noticias\/cursos-e-formacoes-no-primeiro-trimestre-de-2019.html","og_site_name":"Not\u00edcias - Franciscanos","article_published_time":"2019-01-01T02:17:10+00:00","article_modified_time":"2019-09-02T11:38:55+00:00","og_image":[{"width":273,"height":181,"url":"https:\/\/franciscanos.org.br\/noticias\/wp-content\/uploads\/2019\/01\/cernef2019d.jpg","type":"image\/jpeg"}],"author":"admin","twitter_card":"summary_large_image","twitter_misc":{"Escrito por":"admin","Est. tempo de leitura":"3 minutos"},"schema":{"@context":"https:\/\/schema.org","@graph":[{"@type":"WebSite","@id":"https:\/\/franciscanos.org.br\/noticias\/#website","url":"https:\/\/franciscanos.org.br\/noticias\/","name":"Not\u00edcias - Franciscanos","description":"Prov\u00edncia Franciscana da Imaculada Concei\u00e7\u00e3o do Brasil - Ordem dos Frades Menores - OFM","potentialAction":[{"@type":"SearchAction","target":{"@type":"EntryPoint","urlTemplate":"https:\/\/franciscanos.org.br\/noticias\/?s={search_term_string}"},"query-input":"required name=search_term_string"}],"inLanguage":"pt-BR"},{"@type":"ImageObject","inLanguage":"pt-BR","@id":"https:\/\/franciscanos.org.br\/noticias\/cursos-e-formacoes-no-primeiro-trimestre-de-2019.html#primaryimage","url":"https:\/\/franciscanos.org.br\/noticias\/wp-content\/uploads\/2019\/01\/cernef2019d.jpg","contentUrl":"https:\/\/franciscanos.org.br\/noticias\/wp-content\/uploads\/2019\/01\/cernef2019d.jpg","width":273,"height":181},{"@type":"WebPage","@id":"https:\/\/franciscanos.org.br\/noticias\/cursos-e-formacoes-no-primeiro-trimestre-de-2019.html#webpage","url":"https:\/\/franciscanos.org.br\/noticias\/cursos-e-formacoes-no-primeiro-trimestre-de-2019.html","name":"Cursos e forma\u00e7\u00f5es no primeiro trimestre de 2019 - Not\u00edcias - Franciscanos","isPartOf":{"@id":"https:\/\/franciscanos.org.br\/noticias\/#website"},"primaryImageOfPage":{"@id":"https:\/\/franciscanos.org.br\/noticias\/cursos-e-formacoes-no-primeiro-trimestre-de-2019.html#primaryimage"},"datePublished":"2019-01-01T02:17:10+00:00","dateModified":"2019-09-02T11:38:55+00:00","author":{"@id":"https:\/\/franciscanos.org.br\/noticias\/#\/schema\/person\/b38fbf43118f02820bd932f2e4b14ad3"},"breadcrumb":{"@id":"https:\/\/franciscanos.org.br\/noticias\/cursos-e-formacoes-no-primeiro-trimestre-de-2019.html#breadcrumb"},"inLanguage":"pt-BR","potentialAction":[{"@type":"ReadAction","target":["https:\/\/franciscanos.org.br\/noticias\/cursos-e-formacoes-no-primeiro-trimestre-de-2019.html"]}]},{"@type":"BreadcrumbList","@id":"https:\/\/franciscanos.org.br\/noticias\/cursos-e-formacoes-no-primeiro-trimestre-de-2019.html#breadcrumb","itemListElement":[{"@type":"ListItem","position":1,"name":"Home","item":"https:\/\/franciscanos.org.br\/noticias"},{"@type":"ListItem","position":2,"name":"Cursos e forma\u00e7\u00f5es no primeiro trimestre de 2019"}]},{"@type":"Person","@id":"https:\/\/franciscanos.org.br\/noticias\/#\/schema\/person\/b38fbf43118f02820bd932f2e4b14ad3","name":"admin","image":{"@type":"ImageObject","inLanguage":"pt-BR","@id":"https:\/\/franciscanos.org.br\/noticias\/#\/schema\/person\/image\/","url":"https:\/\/secure.gravatar.com\/avatar\/e8495742d34d0ba6448ea1c628263b3e?s=96&d=mm&r=g","contentUrl":"https:\/\/secure.gravatar.com\/avatar\/e8495742d34d0ba6448ea1c628263b3e?s=96&d=mm&r=g","caption":"admin"},"url":"https:\/\/franciscanos.org.br\/noticias\/author\/admin"}]}},"_links":{"self":[{"href":"https:\/\/franciscanos.org.br\/noticias\/wp-json\/wp\/v2\/posts\/192174"}],"collection":[{"href":"https:\/\/franciscanos.org.br\/noticias\/wp-json\/wp\/v2\/posts"}],"about":[{"href":"https:\/\/franciscanos.org.br\/noticias\/wp-json\/wp\/v2\/types\/post"}],"author":[{"embeddable":true,"href":"https:\/\/franciscanos.org.br\/noticias\/wp-json\/wp\/v2\/users\/1"}],"replies":[{"embeddable":true,"href":"https:\/\/franciscanos.org.br\/noticias\/wp-json\/wp\/v2\/comments?post=192174"}],"version-history":[{"count":0,"href":"https:\/\/franciscanos.org.br\/noticias\/wp-json\/wp\/v2\/posts\/192174\/revisions"}],"wp:featuredmedia":[{"embeddable":true,"href":"https:\/\/franciscanos.org.br\/noticias\/wp-json\/wp\/v2\/media\/199355"}],"wp:attachment":[{"href":"https:\/\/franciscanos.org.br\/noticias\/wp-json\/wp\/v2\/media?parent=192174"}],"wp:term":[{"taxonomy":"category","embeddable":true,"href":"https:\/\/franciscanos.org.br\/noticias\/wp-json\/wp\/v2\/categories?post=192174"},{"taxonomy":"post_tag","embeddable":true,"href":"https:\/\/franciscanos.org.br\/noticias\/wp-json\/wp\/v2\/tags?post=192174"}],"curies":[{"name":"wp","href":"https:\/\/api.w.org\/{rel}","templated":true}]}}