{"id":192170,"date":"2018-12-06T08:54:25","date_gmt":"2018-12-06T10:54:25","guid":{"rendered":"https:\/\/franciscanos.org.br\/noticias\/?p=192170"},"modified":"2020-06-06T13:21:36","modified_gmt":"2020-06-06T16:21:36","slug":"papa-eu-sou-cristao-do-dizer-ou-do-fazer","status":"publish","type":"post","link":"https:\/\/franciscanos.org.br\/noticias\/papa-eu-sou-cristao-do-dizer-ou-do-fazer.html","title":{"rendered":"Papa: &#8220;Eu sou crist\u00e3o do dizer ou do fazer?&#8221;"},"content":{"rendered":"<p><img loading=\"lazy\" class=\"alignnone size-full wp-image-192171\" src=\"https:\/\/franciscanos.org.br\/noticias\/wp-content\/uploads\/2018\/12\/marta_061218.jpg\" alt=\"\" width=\"890\" height=\"501\" srcset=\"https:\/\/franciscanos.org.br\/noticias\/wp-content\/uploads\/2018\/12\/marta_061218.jpg 890w, https:\/\/franciscanos.org.br\/noticias\/wp-content\/uploads\/2018\/12\/marta_061218-450x253.jpg 450w, https:\/\/franciscanos.org.br\/noticias\/wp-content\/uploads\/2018\/12\/marta_061218-768x432.jpg 768w, https:\/\/franciscanos.org.br\/noticias\/wp-content\/uploads\/2018\/12\/marta_061218-150x84.jpg 150w\" sizes=\"(max-width: 890px) 100vw, 890px\" \/><\/p>\n<p><strong>Cidade do Vaticano<\/strong> &#8211; Na homilia da Missa matutina (06\/12), o Papa Francisco, referindo-se ao trecho do Evangelho de hoje de Mateus e na Primeira Leitura extra\u00edda do livro do Profeta Isa\u00edas, indica uma s\u00e9rie de palavras em contraste umas com as outras. As primeiras palavras, <strong>\u201cdizer e fazer\u201d,<\/strong> marcam dois caminhos opostos da vida crist\u00e3: \u201cO dizer \u00e9 um modo de acreditar, mas muito superficial, na metade do caminho: eu digo que sou crist\u00e3o, mas n\u00e3o fa\u00e7o as coisas do crist\u00e3o. \u00c9 um pouco \u2013 para diz\u00ea-lo simplesmente \u2013 maquiar-se como crist\u00e3o: dizer somente \u00e9 um truque, dizer sem fazer. A proposta de Jesus \u00e9 concretude, sempre concreto. Quando algu\u00e9m se aproximava e pedia conselho, sempre coisas concretas. As obras de miseric\u00f3rdia s\u00e3o concretas\u201d.<\/p>\n<p><strong>Areia e rocha<\/strong><br \/>\nAs outras duas palavras em contraste s\u00e3o \u201careia e rocha\u201d. A areia \u201cn\u00e3o \u00e9 s\u00f3lida\u201d, \u00e9 \u201cuma consequ\u00eancia do dizer\u201d, um maquiar-se como crist\u00e3o, uma vida constru\u00edda \u201csem fundamentos\u201d. A rocha, ao inv\u00e9s, \u00e9 o Senhor.<\/p>\n<p>\u00c9 Ele, a for\u00e7a. Mas muitas vezes quem confia no Senhor n\u00e3o aparece, n\u00e3o tem sucesso, est\u00e1 escondido \u2026 mas \u00e9 firme. N\u00e3o tem a sua esperan\u00e7a no dizer, na vaidade, no orgulho, nos ef\u00eameros poderes da vida \u2026 O Senhor, a rocha. A concretude da vida crist\u00e3 nos faz ir avante e construir sobre aquela rocha que \u00e9 Deus, que \u00e9 Jesus; sobre o s\u00f3lido da divindade. N\u00e3o sobre as apar\u00eancias ou as vaidades, o orgulho, as recomenda\u00e7\u00f5es&#8230; N\u00e3o. A verdade.<\/p>\n<p><strong>Alto e baixo<\/strong><br \/>\nO terceiro bin\u00f4mio, alto e baixo, contrap\u00f5e os passos dos orgulhosos, dos vaidosos aos passos dos humildes. Recordando a primeira leitura extra\u00edda do livro do profeta Isa\u00edas, Francisco destacou que o Senhor \u201cderrubou os que habitam no alto, h\u00e1 de humilhar a cidade orgulhosa, deitando-a por terra, at\u00e9 faz\u00ea-la beijar ch\u00e3o. H\u00e3o de pis\u00e1-la os p\u00e9s, os p\u00e9s dos pobres, as passadas dos humildes\u201d.<\/p>\n<p>Este trecho do profeta Isa\u00edas parece o canto da Nossa Senhora, do Magnificat: o Senhor eleva os humildes, os que est\u00e3o na concretude de todos os dias, e abate os soberbos, os que constru\u00edram a sua vida na vaidade, no orgulho&#8230;estes n\u00e3o duram.<\/p>\n<p>Neste Advento, concluiu o Papa, nos ajudar\u00e3o algumas perguntas cruciais: &#8220;Eu sou crist\u00e3o do dizer ou do fazer? Construo a minha vida sobre a rocha de Deus ou sobre a areia da mundanidade, da vaidade? Sou humilde, procuro caminhar sempre por baixo, sem orgulho, e assim servir o Senhor?&#8221;.<\/p>\n<hr \/>\n<p><em>Fonte: Vatican News<\/em><\/p>\n","protected":false},"excerpt":{"rendered":"<p>Missa em Santa Marta<\/p>\n","protected":false},"author":3,"featured_media":192172,"comment_status":"open","ping_status":"open","sticky":false,"template":"","format":"standard","meta":[],"categories":[1428],"tags":[1586],"acf":[],"yoast_head":"<!-- This site is optimized with the Yoast SEO plugin v19.2 - https:\/\/yoast.com\/wordpress\/plugins\/seo\/ -->\n<title>Papa: &quot;Eu sou crist\u00e3o do dizer ou do fazer?&quot; - Not\u00edcias - Franciscanos<\/title>\n<meta name=\"robots\" content=\"index, follow, max-snippet:-1, max-image-preview:large, max-video-preview:-1\" \/>\n<link rel=\"canonical\" href=\"https:\/\/franciscanos.org.br\/noticias\/papa-eu-sou-cristao-do-dizer-ou-do-fazer.html\" \/>\n<meta property=\"og:locale\" content=\"pt_BR\" \/>\n<meta property=\"og:type\" content=\"article\" \/>\n<meta property=\"og:title\" content=\"Papa: &quot;Eu sou crist\u00e3o do dizer ou do fazer?&quot; - Not\u00edcias - Franciscanos\" \/>\n<meta property=\"og:description\" content=\"Missa em Santa Marta\" \/>\n<meta property=\"og:url\" content=\"https:\/\/franciscanos.org.br\/noticias\/papa-eu-sou-cristao-do-dizer-ou-do-fazer.html\" \/>\n<meta property=\"og:site_name\" content=\"Not\u00edcias - Franciscanos\" \/>\n<meta property=\"article:published_time\" content=\"2018-12-06T10:54:25+00:00\" \/>\n<meta property=\"article:modified_time\" content=\"2020-06-06T16:21:36+00:00\" \/>\n<meta property=\"og:image\" content=\"https:\/\/franciscanos.org.br\/noticias\/wp-content\/uploads\/2018\/12\/marta_061218d.jpg\" \/>\n\t<meta property=\"og:image:width\" content=\"273\" \/>\n\t<meta property=\"og:image:height\" content=\"181\" \/>\n\t<meta property=\"og:image:type\" content=\"image\/jpeg\" \/>\n<meta name=\"author\" content=\"moacir\" \/>\n<meta name=\"twitter:card\" content=\"summary_large_image\" \/>\n<meta name=\"twitter:label1\" content=\"Escrito por\" \/>\n\t<meta name=\"twitter:data1\" content=\"moacir\" \/>\n\t<meta name=\"twitter:label2\" content=\"Est. tempo de leitura\" \/>\n\t<meta name=\"twitter:data2\" content=\"2 minutos\" \/>\n<script type=\"application\/ld+json\" class=\"yoast-schema-graph\">{\"@context\":\"https:\/\/schema.org\",\"@graph\":[{\"@type\":\"WebSite\",\"@id\":\"https:\/\/franciscanos.org.br\/noticias\/#website\",\"url\":\"https:\/\/franciscanos.org.br\/noticias\/\",\"name\":\"Not\u00edcias - Franciscanos\",\"description\":\"Prov\u00edncia Franciscana da Imaculada Concei\u00e7\u00e3o do Brasil - Ordem dos Frades Menores - OFM\",\"potentialAction\":[{\"@type\":\"SearchAction\",\"target\":{\"@type\":\"EntryPoint\",\"urlTemplate\":\"https:\/\/franciscanos.org.br\/noticias\/?s={search_term_string}\"},\"query-input\":\"required name=search_term_string\"}],\"inLanguage\":\"pt-BR\"},{\"@type\":\"ImageObject\",\"inLanguage\":\"pt-BR\",\"@id\":\"https:\/\/franciscanos.org.br\/noticias\/papa-eu-sou-cristao-do-dizer-ou-do-fazer.html#primaryimage\",\"url\":\"https:\/\/franciscanos.org.br\/noticias\/wp-content\/uploads\/2018\/12\/marta_061218d.jpg\",\"contentUrl\":\"https:\/\/franciscanos.org.br\/noticias\/wp-content\/uploads\/2018\/12\/marta_061218d.jpg\",\"width\":273,\"height\":181},{\"@type\":\"WebPage\",\"@id\":\"https:\/\/franciscanos.org.br\/noticias\/papa-eu-sou-cristao-do-dizer-ou-do-fazer.html#webpage\",\"url\":\"https:\/\/franciscanos.org.br\/noticias\/papa-eu-sou-cristao-do-dizer-ou-do-fazer.html\",\"name\":\"Papa: \\\"Eu sou crist\u00e3o do dizer ou do fazer?\\\" - Not\u00edcias - Franciscanos\",\"isPartOf\":{\"@id\":\"https:\/\/franciscanos.org.br\/noticias\/#website\"},\"primaryImageOfPage\":{\"@id\":\"https:\/\/franciscanos.org.br\/noticias\/papa-eu-sou-cristao-do-dizer-ou-do-fazer.html#primaryimage\"},\"datePublished\":\"2018-12-06T10:54:25+00:00\",\"dateModified\":\"2020-06-06T16:21:36+00:00\",\"author\":{\"@id\":\"https:\/\/franciscanos.org.br\/noticias\/#\/schema\/person\/b5c8cba458c330ccff548b056e95a5d4\"},\"breadcrumb\":{\"@id\":\"https:\/\/franciscanos.org.br\/noticias\/papa-eu-sou-cristao-do-dizer-ou-do-fazer.html#breadcrumb\"},\"inLanguage\":\"pt-BR\",\"potentialAction\":[{\"@type\":\"ReadAction\",\"target\":[\"https:\/\/franciscanos.org.br\/noticias\/papa-eu-sou-cristao-do-dizer-ou-do-fazer.html\"]}]},{\"@type\":\"BreadcrumbList\",\"@id\":\"https:\/\/franciscanos.org.br\/noticias\/papa-eu-sou-cristao-do-dizer-ou-do-fazer.html#breadcrumb\",\"itemListElement\":[{\"@type\":\"ListItem\",\"position\":1,\"name\":\"Home\",\"item\":\"https:\/\/franciscanos.org.br\/noticias\"},{\"@type\":\"ListItem\",\"position\":2,\"name\":\"Papa: &#8220;Eu sou crist\u00e3o do dizer ou do fazer?&#8221;\"}]},{\"@type\":\"Person\",\"@id\":\"https:\/\/franciscanos.org.br\/noticias\/#\/schema\/person\/b5c8cba458c330ccff548b056e95a5d4\",\"name\":\"moacir\",\"image\":{\"@type\":\"ImageObject\",\"inLanguage\":\"pt-BR\",\"@id\":\"https:\/\/franciscanos.org.br\/noticias\/#\/schema\/person\/image\/\",\"url\":\"https:\/\/secure.gravatar.com\/avatar\/d08aa2ce4c8dd416d4479aa8536fcf64?s=96&d=mm&r=g\",\"contentUrl\":\"https:\/\/secure.gravatar.com\/avatar\/d08aa2ce4c8dd416d4479aa8536fcf64?s=96&d=mm&r=g\",\"caption\":\"moacir\"},\"url\":\"https:\/\/franciscanos.org.br\/noticias\/author\/moacir\"}]}<\/script>\n<!-- \/ Yoast SEO plugin. -->","yoast_head_json":{"title":"Papa: \"Eu sou crist\u00e3o do dizer ou do fazer?\" - Not\u00edcias - Franciscanos","robots":{"index":"index","follow":"follow","max-snippet":"max-snippet:-1","max-image-preview":"max-image-preview:large","max-video-preview":"max-video-preview:-1"},"canonical":"https:\/\/franciscanos.org.br\/noticias\/papa-eu-sou-cristao-do-dizer-ou-do-fazer.html","og_locale":"pt_BR","og_type":"article","og_title":"Papa: \"Eu sou crist\u00e3o do dizer ou do fazer?\" - Not\u00edcias - Franciscanos","og_description":"Missa em Santa Marta","og_url":"https:\/\/franciscanos.org.br\/noticias\/papa-eu-sou-cristao-do-dizer-ou-do-fazer.html","og_site_name":"Not\u00edcias - Franciscanos","article_published_time":"2018-12-06T10:54:25+00:00","article_modified_time":"2020-06-06T16:21:36+00:00","og_image":[{"width":273,"height":181,"url":"https:\/\/franciscanos.org.br\/noticias\/wp-content\/uploads\/2018\/12\/marta_061218d.jpg","type":"image\/jpeg"}],"author":"moacir","twitter_card":"summary_large_image","twitter_misc":{"Escrito por":"moacir","Est. tempo de leitura":"2 minutos"},"schema":{"@context":"https:\/\/schema.org","@graph":[{"@type":"WebSite","@id":"https:\/\/franciscanos.org.br\/noticias\/#website","url":"https:\/\/franciscanos.org.br\/noticias\/","name":"Not\u00edcias - Franciscanos","description":"Prov\u00edncia Franciscana da Imaculada Concei\u00e7\u00e3o do Brasil - Ordem dos Frades Menores - OFM","potentialAction":[{"@type":"SearchAction","target":{"@type":"EntryPoint","urlTemplate":"https:\/\/franciscanos.org.br\/noticias\/?s={search_term_string}"},"query-input":"required name=search_term_string"}],"inLanguage":"pt-BR"},{"@type":"ImageObject","inLanguage":"pt-BR","@id":"https:\/\/franciscanos.org.br\/noticias\/papa-eu-sou-cristao-do-dizer-ou-do-fazer.html#primaryimage","url":"https:\/\/franciscanos.org.br\/noticias\/wp-content\/uploads\/2018\/12\/marta_061218d.jpg","contentUrl":"https:\/\/franciscanos.org.br\/noticias\/wp-content\/uploads\/2018\/12\/marta_061218d.jpg","width":273,"height":181},{"@type":"WebPage","@id":"https:\/\/franciscanos.org.br\/noticias\/papa-eu-sou-cristao-do-dizer-ou-do-fazer.html#webpage","url":"https:\/\/franciscanos.org.br\/noticias\/papa-eu-sou-cristao-do-dizer-ou-do-fazer.html","name":"Papa: \"Eu sou crist\u00e3o do dizer ou do fazer?\" - Not\u00edcias - Franciscanos","isPartOf":{"@id":"https:\/\/franciscanos.org.br\/noticias\/#website"},"primaryImageOfPage":{"@id":"https:\/\/franciscanos.org.br\/noticias\/papa-eu-sou-cristao-do-dizer-ou-do-fazer.html#primaryimage"},"datePublished":"2018-12-06T10:54:25+00:00","dateModified":"2020-06-06T16:21:36+00:00","author":{"@id":"https:\/\/franciscanos.org.br\/noticias\/#\/schema\/person\/b5c8cba458c330ccff548b056e95a5d4"},"breadcrumb":{"@id":"https:\/\/franciscanos.org.br\/noticias\/papa-eu-sou-cristao-do-dizer-ou-do-fazer.html#breadcrumb"},"inLanguage":"pt-BR","potentialAction":[{"@type":"ReadAction","target":["https:\/\/franciscanos.org.br\/noticias\/papa-eu-sou-cristao-do-dizer-ou-do-fazer.html"]}]},{"@type":"BreadcrumbList","@id":"https:\/\/franciscanos.org.br\/noticias\/papa-eu-sou-cristao-do-dizer-ou-do-fazer.html#breadcrumb","itemListElement":[{"@type":"ListItem","position":1,"name":"Home","item":"https:\/\/franciscanos.org.br\/noticias"},{"@type":"ListItem","position":2,"name":"Papa: &#8220;Eu sou crist\u00e3o do dizer ou do fazer?&#8221;"}]},{"@type":"Person","@id":"https:\/\/franciscanos.org.br\/noticias\/#\/schema\/person\/b5c8cba458c330ccff548b056e95a5d4","name":"moacir","image":{"@type":"ImageObject","inLanguage":"pt-BR","@id":"https:\/\/franciscanos.org.br\/noticias\/#\/schema\/person\/image\/","url":"https:\/\/secure.gravatar.com\/avatar\/d08aa2ce4c8dd416d4479aa8536fcf64?s=96&d=mm&r=g","contentUrl":"https:\/\/secure.gravatar.com\/avatar\/d08aa2ce4c8dd416d4479aa8536fcf64?s=96&d=mm&r=g","caption":"moacir"},"url":"https:\/\/franciscanos.org.br\/noticias\/author\/moacir"}]}},"_links":{"self":[{"href":"https:\/\/franciscanos.org.br\/noticias\/wp-json\/wp\/v2\/posts\/192170"}],"collection":[{"href":"https:\/\/franciscanos.org.br\/noticias\/wp-json\/wp\/v2\/posts"}],"about":[{"href":"https:\/\/franciscanos.org.br\/noticias\/wp-json\/wp\/v2\/types\/post"}],"author":[{"embeddable":true,"href":"https:\/\/franciscanos.org.br\/noticias\/wp-json\/wp\/v2\/users\/3"}],"replies":[{"embeddable":true,"href":"https:\/\/franciscanos.org.br\/noticias\/wp-json\/wp\/v2\/comments?post=192170"}],"version-history":[{"count":1,"href":"https:\/\/franciscanos.org.br\/noticias\/wp-json\/wp\/v2\/posts\/192170\/revisions"}],"predecessor-version":[{"id":224631,"href":"https:\/\/franciscanos.org.br\/noticias\/wp-json\/wp\/v2\/posts\/192170\/revisions\/224631"}],"wp:featuredmedia":[{"embeddable":true,"href":"https:\/\/franciscanos.org.br\/noticias\/wp-json\/wp\/v2\/media\/192172"}],"wp:attachment":[{"href":"https:\/\/franciscanos.org.br\/noticias\/wp-json\/wp\/v2\/media?parent=192170"}],"wp:term":[{"taxonomy":"category","embeddable":true,"href":"https:\/\/franciscanos.org.br\/noticias\/wp-json\/wp\/v2\/categories?post=192170"},{"taxonomy":"post_tag","embeddable":true,"href":"https:\/\/franciscanos.org.br\/noticias\/wp-json\/wp\/v2\/tags?post=192170"}],"curies":[{"name":"wp","href":"https:\/\/api.w.org\/{rel}","templated":true}]}}