{"id":192143,"date":"2018-12-05T12:45:36","date_gmt":"2018-12-05T14:45:36","guid":{"rendered":"https:\/\/franciscanos.org.br\/noticias\/?p=192143"},"modified":"2020-06-06T13:25:43","modified_gmt":"2020-06-06T16:25:43","slug":"frei-patton-teme-pelo-sonho-dos-palestinos","status":"publish","type":"post","link":"https:\/\/franciscanos.org.br\/noticias\/frei-patton-teme-pelo-sonho-dos-palestinos.html","title":{"rendered":"Frei Patton teme pelo &#8220;sonho dos palestinos&#8221;"},"content":{"rendered":"<p><img loading=\"lazy\" class=\"alignnone size-full wp-image-192144\" src=\"https:\/\/franciscanos.org.br\/noticias\/wp-content\/uploads\/2018\/12\/patton_051218.jpg\" alt=\"\" width=\"890\" height=\"501\" srcset=\"https:\/\/franciscanos.org.br\/noticias\/wp-content\/uploads\/2018\/12\/patton_051218.jpg 890w, https:\/\/franciscanos.org.br\/noticias\/wp-content\/uploads\/2018\/12\/patton_051218-450x253.jpg 450w, https:\/\/franciscanos.org.br\/noticias\/wp-content\/uploads\/2018\/12\/patton_051218-768x432.jpg 768w, https:\/\/franciscanos.org.br\/noticias\/wp-content\/uploads\/2018\/12\/patton_051218-150x84.jpg 150w\" sizes=\"(max-width: 890px) 100vw, 890px\" \/><br \/>\nO Cust\u00f3dio da Terra Santa, o franciscano Frei Francesco Patton, em entrevista \u00e0 <em>Vatican News<\/em>, falou sobre a inten\u00e7\u00e3o do presidente do Estado da Palestina, Abu Mazen (Mahmoud Abbas), de passar ao Ocidente e ao Papa Francisco a mensagem de que &#8220;os Estados Unidos n\u00e3o s\u00e3o mais suficientes para alcan\u00e7ar a paz&#8221; e que &#8220;eles n\u00e3o podem ser os \u00fanicos mediadores no Oriente M\u00e9dio&#8221;. chefe da Igreja Cat\u00f3lica. Abbas esteve na It\u00e1lia, em audi\u00eancia com o Papa. &#8220;Eu diria que \u00e9 um sinal poder ver, ap\u00f3s tantos anos, que ainda n\u00e3o h\u00e1 passos significativos. Portanto, percebe-se que o chamado projeto dos dois Estados corre o risco de evaporar gradualmente. \u00c9 um projeto que parece estar continuamente desgastado pela mudan\u00e7a de cen\u00e1rio e, por isso, acho que a mensagem do Presidente Abu Mazen \u00e9, acima de tudo, diria, um grito de sofrimento. Reflete a situa\u00e7\u00e3o que vive a grande maioria dos palestinos, que de alguma forma sente que o sonho de ter uma p\u00e1tria, de ter um Estado n\u00e3o est\u00e1 ao alcance. Ent\u00e3o, mais do que uma declara\u00e7\u00e3o pol\u00edtica, talvez seja uma declara\u00e7\u00e3o de um fato, de um sofrimento que \u00e9 o sofrimento de um povo inteiro&#8221;, disse Frei Patton.<\/p>\n<p>A urg\u00eancia em favorecer percursos de paz e de di\u00e1logo, com a contribui\u00e7\u00e3o das comunidades religiosas, para combater toda forma de extremismo e de fundamentalismo esteve entre os temas no centro do encontro do Papa, na manh\u00e3 da \u00faltima segunda-feira (03\/12), no Vaticano, com o presidente do Estado da Palestina, Abu Mazen (Mahmoud Abbas).<\/p>\n<p>Segundo Frei Patton, quem deveria fazer um trabalho de media\u00e7\u00e3o que realmente contribu\u00edsse para a busca desse prop\u00f3sito \u00e9 a comunidade internacional. &#8220;Acredito, principalmente, que as grandes na\u00e7\u00f5es como Estados Unidos, R\u00fassia e Uni\u00e3o Europeia. Contudo, \u00e9 tarefa das duas realidades, da classe pol\u00edtica palestina e da classe pol\u00edtica israelense encontrar uma maneira de realmente sentarem-se em torno de uma mesa e retomar o di\u00e1logo. Porque enquanto n\u00e3o houver sequer uma retomada do di\u00e1logo entre os dois interessados ser\u00e1 dif\u00edcil avan\u00e7ar. N\u00e3o pode ser uma solu\u00e7\u00e3o simplesmente proposta ou imposta de cima. Deve ser uma solu\u00e7\u00e3o que veja os dois povos &#8211; a classe pol\u00edtica dos dois povos &#8211; diretamente envolvidos. Que seja capaz efetivamente de promover o di\u00e1logo, sabendo que, para alcan\u00e7ar resultados, ambos devem ter uma abertura para a confian\u00e7a m\u00fatua, uma linguagem que seja respeitosa, uma s\u00e9rie de atitudes em que cada um esteja disposto a ceder algo em troca de receber algo&#8221;, acrescentou o frade, que no primeiro domingo do Advento, seguindo a tradi\u00e7\u00e3o, fez uma entrada solene em Bel\u00e9m, na igreja de Santa Catarina.<\/p>\n<p>Segundo Frei Patton, em Bel\u00e9m o Natal \u00e9 vivido de maneira forte desde o in\u00edcio do Advento, por isso os crist\u00e3os locais podem de certa maneira deixar de lado todas as dificuldades que enfrentam. &#8220;Na verdade, em Bel\u00e9m \u00e9 um pouco mais dif\u00edcil porque \u00e9 uma realidade em que os crist\u00e3os vivem cercados pelo muro que pesa no dia a dia. Somente crist\u00e3os que vivem em Gaza est\u00e3o em um contexto mais dif\u00edcil do que os de Bel\u00e9m. Para os crist\u00e3os que vivem em outras comunidades aqui na Terra Santa, \u00e9 claro que h\u00e1 sempre o desejo de esperan\u00e7a. Muitos questionam explicitamente: &#8216;N\u00f3s rezamos muito, desejamos muito, pedimos muito, mas nunca vemos o fim dessa situa\u00e7\u00e3o em que somos a parte fr\u00e1gil &#8230;'&#8221;, disse o Cust\u00f3dio, lembrando que a proximidade do Papa \u00e9 sentida de maneira direta e muito forte, principalmente pelos confrades que vivem na S\u00edria em situa\u00e7\u00e3o de mart\u00edrio, especialmente os da regi\u00e3o de Idlib. &#8220;Eles vivem sob press\u00e3o di\u00e1ria do Jabhat al-Nusra, que \u00e9 a evolu\u00e7\u00e3o de Al Qaeda. Vivem humilha\u00e7\u00f5es di\u00e1rias e permanecem l\u00e1 para acompanhar as poucas centenas de crist\u00e3os deixados para tr\u00e1s num vale que anteriormente tinha alguns milhares de crist\u00e3os&#8221;, lamentou.<\/p>\n<p>A Organiza\u00e7\u00e3o das Na\u00e7\u00f5es Unidas e a maioria dos pa\u00edses do mundo, inclusive o Brasil, reconhecem o Estado da Palestina e, por essa raz\u00e3o, tanto a pr\u00f3pria ONU quanto o governo brasileiro (e os da maioria dos pa\u00edses do mundo) naturalmente chamam seu presidente de \u201cpresidente palestino\u201d, \u201cpresidente da Palestina\u201d, \u201cpresidente do Estado da Palestina\u201d, da mesma forma que chamam a Shimon Peres e a seu sucessores \u201cpresidente israelense\u201d, \u201cpresidente de Israel\u201d ou \u201cpresidente do Estado de Israel\u201d. O Brasil, a ONU e a maioria dos pa\u00edses do mundo reconhecem igualmente o Estado de Israel e o Estado da Palestina.<\/p>\n<p>S\u00f3 os governos dos Estados Unidos e de alguns pa\u00edses da Europa ocidental, como o brit\u00e2nico, n\u00e3o reconhecem o Estado da Palestina, por press\u00e3o de Israel (e do mesmo modo que dezenas de pa\u00edses \u00e1rabes e mu\u00e7ulmanos n\u00e3o reconhecem o Estado de Israel).<\/p>\n<hr \/>\n<p><em>Fonte: Vatican News<\/em><\/p>\n","protected":false},"excerpt":{"rendered":"<p>Cust\u00f3dia da Terra Santa<\/p>\n","protected":false},"author":3,"featured_media":192145,"comment_status":"open","ping_status":"open","sticky":false,"template":"","format":"standard","meta":[],"categories":[1],"tags":[1429,1632],"acf":[],"yoast_head":"<!-- This site is optimized with the Yoast SEO plugin v19.2 - https:\/\/yoast.com\/wordpress\/plugins\/seo\/ -->\n<title>Frei Patton teme pelo &quot;sonho dos palestinos&quot; - Not\u00edcias - Franciscanos<\/title>\n<meta name=\"robots\" content=\"index, follow, max-snippet:-1, max-image-preview:large, max-video-preview:-1\" \/>\n<link rel=\"canonical\" href=\"https:\/\/franciscanos.org.br\/noticias\/frei-patton-teme-pelo-sonho-dos-palestinos.html\" \/>\n<meta property=\"og:locale\" content=\"pt_BR\" \/>\n<meta property=\"og:type\" content=\"article\" \/>\n<meta property=\"og:title\" content=\"Frei Patton teme pelo &quot;sonho dos palestinos&quot; - Not\u00edcias - Franciscanos\" \/>\n<meta property=\"og:description\" content=\"Cust\u00f3dia da Terra Santa\" \/>\n<meta property=\"og:url\" content=\"https:\/\/franciscanos.org.br\/noticias\/frei-patton-teme-pelo-sonho-dos-palestinos.html\" \/>\n<meta property=\"og:site_name\" content=\"Not\u00edcias - Franciscanos\" \/>\n<meta property=\"article:published_time\" content=\"2018-12-05T14:45:36+00:00\" \/>\n<meta property=\"article:modified_time\" content=\"2020-06-06T16:25:43+00:00\" \/>\n<meta property=\"og:image\" content=\"https:\/\/franciscanos.org.br\/noticias\/wp-content\/uploads\/2018\/12\/patton_051218d.jpg\" \/>\n\t<meta property=\"og:image:width\" content=\"273\" \/>\n\t<meta property=\"og:image:height\" content=\"181\" \/>\n\t<meta property=\"og:image:type\" content=\"image\/jpeg\" \/>\n<meta name=\"author\" content=\"moacir\" \/>\n<meta name=\"twitter:card\" content=\"summary_large_image\" \/>\n<meta name=\"twitter:label1\" content=\"Escrito por\" \/>\n\t<meta name=\"twitter:data1\" content=\"moacir\" \/>\n\t<meta name=\"twitter:label2\" content=\"Est. tempo de leitura\" \/>\n\t<meta name=\"twitter:data2\" content=\"4 minutos\" \/>\n<script type=\"application\/ld+json\" class=\"yoast-schema-graph\">{\"@context\":\"https:\/\/schema.org\",\"@graph\":[{\"@type\":\"WebSite\",\"@id\":\"https:\/\/franciscanos.org.br\/noticias\/#website\",\"url\":\"https:\/\/franciscanos.org.br\/noticias\/\",\"name\":\"Not\u00edcias - Franciscanos\",\"description\":\"Prov\u00edncia Franciscana da Imaculada Concei\u00e7\u00e3o do Brasil - Ordem dos Frades Menores - OFM\",\"potentialAction\":[{\"@type\":\"SearchAction\",\"target\":{\"@type\":\"EntryPoint\",\"urlTemplate\":\"https:\/\/franciscanos.org.br\/noticias\/?s={search_term_string}\"},\"query-input\":\"required name=search_term_string\"}],\"inLanguage\":\"pt-BR\"},{\"@type\":\"ImageObject\",\"inLanguage\":\"pt-BR\",\"@id\":\"https:\/\/franciscanos.org.br\/noticias\/frei-patton-teme-pelo-sonho-dos-palestinos.html#primaryimage\",\"url\":\"https:\/\/franciscanos.org.br\/noticias\/wp-content\/uploads\/2018\/12\/patton_051218d.jpg\",\"contentUrl\":\"https:\/\/franciscanos.org.br\/noticias\/wp-content\/uploads\/2018\/12\/patton_051218d.jpg\",\"width\":273,\"height\":181},{\"@type\":\"WebPage\",\"@id\":\"https:\/\/franciscanos.org.br\/noticias\/frei-patton-teme-pelo-sonho-dos-palestinos.html#webpage\",\"url\":\"https:\/\/franciscanos.org.br\/noticias\/frei-patton-teme-pelo-sonho-dos-palestinos.html\",\"name\":\"Frei Patton teme pelo \\\"sonho dos palestinos\\\" - Not\u00edcias - Franciscanos\",\"isPartOf\":{\"@id\":\"https:\/\/franciscanos.org.br\/noticias\/#website\"},\"primaryImageOfPage\":{\"@id\":\"https:\/\/franciscanos.org.br\/noticias\/frei-patton-teme-pelo-sonho-dos-palestinos.html#primaryimage\"},\"datePublished\":\"2018-12-05T14:45:36+00:00\",\"dateModified\":\"2020-06-06T16:25:43+00:00\",\"author\":{\"@id\":\"https:\/\/franciscanos.org.br\/noticias\/#\/schema\/person\/b5c8cba458c330ccff548b056e95a5d4\"},\"breadcrumb\":{\"@id\":\"https:\/\/franciscanos.org.br\/noticias\/frei-patton-teme-pelo-sonho-dos-palestinos.html#breadcrumb\"},\"inLanguage\":\"pt-BR\",\"potentialAction\":[{\"@type\":\"ReadAction\",\"target\":[\"https:\/\/franciscanos.org.br\/noticias\/frei-patton-teme-pelo-sonho-dos-palestinos.html\"]}]},{\"@type\":\"BreadcrumbList\",\"@id\":\"https:\/\/franciscanos.org.br\/noticias\/frei-patton-teme-pelo-sonho-dos-palestinos.html#breadcrumb\",\"itemListElement\":[{\"@type\":\"ListItem\",\"position\":1,\"name\":\"Home\",\"item\":\"https:\/\/franciscanos.org.br\/noticias\"},{\"@type\":\"ListItem\",\"position\":2,\"name\":\"Frei Patton teme pelo &#8220;sonho dos palestinos&#8221;\"}]},{\"@type\":\"Person\",\"@id\":\"https:\/\/franciscanos.org.br\/noticias\/#\/schema\/person\/b5c8cba458c330ccff548b056e95a5d4\",\"name\":\"moacir\",\"image\":{\"@type\":\"ImageObject\",\"inLanguage\":\"pt-BR\",\"@id\":\"https:\/\/franciscanos.org.br\/noticias\/#\/schema\/person\/image\/\",\"url\":\"https:\/\/secure.gravatar.com\/avatar\/d08aa2ce4c8dd416d4479aa8536fcf64?s=96&d=mm&r=g\",\"contentUrl\":\"https:\/\/secure.gravatar.com\/avatar\/d08aa2ce4c8dd416d4479aa8536fcf64?s=96&d=mm&r=g\",\"caption\":\"moacir\"},\"url\":\"https:\/\/franciscanos.org.br\/noticias\/author\/moacir\"}]}<\/script>\n<!-- \/ Yoast SEO plugin. -->","yoast_head_json":{"title":"Frei Patton teme pelo \"sonho dos palestinos\" - Not\u00edcias - Franciscanos","robots":{"index":"index","follow":"follow","max-snippet":"max-snippet:-1","max-image-preview":"max-image-preview:large","max-video-preview":"max-video-preview:-1"},"canonical":"https:\/\/franciscanos.org.br\/noticias\/frei-patton-teme-pelo-sonho-dos-palestinos.html","og_locale":"pt_BR","og_type":"article","og_title":"Frei Patton teme pelo \"sonho dos palestinos\" - Not\u00edcias - Franciscanos","og_description":"Cust\u00f3dia da Terra Santa","og_url":"https:\/\/franciscanos.org.br\/noticias\/frei-patton-teme-pelo-sonho-dos-palestinos.html","og_site_name":"Not\u00edcias - Franciscanos","article_published_time":"2018-12-05T14:45:36+00:00","article_modified_time":"2020-06-06T16:25:43+00:00","og_image":[{"width":273,"height":181,"url":"https:\/\/franciscanos.org.br\/noticias\/wp-content\/uploads\/2018\/12\/patton_051218d.jpg","type":"image\/jpeg"}],"author":"moacir","twitter_card":"summary_large_image","twitter_misc":{"Escrito por":"moacir","Est. tempo de leitura":"4 minutos"},"schema":{"@context":"https:\/\/schema.org","@graph":[{"@type":"WebSite","@id":"https:\/\/franciscanos.org.br\/noticias\/#website","url":"https:\/\/franciscanos.org.br\/noticias\/","name":"Not\u00edcias - Franciscanos","description":"Prov\u00edncia Franciscana da Imaculada Concei\u00e7\u00e3o do Brasil - Ordem dos Frades Menores - OFM","potentialAction":[{"@type":"SearchAction","target":{"@type":"EntryPoint","urlTemplate":"https:\/\/franciscanos.org.br\/noticias\/?s={search_term_string}"},"query-input":"required name=search_term_string"}],"inLanguage":"pt-BR"},{"@type":"ImageObject","inLanguage":"pt-BR","@id":"https:\/\/franciscanos.org.br\/noticias\/frei-patton-teme-pelo-sonho-dos-palestinos.html#primaryimage","url":"https:\/\/franciscanos.org.br\/noticias\/wp-content\/uploads\/2018\/12\/patton_051218d.jpg","contentUrl":"https:\/\/franciscanos.org.br\/noticias\/wp-content\/uploads\/2018\/12\/patton_051218d.jpg","width":273,"height":181},{"@type":"WebPage","@id":"https:\/\/franciscanos.org.br\/noticias\/frei-patton-teme-pelo-sonho-dos-palestinos.html#webpage","url":"https:\/\/franciscanos.org.br\/noticias\/frei-patton-teme-pelo-sonho-dos-palestinos.html","name":"Frei Patton teme pelo \"sonho dos palestinos\" - Not\u00edcias - Franciscanos","isPartOf":{"@id":"https:\/\/franciscanos.org.br\/noticias\/#website"},"primaryImageOfPage":{"@id":"https:\/\/franciscanos.org.br\/noticias\/frei-patton-teme-pelo-sonho-dos-palestinos.html#primaryimage"},"datePublished":"2018-12-05T14:45:36+00:00","dateModified":"2020-06-06T16:25:43+00:00","author":{"@id":"https:\/\/franciscanos.org.br\/noticias\/#\/schema\/person\/b5c8cba458c330ccff548b056e95a5d4"},"breadcrumb":{"@id":"https:\/\/franciscanos.org.br\/noticias\/frei-patton-teme-pelo-sonho-dos-palestinos.html#breadcrumb"},"inLanguage":"pt-BR","potentialAction":[{"@type":"ReadAction","target":["https:\/\/franciscanos.org.br\/noticias\/frei-patton-teme-pelo-sonho-dos-palestinos.html"]}]},{"@type":"BreadcrumbList","@id":"https:\/\/franciscanos.org.br\/noticias\/frei-patton-teme-pelo-sonho-dos-palestinos.html#breadcrumb","itemListElement":[{"@type":"ListItem","position":1,"name":"Home","item":"https:\/\/franciscanos.org.br\/noticias"},{"@type":"ListItem","position":2,"name":"Frei Patton teme pelo &#8220;sonho dos palestinos&#8221;"}]},{"@type":"Person","@id":"https:\/\/franciscanos.org.br\/noticias\/#\/schema\/person\/b5c8cba458c330ccff548b056e95a5d4","name":"moacir","image":{"@type":"ImageObject","inLanguage":"pt-BR","@id":"https:\/\/franciscanos.org.br\/noticias\/#\/schema\/person\/image\/","url":"https:\/\/secure.gravatar.com\/avatar\/d08aa2ce4c8dd416d4479aa8536fcf64?s=96&d=mm&r=g","contentUrl":"https:\/\/secure.gravatar.com\/avatar\/d08aa2ce4c8dd416d4479aa8536fcf64?s=96&d=mm&r=g","caption":"moacir"},"url":"https:\/\/franciscanos.org.br\/noticias\/author\/moacir"}]}},"_links":{"self":[{"href":"https:\/\/franciscanos.org.br\/noticias\/wp-json\/wp\/v2\/posts\/192143"}],"collection":[{"href":"https:\/\/franciscanos.org.br\/noticias\/wp-json\/wp\/v2\/posts"}],"about":[{"href":"https:\/\/franciscanos.org.br\/noticias\/wp-json\/wp\/v2\/types\/post"}],"author":[{"embeddable":true,"href":"https:\/\/franciscanos.org.br\/noticias\/wp-json\/wp\/v2\/users\/3"}],"replies":[{"embeddable":true,"href":"https:\/\/franciscanos.org.br\/noticias\/wp-json\/wp\/v2\/comments?post=192143"}],"version-history":[{"count":1,"href":"https:\/\/franciscanos.org.br\/noticias\/wp-json\/wp\/v2\/posts\/192143\/revisions"}],"predecessor-version":[{"id":224633,"href":"https:\/\/franciscanos.org.br\/noticias\/wp-json\/wp\/v2\/posts\/192143\/revisions\/224633"}],"wp:featuredmedia":[{"embeddable":true,"href":"https:\/\/franciscanos.org.br\/noticias\/wp-json\/wp\/v2\/media\/192145"}],"wp:attachment":[{"href":"https:\/\/franciscanos.org.br\/noticias\/wp-json\/wp\/v2\/media?parent=192143"}],"wp:term":[{"taxonomy":"category","embeddable":true,"href":"https:\/\/franciscanos.org.br\/noticias\/wp-json\/wp\/v2\/categories?post=192143"},{"taxonomy":"post_tag","embeddable":true,"href":"https:\/\/franciscanos.org.br\/noticias\/wp-json\/wp\/v2\/tags?post=192143"}],"curies":[{"name":"wp","href":"https:\/\/api.w.org\/{rel}","templated":true}]}}