{"id":192064,"date":"2018-12-01T11:16:00","date_gmt":"2018-12-01T13:16:00","guid":{"rendered":"https:\/\/franciscanos.org.br\/noticias\/?p=192064"},"modified":"2020-06-06T13:32:28","modified_gmt":"2020-06-06T16:32:28","slug":"ministro-geral-divulga-mensagem-pelo-dia-de-luta-contra-a-aids","status":"publish","type":"post","link":"https:\/\/franciscanos.org.br\/noticias\/ministro-geral-divulga-mensagem-pelo-dia-de-luta-contra-a-aids.html","title":{"rendered":"Mensagem do Ministro Geral"},"content":{"rendered":"<p><img loading=\"lazy\" class=\"alignleft size-full wp-image-192065\" src=\"https:\/\/franciscanos.org.br\/noticias\/wp-content\/uploads\/2018\/12\/mensagem_AIDS_031218.jpg\" alt=\"\" width=\"980\" height=\"600\" srcset=\"https:\/\/franciscanos.org.br\/noticias\/wp-content\/uploads\/2018\/12\/mensagem_AIDS_031218.jpg 980w, https:\/\/franciscanos.org.br\/noticias\/wp-content\/uploads\/2018\/12\/mensagem_AIDS_031218-450x276.jpg 450w, https:\/\/franciscanos.org.br\/noticias\/wp-content\/uploads\/2018\/12\/mensagem_AIDS_031218-768x470.jpg 768w, https:\/\/franciscanos.org.br\/noticias\/wp-content\/uploads\/2018\/12\/mensagem_AIDS_031218-150x92.jpg 150w\" sizes=\"(max-width: 980px) 100vw, 980px\" \/><\/p>\n<p><strong>S\u00e3o Paulo (SP) &#8211; <\/strong>A\u00a0Ordem dos Frades Menores divulgou em seu site a mensagem do Ministro Geral, Frei Michael Perry, por ocasi\u00e3o do Dia Mundial de Luta contra a AIDS, celebrado em 1\u00ba de dezembro.<\/p>\n<p>Na mensagem, ele apresenta dados recentes sobre o v\u00edrus. Em 2017, foram registrados 2 milh\u00f5es de novos casos. &#8220;Desde que foi descoberto o v\u00edrus do HIV, mais de 77 milh\u00f5es de pessoas foram infectadas, enquanto mais de 35 milh\u00f5es morreram por causa de doen\u00e7as ligadas ao HIV&#8221;, acrescenta.<\/p>\n<p>Ele anima os frades a seguirem o exemplo de S\u00e3o Francisco: &#8220;acolher e abra\u00e7ar a todos, amar e ajudar-lhes sem julg\u00e1-los, dando a vida e servindo para que todas as pessoas que vivem com HIV\/AIDS, ou que s\u00e3o afetadas por ela, possam experimentar o abra\u00e7o de outras pessoas que oferecem acolhida, amor e solidariedade&#8221;, acrescenta.<\/p>\n<p>E concluiu a mensagem pedindo uma corrente de ora\u00e7\u00e3o durante todo o m\u00eas de dezembro.<\/p>\n<p style=\"padding-left: 30px;\">Confira na \u00edntegra:<\/p>\n<p>Queridos irm\u00e3os da Ordem, membros da Fam\u00edlia Franciscana e amigos todos,<\/p>\n<p>Que o Senhor lhes d\u00ea Sua Paz!<\/p>\n<p>Neste ano, celebramos o 30\u00ba anivers\u00e1rio do dia em que as pessoas de boa vontade de todo o mundo s\u00e3o chamadas a refletir sobre a pandemia do HIV\/AIDS, sobre seu impacto em toda comunidade humana e sobre a necessidade de vigil\u00e2ncia e solidariedade. Mais de 36 milh\u00f5es de irm\u00e3os e irm\u00e3s s\u00e3o soropositivos, dos quais quase 2 milh\u00f5es s\u00e3o crian\u00e7as. Em 2017, foram registrados aproximadamente 2 milh\u00f5es de novas infec\u00e7\u00f5es. Desde que foi descoberto o v\u00edrus do HIV, mais de 77 milh\u00f5es de pessoas foram infectadas, enquanto mais de 35 milh\u00f5es morreram por causa de doen\u00e7as ligadas ao HIV.<\/p>\n<p>Menos de 22 milh\u00f5es de pessoas t\u00eam acesso aos medicamentos antirretrovirais, que significa um forte aumento em compara\u00e7\u00e3o com os anos anteriores. Uma maior consci\u00eancia do v\u00edrus e um maior financiamento para a preven\u00e7\u00e3o e tratamento ajudaram a promover exames de detec\u00e7\u00e3o precoce, que desempenham um papel importante na redu\u00e7\u00e3o de novas infec\u00e7\u00f5es. Aproximadamente 75% das pessoas que vivem com o HIV conheciam seu estado de sa\u00fade, o que significa que 25% n\u00e3o conhecem sua condi\u00e7\u00e3o, ou seja, representam uma amea\u00e7a latente para eles e para outros que n\u00e3o est\u00e3o infectados, por causa da poss\u00edvel transmiss\u00e3o do v\u00edrus.<\/p>\n<p>Pe\u00e7o a todos os irm\u00e3os da Ordem, a todos nossos amigos e todas as pessoas, que aprofundem seu conhecimento sobre a pandemia do v\u00edrus HIV\/ AIDS. Dou gra\u00e7as a Deus pelo enorme trabalho que os membros da Ordem realizam, em colabora\u00e7\u00e3o com outras ag\u00eancias e indiv\u00edduos, para dedicar assist\u00eancia espiritual, social e m\u00e9dica a quem vive com o v\u00edrus e suas fam\u00edlias. Esta pandemia afeta a todos, porque inclusive alguns membros da Ordem s\u00e3o HIV positivos ou contra\u00edram AIDS. Este fato toca a nossa Igreja e, consequentemente, todas as organiza\u00e7\u00f5es religiosas. Por esta raz\u00e3o, \u00e9 urgente que busquemos novas formas de colaborar com pessoas de boa vontade e de trabalhar com crist\u00e3os de outras confiss\u00f5es, bem como com benfeitores inter-religiosos para cuidar de todas as pessoas que s\u00e3o HIV positivo ou que contra\u00edram a AIDS. Tamb\u00e9m devemos, dentro de nossa Ordem e da Igreja, continuar trabalhando para erradicar este estigma, que muitas vezes \u00e9 associado aos portadores de HIV\/AIDS, assim como continuar promovendo uma mudan\u00e7a de comportamento eticamente respons\u00e1vel, um maior acesso aos medicamentos que ajudam a salvar vidas e que reduzam as infec\u00e7\u00f5es e cuidar das fam\u00edlias mais afetadas pela pandemia.<\/p>\n<p>Tamb\u00e9m devemos reconhecer que a Igreja Cat\u00f3lica continua dedicando aten\u00e7\u00e3o especial aos 25% de pessoas que vivem com o HIV em todo o mundo. Devemos continuar animando todos os frades da Ordem a assumirem este compromisso com este tema e fazer o que S\u00e3o Francisco espera de n\u00f3s, que consiste em fazer o que ele mesmo fez: acolher e abra\u00e7ar a todos, amar e ajudar-lhes sem julg\u00e1-los, dando a vida e servindo para que todas as pessoas que vivem com HIV\/AIDS, ou que s\u00e3o afetadas por ela, possam experimentar o abra\u00e7o de outras pessoas que oferecem acolhida, amor e solidariedade.<\/p>\n<p>Durante o m\u00eas de dezembro, convido a todos, meus queridos irm\u00e3os, a que se unam comigo, \u00e0 Igreja e a outros crentes para oferecer ora\u00e7\u00f5es por nossos irm\u00e3os e irm\u00e3s que vivem com HIV\/ AIDS, por suas fam\u00edlias, por quem busca encontrar uma cura e uma vacina e por quem est\u00e1 ajudando a buscar recursos financeiros vitais para combater esta pandemia.<\/p>\n<p>Oremos:<\/p>\n<p>Deus bom e misericordioso,<br \/>\nTu que \u00e9s o autor da vida,<br \/>\nTu que desejas que os que foram criados \u00e0 tua imagem e semelhan\u00e7a experimentem a plenitude da vida e sejam libertos de toda enfermidade.<br \/>\nTe pedimos que tua gra\u00e7a restauradora des\u00e7a sobre todos os nossos irm\u00e3os e irm\u00e3s que s\u00e3o soropositivos ou que contra\u00edram AIDS. Que eles se sintam tocados por seu amor e tua presen\u00e7a restauradora.<br \/>\nTe pedimos que guieis o trabalho de todos os que est\u00e3o comprometidos na busca de uma cura e para aqueles que trabalham para desenvolver uma vacina contra este v\u00edrus que amea\u00e7a a vida.<br \/>\nBendiga tamb\u00e9m a todos os trabalhadores da \u00e1rea da sa\u00fade e a todos aqueles envolvidos em dedicar aten\u00e7\u00e3o amorosa a nossos irm\u00e3os e irm\u00e3s que vivem com o HIV ou que experimentam o efeito negativo do v\u00edrus ou do uso prolongado dos medicamentos antirretrovirais que salvam vidas.<br \/>\nDeus, fortale\u00e7a tamb\u00e9m nosso compromisso de dar-lhes amor e ternura a todos, especialmente aos nossos irm\u00e3os e irm\u00e3s que vivem com HIV\/ AIDS.<\/p>\n<p>Am\u00e9m!<\/p>\n<p><strong>Roma, 1\u00ba de dezembro de 2018.<\/strong><\/p>\n<p style=\"text-align: left;\">Fraternalmente,<\/p>\n<p style=\"text-align: left;\"><strong>Frei Michael Anthony Perry, OFM<\/strong><br \/>\nMinistro Geral e Servo<\/p>\n<p>Fonte: <a href=\"https:\/\/ofm.org\/blog\/message-of-the-minister-general-for-world-aids-day-2018\/\" target=\"_blank\" rel=\"noopener noreferrer\">ofm.org<\/a> | Tradu\u00e7\u00e3o: <a href=\"http:\/\/franciscanos.org.br\" target=\"_blank\" rel=\"noopener noreferrer\">franciscanos.org.br<\/a><\/p>\n","protected":false},"excerpt":{"rendered":"<p>Dia de Luta contra a Aids<\/p>\n","protected":false},"author":1,"featured_media":192066,"comment_status":"open","ping_status":"open","sticky":false,"template":"","format":"standard","meta":[],"categories":[1],"tags":[1633,344],"acf":[],"yoast_head":"<!-- This site is optimized with the Yoast SEO plugin v19.2 - https:\/\/yoast.com\/wordpress\/plugins\/seo\/ -->\n<title>Mensagem do Ministro Geral - Not\u00edcias - Franciscanos<\/title>\n<meta name=\"robots\" content=\"index, follow, max-snippet:-1, max-image-preview:large, max-video-preview:-1\" \/>\n<link rel=\"canonical\" href=\"https:\/\/franciscanos.org.br\/noticias\/ministro-geral-divulga-mensagem-pelo-dia-de-luta-contra-a-aids.html\" \/>\n<meta property=\"og:locale\" content=\"pt_BR\" \/>\n<meta property=\"og:type\" content=\"article\" \/>\n<meta property=\"og:title\" content=\"Mensagem do Ministro Geral - Not\u00edcias - Franciscanos\" \/>\n<meta property=\"og:description\" content=\"Dia de Luta contra a Aids\" \/>\n<meta property=\"og:url\" content=\"https:\/\/franciscanos.org.br\/noticias\/ministro-geral-divulga-mensagem-pelo-dia-de-luta-contra-a-aids.html\" \/>\n<meta property=\"og:site_name\" content=\"Not\u00edcias - Franciscanos\" \/>\n<meta property=\"article:published_time\" content=\"2018-12-01T13:16:00+00:00\" \/>\n<meta property=\"article:modified_time\" content=\"2020-06-06T16:32:28+00:00\" \/>\n<meta property=\"og:image\" content=\"https:\/\/franciscanos.org.br\/noticias\/wp-content\/uploads\/2018\/12\/mensagem_AIDS_031218-273.jpg\" \/>\n\t<meta property=\"og:image:width\" content=\"273\" \/>\n\t<meta property=\"og:image:height\" content=\"181\" \/>\n\t<meta property=\"og:image:type\" content=\"image\/jpeg\" \/>\n<meta name=\"author\" content=\"admin\" \/>\n<meta name=\"twitter:card\" content=\"summary_large_image\" \/>\n<meta name=\"twitter:label1\" content=\"Escrito por\" \/>\n\t<meta name=\"twitter:data1\" content=\"admin\" \/>\n\t<meta name=\"twitter:label2\" content=\"Est. tempo de leitura\" \/>\n\t<meta name=\"twitter:data2\" content=\"5 minutos\" \/>\n<script type=\"application\/ld+json\" class=\"yoast-schema-graph\">{\"@context\":\"https:\/\/schema.org\",\"@graph\":[{\"@type\":\"WebSite\",\"@id\":\"https:\/\/franciscanos.org.br\/noticias\/#website\",\"url\":\"https:\/\/franciscanos.org.br\/noticias\/\",\"name\":\"Not\u00edcias - Franciscanos\",\"description\":\"Prov\u00edncia Franciscana da Imaculada Concei\u00e7\u00e3o do Brasil - Ordem dos Frades Menores - OFM\",\"potentialAction\":[{\"@type\":\"SearchAction\",\"target\":{\"@type\":\"EntryPoint\",\"urlTemplate\":\"https:\/\/franciscanos.org.br\/noticias\/?s={search_term_string}\"},\"query-input\":\"required name=search_term_string\"}],\"inLanguage\":\"pt-BR\"},{\"@type\":\"ImageObject\",\"inLanguage\":\"pt-BR\",\"@id\":\"https:\/\/franciscanos.org.br\/noticias\/ministro-geral-divulga-mensagem-pelo-dia-de-luta-contra-a-aids.html#primaryimage\",\"url\":\"https:\/\/franciscanos.org.br\/noticias\/wp-content\/uploads\/2018\/12\/mensagem_AIDS_031218-273.jpg\",\"contentUrl\":\"https:\/\/franciscanos.org.br\/noticias\/wp-content\/uploads\/2018\/12\/mensagem_AIDS_031218-273.jpg\",\"width\":273,\"height\":181},{\"@type\":\"WebPage\",\"@id\":\"https:\/\/franciscanos.org.br\/noticias\/ministro-geral-divulga-mensagem-pelo-dia-de-luta-contra-a-aids.html#webpage\",\"url\":\"https:\/\/franciscanos.org.br\/noticias\/ministro-geral-divulga-mensagem-pelo-dia-de-luta-contra-a-aids.html\",\"name\":\"Mensagem do Ministro Geral - Not\u00edcias - Franciscanos\",\"isPartOf\":{\"@id\":\"https:\/\/franciscanos.org.br\/noticias\/#website\"},\"primaryImageOfPage\":{\"@id\":\"https:\/\/franciscanos.org.br\/noticias\/ministro-geral-divulga-mensagem-pelo-dia-de-luta-contra-a-aids.html#primaryimage\"},\"datePublished\":\"2018-12-01T13:16:00+00:00\",\"dateModified\":\"2020-06-06T16:32:28+00:00\",\"author\":{\"@id\":\"https:\/\/franciscanos.org.br\/noticias\/#\/schema\/person\/b38fbf43118f02820bd932f2e4b14ad3\"},\"breadcrumb\":{\"@id\":\"https:\/\/franciscanos.org.br\/noticias\/ministro-geral-divulga-mensagem-pelo-dia-de-luta-contra-a-aids.html#breadcrumb\"},\"inLanguage\":\"pt-BR\",\"potentialAction\":[{\"@type\":\"ReadAction\",\"target\":[\"https:\/\/franciscanos.org.br\/noticias\/ministro-geral-divulga-mensagem-pelo-dia-de-luta-contra-a-aids.html\"]}]},{\"@type\":\"BreadcrumbList\",\"@id\":\"https:\/\/franciscanos.org.br\/noticias\/ministro-geral-divulga-mensagem-pelo-dia-de-luta-contra-a-aids.html#breadcrumb\",\"itemListElement\":[{\"@type\":\"ListItem\",\"position\":1,\"name\":\"Home\",\"item\":\"https:\/\/franciscanos.org.br\/noticias\"},{\"@type\":\"ListItem\",\"position\":2,\"name\":\"Mensagem do Ministro Geral\"}]},{\"@type\":\"Person\",\"@id\":\"https:\/\/franciscanos.org.br\/noticias\/#\/schema\/person\/b38fbf43118f02820bd932f2e4b14ad3\",\"name\":\"admin\",\"image\":{\"@type\":\"ImageObject\",\"inLanguage\":\"pt-BR\",\"@id\":\"https:\/\/franciscanos.org.br\/noticias\/#\/schema\/person\/image\/\",\"url\":\"https:\/\/secure.gravatar.com\/avatar\/e8495742d34d0ba6448ea1c628263b3e?s=96&d=mm&r=g\",\"contentUrl\":\"https:\/\/secure.gravatar.com\/avatar\/e8495742d34d0ba6448ea1c628263b3e?s=96&d=mm&r=g\",\"caption\":\"admin\"},\"url\":\"https:\/\/franciscanos.org.br\/noticias\/author\/admin\"}]}<\/script>\n<!-- \/ Yoast SEO plugin. -->","yoast_head_json":{"title":"Mensagem do Ministro Geral - Not\u00edcias - Franciscanos","robots":{"index":"index","follow":"follow","max-snippet":"max-snippet:-1","max-image-preview":"max-image-preview:large","max-video-preview":"max-video-preview:-1"},"canonical":"https:\/\/franciscanos.org.br\/noticias\/ministro-geral-divulga-mensagem-pelo-dia-de-luta-contra-a-aids.html","og_locale":"pt_BR","og_type":"article","og_title":"Mensagem do Ministro Geral - Not\u00edcias - Franciscanos","og_description":"Dia de Luta contra a Aids","og_url":"https:\/\/franciscanos.org.br\/noticias\/ministro-geral-divulga-mensagem-pelo-dia-de-luta-contra-a-aids.html","og_site_name":"Not\u00edcias - Franciscanos","article_published_time":"2018-12-01T13:16:00+00:00","article_modified_time":"2020-06-06T16:32:28+00:00","og_image":[{"width":273,"height":181,"url":"https:\/\/franciscanos.org.br\/noticias\/wp-content\/uploads\/2018\/12\/mensagem_AIDS_031218-273.jpg","type":"image\/jpeg"}],"author":"admin","twitter_card":"summary_large_image","twitter_misc":{"Escrito por":"admin","Est. tempo de leitura":"5 minutos"},"schema":{"@context":"https:\/\/schema.org","@graph":[{"@type":"WebSite","@id":"https:\/\/franciscanos.org.br\/noticias\/#website","url":"https:\/\/franciscanos.org.br\/noticias\/","name":"Not\u00edcias - Franciscanos","description":"Prov\u00edncia Franciscana da Imaculada Concei\u00e7\u00e3o do Brasil - Ordem dos Frades Menores - OFM","potentialAction":[{"@type":"SearchAction","target":{"@type":"EntryPoint","urlTemplate":"https:\/\/franciscanos.org.br\/noticias\/?s={search_term_string}"},"query-input":"required name=search_term_string"}],"inLanguage":"pt-BR"},{"@type":"ImageObject","inLanguage":"pt-BR","@id":"https:\/\/franciscanos.org.br\/noticias\/ministro-geral-divulga-mensagem-pelo-dia-de-luta-contra-a-aids.html#primaryimage","url":"https:\/\/franciscanos.org.br\/noticias\/wp-content\/uploads\/2018\/12\/mensagem_AIDS_031218-273.jpg","contentUrl":"https:\/\/franciscanos.org.br\/noticias\/wp-content\/uploads\/2018\/12\/mensagem_AIDS_031218-273.jpg","width":273,"height":181},{"@type":"WebPage","@id":"https:\/\/franciscanos.org.br\/noticias\/ministro-geral-divulga-mensagem-pelo-dia-de-luta-contra-a-aids.html#webpage","url":"https:\/\/franciscanos.org.br\/noticias\/ministro-geral-divulga-mensagem-pelo-dia-de-luta-contra-a-aids.html","name":"Mensagem do Ministro Geral - Not\u00edcias - Franciscanos","isPartOf":{"@id":"https:\/\/franciscanos.org.br\/noticias\/#website"},"primaryImageOfPage":{"@id":"https:\/\/franciscanos.org.br\/noticias\/ministro-geral-divulga-mensagem-pelo-dia-de-luta-contra-a-aids.html#primaryimage"},"datePublished":"2018-12-01T13:16:00+00:00","dateModified":"2020-06-06T16:32:28+00:00","author":{"@id":"https:\/\/franciscanos.org.br\/noticias\/#\/schema\/person\/b38fbf43118f02820bd932f2e4b14ad3"},"breadcrumb":{"@id":"https:\/\/franciscanos.org.br\/noticias\/ministro-geral-divulga-mensagem-pelo-dia-de-luta-contra-a-aids.html#breadcrumb"},"inLanguage":"pt-BR","potentialAction":[{"@type":"ReadAction","target":["https:\/\/franciscanos.org.br\/noticias\/ministro-geral-divulga-mensagem-pelo-dia-de-luta-contra-a-aids.html"]}]},{"@type":"BreadcrumbList","@id":"https:\/\/franciscanos.org.br\/noticias\/ministro-geral-divulga-mensagem-pelo-dia-de-luta-contra-a-aids.html#breadcrumb","itemListElement":[{"@type":"ListItem","position":1,"name":"Home","item":"https:\/\/franciscanos.org.br\/noticias"},{"@type":"ListItem","position":2,"name":"Mensagem do Ministro Geral"}]},{"@type":"Person","@id":"https:\/\/franciscanos.org.br\/noticias\/#\/schema\/person\/b38fbf43118f02820bd932f2e4b14ad3","name":"admin","image":{"@type":"ImageObject","inLanguage":"pt-BR","@id":"https:\/\/franciscanos.org.br\/noticias\/#\/schema\/person\/image\/","url":"https:\/\/secure.gravatar.com\/avatar\/e8495742d34d0ba6448ea1c628263b3e?s=96&d=mm&r=g","contentUrl":"https:\/\/secure.gravatar.com\/avatar\/e8495742d34d0ba6448ea1c628263b3e?s=96&d=mm&r=g","caption":"admin"},"url":"https:\/\/franciscanos.org.br\/noticias\/author\/admin"}]}},"_links":{"self":[{"href":"https:\/\/franciscanos.org.br\/noticias\/wp-json\/wp\/v2\/posts\/192064"}],"collection":[{"href":"https:\/\/franciscanos.org.br\/noticias\/wp-json\/wp\/v2\/posts"}],"about":[{"href":"https:\/\/franciscanos.org.br\/noticias\/wp-json\/wp\/v2\/types\/post"}],"author":[{"embeddable":true,"href":"https:\/\/franciscanos.org.br\/noticias\/wp-json\/wp\/v2\/users\/1"}],"replies":[{"embeddable":true,"href":"https:\/\/franciscanos.org.br\/noticias\/wp-json\/wp\/v2\/comments?post=192064"}],"version-history":[{"count":1,"href":"https:\/\/franciscanos.org.br\/noticias\/wp-json\/wp\/v2\/posts\/192064\/revisions"}],"predecessor-version":[{"id":224641,"href":"https:\/\/franciscanos.org.br\/noticias\/wp-json\/wp\/v2\/posts\/192064\/revisions\/224641"}],"wp:featuredmedia":[{"embeddable":true,"href":"https:\/\/franciscanos.org.br\/noticias\/wp-json\/wp\/v2\/media\/192066"}],"wp:attachment":[{"href":"https:\/\/franciscanos.org.br\/noticias\/wp-json\/wp\/v2\/media?parent=192064"}],"wp:term":[{"taxonomy":"category","embeddable":true,"href":"https:\/\/franciscanos.org.br\/noticias\/wp-json\/wp\/v2\/categories?post=192064"},{"taxonomy":"post_tag","embeddable":true,"href":"https:\/\/franciscanos.org.br\/noticias\/wp-json\/wp\/v2\/tags?post=192064"}],"curies":[{"name":"wp","href":"https:\/\/api.w.org\/{rel}","templated":true}]}}