{"id":192059,"date":"2018-12-03T10:19:56","date_gmt":"2018-12-03T12:19:56","guid":{"rendered":"https:\/\/franciscanos.org.br\/noticias\/?p=192059"},"modified":"2020-06-06T13:28:44","modified_gmt":"2020-06-06T16:28:44","slug":"papa-advento-tempo-para-purificar-a-fe","status":"publish","type":"post","link":"https:\/\/franciscanos.org.br\/noticias\/papa-advento-tempo-para-purificar-a-fe.html","title":{"rendered":"Papa: Advento \u00e9 o tempo para purificar a f\u00e9"},"content":{"rendered":"<p><strong><img loading=\"lazy\" class=\"alignleft size-full wp-image-192060\" src=\"https:\/\/franciscanos.org.br\/noticias\/wp-content\/uploads\/2018\/12\/papa_031218-980.jpg\" alt=\"\" width=\"980\" height=\"549\" srcset=\"https:\/\/franciscanos.org.br\/noticias\/wp-content\/uploads\/2018\/12\/papa_031218-980.jpg 980w, https:\/\/franciscanos.org.br\/noticias\/wp-content\/uploads\/2018\/12\/papa_031218-980-450x252.jpg 450w, https:\/\/franciscanos.org.br\/noticias\/wp-content\/uploads\/2018\/12\/papa_031218-980-768x430.jpg 768w, https:\/\/franciscanos.org.br\/noticias\/wp-content\/uploads\/2018\/12\/papa_031218-980-150x84.jpg 150w\" sizes=\"(max-width: 980px) 100vw, 980px\" \/>Cidade do Vaticano &#8211;<\/strong> O tempo do Advento tem \u201ctr\u00eas dimens\u00f5es\u201d: passado, futuro e presente. Celebrando a missa na capela da Casa Santa Marta (03\/12), o Papa Francisco recordou que o Advento, inaugurado ontem, \u00e9 o tempo prop\u00edcio \u201cpara purificar o esp\u00edrito, para fazer crescer a f\u00e9 com esta purifica\u00e7\u00e3o\u201d.<\/p>\n<p>O ponto de partida das reflex\u00f5es do Pont\u00edfice \u00e9 o Evangelho do dia (Mt 8,5-11): o encontro em Cafarnaum entre Jesus e um oficial romano, que pede ajuda para o seu servo, paralisado na cama. Tamb\u00e9m hoje, afirmou, pode acontecer de se \u201cacostumar \u00e0 f\u00e9\u201d, esquecendo a sua \u201cvivacidade\u201d. \u201cQuando estamos acostumados \u2013 destacou o Papa \u2013, perdemos aquela for\u00e7a da f\u00e9, aquela novidade da f\u00e9 que sempre nos renova\u201d.<\/p>\n<p>Na homilia, Francisco ressaltou que a primeira dimens\u00e3o do Advento \u00e9 o passado, \u201ca purifica\u00e7\u00e3o da mem\u00f3ria\u201d: \u201crecordar bem que n\u00e3o nasceu a \u00e1rvore de Natal\u201d, que certamente \u00e9 um \u201cbelo sinal\u201d, mas recordar que \u201cnasceu Jesus Cristo\u201d.<\/p>\n<p>Nasceu o Senhor, nasceu o Redentor que veio para nos salvar. Sim, a festa\u2026n\u00f3s sempre temos o perigo, sempre teremos em n\u00f3s a tenta\u00e7\u00e3o de mundanizar o Natal, mundaniz\u00e1-lo \u2026 quando a festa deixa de ser contempla\u00e7\u00e3o \u2013 uma bela festa de fam\u00edlia com Jesus no centro \u2013 e come\u00e7a a ser festa mundana: fazer compras, presentes, isso e aquilo outro&#8230;e o Senhor permanece ali, esquecido. Inclusive na nossa vida: sim, nasceu, em Bel\u00e9m, mas&#8230; E o Advento \u00e9 para purificar a mem\u00f3ria daquele tempo passado, daquela dimens\u00e3o.<\/p>\n<p><strong>Purificar a esperan\u00e7a<\/strong><\/p>\n<p>Al\u00e9m disso, o Advento serve para \u201cpurificar a esperan\u00e7a\u201d, para se preparar \u201cpara o encontro definitivo com o Senhor\u201d.<\/p>\n<p>Porque aquele Senhor que veio l\u00e1, voltar\u00e1, voltar\u00e1! E voltar\u00e1 para nos perguntar: \u201cComo foi a sua vida?\u201d. Ser\u00e1 um encontro pessoal. N\u00f3s, o encontro pessoal com o Senhor, hoje, teremos na Eucaristia e n\u00e3o podemos ter um encontro assim, pessoal, com o Natal de 2000 anos atr\u00e1s: temos a mem\u00f3ria do que foi. Mas quando Ele voltar, teremos aquele encontro pessoal. \u00c9 purificar a esperan\u00e7a.<\/p>\n<p><strong>O Senhor bate todos os dias ao nosso cora\u00e7\u00e3o<\/strong><\/p>\n<p>Por fim, o Papa convidou todos a cultivarem a dimens\u00e3o cotidiana da f\u00e9, n\u00e3o obstante as preocupa\u00e7\u00f5es e os muitos afazeres, cuidando da pr\u00f3pria \u201ccasa interior\u201d. O nosso Deus, de fato, \u00e9 o \u201cDeus das surpresas\u201d e os crist\u00e3os deveriam perceber todos os dias os sinais do Pai Celeste, o seu falar conosco hoje.<\/p>\n<p>E a terceira dimens\u00e3o \u00e9 mais cotidiana: purificar a vigil\u00e2ncia. Vigil\u00e2ncia e ora\u00e7\u00e3o s\u00e3o duas palavras para o Advento; porque o Senhor veio na Hist\u00f3ria em Bel\u00e9m; vir\u00e1, no final do mundo e tamb\u00e9m no final da vida de cada um de n\u00f3s. Mas vem todos os dias, em todos os momentos, no nosso cora\u00e7\u00e3o, com a inspira\u00e7\u00e3o do Esp\u00edrito Santo.<\/p>\n<hr \/>\n<p><em>Fonte: Vatican News<\/em><\/p>\n","protected":false},"excerpt":{"rendered":"<p>Missa em Santa Marta<\/p>\n","protected":false},"author":1,"featured_media":192061,"comment_status":"open","ping_status":"open","sticky":false,"template":"","format":"standard","meta":[],"categories":[1428],"tags":[1586],"acf":[],"yoast_head":"<!-- This site is optimized with the Yoast SEO plugin v19.2 - https:\/\/yoast.com\/wordpress\/plugins\/seo\/ -->\n<title>Papa: Advento \u00e9 o tempo para purificar a f\u00e9 - Not\u00edcias - Franciscanos<\/title>\n<meta name=\"robots\" content=\"index, follow, max-snippet:-1, max-image-preview:large, max-video-preview:-1\" \/>\n<link rel=\"canonical\" href=\"https:\/\/franciscanos.org.br\/noticias\/papa-advento-tempo-para-purificar-a-fe.html\" \/>\n<meta property=\"og:locale\" content=\"pt_BR\" \/>\n<meta property=\"og:type\" content=\"article\" \/>\n<meta property=\"og:title\" content=\"Papa: Advento \u00e9 o tempo para purificar a f\u00e9 - Not\u00edcias - Franciscanos\" \/>\n<meta property=\"og:description\" content=\"Missa em Santa Marta\" \/>\n<meta property=\"og:url\" content=\"https:\/\/franciscanos.org.br\/noticias\/papa-advento-tempo-para-purificar-a-fe.html\" \/>\n<meta property=\"og:site_name\" content=\"Not\u00edcias - Franciscanos\" \/>\n<meta property=\"article:published_time\" content=\"2018-12-03T12:19:56+00:00\" \/>\n<meta property=\"article:modified_time\" content=\"2020-06-06T16:28:44+00:00\" \/>\n<meta property=\"og:image\" content=\"https:\/\/franciscanos.org.br\/noticias\/wp-content\/uploads\/2018\/12\/papa_031218-273.jpg\" \/>\n\t<meta property=\"og:image:width\" content=\"273\" \/>\n\t<meta property=\"og:image:height\" content=\"181\" \/>\n\t<meta property=\"og:image:type\" content=\"image\/jpeg\" \/>\n<meta name=\"author\" content=\"admin\" \/>\n<meta name=\"twitter:card\" content=\"summary_large_image\" \/>\n<meta name=\"twitter:label1\" content=\"Escrito por\" \/>\n\t<meta name=\"twitter:data1\" content=\"admin\" \/>\n\t<meta name=\"twitter:label2\" content=\"Est. tempo de leitura\" \/>\n\t<meta name=\"twitter:data2\" content=\"2 minutos\" \/>\n<script type=\"application\/ld+json\" class=\"yoast-schema-graph\">{\"@context\":\"https:\/\/schema.org\",\"@graph\":[{\"@type\":\"WebSite\",\"@id\":\"https:\/\/franciscanos.org.br\/noticias\/#website\",\"url\":\"https:\/\/franciscanos.org.br\/noticias\/\",\"name\":\"Not\u00edcias - Franciscanos\",\"description\":\"Prov\u00edncia Franciscana da Imaculada Concei\u00e7\u00e3o do Brasil - Ordem dos Frades Menores - OFM\",\"potentialAction\":[{\"@type\":\"SearchAction\",\"target\":{\"@type\":\"EntryPoint\",\"urlTemplate\":\"https:\/\/franciscanos.org.br\/noticias\/?s={search_term_string}\"},\"query-input\":\"required name=search_term_string\"}],\"inLanguage\":\"pt-BR\"},{\"@type\":\"ImageObject\",\"inLanguage\":\"pt-BR\",\"@id\":\"https:\/\/franciscanos.org.br\/noticias\/papa-advento-tempo-para-purificar-a-fe.html#primaryimage\",\"url\":\"https:\/\/franciscanos.org.br\/noticias\/wp-content\/uploads\/2018\/12\/papa_031218-273.jpg\",\"contentUrl\":\"https:\/\/franciscanos.org.br\/noticias\/wp-content\/uploads\/2018\/12\/papa_031218-273.jpg\",\"width\":273,\"height\":181},{\"@type\":\"WebPage\",\"@id\":\"https:\/\/franciscanos.org.br\/noticias\/papa-advento-tempo-para-purificar-a-fe.html#webpage\",\"url\":\"https:\/\/franciscanos.org.br\/noticias\/papa-advento-tempo-para-purificar-a-fe.html\",\"name\":\"Papa: Advento \u00e9 o tempo para purificar a f\u00e9 - Not\u00edcias - Franciscanos\",\"isPartOf\":{\"@id\":\"https:\/\/franciscanos.org.br\/noticias\/#website\"},\"primaryImageOfPage\":{\"@id\":\"https:\/\/franciscanos.org.br\/noticias\/papa-advento-tempo-para-purificar-a-fe.html#primaryimage\"},\"datePublished\":\"2018-12-03T12:19:56+00:00\",\"dateModified\":\"2020-06-06T16:28:44+00:00\",\"author\":{\"@id\":\"https:\/\/franciscanos.org.br\/noticias\/#\/schema\/person\/b38fbf43118f02820bd932f2e4b14ad3\"},\"breadcrumb\":{\"@id\":\"https:\/\/franciscanos.org.br\/noticias\/papa-advento-tempo-para-purificar-a-fe.html#breadcrumb\"},\"inLanguage\":\"pt-BR\",\"potentialAction\":[{\"@type\":\"ReadAction\",\"target\":[\"https:\/\/franciscanos.org.br\/noticias\/papa-advento-tempo-para-purificar-a-fe.html\"]}]},{\"@type\":\"BreadcrumbList\",\"@id\":\"https:\/\/franciscanos.org.br\/noticias\/papa-advento-tempo-para-purificar-a-fe.html#breadcrumb\",\"itemListElement\":[{\"@type\":\"ListItem\",\"position\":1,\"name\":\"Home\",\"item\":\"https:\/\/franciscanos.org.br\/noticias\"},{\"@type\":\"ListItem\",\"position\":2,\"name\":\"Papa: Advento \u00e9 o tempo para purificar a f\u00e9\"}]},{\"@type\":\"Person\",\"@id\":\"https:\/\/franciscanos.org.br\/noticias\/#\/schema\/person\/b38fbf43118f02820bd932f2e4b14ad3\",\"name\":\"admin\",\"image\":{\"@type\":\"ImageObject\",\"inLanguage\":\"pt-BR\",\"@id\":\"https:\/\/franciscanos.org.br\/noticias\/#\/schema\/person\/image\/\",\"url\":\"https:\/\/secure.gravatar.com\/avatar\/e8495742d34d0ba6448ea1c628263b3e?s=96&d=mm&r=g\",\"contentUrl\":\"https:\/\/secure.gravatar.com\/avatar\/e8495742d34d0ba6448ea1c628263b3e?s=96&d=mm&r=g\",\"caption\":\"admin\"},\"url\":\"https:\/\/franciscanos.org.br\/noticias\/author\/admin\"}]}<\/script>\n<!-- \/ Yoast SEO plugin. -->","yoast_head_json":{"title":"Papa: Advento \u00e9 o tempo para purificar a f\u00e9 - Not\u00edcias - Franciscanos","robots":{"index":"index","follow":"follow","max-snippet":"max-snippet:-1","max-image-preview":"max-image-preview:large","max-video-preview":"max-video-preview:-1"},"canonical":"https:\/\/franciscanos.org.br\/noticias\/papa-advento-tempo-para-purificar-a-fe.html","og_locale":"pt_BR","og_type":"article","og_title":"Papa: Advento \u00e9 o tempo para purificar a f\u00e9 - Not\u00edcias - Franciscanos","og_description":"Missa em Santa Marta","og_url":"https:\/\/franciscanos.org.br\/noticias\/papa-advento-tempo-para-purificar-a-fe.html","og_site_name":"Not\u00edcias - Franciscanos","article_published_time":"2018-12-03T12:19:56+00:00","article_modified_time":"2020-06-06T16:28:44+00:00","og_image":[{"width":273,"height":181,"url":"https:\/\/franciscanos.org.br\/noticias\/wp-content\/uploads\/2018\/12\/papa_031218-273.jpg","type":"image\/jpeg"}],"author":"admin","twitter_card":"summary_large_image","twitter_misc":{"Escrito por":"admin","Est. tempo de leitura":"2 minutos"},"schema":{"@context":"https:\/\/schema.org","@graph":[{"@type":"WebSite","@id":"https:\/\/franciscanos.org.br\/noticias\/#website","url":"https:\/\/franciscanos.org.br\/noticias\/","name":"Not\u00edcias - Franciscanos","description":"Prov\u00edncia Franciscana da Imaculada Concei\u00e7\u00e3o do Brasil - Ordem dos Frades Menores - OFM","potentialAction":[{"@type":"SearchAction","target":{"@type":"EntryPoint","urlTemplate":"https:\/\/franciscanos.org.br\/noticias\/?s={search_term_string}"},"query-input":"required name=search_term_string"}],"inLanguage":"pt-BR"},{"@type":"ImageObject","inLanguage":"pt-BR","@id":"https:\/\/franciscanos.org.br\/noticias\/papa-advento-tempo-para-purificar-a-fe.html#primaryimage","url":"https:\/\/franciscanos.org.br\/noticias\/wp-content\/uploads\/2018\/12\/papa_031218-273.jpg","contentUrl":"https:\/\/franciscanos.org.br\/noticias\/wp-content\/uploads\/2018\/12\/papa_031218-273.jpg","width":273,"height":181},{"@type":"WebPage","@id":"https:\/\/franciscanos.org.br\/noticias\/papa-advento-tempo-para-purificar-a-fe.html#webpage","url":"https:\/\/franciscanos.org.br\/noticias\/papa-advento-tempo-para-purificar-a-fe.html","name":"Papa: Advento \u00e9 o tempo para purificar a f\u00e9 - Not\u00edcias - Franciscanos","isPartOf":{"@id":"https:\/\/franciscanos.org.br\/noticias\/#website"},"primaryImageOfPage":{"@id":"https:\/\/franciscanos.org.br\/noticias\/papa-advento-tempo-para-purificar-a-fe.html#primaryimage"},"datePublished":"2018-12-03T12:19:56+00:00","dateModified":"2020-06-06T16:28:44+00:00","author":{"@id":"https:\/\/franciscanos.org.br\/noticias\/#\/schema\/person\/b38fbf43118f02820bd932f2e4b14ad3"},"breadcrumb":{"@id":"https:\/\/franciscanos.org.br\/noticias\/papa-advento-tempo-para-purificar-a-fe.html#breadcrumb"},"inLanguage":"pt-BR","potentialAction":[{"@type":"ReadAction","target":["https:\/\/franciscanos.org.br\/noticias\/papa-advento-tempo-para-purificar-a-fe.html"]}]},{"@type":"BreadcrumbList","@id":"https:\/\/franciscanos.org.br\/noticias\/papa-advento-tempo-para-purificar-a-fe.html#breadcrumb","itemListElement":[{"@type":"ListItem","position":1,"name":"Home","item":"https:\/\/franciscanos.org.br\/noticias"},{"@type":"ListItem","position":2,"name":"Papa: Advento \u00e9 o tempo para purificar a f\u00e9"}]},{"@type":"Person","@id":"https:\/\/franciscanos.org.br\/noticias\/#\/schema\/person\/b38fbf43118f02820bd932f2e4b14ad3","name":"admin","image":{"@type":"ImageObject","inLanguage":"pt-BR","@id":"https:\/\/franciscanos.org.br\/noticias\/#\/schema\/person\/image\/","url":"https:\/\/secure.gravatar.com\/avatar\/e8495742d34d0ba6448ea1c628263b3e?s=96&d=mm&r=g","contentUrl":"https:\/\/secure.gravatar.com\/avatar\/e8495742d34d0ba6448ea1c628263b3e?s=96&d=mm&r=g","caption":"admin"},"url":"https:\/\/franciscanos.org.br\/noticias\/author\/admin"}]}},"_links":{"self":[{"href":"https:\/\/franciscanos.org.br\/noticias\/wp-json\/wp\/v2\/posts\/192059"}],"collection":[{"href":"https:\/\/franciscanos.org.br\/noticias\/wp-json\/wp\/v2\/posts"}],"about":[{"href":"https:\/\/franciscanos.org.br\/noticias\/wp-json\/wp\/v2\/types\/post"}],"author":[{"embeddable":true,"href":"https:\/\/franciscanos.org.br\/noticias\/wp-json\/wp\/v2\/users\/1"}],"replies":[{"embeddable":true,"href":"https:\/\/franciscanos.org.br\/noticias\/wp-json\/wp\/v2\/comments?post=192059"}],"version-history":[{"count":1,"href":"https:\/\/franciscanos.org.br\/noticias\/wp-json\/wp\/v2\/posts\/192059\/revisions"}],"predecessor-version":[{"id":224636,"href":"https:\/\/franciscanos.org.br\/noticias\/wp-json\/wp\/v2\/posts\/192059\/revisions\/224636"}],"wp:featuredmedia":[{"embeddable":true,"href":"https:\/\/franciscanos.org.br\/noticias\/wp-json\/wp\/v2\/media\/192061"}],"wp:attachment":[{"href":"https:\/\/franciscanos.org.br\/noticias\/wp-json\/wp\/v2\/media?parent=192059"}],"wp:term":[{"taxonomy":"category","embeddable":true,"href":"https:\/\/franciscanos.org.br\/noticias\/wp-json\/wp\/v2\/categories?post=192059"},{"taxonomy":"post_tag","embeddable":true,"href":"https:\/\/franciscanos.org.br\/noticias\/wp-json\/wp\/v2\/tags?post=192059"}],"curies":[{"name":"wp","href":"https:\/\/api.w.org\/{rel}","templated":true}]}}