{"id":192050,"date":"2018-12-02T08:32:10","date_gmt":"2018-12-02T10:32:10","guid":{"rendered":"https:\/\/franciscanos.org.br\/noticias\/?p=192050"},"modified":"2020-06-06T13:29:31","modified_gmt":"2020-06-06T16:29:31","slug":"frei-ermelindo-celebra-primeira-missa-em-sua-terra","status":"publish","type":"post","link":"https:\/\/franciscanos.org.br\/noticias\/frei-ermelindo-celebra-primeira-missa-em-sua-terra.html","title":{"rendered":"Frei Ermelindo celebra Primeira Missa em sua terra"},"content":{"rendered":"<p><strong><span style=\"color: #000000;\"><img loading=\"lazy\" class=\"alignleft size-full wp-image-192053\" src=\"https:\/\/franciscanos.org.br\/noticias\/wp-content\/uploads\/2018\/12\/ermelindo_031218_1.jpg\" alt=\"\" width=\"890\" height=\"539\" srcset=\"https:\/\/franciscanos.org.br\/noticias\/wp-content\/uploads\/2018\/12\/ermelindo_031218_1.jpg 890w, https:\/\/franciscanos.org.br\/noticias\/wp-content\/uploads\/2018\/12\/ermelindo_031218_1-450x273.jpg 450w, https:\/\/franciscanos.org.br\/noticias\/wp-content\/uploads\/2018\/12\/ermelindo_031218_1-768x465.jpg 768w, https:\/\/franciscanos.org.br\/noticias\/wp-content\/uploads\/2018\/12\/ermelindo_031218_1-150x91.jpg 150w\" sizes=\"(max-width: 890px) 100vw, 890px\" \/>Frei Evaristo Seque Joaquim<\/span><\/strong><\/p>\n<p><strong><span style=\"color: #000000;\">Viana (Angola) &#8211;\u00a0<\/span><\/strong><span style=\"color: #000000;\">Ainda no clima de festa de ordena\u00e7\u00f5es presbisterais dos frades Ermelindo Bambi, Jo\u00e3o Alberto Bunga e Jo\u00e3o Batista Canjenjenga, no dia 25 de novembro, neste domingo, 2 de dezembro, em que come\u00e7a o ano lit\u00fargico e a Igreja celebra o Advento, a Par\u00f3quia Nossa Senhora de F\u00e1tima acolheu Frei Ermelindo, filho da mesma, para a sua primeira Missa.<\/span><\/p>\n<p><span style=\"color: #000000;\">Era uma manh\u00e3 serena que prenunciava chuva, mas que n\u00e3o impediu o povo de ir \u00e0 igreja. Familiares, amigos, paroquianos e n\u00e3o paroquianos, pessoas vindas de diferentes lugares estavam presentes.<\/span><\/p>\n<p><span style=\"color: #000000;\">A celebra\u00e7\u00e3o teve in\u00edcio \u00e0s 9h15, concelebrada pelos neo-ordenados Frei Jo\u00e3o A. Bunga e Frei Jo\u00e3o Canjenjenga, por Frei Valdemiro Wastchuk, p\u00e1roco, Frei Laurindo da Silva J\u00fanior, vig\u00e1rio paroquial, Frei Alisson Zanetti, Frei Marco Antonio dos Santos e Frei Laerte de Farias dos Santos. Contou com a presen\u00e7a dos religiosos e religiosas que prestam apoio \u00e0 Par\u00f3quia, as Irm\u00e3s Franciscanas Hospitaleiras, Irm\u00e3s Sal\u00e9sias e as Irm\u00e3s M\u00e9dicas de Maria.<\/span><\/p>\n<p><span style=\"color: #000000;\">Como reza a tradi\u00e7\u00e3o, na primeira Missa, o neo-ordenado convida um outro confrade para fazer a homilia e Frei Ermelindo convidou Frei Laerte para fazer a prega\u00e7\u00e3o. Frei Laerte, tomando a palavra, dividiu a sua reflex\u00e3o em dois momentos. No primeiro, falou do novo Ano Lit\u00fargico que estava come\u00e7ando e do Tempo do Advento. No segundo momento, falou da miss\u00e3o do sacerdote.<\/span><\/p>\n<p><span style=\"color: #000000;\">Frei Ermelindo, Frei Jo\u00e3o Bunga e Frei Jo\u00e3o Canjenjenga escolheram como motiva\u00e7\u00e3o do seu sacerd\u00f3cio justamente numa das passagens de S\u00e3o Lucas, cap\u00edtulo 24, que relata a experi\u00eancia que os disc\u00edpulos de Ema\u00fas tiveram com o Cristo vivo e ressuscitado. O relato dos disc\u00edpulos de Ema\u00fas mostra um pouco daquilo que \u00e9 a figura do sacerdote entre o povo, aquele que caminha com eles e conhece as necessidades, suas ang\u00fastias, suas incertezas. Aquilo que \u00e9 ouvido na B\u00edblia tem sentido na vida de cada um, refor\u00e7ava Frei Laerte.<\/span><\/p>\n<p><img loading=\"lazy\" class=\"alignleft size-full wp-image-192052\" src=\"https:\/\/franciscanos.org.br\/noticias\/wp-content\/uploads\/2018\/12\/ermelindo_031218.jpg\" alt=\"\" width=\"890\" height=\"521\" srcset=\"https:\/\/franciscanos.org.br\/noticias\/wp-content\/uploads\/2018\/12\/ermelindo_031218.jpg 890w, https:\/\/franciscanos.org.br\/noticias\/wp-content\/uploads\/2018\/12\/ermelindo_031218-450x263.jpg 450w, https:\/\/franciscanos.org.br\/noticias\/wp-content\/uploads\/2018\/12\/ermelindo_031218-768x450.jpg 768w, https:\/\/franciscanos.org.br\/noticias\/wp-content\/uploads\/2018\/12\/ermelindo_031218-150x88.jpg 150w\" sizes=\"(max-width: 890px) 100vw, 890px\" \/><\/p>\n<p><span style=\"color: #000000;\">Sacerdote \u00e9 o outro Cristo, \u00e9 um instrumento de Deus e pela gra\u00e7a sacerdotal ele vive como outro Cristo. O pregador lembrava ao seu confrade para n\u00e3o esquecer as lindas palavras do ser\u00e1fico Pai S\u00e3o Francisco: \u201cConsiderai a vossa dignidade, irm\u00e3os sacerdotes, e sedes santos como Ele \u00e9 Santo\u201d. \u201cOs padres s\u00e3o os pais e pastores dos fi\u00e9is que lhes s\u00e3o confiados, eles redimem e geram os fi\u00e9is para a vida sobrenatural e eles os ressuscitam se eles se perderem\u201d, disse Frei Laerte, resumindo a sua mensagem a Frei Ermelindo com estes dois verbos: confiar e rezar.<\/span><\/p>\n<p><span style=\"color: #000000;\">Ap\u00f3s o momento da comunh\u00e3o, S\u00e3o Pedro, querendo tornar o ambiente mais festivo, resolveu \u201cabrir de tudo\u201d as torneiras do c\u00e9u de forma a aben\u00e7oar o seu povo. Mesmo com muita chuva, o povo permaneceu a\u00ed, animado. Momento muito festivo para o povo que acolhia seu filho. E ap\u00f3s o canto de a\u00e7\u00e3o de gra\u00e7as, a fam\u00edlia de Frei Ermelindo ofereceu ao rec\u00e9m-ordenado uma estola, um lecion\u00e1rio dominical e um missal romano para o seu of\u00edcio. Por sua vez, o neo-sacerdote agradeceu a todos quanto fizeram e contribu\u00edram para se tornasse naquilo que ele \u00e9 hoje, de modo particular, aos pais, \u00e0 comunidade paroquial, \u00e0 Ordem dos Frades Menores, especificamente \u00e0 Prov\u00edncia Franciscana da Imaculada Concei\u00e7\u00e3o do Brasil, na pessoa do seu Ministro Provincial, Frei C\u00e9sar K\u00fclkamp e \u00e0 Funda\u00e7\u00e3o M\u00e3e de Deus de Angola na pessoa do seu presidente, Frei Jos\u00e9 Ant\u00f4nio dos Santos.<\/span><\/p>\n","protected":false},"excerpt":{"rendered":"<p>Miss\u00e3o de Angola<\/p>\n","protected":false},"author":1,"featured_media":192051,"comment_status":"open","ping_status":"open","sticky":false,"template":"","format":"standard","meta":[],"categories":[1],"tags":[360,167],"acf":[],"yoast_head":"<!-- This site is optimized with the Yoast SEO plugin v19.2 - https:\/\/yoast.com\/wordpress\/plugins\/seo\/ -->\n<title>Frei Ermelindo celebra Primeira Missa em sua terra - Not\u00edcias - Franciscanos<\/title>\n<meta name=\"robots\" content=\"index, follow, max-snippet:-1, max-image-preview:large, max-video-preview:-1\" \/>\n<link rel=\"canonical\" href=\"https:\/\/franciscanos.org.br\/noticias\/frei-ermelindo-celebra-primeira-missa-em-sua-terra.html\" \/>\n<meta property=\"og:locale\" content=\"pt_BR\" \/>\n<meta property=\"og:type\" content=\"article\" \/>\n<meta property=\"og:title\" content=\"Frei Ermelindo celebra Primeira Missa em sua terra - Not\u00edcias - Franciscanos\" \/>\n<meta property=\"og:description\" content=\"Miss\u00e3o de Angola\" \/>\n<meta property=\"og:url\" content=\"https:\/\/franciscanos.org.br\/noticias\/frei-ermelindo-celebra-primeira-missa-em-sua-terra.html\" \/>\n<meta property=\"og:site_name\" content=\"Not\u00edcias - Franciscanos\" \/>\n<meta property=\"article:published_time\" content=\"2018-12-02T10:32:10+00:00\" \/>\n<meta property=\"article:modified_time\" content=\"2020-06-06T16:29:31+00:00\" \/>\n<meta property=\"og:image\" content=\"https:\/\/franciscanos.org.br\/noticias\/wp-content\/uploads\/2018\/12\/ermelindo_031218d.jpg\" \/>\n\t<meta property=\"og:image:width\" content=\"272\" \/>\n\t<meta property=\"og:image:height\" content=\"181\" \/>\n\t<meta property=\"og:image:type\" content=\"image\/jpeg\" \/>\n<meta name=\"author\" content=\"admin\" \/>\n<meta name=\"twitter:card\" content=\"summary_large_image\" \/>\n<meta name=\"twitter:label1\" content=\"Escrito por\" \/>\n\t<meta name=\"twitter:data1\" content=\"admin\" \/>\n\t<meta name=\"twitter:label2\" content=\"Est. tempo de leitura\" \/>\n\t<meta name=\"twitter:data2\" content=\"3 minutos\" \/>\n<script type=\"application\/ld+json\" class=\"yoast-schema-graph\">{\"@context\":\"https:\/\/schema.org\",\"@graph\":[{\"@type\":\"WebSite\",\"@id\":\"https:\/\/franciscanos.org.br\/noticias\/#website\",\"url\":\"https:\/\/franciscanos.org.br\/noticias\/\",\"name\":\"Not\u00edcias - Franciscanos\",\"description\":\"Prov\u00edncia Franciscana da Imaculada Concei\u00e7\u00e3o do Brasil - Ordem dos Frades Menores - OFM\",\"potentialAction\":[{\"@type\":\"SearchAction\",\"target\":{\"@type\":\"EntryPoint\",\"urlTemplate\":\"https:\/\/franciscanos.org.br\/noticias\/?s={search_term_string}\"},\"query-input\":\"required name=search_term_string\"}],\"inLanguage\":\"pt-BR\"},{\"@type\":\"ImageObject\",\"inLanguage\":\"pt-BR\",\"@id\":\"https:\/\/franciscanos.org.br\/noticias\/frei-ermelindo-celebra-primeira-missa-em-sua-terra.html#primaryimage\",\"url\":\"https:\/\/franciscanos.org.br\/noticias\/wp-content\/uploads\/2018\/12\/ermelindo_031218d.jpg\",\"contentUrl\":\"https:\/\/franciscanos.org.br\/noticias\/wp-content\/uploads\/2018\/12\/ermelindo_031218d.jpg\",\"width\":272,\"height\":181},{\"@type\":\"WebPage\",\"@id\":\"https:\/\/franciscanos.org.br\/noticias\/frei-ermelindo-celebra-primeira-missa-em-sua-terra.html#webpage\",\"url\":\"https:\/\/franciscanos.org.br\/noticias\/frei-ermelindo-celebra-primeira-missa-em-sua-terra.html\",\"name\":\"Frei Ermelindo celebra Primeira Missa em sua terra - Not\u00edcias - Franciscanos\",\"isPartOf\":{\"@id\":\"https:\/\/franciscanos.org.br\/noticias\/#website\"},\"primaryImageOfPage\":{\"@id\":\"https:\/\/franciscanos.org.br\/noticias\/frei-ermelindo-celebra-primeira-missa-em-sua-terra.html#primaryimage\"},\"datePublished\":\"2018-12-02T10:32:10+00:00\",\"dateModified\":\"2020-06-06T16:29:31+00:00\",\"author\":{\"@id\":\"https:\/\/franciscanos.org.br\/noticias\/#\/schema\/person\/b38fbf43118f02820bd932f2e4b14ad3\"},\"breadcrumb\":{\"@id\":\"https:\/\/franciscanos.org.br\/noticias\/frei-ermelindo-celebra-primeira-missa-em-sua-terra.html#breadcrumb\"},\"inLanguage\":\"pt-BR\",\"potentialAction\":[{\"@type\":\"ReadAction\",\"target\":[\"https:\/\/franciscanos.org.br\/noticias\/frei-ermelindo-celebra-primeira-missa-em-sua-terra.html\"]}]},{\"@type\":\"BreadcrumbList\",\"@id\":\"https:\/\/franciscanos.org.br\/noticias\/frei-ermelindo-celebra-primeira-missa-em-sua-terra.html#breadcrumb\",\"itemListElement\":[{\"@type\":\"ListItem\",\"position\":1,\"name\":\"Home\",\"item\":\"https:\/\/franciscanos.org.br\/noticias\"},{\"@type\":\"ListItem\",\"position\":2,\"name\":\"Frei Ermelindo celebra Primeira Missa em sua terra\"}]},{\"@type\":\"Person\",\"@id\":\"https:\/\/franciscanos.org.br\/noticias\/#\/schema\/person\/b38fbf43118f02820bd932f2e4b14ad3\",\"name\":\"admin\",\"image\":{\"@type\":\"ImageObject\",\"inLanguage\":\"pt-BR\",\"@id\":\"https:\/\/franciscanos.org.br\/noticias\/#\/schema\/person\/image\/\",\"url\":\"https:\/\/secure.gravatar.com\/avatar\/e8495742d34d0ba6448ea1c628263b3e?s=96&d=mm&r=g\",\"contentUrl\":\"https:\/\/secure.gravatar.com\/avatar\/e8495742d34d0ba6448ea1c628263b3e?s=96&d=mm&r=g\",\"caption\":\"admin\"},\"url\":\"https:\/\/franciscanos.org.br\/noticias\/author\/admin\"}]}<\/script>\n<!-- \/ Yoast SEO plugin. -->","yoast_head_json":{"title":"Frei Ermelindo celebra Primeira Missa em sua terra - Not\u00edcias - Franciscanos","robots":{"index":"index","follow":"follow","max-snippet":"max-snippet:-1","max-image-preview":"max-image-preview:large","max-video-preview":"max-video-preview:-1"},"canonical":"https:\/\/franciscanos.org.br\/noticias\/frei-ermelindo-celebra-primeira-missa-em-sua-terra.html","og_locale":"pt_BR","og_type":"article","og_title":"Frei Ermelindo celebra Primeira Missa em sua terra - Not\u00edcias - Franciscanos","og_description":"Miss\u00e3o de Angola","og_url":"https:\/\/franciscanos.org.br\/noticias\/frei-ermelindo-celebra-primeira-missa-em-sua-terra.html","og_site_name":"Not\u00edcias - Franciscanos","article_published_time":"2018-12-02T10:32:10+00:00","article_modified_time":"2020-06-06T16:29:31+00:00","og_image":[{"width":272,"height":181,"url":"https:\/\/franciscanos.org.br\/noticias\/wp-content\/uploads\/2018\/12\/ermelindo_031218d.jpg","type":"image\/jpeg"}],"author":"admin","twitter_card":"summary_large_image","twitter_misc":{"Escrito por":"admin","Est. tempo de leitura":"3 minutos"},"schema":{"@context":"https:\/\/schema.org","@graph":[{"@type":"WebSite","@id":"https:\/\/franciscanos.org.br\/noticias\/#website","url":"https:\/\/franciscanos.org.br\/noticias\/","name":"Not\u00edcias - Franciscanos","description":"Prov\u00edncia Franciscana da Imaculada Concei\u00e7\u00e3o do Brasil - Ordem dos Frades Menores - OFM","potentialAction":[{"@type":"SearchAction","target":{"@type":"EntryPoint","urlTemplate":"https:\/\/franciscanos.org.br\/noticias\/?s={search_term_string}"},"query-input":"required name=search_term_string"}],"inLanguage":"pt-BR"},{"@type":"ImageObject","inLanguage":"pt-BR","@id":"https:\/\/franciscanos.org.br\/noticias\/frei-ermelindo-celebra-primeira-missa-em-sua-terra.html#primaryimage","url":"https:\/\/franciscanos.org.br\/noticias\/wp-content\/uploads\/2018\/12\/ermelindo_031218d.jpg","contentUrl":"https:\/\/franciscanos.org.br\/noticias\/wp-content\/uploads\/2018\/12\/ermelindo_031218d.jpg","width":272,"height":181},{"@type":"WebPage","@id":"https:\/\/franciscanos.org.br\/noticias\/frei-ermelindo-celebra-primeira-missa-em-sua-terra.html#webpage","url":"https:\/\/franciscanos.org.br\/noticias\/frei-ermelindo-celebra-primeira-missa-em-sua-terra.html","name":"Frei Ermelindo celebra Primeira Missa em sua terra - Not\u00edcias - Franciscanos","isPartOf":{"@id":"https:\/\/franciscanos.org.br\/noticias\/#website"},"primaryImageOfPage":{"@id":"https:\/\/franciscanos.org.br\/noticias\/frei-ermelindo-celebra-primeira-missa-em-sua-terra.html#primaryimage"},"datePublished":"2018-12-02T10:32:10+00:00","dateModified":"2020-06-06T16:29:31+00:00","author":{"@id":"https:\/\/franciscanos.org.br\/noticias\/#\/schema\/person\/b38fbf43118f02820bd932f2e4b14ad3"},"breadcrumb":{"@id":"https:\/\/franciscanos.org.br\/noticias\/frei-ermelindo-celebra-primeira-missa-em-sua-terra.html#breadcrumb"},"inLanguage":"pt-BR","potentialAction":[{"@type":"ReadAction","target":["https:\/\/franciscanos.org.br\/noticias\/frei-ermelindo-celebra-primeira-missa-em-sua-terra.html"]}]},{"@type":"BreadcrumbList","@id":"https:\/\/franciscanos.org.br\/noticias\/frei-ermelindo-celebra-primeira-missa-em-sua-terra.html#breadcrumb","itemListElement":[{"@type":"ListItem","position":1,"name":"Home","item":"https:\/\/franciscanos.org.br\/noticias"},{"@type":"ListItem","position":2,"name":"Frei Ermelindo celebra Primeira Missa em sua terra"}]},{"@type":"Person","@id":"https:\/\/franciscanos.org.br\/noticias\/#\/schema\/person\/b38fbf43118f02820bd932f2e4b14ad3","name":"admin","image":{"@type":"ImageObject","inLanguage":"pt-BR","@id":"https:\/\/franciscanos.org.br\/noticias\/#\/schema\/person\/image\/","url":"https:\/\/secure.gravatar.com\/avatar\/e8495742d34d0ba6448ea1c628263b3e?s=96&d=mm&r=g","contentUrl":"https:\/\/secure.gravatar.com\/avatar\/e8495742d34d0ba6448ea1c628263b3e?s=96&d=mm&r=g","caption":"admin"},"url":"https:\/\/franciscanos.org.br\/noticias\/author\/admin"}]}},"_links":{"self":[{"href":"https:\/\/franciscanos.org.br\/noticias\/wp-json\/wp\/v2\/posts\/192050"}],"collection":[{"href":"https:\/\/franciscanos.org.br\/noticias\/wp-json\/wp\/v2\/posts"}],"about":[{"href":"https:\/\/franciscanos.org.br\/noticias\/wp-json\/wp\/v2\/types\/post"}],"author":[{"embeddable":true,"href":"https:\/\/franciscanos.org.br\/noticias\/wp-json\/wp\/v2\/users\/1"}],"replies":[{"embeddable":true,"href":"https:\/\/franciscanos.org.br\/noticias\/wp-json\/wp\/v2\/comments?post=192050"}],"version-history":[{"count":1,"href":"https:\/\/franciscanos.org.br\/noticias\/wp-json\/wp\/v2\/posts\/192050\/revisions"}],"predecessor-version":[{"id":224637,"href":"https:\/\/franciscanos.org.br\/noticias\/wp-json\/wp\/v2\/posts\/192050\/revisions\/224637"}],"wp:featuredmedia":[{"embeddable":true,"href":"https:\/\/franciscanos.org.br\/noticias\/wp-json\/wp\/v2\/media\/192051"}],"wp:attachment":[{"href":"https:\/\/franciscanos.org.br\/noticias\/wp-json\/wp\/v2\/media?parent=192050"}],"wp:term":[{"taxonomy":"category","embeddable":true,"href":"https:\/\/franciscanos.org.br\/noticias\/wp-json\/wp\/v2\/categories?post=192050"},{"taxonomy":"post_tag","embeddable":true,"href":"https:\/\/franciscanos.org.br\/noticias\/wp-json\/wp\/v2\/tags?post=192050"}],"curies":[{"name":"wp","href":"https:\/\/api.w.org\/{rel}","templated":true}]}}