{"id":192044,"date":"2018-12-01T10:55:17","date_gmt":"2018-12-01T12:55:17","guid":{"rendered":"https:\/\/franciscanos.org.br\/noticias\/?p=192044"},"modified":"2020-06-06T15:32:14","modified_gmt":"2020-06-06T18:32:14","slug":"natal-nao-e-somente-pensar-no-que-posso-comprar","status":"publish","type":"post","link":"https:\/\/franciscanos.org.br\/noticias\/natal-nao-e-somente-pensar-no-que-posso-comprar.html","title":{"rendered":"&#8220;Natal n\u00e3o \u00e9 somente pensar no que posso comprar&#8221;"},"content":{"rendered":"<p><img loading=\"lazy\" class=\"alignnone size-full wp-image-192045\" src=\"https:\/\/franciscanos.org.br\/noticias\/wp-content\/uploads\/2018\/12\/papa_021218.jpg\" alt=\"\" width=\"890\" height=\"507\" srcset=\"https:\/\/franciscanos.org.br\/noticias\/wp-content\/uploads\/2018\/12\/papa_021218.jpg 890w, https:\/\/franciscanos.org.br\/noticias\/wp-content\/uploads\/2018\/12\/papa_021218-450x256.jpg 450w, https:\/\/franciscanos.org.br\/noticias\/wp-content\/uploads\/2018\/12\/papa_021218-768x438.jpg 768w, https:\/\/franciscanos.org.br\/noticias\/wp-content\/uploads\/2018\/12\/papa_021218-150x85.jpg 150w\" sizes=\"(max-width: 890px) 100vw, 890px\" \/><\/p>\n<p><strong>Cidade do Vaticano<\/strong> &#8211; Vigiar e orar: o Papa Francisco indicou estas atitudes, recomendadas por Jesus e expressas no Evangelho de Lucas, como o caminho, neste in\u00edcio de Advento, para \u201csairmos de um modo de vida resignado e habitual e alimentar esperan\u00e7as e sonhos para um novo futuro, com a vinda de Deus\u201d.<\/p>\n<p>Falando de sua sacada na Pra\u00e7a S\u00e3o Pedro neste primeiro domingo de Advento (02\/12), diante de milhares de pessoas, o Pont\u00edfice iniciou sua reflex\u00e3o lembrando que no Advento, n\u00e3o vivemos apenas a espera do Natal; pois &#8220;Natal n\u00e3o \u00e9 somente pensar no que posso comprar&#8221;.<\/p>\n<p>O Evangelho deste domingo nos adverte contra a opress\u00e3o de um estilo de vida egoc\u00eantrico e dos ritmos convulsivos de nosso cotidiano: \u201cO Advento nos convida a um compromisso de vigil\u00e2ncia, a olhar para fora de n\u00f3s mesmos, ampliando nossa mente e nosso cora\u00e7\u00e3o para nos abrirmos \u00e0s necessidades de nossos irm\u00e3os e ao desejo de um novo mundo. \u00c9 o desejo de tantos povos martirizados pela fome, pela injusti\u00e7a e pela guerra; \u00e9 o desejo dos pobres, dos mais fr\u00e1geis e abandonados&#8221;, frisou o Papa, lembrando: \u201cEste tempo \u00e9 apropriado para abrir nossos cora\u00e7\u00f5es, para nos questionarmos concretamente sobre como e para quem dedicamos nossas vidas\u201d.<\/p>\n<p>A segunda atitude para viver bem o tempo da espera pelo Senhor \u00e9 a ora\u00e7\u00e3o: trata-se de levantar e rezar, voltando nossos pensamentos e nossos cora\u00e7\u00f5es para Jesus que est\u00e1 para vir.<\/p>\n<p>Mas qual \u00e9 o horizonte da nossa espera em ora\u00e7\u00e3o? Como o profeta Jeremias, que fala ao povo severamente sofrido pelo ex\u00edlio e que teme perder sua identidade, n\u00f3s crist\u00e3os tamb\u00e9m corremos o risco de nos mundanizar e at\u00e9 mesmo &#8220;paganizar&#8221; o estilo crist\u00e3o. Por isso, precisamos da Palavra de Deus.<\/p>\n<p>Antes de rezar com todos a ora\u00e7\u00e3o mariana do Angelus, Francisco disse ainda:<br \/>\n\u201cQue a Virgem Maria, mulher da espera e da ora\u00e7\u00e3o, nos ajude a fortalecer nossa esperan\u00e7a nas promessas de seu Filho Jesus, para nos fazer sentir que, atrav\u00e9s das afli\u00e7\u00f5es da hist\u00f3ria, Deus permanece fiel e utiliza tamb\u00e9m os erros humanos para nos demonstrar sua miseric\u00f3rdia\u201d.<\/p>\n<p>CAMPANHA PELA S\u00cdRIA<\/p>\n<p>Ap\u00f3s rezar a ora\u00e7\u00e3o mariana do Angelus com o povo de Deus na Pra\u00e7a S\u00e3o Pedro, o Papa Francisco anunciou sua ades\u00e3o \u00e0 campanha natalina de ora\u00e7\u00e3o, ajuda e solidariedade promovida pela Funda\u00e7\u00e3o Pontif\u00edcia &#8220;Ajuda \u00e0 Igreja que Sofre&#8221;. A iniciativa \u00e9 intitulada \u201cVelas pela Paz na S\u00edria\u201d.<\/p>\n<p>\u201c O Advento \u00e9 um tempo de esperan\u00e7a. Neste momento, gostaria de fazer minha a esperan\u00e7a de paz das crian\u00e7as da S\u00edria, pa\u00eds martirizado por uma guerra que dura h\u00e1 oito anos. Por isso, acenderei agora uma vela, unindo-me a muitas crian\u00e7as s\u00edrias e muitos fi\u00e9is no mundo que hoje tamb\u00e9m acendem velas \u201d<\/p>\n<p>\u201cQue estas chamas de esperan\u00e7a dispersem as trevas da guerra! Rezemos e ajudemos os crist\u00e3os a permanecer na S\u00edria e no Oriente M\u00e9dio como testemunhas de miseric\u00f3rdia, perd\u00e3o e reconcilia\u00e7\u00e3o. Que a chama da esperan\u00e7a tamb\u00e9m chegue a todos aqueles que sofrem nestes dias conflitos e tens\u00f5es em v\u00e1rias outras partes do mundo, pr\u00f3ximas e distantes. Que a ora\u00e7\u00e3o da Igreja os ajude a sentir a proximidade do Deus fiel e toque cada consci\u00eancia por um compromisso sincero com a paz\u201d, clamou o Papa.<\/p>\n<p>Antes de deixar a sacada, Francisco desejou a todos um bom domingo e um bom caminho de Advento, pedindo tamb\u00e9m que n\u00e3o nos esque\u00e7amos de rezar por ele.<\/p>\n<h2><strong>Mais de 40 milh\u00f5es de escravos no mundo<\/strong><\/h2>\n<p>Quase 70 anos ap\u00f3s a aprova\u00e7\u00e3o da Conven\u00e7\u00e3o da ONU (02 de dezembro de 1949) sobre a elimina\u00e7\u00e3o do tr\u00e1fico de pessoas e a explora\u00e7\u00e3o da prostitui\u00e7\u00e3o, a dimens\u00e3o desta chaga ainda \u00e9 dram\u00e1tica: 40,3 milh\u00f5es de escravos modernos for\u00e7ados a trabalhar ou a prostituir-se, num volume anual de neg\u00f3cios de US$ 354 bilh\u00f5es. N\u00fameros que crescem e se alimentam por causa de regimes ditatoriais, guerras e fome, e do com\u00e9rcio global. De fato, muitos dos produtos que compramos e usamos no dia a dia, de smartphones a cosm\u00e9ticos e roupas, s\u00e3o fabricados por homens, mulheres e crian\u00e7as for\u00e7ados a trabalhar sob a amea\u00e7a da viol\u00eancia e, acima de tudo, em condi\u00e7\u00f5es desumanas.<\/p>\n<p><strong>Um fen\u00f4meno com formas sempre novas<\/strong><br \/>\nO Global Slavery Index 2018 (GSI2018), desenvolvido pela forte colabora\u00e7\u00e3o entre o Passeio Free Foundation, a Organiza\u00e7\u00e3o Internacional do Trabalho (OIT) e a Organiza\u00e7\u00e3o Internacional para as Migra\u00e7\u00f5es (OIM), desenha um cen\u00e1rio que envolve constantemente a mesma categorias de pessoas: os pobres, os desempregados, migrantes, mulheres vendidas como prostitutas ou for\u00e7adas a casamentos for\u00e7ados. Enquanto todos os anos, recruta formas diferentes e sutis de escravid\u00e3o.<\/p>\n<p><strong>Mulheres escravas<\/strong><br \/>\nDe acordo com os dados de 2016, mais de 70% das pessoas na escravid\u00e3o s\u00e3o mulheres e meninas, enquanto nos \u00faltimos cinco anos, 89 milh\u00f5es de pessoas experimentaram alguma forma de escravid\u00e3o moderna por per\u00edodos de tempo que variam de alguns dias a todo o per\u00edodo considerado. Esses n\u00fameros s\u00e3o subestimados porque se referem aos dados dispon\u00edveis, mas existem muitas lacunas devido \u00e0 dificuldade de encontrar informa\u00e7\u00f5es confi\u00e1veis em regi\u00f5es importantes como o Oriente M\u00e9dio e os pa\u00edses \u00e1rabes. Lacunas que exluem do relat\u00f3rio formas cr\u00edticas de escravid\u00e3o moderna, como o recrutamento de crian\u00e7as por grupos armados e o tr\u00e1fico de \u00f3rg\u00e3os.<\/p>\n<p><strong>Pa\u00edses com mais escravos<\/strong><br \/>\nA escravid\u00e3o, como sabido, \u00e9 alimentada por guerras e regimes totalit\u00e1rios, e por esse motivo o pa\u00eds com mais escravos no mundo parece ser a Coreia do Norte: aqui uma pessoa em cada 10 vive na escravid\u00e3o, for\u00e7ada pelo Estado a trabalhar para o &#8220;bem da P\u00e1tria&#8221;. Em seguida, v\u00eam Eritreia, Burundi, Rep\u00fablica Centro-Africana; e depois Afeganist\u00e3o, Maurit\u00e2nia, Sud\u00e3o do Sul, Paquist\u00e3o, Camboja e Ir\u00e3. A escravid\u00e3o n\u00e3o poupa pa\u00edses ricos como os Estados Unidos, Austr\u00e1lia, Reino Unido, Fran\u00e7a, Alemanha, Holanda e muitos outros pa\u00edses europeus, incluindo a It\u00e1lia, onde o solo f\u00e9rtil para a escravid\u00e3o acaba por ser o com\u00e9rcio e os fluxos migrat\u00f3rios.<\/p>\n<hr \/>\n<p><em>Fonte: Vatican News<\/em><\/p>\n","protected":false},"excerpt":{"rendered":"<p>Angelus<\/p>\n","protected":false},"author":3,"featured_media":192046,"comment_status":"open","ping_status":"open","sticky":false,"template":"","format":"standard","meta":[],"categories":[1428],"tags":[403],"acf":[],"yoast_head":"<!-- This site is optimized with the Yoast SEO plugin v19.2 - https:\/\/yoast.com\/wordpress\/plugins\/seo\/ -->\n<title>&quot;Natal n\u00e3o \u00e9 somente pensar no que posso comprar&quot; - Not\u00edcias - Franciscanos<\/title>\n<meta name=\"robots\" content=\"index, follow, max-snippet:-1, max-image-preview:large, max-video-preview:-1\" \/>\n<link rel=\"canonical\" href=\"https:\/\/franciscanos.org.br\/noticias\/natal-nao-e-somente-pensar-no-que-posso-comprar.html\" \/>\n<meta property=\"og:locale\" content=\"pt_BR\" \/>\n<meta property=\"og:type\" content=\"article\" \/>\n<meta property=\"og:title\" content=\"&quot;Natal n\u00e3o \u00e9 somente pensar no que posso comprar&quot; - Not\u00edcias - Franciscanos\" \/>\n<meta property=\"og:description\" content=\"Angelus\" \/>\n<meta property=\"og:url\" content=\"https:\/\/franciscanos.org.br\/noticias\/natal-nao-e-somente-pensar-no-que-posso-comprar.html\" \/>\n<meta property=\"og:site_name\" content=\"Not\u00edcias - Franciscanos\" \/>\n<meta property=\"article:published_time\" content=\"2018-12-01T12:55:17+00:00\" \/>\n<meta property=\"article:modified_time\" content=\"2020-06-06T18:32:14+00:00\" \/>\n<meta property=\"og:image\" content=\"https:\/\/franciscanos.org.br\/noticias\/wp-content\/uploads\/2018\/12\/papa_021218p.jpg\" \/>\n\t<meta property=\"og:image:width\" content=\"272\" \/>\n\t<meta property=\"og:image:height\" content=\"181\" \/>\n\t<meta property=\"og:image:type\" content=\"image\/jpeg\" \/>\n<meta name=\"author\" content=\"moacir\" \/>\n<meta name=\"twitter:card\" content=\"summary_large_image\" \/>\n<meta name=\"twitter:label1\" content=\"Escrito por\" \/>\n\t<meta name=\"twitter:data1\" content=\"moacir\" \/>\n\t<meta name=\"twitter:label2\" content=\"Est. tempo de leitura\" \/>\n\t<meta name=\"twitter:data2\" content=\"5 minutos\" \/>\n<script type=\"application\/ld+json\" class=\"yoast-schema-graph\">{\"@context\":\"https:\/\/schema.org\",\"@graph\":[{\"@type\":\"WebSite\",\"@id\":\"https:\/\/franciscanos.org.br\/noticias\/#website\",\"url\":\"https:\/\/franciscanos.org.br\/noticias\/\",\"name\":\"Not\u00edcias - Franciscanos\",\"description\":\"Prov\u00edncia Franciscana da Imaculada Concei\u00e7\u00e3o do Brasil - Ordem dos Frades Menores - OFM\",\"potentialAction\":[{\"@type\":\"SearchAction\",\"target\":{\"@type\":\"EntryPoint\",\"urlTemplate\":\"https:\/\/franciscanos.org.br\/noticias\/?s={search_term_string}\"},\"query-input\":\"required name=search_term_string\"}],\"inLanguage\":\"pt-BR\"},{\"@type\":\"ImageObject\",\"inLanguage\":\"pt-BR\",\"@id\":\"https:\/\/franciscanos.org.br\/noticias\/natal-nao-e-somente-pensar-no-que-posso-comprar.html#primaryimage\",\"url\":\"https:\/\/franciscanos.org.br\/noticias\/wp-content\/uploads\/2018\/12\/papa_021218p.jpg\",\"contentUrl\":\"https:\/\/franciscanos.org.br\/noticias\/wp-content\/uploads\/2018\/12\/papa_021218p.jpg\",\"width\":272,\"height\":181},{\"@type\":\"WebPage\",\"@id\":\"https:\/\/franciscanos.org.br\/noticias\/natal-nao-e-somente-pensar-no-que-posso-comprar.html#webpage\",\"url\":\"https:\/\/franciscanos.org.br\/noticias\/natal-nao-e-somente-pensar-no-que-posso-comprar.html\",\"name\":\"\\\"Natal n\u00e3o \u00e9 somente pensar no que posso comprar\\\" - Not\u00edcias - Franciscanos\",\"isPartOf\":{\"@id\":\"https:\/\/franciscanos.org.br\/noticias\/#website\"},\"primaryImageOfPage\":{\"@id\":\"https:\/\/franciscanos.org.br\/noticias\/natal-nao-e-somente-pensar-no-que-posso-comprar.html#primaryimage\"},\"datePublished\":\"2018-12-01T12:55:17+00:00\",\"dateModified\":\"2020-06-06T18:32:14+00:00\",\"author\":{\"@id\":\"https:\/\/franciscanos.org.br\/noticias\/#\/schema\/person\/b5c8cba458c330ccff548b056e95a5d4\"},\"breadcrumb\":{\"@id\":\"https:\/\/franciscanos.org.br\/noticias\/natal-nao-e-somente-pensar-no-que-posso-comprar.html#breadcrumb\"},\"inLanguage\":\"pt-BR\",\"potentialAction\":[{\"@type\":\"ReadAction\",\"target\":[\"https:\/\/franciscanos.org.br\/noticias\/natal-nao-e-somente-pensar-no-que-posso-comprar.html\"]}]},{\"@type\":\"BreadcrumbList\",\"@id\":\"https:\/\/franciscanos.org.br\/noticias\/natal-nao-e-somente-pensar-no-que-posso-comprar.html#breadcrumb\",\"itemListElement\":[{\"@type\":\"ListItem\",\"position\":1,\"name\":\"Home\",\"item\":\"https:\/\/franciscanos.org.br\/noticias\"},{\"@type\":\"ListItem\",\"position\":2,\"name\":\"&#8220;Natal n\u00e3o \u00e9 somente pensar no que posso comprar&#8221;\"}]},{\"@type\":\"Person\",\"@id\":\"https:\/\/franciscanos.org.br\/noticias\/#\/schema\/person\/b5c8cba458c330ccff548b056e95a5d4\",\"name\":\"moacir\",\"image\":{\"@type\":\"ImageObject\",\"inLanguage\":\"pt-BR\",\"@id\":\"https:\/\/franciscanos.org.br\/noticias\/#\/schema\/person\/image\/\",\"url\":\"https:\/\/secure.gravatar.com\/avatar\/d08aa2ce4c8dd416d4479aa8536fcf64?s=96&d=mm&r=g\",\"contentUrl\":\"https:\/\/secure.gravatar.com\/avatar\/d08aa2ce4c8dd416d4479aa8536fcf64?s=96&d=mm&r=g\",\"caption\":\"moacir\"},\"url\":\"https:\/\/franciscanos.org.br\/noticias\/author\/moacir\"}]}<\/script>\n<!-- \/ Yoast SEO plugin. -->","yoast_head_json":{"title":"\"Natal n\u00e3o \u00e9 somente pensar no que posso comprar\" - Not\u00edcias - Franciscanos","robots":{"index":"index","follow":"follow","max-snippet":"max-snippet:-1","max-image-preview":"max-image-preview:large","max-video-preview":"max-video-preview:-1"},"canonical":"https:\/\/franciscanos.org.br\/noticias\/natal-nao-e-somente-pensar-no-que-posso-comprar.html","og_locale":"pt_BR","og_type":"article","og_title":"\"Natal n\u00e3o \u00e9 somente pensar no que posso comprar\" - Not\u00edcias - Franciscanos","og_description":"Angelus","og_url":"https:\/\/franciscanos.org.br\/noticias\/natal-nao-e-somente-pensar-no-que-posso-comprar.html","og_site_name":"Not\u00edcias - Franciscanos","article_published_time":"2018-12-01T12:55:17+00:00","article_modified_time":"2020-06-06T18:32:14+00:00","og_image":[{"width":272,"height":181,"url":"https:\/\/franciscanos.org.br\/noticias\/wp-content\/uploads\/2018\/12\/papa_021218p.jpg","type":"image\/jpeg"}],"author":"moacir","twitter_card":"summary_large_image","twitter_misc":{"Escrito por":"moacir","Est. tempo de leitura":"5 minutos"},"schema":{"@context":"https:\/\/schema.org","@graph":[{"@type":"WebSite","@id":"https:\/\/franciscanos.org.br\/noticias\/#website","url":"https:\/\/franciscanos.org.br\/noticias\/","name":"Not\u00edcias - Franciscanos","description":"Prov\u00edncia Franciscana da Imaculada Concei\u00e7\u00e3o do Brasil - Ordem dos Frades Menores - OFM","potentialAction":[{"@type":"SearchAction","target":{"@type":"EntryPoint","urlTemplate":"https:\/\/franciscanos.org.br\/noticias\/?s={search_term_string}"},"query-input":"required name=search_term_string"}],"inLanguage":"pt-BR"},{"@type":"ImageObject","inLanguage":"pt-BR","@id":"https:\/\/franciscanos.org.br\/noticias\/natal-nao-e-somente-pensar-no-que-posso-comprar.html#primaryimage","url":"https:\/\/franciscanos.org.br\/noticias\/wp-content\/uploads\/2018\/12\/papa_021218p.jpg","contentUrl":"https:\/\/franciscanos.org.br\/noticias\/wp-content\/uploads\/2018\/12\/papa_021218p.jpg","width":272,"height":181},{"@type":"WebPage","@id":"https:\/\/franciscanos.org.br\/noticias\/natal-nao-e-somente-pensar-no-que-posso-comprar.html#webpage","url":"https:\/\/franciscanos.org.br\/noticias\/natal-nao-e-somente-pensar-no-que-posso-comprar.html","name":"\"Natal n\u00e3o \u00e9 somente pensar no que posso comprar\" - Not\u00edcias - Franciscanos","isPartOf":{"@id":"https:\/\/franciscanos.org.br\/noticias\/#website"},"primaryImageOfPage":{"@id":"https:\/\/franciscanos.org.br\/noticias\/natal-nao-e-somente-pensar-no-que-posso-comprar.html#primaryimage"},"datePublished":"2018-12-01T12:55:17+00:00","dateModified":"2020-06-06T18:32:14+00:00","author":{"@id":"https:\/\/franciscanos.org.br\/noticias\/#\/schema\/person\/b5c8cba458c330ccff548b056e95a5d4"},"breadcrumb":{"@id":"https:\/\/franciscanos.org.br\/noticias\/natal-nao-e-somente-pensar-no-que-posso-comprar.html#breadcrumb"},"inLanguage":"pt-BR","potentialAction":[{"@type":"ReadAction","target":["https:\/\/franciscanos.org.br\/noticias\/natal-nao-e-somente-pensar-no-que-posso-comprar.html"]}]},{"@type":"BreadcrumbList","@id":"https:\/\/franciscanos.org.br\/noticias\/natal-nao-e-somente-pensar-no-que-posso-comprar.html#breadcrumb","itemListElement":[{"@type":"ListItem","position":1,"name":"Home","item":"https:\/\/franciscanos.org.br\/noticias"},{"@type":"ListItem","position":2,"name":"&#8220;Natal n\u00e3o \u00e9 somente pensar no que posso comprar&#8221;"}]},{"@type":"Person","@id":"https:\/\/franciscanos.org.br\/noticias\/#\/schema\/person\/b5c8cba458c330ccff548b056e95a5d4","name":"moacir","image":{"@type":"ImageObject","inLanguage":"pt-BR","@id":"https:\/\/franciscanos.org.br\/noticias\/#\/schema\/person\/image\/","url":"https:\/\/secure.gravatar.com\/avatar\/d08aa2ce4c8dd416d4479aa8536fcf64?s=96&d=mm&r=g","contentUrl":"https:\/\/secure.gravatar.com\/avatar\/d08aa2ce4c8dd416d4479aa8536fcf64?s=96&d=mm&r=g","caption":"moacir"},"url":"https:\/\/franciscanos.org.br\/noticias\/author\/moacir"}]}},"_links":{"self":[{"href":"https:\/\/franciscanos.org.br\/noticias\/wp-json\/wp\/v2\/posts\/192044"}],"collection":[{"href":"https:\/\/franciscanos.org.br\/noticias\/wp-json\/wp\/v2\/posts"}],"about":[{"href":"https:\/\/franciscanos.org.br\/noticias\/wp-json\/wp\/v2\/types\/post"}],"author":[{"embeddable":true,"href":"https:\/\/franciscanos.org.br\/noticias\/wp-json\/wp\/v2\/users\/3"}],"replies":[{"embeddable":true,"href":"https:\/\/franciscanos.org.br\/noticias\/wp-json\/wp\/v2\/comments?post=192044"}],"version-history":[{"count":1,"href":"https:\/\/franciscanos.org.br\/noticias\/wp-json\/wp\/v2\/posts\/192044\/revisions"}],"predecessor-version":[{"id":224642,"href":"https:\/\/franciscanos.org.br\/noticias\/wp-json\/wp\/v2\/posts\/192044\/revisions\/224642"}],"wp:featuredmedia":[{"embeddable":true,"href":"https:\/\/franciscanos.org.br\/noticias\/wp-json\/wp\/v2\/media\/192046"}],"wp:attachment":[{"href":"https:\/\/franciscanos.org.br\/noticias\/wp-json\/wp\/v2\/media?parent=192044"}],"wp:term":[{"taxonomy":"category","embeddable":true,"href":"https:\/\/franciscanos.org.br\/noticias\/wp-json\/wp\/v2\/categories?post=192044"},{"taxonomy":"post_tag","embeddable":true,"href":"https:\/\/franciscanos.org.br\/noticias\/wp-json\/wp\/v2\/tags?post=192044"}],"curies":[{"name":"wp","href":"https:\/\/api.w.org\/{rel}","templated":true}]}}