{"id":191972,"date":"2018-11-30T09:33:53","date_gmt":"2018-11-30T11:33:53","guid":{"rendered":"https:\/\/franciscanos.org.br\/noticias\/?p=191972"},"modified":"2020-06-06T15:35:57","modified_gmt":"2020-06-06T18:35:57","slug":"santa-marta-anunciar-cristo-nao-e-marketing","status":"publish","type":"post","link":"https:\/\/franciscanos.org.br\/noticias\/santa-marta-anunciar-cristo-nao-e-marketing.html","title":{"rendered":"Papa:  Anunciar Cristo n\u00e3o \u00e9 marketing"},"content":{"rendered":"<p><strong><img loading=\"lazy\" class=\"alignleft size-full wp-image-191973\" src=\"https:\/\/franciscanos.org.br\/noticias\/wp-content\/uploads\/2018\/11\/marta_301118-980.jpg\" alt=\"\" width=\"980\" height=\"549\" srcset=\"https:\/\/franciscanos.org.br\/noticias\/wp-content\/uploads\/2018\/11\/marta_301118-980.jpg 980w, https:\/\/franciscanos.org.br\/noticias\/wp-content\/uploads\/2018\/11\/marta_301118-980-450x252.jpg 450w, https:\/\/franciscanos.org.br\/noticias\/wp-content\/uploads\/2018\/11\/marta_301118-980-768x430.jpg 768w, https:\/\/franciscanos.org.br\/noticias\/wp-content\/uploads\/2018\/11\/marta_301118-980-150x84.jpg 150w\" sizes=\"(max-width: 980px) 100vw, 980px\" \/>Cidade do Vaticano<\/strong> &#8211; Na festa de Santo Andr\u00e9 (30\/11), o Papa Francisco celebrou a missa na capela da Casa Santa Marta, convidando os fi\u00e9is a estarem &#8220;pr\u00f3ximos da Igreja de Constantinopla&#8221;, a Igreja de Andr\u00e9, rezando \u201cpela unidade das Igrejas\u201d.<\/p>\n<p>Na homilia, o Pont\u00edfice exortou a deixar de lado \u201caquela atitude, o pecado, o v\u00edcio\u201d que cada um de n\u00f3s tem \u201cdentro\u201d de si, para ser \u201cmais coerente\u201d e anunciar Jesus de modo que as pessoas creiam com o nosso testemunho.<\/p>\n<p>Refletindo sobre a Primeira Leitura, em que S\u00e3o Paulo explica como a f\u00e9 prov\u00e9m da escuta e a escuta diz respeito \u00e0 Palavra de Cristo, o Papa recordou como \u00e9 \u201cimportante o an\u00fancio do Evangelho\u201d, o an\u00fancio de que \u201cCristo nos salvou, de que Cristo morreu e ressuscitou por n\u00f3s\u201d. De fato, o an\u00fancio de Jesus Cristo n\u00e3o \u00e9 levar &#8220;uma simples not\u00edcia\u201d, mas \u201ca \u00fanica grande Boa Not\u00edcia\u201d. Francisco explicou ent\u00e3o o que significa o an\u00fancio:<\/p>\n<p>&#8220;N\u00e3o \u00e9 um trabalho de publicidade, fazer propaganda para uma pessoa muito boa, que fez o bem, curou tantas pessoas e nos ensinou coisas belas. N\u00e3o, n\u00e3o \u00e9 publicidade. Tampouco \u00e9 fazer proselitismo. Se algu\u00e9m vai falar de Jesus Cristo, pregar Jesus Cristo para fazer proselitismo, n\u00e3o, isso n\u00e3o \u00e9 an\u00fancio de Cristo: isso \u00e9 um trabalho, de pregador, feito com a l\u00f3gica do marketing. Que \u00e9 o an\u00fancio de Cristo? N\u00e3o \u00e9 nem proselitismo nem propaganda nem marketing: vai al\u00e9m. Como \u00e9 poss\u00edvel compreender isso? \u00c9 antes de tudo ser enviado.<\/p>\n<p>Portanto, ser enviado \u201c\u00e0 miss\u00e3o\u201d, fazendo entrar \u201cem jogo a pr\u00f3pria vida\u201d. O ap\u00f3stolo, o enviado que \u201cleva o an\u00fancio de Jesus Cristo\u201d, explicou Francisco, \u201co faz com a condi\u00e7\u00e3o de que coloque em jogo a pr\u00f3pria vida, o pr\u00f3prio tempo, os pr\u00f3prios interesses, a pr\u00f3pria carne\u201d. O Papa citou um ditado argentino, que implica \u201ccolocar a pr\u00f3pria carne sobre o fogo\u201d, isto \u00e9, colocar-se em jogo.<\/p>\n<p>Esta viagem, de ir ao an\u00fancio, arriscando a vida, porque jogo a minha vida, a minha carne \u2013 esta viagem \u2013 tem somente passagem de ida, n\u00e3o de volta. Voltar \u00e9 apostasia. Anunciar Jesus Cristo com o testemunho. Testemunhar significa colocar em jogo a pr\u00f3pria vida. Fa\u00e7o aquilo que digo.<\/p>\n<p><strong>Os m\u00e1rtires experimentam o verdadeiro an\u00fancio<\/strong><\/p>\n<p>A palavra, \u201cpara ser an\u00fancio\u201d, deve ser testemunho, reiterou Francisco, que fala de \u201cesc\u00e2ndalo\u201d a prop\u00f3sito dos crist\u00e3os que dizem s\u00ea-lo e depois vivem \u201ccomo pag\u00e3os, como descrentes\u201d, como se n\u00e3o tivessem \u201cf\u00e9\u201d.<\/p>\n<p>O Papa ent\u00e3o convida \u00e0 \u201ccoer\u00eancia entre a palavra e a pr\u00f3pria vida: isso \u2013 evidenciou \u2013 se chama testemunho\u201d. O ap\u00f3stolo, o anunciador, \u201caquele que leva a Palavra de Deus, \u00e9 uma testemunha\u201d, que coloca em jogo a pr\u00f3pria vida \u201cat\u00e9 o fim\u201d, e \u00e9 \u201ctamb\u00e9m um m\u00e1rtir\u201d. De outro lado, foi Deus Pai que para &#8220;fazer-se conhecer&#8221; enviou \u201cseu Filho em carne, arriscando a pr\u00f3pria vida\u201d. Um fato que \u201cescandalizava assim tanto e continua a escandalizar\u201d, porque Deus se fez \u201cum de n\u00f3s\u201d, numa viagem \u201ccom passagem somente de ida\u201d.<\/p>\n<p>O diabo tentou convenc\u00ea-lo a tomar outra estrada, e Ele n\u00e3o quis, fez a vontade do Pai at\u00e9 o fim. E an\u00fancio Dele deve ir para a mesma estrada: o testemunho, porque Ele foi a testemunha do Pai feito carne. E n\u00f3s devemos fazer-nos carne, isto \u00e9, fazer-nos testemunhas: fazer, fazer aquilo que dizemos. E isso \u00e9 o an\u00fancio de Cristo. Os m\u00e1rtires s\u00e3o aqueles que [demonstram] que o an\u00fancio foi verdadeiro. Homens e mulheres que deram a vida \u2013 os ap\u00f3stolos deram a vida \u2013 com o sangue; mas tamb\u00e9m tantos homens e mulheres escondidos na nossa sociedade e nas nossas fam\u00edlias, que d\u00e3o testemunho todos os dias, em sil\u00eancio, de Jesus Cristo, mas com a pr\u00f3pria vida, com aquela coer\u00eancia de fazer aquilo que dizem.<\/p>\n<p><strong>Um an\u00fancio frutuoso<\/strong><\/p>\n<p>O Papa recordou que todos n\u00f3s, com o Batismo, assumimos \u201ca miss\u00e3o\u201d de anunciar Cristo\u201d: vivendo como Jesus \u201cnos ensinou a viver\u201d, \u201cem harmonia com aquilo que pregamos\u201d, o an\u00fancio ser\u00e1 \u201cfrutuoso\u201d. Se, ao inv\u00e9s, vivemos \u201csem coer\u00eancia\u201d, \u201cdizendo uma coisa e fazendo outra contr\u00e1ria\u201d, o resultado ser\u00e1 o esc\u00e2ndalo. E o esc\u00e2ndalo dos crist\u00e3os, concluiu, faz muito mal \u201cao povo de Deus\u201d.<\/p>\n<hr \/>\n<p><em>Fonte: Vatican News<\/em><\/p>\n","protected":false},"excerpt":{"rendered":"<p>Missa em Santa Marta<\/p>\n","protected":false},"author":1,"featured_media":191974,"comment_status":"open","ping_status":"open","sticky":false,"template":"","format":"standard","meta":[],"categories":[1428],"tags":[1586],"acf":[],"yoast_head":"<!-- This site is optimized with the Yoast SEO plugin v19.2 - https:\/\/yoast.com\/wordpress\/plugins\/seo\/ -->\n<title>Papa: Anunciar Cristo n\u00e3o \u00e9 marketing - Not\u00edcias - Franciscanos<\/title>\n<meta name=\"robots\" content=\"index, follow, max-snippet:-1, max-image-preview:large, max-video-preview:-1\" \/>\n<link rel=\"canonical\" href=\"https:\/\/franciscanos.org.br\/noticias\/santa-marta-anunciar-cristo-nao-e-marketing.html\" \/>\n<meta property=\"og:locale\" content=\"pt_BR\" \/>\n<meta property=\"og:type\" content=\"article\" \/>\n<meta property=\"og:title\" content=\"Papa: Anunciar Cristo n\u00e3o \u00e9 marketing - Not\u00edcias - Franciscanos\" \/>\n<meta property=\"og:description\" content=\"Missa em Santa Marta\" \/>\n<meta property=\"og:url\" content=\"https:\/\/franciscanos.org.br\/noticias\/santa-marta-anunciar-cristo-nao-e-marketing.html\" \/>\n<meta property=\"og:site_name\" content=\"Not\u00edcias - Franciscanos\" \/>\n<meta property=\"article:published_time\" content=\"2018-11-30T11:33:53+00:00\" \/>\n<meta property=\"article:modified_time\" content=\"2020-06-06T18:35:57+00:00\" \/>\n<meta property=\"og:image\" content=\"https:\/\/franciscanos.org.br\/noticias\/wp-content\/uploads\/2018\/11\/marta_301118.jpeg\" \/>\n\t<meta property=\"og:image:width\" content=\"273\" \/>\n\t<meta property=\"og:image:height\" content=\"181\" \/>\n\t<meta property=\"og:image:type\" content=\"image\/jpeg\" \/>\n<meta name=\"author\" content=\"admin\" \/>\n<meta name=\"twitter:card\" content=\"summary_large_image\" \/>\n<meta name=\"twitter:label1\" content=\"Escrito por\" \/>\n\t<meta name=\"twitter:data1\" content=\"admin\" \/>\n\t<meta name=\"twitter:label2\" content=\"Est. tempo de leitura\" \/>\n\t<meta name=\"twitter:data2\" content=\"4 minutos\" \/>\n<script type=\"application\/ld+json\" class=\"yoast-schema-graph\">{\"@context\":\"https:\/\/schema.org\",\"@graph\":[{\"@type\":\"WebSite\",\"@id\":\"https:\/\/franciscanos.org.br\/noticias\/#website\",\"url\":\"https:\/\/franciscanos.org.br\/noticias\/\",\"name\":\"Not\u00edcias - Franciscanos\",\"description\":\"Prov\u00edncia Franciscana da Imaculada Concei\u00e7\u00e3o do Brasil - Ordem dos Frades Menores - OFM\",\"potentialAction\":[{\"@type\":\"SearchAction\",\"target\":{\"@type\":\"EntryPoint\",\"urlTemplate\":\"https:\/\/franciscanos.org.br\/noticias\/?s={search_term_string}\"},\"query-input\":\"required name=search_term_string\"}],\"inLanguage\":\"pt-BR\"},{\"@type\":\"ImageObject\",\"inLanguage\":\"pt-BR\",\"@id\":\"https:\/\/franciscanos.org.br\/noticias\/santa-marta-anunciar-cristo-nao-e-marketing.html#primaryimage\",\"url\":\"https:\/\/franciscanos.org.br\/noticias\/wp-content\/uploads\/2018\/11\/marta_301118.jpeg\",\"contentUrl\":\"https:\/\/franciscanos.org.br\/noticias\/wp-content\/uploads\/2018\/11\/marta_301118.jpeg\",\"width\":273,\"height\":181},{\"@type\":\"WebPage\",\"@id\":\"https:\/\/franciscanos.org.br\/noticias\/santa-marta-anunciar-cristo-nao-e-marketing.html#webpage\",\"url\":\"https:\/\/franciscanos.org.br\/noticias\/santa-marta-anunciar-cristo-nao-e-marketing.html\",\"name\":\"Papa: Anunciar Cristo n\u00e3o \u00e9 marketing - Not\u00edcias - Franciscanos\",\"isPartOf\":{\"@id\":\"https:\/\/franciscanos.org.br\/noticias\/#website\"},\"primaryImageOfPage\":{\"@id\":\"https:\/\/franciscanos.org.br\/noticias\/santa-marta-anunciar-cristo-nao-e-marketing.html#primaryimage\"},\"datePublished\":\"2018-11-30T11:33:53+00:00\",\"dateModified\":\"2020-06-06T18:35:57+00:00\",\"author\":{\"@id\":\"https:\/\/franciscanos.org.br\/noticias\/#\/schema\/person\/b38fbf43118f02820bd932f2e4b14ad3\"},\"breadcrumb\":{\"@id\":\"https:\/\/franciscanos.org.br\/noticias\/santa-marta-anunciar-cristo-nao-e-marketing.html#breadcrumb\"},\"inLanguage\":\"pt-BR\",\"potentialAction\":[{\"@type\":\"ReadAction\",\"target\":[\"https:\/\/franciscanos.org.br\/noticias\/santa-marta-anunciar-cristo-nao-e-marketing.html\"]}]},{\"@type\":\"BreadcrumbList\",\"@id\":\"https:\/\/franciscanos.org.br\/noticias\/santa-marta-anunciar-cristo-nao-e-marketing.html#breadcrumb\",\"itemListElement\":[{\"@type\":\"ListItem\",\"position\":1,\"name\":\"Home\",\"item\":\"https:\/\/franciscanos.org.br\/noticias\"},{\"@type\":\"ListItem\",\"position\":2,\"name\":\"Papa: Anunciar Cristo n\u00e3o \u00e9 marketing\"}]},{\"@type\":\"Person\",\"@id\":\"https:\/\/franciscanos.org.br\/noticias\/#\/schema\/person\/b38fbf43118f02820bd932f2e4b14ad3\",\"name\":\"admin\",\"image\":{\"@type\":\"ImageObject\",\"inLanguage\":\"pt-BR\",\"@id\":\"https:\/\/franciscanos.org.br\/noticias\/#\/schema\/person\/image\/\",\"url\":\"https:\/\/secure.gravatar.com\/avatar\/e8495742d34d0ba6448ea1c628263b3e?s=96&d=mm&r=g\",\"contentUrl\":\"https:\/\/secure.gravatar.com\/avatar\/e8495742d34d0ba6448ea1c628263b3e?s=96&d=mm&r=g\",\"caption\":\"admin\"},\"url\":\"https:\/\/franciscanos.org.br\/noticias\/author\/admin\"}]}<\/script>\n<!-- \/ Yoast SEO plugin. -->","yoast_head_json":{"title":"Papa: Anunciar Cristo n\u00e3o \u00e9 marketing - Not\u00edcias - Franciscanos","robots":{"index":"index","follow":"follow","max-snippet":"max-snippet:-1","max-image-preview":"max-image-preview:large","max-video-preview":"max-video-preview:-1"},"canonical":"https:\/\/franciscanos.org.br\/noticias\/santa-marta-anunciar-cristo-nao-e-marketing.html","og_locale":"pt_BR","og_type":"article","og_title":"Papa: Anunciar Cristo n\u00e3o \u00e9 marketing - Not\u00edcias - Franciscanos","og_description":"Missa em Santa Marta","og_url":"https:\/\/franciscanos.org.br\/noticias\/santa-marta-anunciar-cristo-nao-e-marketing.html","og_site_name":"Not\u00edcias - Franciscanos","article_published_time":"2018-11-30T11:33:53+00:00","article_modified_time":"2020-06-06T18:35:57+00:00","og_image":[{"width":273,"height":181,"url":"https:\/\/franciscanos.org.br\/noticias\/wp-content\/uploads\/2018\/11\/marta_301118.jpeg","type":"image\/jpeg"}],"author":"admin","twitter_card":"summary_large_image","twitter_misc":{"Escrito por":"admin","Est. tempo de leitura":"4 minutos"},"schema":{"@context":"https:\/\/schema.org","@graph":[{"@type":"WebSite","@id":"https:\/\/franciscanos.org.br\/noticias\/#website","url":"https:\/\/franciscanos.org.br\/noticias\/","name":"Not\u00edcias - Franciscanos","description":"Prov\u00edncia Franciscana da Imaculada Concei\u00e7\u00e3o do Brasil - Ordem dos Frades Menores - OFM","potentialAction":[{"@type":"SearchAction","target":{"@type":"EntryPoint","urlTemplate":"https:\/\/franciscanos.org.br\/noticias\/?s={search_term_string}"},"query-input":"required name=search_term_string"}],"inLanguage":"pt-BR"},{"@type":"ImageObject","inLanguage":"pt-BR","@id":"https:\/\/franciscanos.org.br\/noticias\/santa-marta-anunciar-cristo-nao-e-marketing.html#primaryimage","url":"https:\/\/franciscanos.org.br\/noticias\/wp-content\/uploads\/2018\/11\/marta_301118.jpeg","contentUrl":"https:\/\/franciscanos.org.br\/noticias\/wp-content\/uploads\/2018\/11\/marta_301118.jpeg","width":273,"height":181},{"@type":"WebPage","@id":"https:\/\/franciscanos.org.br\/noticias\/santa-marta-anunciar-cristo-nao-e-marketing.html#webpage","url":"https:\/\/franciscanos.org.br\/noticias\/santa-marta-anunciar-cristo-nao-e-marketing.html","name":"Papa: Anunciar Cristo n\u00e3o \u00e9 marketing - Not\u00edcias - Franciscanos","isPartOf":{"@id":"https:\/\/franciscanos.org.br\/noticias\/#website"},"primaryImageOfPage":{"@id":"https:\/\/franciscanos.org.br\/noticias\/santa-marta-anunciar-cristo-nao-e-marketing.html#primaryimage"},"datePublished":"2018-11-30T11:33:53+00:00","dateModified":"2020-06-06T18:35:57+00:00","author":{"@id":"https:\/\/franciscanos.org.br\/noticias\/#\/schema\/person\/b38fbf43118f02820bd932f2e4b14ad3"},"breadcrumb":{"@id":"https:\/\/franciscanos.org.br\/noticias\/santa-marta-anunciar-cristo-nao-e-marketing.html#breadcrumb"},"inLanguage":"pt-BR","potentialAction":[{"@type":"ReadAction","target":["https:\/\/franciscanos.org.br\/noticias\/santa-marta-anunciar-cristo-nao-e-marketing.html"]}]},{"@type":"BreadcrumbList","@id":"https:\/\/franciscanos.org.br\/noticias\/santa-marta-anunciar-cristo-nao-e-marketing.html#breadcrumb","itemListElement":[{"@type":"ListItem","position":1,"name":"Home","item":"https:\/\/franciscanos.org.br\/noticias"},{"@type":"ListItem","position":2,"name":"Papa: Anunciar Cristo n\u00e3o \u00e9 marketing"}]},{"@type":"Person","@id":"https:\/\/franciscanos.org.br\/noticias\/#\/schema\/person\/b38fbf43118f02820bd932f2e4b14ad3","name":"admin","image":{"@type":"ImageObject","inLanguage":"pt-BR","@id":"https:\/\/franciscanos.org.br\/noticias\/#\/schema\/person\/image\/","url":"https:\/\/secure.gravatar.com\/avatar\/e8495742d34d0ba6448ea1c628263b3e?s=96&d=mm&r=g","contentUrl":"https:\/\/secure.gravatar.com\/avatar\/e8495742d34d0ba6448ea1c628263b3e?s=96&d=mm&r=g","caption":"admin"},"url":"https:\/\/franciscanos.org.br\/noticias\/author\/admin"}]}},"_links":{"self":[{"href":"https:\/\/franciscanos.org.br\/noticias\/wp-json\/wp\/v2\/posts\/191972"}],"collection":[{"href":"https:\/\/franciscanos.org.br\/noticias\/wp-json\/wp\/v2\/posts"}],"about":[{"href":"https:\/\/franciscanos.org.br\/noticias\/wp-json\/wp\/v2\/types\/post"}],"author":[{"embeddable":true,"href":"https:\/\/franciscanos.org.br\/noticias\/wp-json\/wp\/v2\/users\/1"}],"replies":[{"embeddable":true,"href":"https:\/\/franciscanos.org.br\/noticias\/wp-json\/wp\/v2\/comments?post=191972"}],"version-history":[{"count":1,"href":"https:\/\/franciscanos.org.br\/noticias\/wp-json\/wp\/v2\/posts\/191972\/revisions"}],"predecessor-version":[{"id":224645,"href":"https:\/\/franciscanos.org.br\/noticias\/wp-json\/wp\/v2\/posts\/191972\/revisions\/224645"}],"wp:featuredmedia":[{"embeddable":true,"href":"https:\/\/franciscanos.org.br\/noticias\/wp-json\/wp\/v2\/media\/191974"}],"wp:attachment":[{"href":"https:\/\/franciscanos.org.br\/noticias\/wp-json\/wp\/v2\/media?parent=191972"}],"wp:term":[{"taxonomy":"category","embeddable":true,"href":"https:\/\/franciscanos.org.br\/noticias\/wp-json\/wp\/v2\/categories?post=191972"},{"taxonomy":"post_tag","embeddable":true,"href":"https:\/\/franciscanos.org.br\/noticias\/wp-json\/wp\/v2\/tags?post=191972"}],"curies":[{"name":"wp","href":"https:\/\/api.w.org\/{rel}","templated":true}]}}