{"id":191941,"date":"2018-11-29T10:17:37","date_gmt":"2018-11-29T12:17:37","guid":{"rendered":"https:\/\/franciscanos.org.br\/noticias\/?p=191941"},"modified":"2020-06-06T15:46:15","modified_gmt":"2020-06-06T18:46:15","slug":"pensar-nas-babilonias-de-nosso-tempo","status":"publish","type":"post","link":"https:\/\/franciscanos.org.br\/noticias\/pensar-nas-babilonias-de-nosso-tempo.html","title":{"rendered":"Papa: Pensar nas babil\u00f4nias do nosso tempo"},"content":{"rendered":"<p><img loading=\"lazy\" class=\"alignleft size-full wp-image-191942\" src=\"https:\/\/franciscanos.org.br\/noticias\/wp-content\/uploads\/2018\/11\/marta_291118-980.jpg\" alt=\"\" width=\"980\" height=\"500\" srcset=\"https:\/\/franciscanos.org.br\/noticias\/wp-content\/uploads\/2018\/11\/marta_291118-980.jpg 980w, https:\/\/franciscanos.org.br\/noticias\/wp-content\/uploads\/2018\/11\/marta_291118-980-450x230.jpg 450w, https:\/\/franciscanos.org.br\/noticias\/wp-content\/uploads\/2018\/11\/marta_291118-980-768x392.jpg 768w, https:\/\/franciscanos.org.br\/noticias\/wp-content\/uploads\/2018\/11\/marta_291118-980-150x77.jpg 150w\" sizes=\"(max-width: 980px) 100vw, 980px\" \/><\/p>\n<p><strong>Cidade do Vaticano<\/strong> &#8211; O fim do mundo e o fim de cada um de n\u00f3s: este \u00e9 o tema que a liturgia da semana prop\u00f5e e foi o tema tamb\u00e9m da homilia do Papa ao celebrar a missa esta manh\u00e3 (29\/11) na capela da Casa Santa Marta.<\/p>\n<p>A primeira leitura, extra\u00edda do livro do Apocalipse de S\u00e3o Jo\u00e3o, descreve a destrui\u00e7\u00e3o de Babil\u00f4nia, a cidade s\u00edmbolo da mundanidade, \u201cdo luxo, da autossufici\u00eancia, do poder deste mundo\u201d, disse Francisco.<\/p>\n<p>A segunda leitura, do Evangelho de Lucas, narra a devasta\u00e7\u00e3o de Jerusal\u00e9m, a cidade santa. No dia do ju\u00edzo, Babil\u00f4nia ser\u00e1 destru\u00edda com um grito de vit\u00f3ria. A grande prostituta cair\u00e1 condenada pelo Senhor e mostrar\u00e1 a sua verdade: \u201cmorada de dem\u00f4nios, abrigo de todos os esp\u00edritos maus\u201d. Sob a sua magnific\u00eancia, mostrar\u00e1 a corrup\u00e7\u00e3o, as suas festas parecer\u00e3o de falsa felicidade. Sua destrui\u00e7\u00e3o ser\u00e1 violentada e ningu\u00e9m mais a encontrar\u00e1\u201d:<\/p>\n<p>O som dos m\u00fasicos, dos tocadores de harpa, de flauta e de trombeta, n\u00e3o se ouvir\u00e1 mais de ti; &#8211; n\u00e3o haver\u00e1 belas festas, n\u00e3o\u2026 &#8211; nenhum artista de arte alguma se encontrar\u00e1 mais em ti; \u2013 porque n\u00e3o \u00e9s uma cidade de trabalho, mas de corrup\u00e7\u00e3o \u2013 o canto do moinho n\u00e3o se ouvir\u00e1 mais em ti; a luz da l\u00e2mpada n\u00e3o brilhar\u00e1 mais em ti; &#8211; ser\u00e1 talvez uma cidade iluminada, mas sem luz, n\u00e3o luminosa; esta \u00e9 a civiliza\u00e7\u00e3o corrompida \u2013 a voz do esposo e da esposa n\u00e3o se ouvir\u00e1 mais em ti.<\/p>\n<p><strong>O Senhor dir\u00e1: chega<\/strong><\/p>\n<p>Chegar\u00e1 um dia, disse o Papa, em que o Senhor dir\u00e1: chega. \u201cEsta \u00e9 a crise de uma civiliza\u00e7\u00e3o que se julga orgulhosa, suficiente, ditatorial e acaba assim\u201d.<\/p>\n<p>Jerusal\u00e9m, prosseguiu o Papa, ver\u00e1 a sua ru\u00edna devido a outro tipo de corrup\u00e7\u00e3o, \u201ca corrup\u00e7\u00e3o da infidelidade ao amor; n\u00e3o foi capaz de reconhecer o amor de Deus no seu Filho\u201d. A cidade santa \u201cser\u00e1 espezinhada pelos pag\u00e3os\u201d, punida pelo Senhor, porque abriu as portas do seu cora\u00e7\u00e3o ao pag\u00e3os.<\/p>\n<p>H\u00e1 a paganiza\u00e7\u00e3o da vida, no nosso caso, crist\u00e3. Vivemos como crist\u00e3os? Parece que sim. Mas na verdade, a nossa vida \u00e9 pag\u00e3 quando acontecem essas coisas, quando entra nesta sedu\u00e7\u00e3o de Babil\u00f4nia e Jerusal\u00e9m, vive como Babil\u00f4nia. Quer-se fazer uma s\u00edntese que n\u00e3o se pode fazer. E ambas ser\u00e3o condenadas. Voc\u00ea \u00e9 crist\u00e3o? Voc\u00ea \u00e9 crist\u00e3? Viva como crist\u00e3o. N\u00e3o se pode misturar a \u00e1gua com o \u00f3leo. Sempre diferente. O fim de uma civiliza\u00e7\u00e3o contradit\u00f3ria em si mesma que diz ser crist\u00e3 e vive como pag\u00e3.<\/p>\n<p><strong>Salva\u00e7\u00e3o<\/strong><\/p>\n<p>Retomando a narra\u00e7\u00e3o das duas leituras, o Papa afirma que depois da condena\u00e7\u00e3o das duas cidades, se ouvir\u00e1 a voz do Senhor; depois da destrui\u00e7\u00e3o, haver\u00e1 a salva\u00e7\u00e3o. \u201cE o anjo disse: \u2018Felizes s\u00e3o os convidados para o banquete das n\u00fapcias do Cordeiro!\u2019. A grande festa, a verdadeira festa!\u201d<\/p>\n<p>Existem trag\u00e9dias, inclusive na nossa vida, mas diante dessas coisas, \u00e9 preciso olhar para o horizonte, porque fomos redimidos e o Senhor vir\u00e1 para nos salvar. E isso nos indigna de viver as prova\u00e7\u00f5es do mundo n\u00e3o num pacto com a mundanidade ou com a \u2018paganidade\u2019 que nos leva \u00e0 destrui\u00e7\u00e3o, mas na esperan\u00e7a, afastando-nos desta sedu\u00e7\u00e3o mundana e pag\u00e3 e olhando para o horizonte, esperando Cristo, o Senhor. A esperan\u00e7a \u00e9 a nossa for\u00e7a: vamos em frente. Mas devemos pedir ao Esp\u00edrito Santo.<\/p>\n<p>Por fim, Francisco convida a pensar nas babil\u00f4nias do nosso tempo, nos in\u00fameros imp\u00e9rios poderosos, por exemplo do s\u00e9culo passado, que ru\u00edram. \u201cE este ser\u00e1 o fim tamb\u00e9m das grandes cidades de hoje \u2013 afirmou \u2013 e assim acabar\u00e1 a nossa vida se continuarmos a lev\u00e1-la neste caminho de paganiza\u00e7\u00e3o\u201d. O Papa concluiu dizendo que permanecer\u00e3o somente aqueles que depositam sua esperan\u00e7a no Senhor. Portanto: \u201cAbramos o cora\u00e7\u00e3o com esperan\u00e7a e nos afastemos da paganiza\u00e7\u00e3o da vida\u201d.<\/p>\n<hr \/>\n<p><em>Fonte: Vatican News<\/em><\/p>\n","protected":false},"excerpt":{"rendered":"<p>Missa em Santa Marta<\/p>\n","protected":false},"author":1,"featured_media":191943,"comment_status":"open","ping_status":"open","sticky":false,"template":"","format":"standard","meta":[],"categories":[1428],"tags":[1586],"acf":[],"yoast_head":"<!-- This site is optimized with the Yoast SEO plugin v19.2 - https:\/\/yoast.com\/wordpress\/plugins\/seo\/ -->\n<title>Papa: Pensar nas babil\u00f4nias do nosso tempo - Not\u00edcias - Franciscanos<\/title>\n<meta name=\"robots\" content=\"index, follow, max-snippet:-1, max-image-preview:large, max-video-preview:-1\" \/>\n<link rel=\"canonical\" href=\"https:\/\/franciscanos.org.br\/noticias\/pensar-nas-babilonias-de-nosso-tempo.html\" \/>\n<meta property=\"og:locale\" content=\"pt_BR\" \/>\n<meta property=\"og:type\" content=\"article\" \/>\n<meta property=\"og:title\" content=\"Papa: Pensar nas babil\u00f4nias do nosso tempo - Not\u00edcias - Franciscanos\" \/>\n<meta property=\"og:description\" content=\"Missa em Santa Marta\" \/>\n<meta property=\"og:url\" content=\"https:\/\/franciscanos.org.br\/noticias\/pensar-nas-babilonias-de-nosso-tempo.html\" \/>\n<meta property=\"og:site_name\" content=\"Not\u00edcias - Franciscanos\" \/>\n<meta property=\"article:published_time\" content=\"2018-11-29T12:17:37+00:00\" \/>\n<meta property=\"article:modified_time\" content=\"2020-06-06T18:46:15+00:00\" \/>\n<meta property=\"og:image\" content=\"https:\/\/franciscanos.org.br\/noticias\/wp-content\/uploads\/2018\/11\/marta_291118-273.jpg\" \/>\n\t<meta property=\"og:image:width\" content=\"273\" \/>\n\t<meta property=\"og:image:height\" content=\"181\" \/>\n\t<meta property=\"og:image:type\" content=\"image\/jpeg\" \/>\n<meta name=\"author\" content=\"admin\" \/>\n<meta name=\"twitter:card\" content=\"summary_large_image\" \/>\n<meta name=\"twitter:label1\" content=\"Escrito por\" \/>\n\t<meta name=\"twitter:data1\" content=\"admin\" \/>\n\t<meta name=\"twitter:label2\" content=\"Est. tempo de leitura\" \/>\n\t<meta name=\"twitter:data2\" content=\"4 minutos\" \/>\n<script type=\"application\/ld+json\" class=\"yoast-schema-graph\">{\"@context\":\"https:\/\/schema.org\",\"@graph\":[{\"@type\":\"WebSite\",\"@id\":\"https:\/\/franciscanos.org.br\/noticias\/#website\",\"url\":\"https:\/\/franciscanos.org.br\/noticias\/\",\"name\":\"Not\u00edcias - Franciscanos\",\"description\":\"Prov\u00edncia Franciscana da Imaculada Concei\u00e7\u00e3o do Brasil - Ordem dos Frades Menores - OFM\",\"potentialAction\":[{\"@type\":\"SearchAction\",\"target\":{\"@type\":\"EntryPoint\",\"urlTemplate\":\"https:\/\/franciscanos.org.br\/noticias\/?s={search_term_string}\"},\"query-input\":\"required name=search_term_string\"}],\"inLanguage\":\"pt-BR\"},{\"@type\":\"ImageObject\",\"inLanguage\":\"pt-BR\",\"@id\":\"https:\/\/franciscanos.org.br\/noticias\/pensar-nas-babilonias-de-nosso-tempo.html#primaryimage\",\"url\":\"https:\/\/franciscanos.org.br\/noticias\/wp-content\/uploads\/2018\/11\/marta_291118-273.jpg\",\"contentUrl\":\"https:\/\/franciscanos.org.br\/noticias\/wp-content\/uploads\/2018\/11\/marta_291118-273.jpg\",\"width\":273,\"height\":181},{\"@type\":\"WebPage\",\"@id\":\"https:\/\/franciscanos.org.br\/noticias\/pensar-nas-babilonias-de-nosso-tempo.html#webpage\",\"url\":\"https:\/\/franciscanos.org.br\/noticias\/pensar-nas-babilonias-de-nosso-tempo.html\",\"name\":\"Papa: Pensar nas babil\u00f4nias do nosso tempo - Not\u00edcias - Franciscanos\",\"isPartOf\":{\"@id\":\"https:\/\/franciscanos.org.br\/noticias\/#website\"},\"primaryImageOfPage\":{\"@id\":\"https:\/\/franciscanos.org.br\/noticias\/pensar-nas-babilonias-de-nosso-tempo.html#primaryimage\"},\"datePublished\":\"2018-11-29T12:17:37+00:00\",\"dateModified\":\"2020-06-06T18:46:15+00:00\",\"author\":{\"@id\":\"https:\/\/franciscanos.org.br\/noticias\/#\/schema\/person\/b38fbf43118f02820bd932f2e4b14ad3\"},\"breadcrumb\":{\"@id\":\"https:\/\/franciscanos.org.br\/noticias\/pensar-nas-babilonias-de-nosso-tempo.html#breadcrumb\"},\"inLanguage\":\"pt-BR\",\"potentialAction\":[{\"@type\":\"ReadAction\",\"target\":[\"https:\/\/franciscanos.org.br\/noticias\/pensar-nas-babilonias-de-nosso-tempo.html\"]}]},{\"@type\":\"BreadcrumbList\",\"@id\":\"https:\/\/franciscanos.org.br\/noticias\/pensar-nas-babilonias-de-nosso-tempo.html#breadcrumb\",\"itemListElement\":[{\"@type\":\"ListItem\",\"position\":1,\"name\":\"Home\",\"item\":\"https:\/\/franciscanos.org.br\/noticias\"},{\"@type\":\"ListItem\",\"position\":2,\"name\":\"Papa: Pensar nas babil\u00f4nias do nosso tempo\"}]},{\"@type\":\"Person\",\"@id\":\"https:\/\/franciscanos.org.br\/noticias\/#\/schema\/person\/b38fbf43118f02820bd932f2e4b14ad3\",\"name\":\"admin\",\"image\":{\"@type\":\"ImageObject\",\"inLanguage\":\"pt-BR\",\"@id\":\"https:\/\/franciscanos.org.br\/noticias\/#\/schema\/person\/image\/\",\"url\":\"https:\/\/secure.gravatar.com\/avatar\/e8495742d34d0ba6448ea1c628263b3e?s=96&d=mm&r=g\",\"contentUrl\":\"https:\/\/secure.gravatar.com\/avatar\/e8495742d34d0ba6448ea1c628263b3e?s=96&d=mm&r=g\",\"caption\":\"admin\"},\"url\":\"https:\/\/franciscanos.org.br\/noticias\/author\/admin\"}]}<\/script>\n<!-- \/ Yoast SEO plugin. -->","yoast_head_json":{"title":"Papa: Pensar nas babil\u00f4nias do nosso tempo - Not\u00edcias - Franciscanos","robots":{"index":"index","follow":"follow","max-snippet":"max-snippet:-1","max-image-preview":"max-image-preview:large","max-video-preview":"max-video-preview:-1"},"canonical":"https:\/\/franciscanos.org.br\/noticias\/pensar-nas-babilonias-de-nosso-tempo.html","og_locale":"pt_BR","og_type":"article","og_title":"Papa: Pensar nas babil\u00f4nias do nosso tempo - Not\u00edcias - Franciscanos","og_description":"Missa em Santa Marta","og_url":"https:\/\/franciscanos.org.br\/noticias\/pensar-nas-babilonias-de-nosso-tempo.html","og_site_name":"Not\u00edcias - Franciscanos","article_published_time":"2018-11-29T12:17:37+00:00","article_modified_time":"2020-06-06T18:46:15+00:00","og_image":[{"width":273,"height":181,"url":"https:\/\/franciscanos.org.br\/noticias\/wp-content\/uploads\/2018\/11\/marta_291118-273.jpg","type":"image\/jpeg"}],"author":"admin","twitter_card":"summary_large_image","twitter_misc":{"Escrito por":"admin","Est. tempo de leitura":"4 minutos"},"schema":{"@context":"https:\/\/schema.org","@graph":[{"@type":"WebSite","@id":"https:\/\/franciscanos.org.br\/noticias\/#website","url":"https:\/\/franciscanos.org.br\/noticias\/","name":"Not\u00edcias - Franciscanos","description":"Prov\u00edncia Franciscana da Imaculada Concei\u00e7\u00e3o do Brasil - Ordem dos Frades Menores - OFM","potentialAction":[{"@type":"SearchAction","target":{"@type":"EntryPoint","urlTemplate":"https:\/\/franciscanos.org.br\/noticias\/?s={search_term_string}"},"query-input":"required name=search_term_string"}],"inLanguage":"pt-BR"},{"@type":"ImageObject","inLanguage":"pt-BR","@id":"https:\/\/franciscanos.org.br\/noticias\/pensar-nas-babilonias-de-nosso-tempo.html#primaryimage","url":"https:\/\/franciscanos.org.br\/noticias\/wp-content\/uploads\/2018\/11\/marta_291118-273.jpg","contentUrl":"https:\/\/franciscanos.org.br\/noticias\/wp-content\/uploads\/2018\/11\/marta_291118-273.jpg","width":273,"height":181},{"@type":"WebPage","@id":"https:\/\/franciscanos.org.br\/noticias\/pensar-nas-babilonias-de-nosso-tempo.html#webpage","url":"https:\/\/franciscanos.org.br\/noticias\/pensar-nas-babilonias-de-nosso-tempo.html","name":"Papa: Pensar nas babil\u00f4nias do nosso tempo - Not\u00edcias - Franciscanos","isPartOf":{"@id":"https:\/\/franciscanos.org.br\/noticias\/#website"},"primaryImageOfPage":{"@id":"https:\/\/franciscanos.org.br\/noticias\/pensar-nas-babilonias-de-nosso-tempo.html#primaryimage"},"datePublished":"2018-11-29T12:17:37+00:00","dateModified":"2020-06-06T18:46:15+00:00","author":{"@id":"https:\/\/franciscanos.org.br\/noticias\/#\/schema\/person\/b38fbf43118f02820bd932f2e4b14ad3"},"breadcrumb":{"@id":"https:\/\/franciscanos.org.br\/noticias\/pensar-nas-babilonias-de-nosso-tempo.html#breadcrumb"},"inLanguage":"pt-BR","potentialAction":[{"@type":"ReadAction","target":["https:\/\/franciscanos.org.br\/noticias\/pensar-nas-babilonias-de-nosso-tempo.html"]}]},{"@type":"BreadcrumbList","@id":"https:\/\/franciscanos.org.br\/noticias\/pensar-nas-babilonias-de-nosso-tempo.html#breadcrumb","itemListElement":[{"@type":"ListItem","position":1,"name":"Home","item":"https:\/\/franciscanos.org.br\/noticias"},{"@type":"ListItem","position":2,"name":"Papa: Pensar nas babil\u00f4nias do nosso tempo"}]},{"@type":"Person","@id":"https:\/\/franciscanos.org.br\/noticias\/#\/schema\/person\/b38fbf43118f02820bd932f2e4b14ad3","name":"admin","image":{"@type":"ImageObject","inLanguage":"pt-BR","@id":"https:\/\/franciscanos.org.br\/noticias\/#\/schema\/person\/image\/","url":"https:\/\/secure.gravatar.com\/avatar\/e8495742d34d0ba6448ea1c628263b3e?s=96&d=mm&r=g","contentUrl":"https:\/\/secure.gravatar.com\/avatar\/e8495742d34d0ba6448ea1c628263b3e?s=96&d=mm&r=g","caption":"admin"},"url":"https:\/\/franciscanos.org.br\/noticias\/author\/admin"}]}},"_links":{"self":[{"href":"https:\/\/franciscanos.org.br\/noticias\/wp-json\/wp\/v2\/posts\/191941"}],"collection":[{"href":"https:\/\/franciscanos.org.br\/noticias\/wp-json\/wp\/v2\/posts"}],"about":[{"href":"https:\/\/franciscanos.org.br\/noticias\/wp-json\/wp\/v2\/types\/post"}],"author":[{"embeddable":true,"href":"https:\/\/franciscanos.org.br\/noticias\/wp-json\/wp\/v2\/users\/1"}],"replies":[{"embeddable":true,"href":"https:\/\/franciscanos.org.br\/noticias\/wp-json\/wp\/v2\/comments?post=191941"}],"version-history":[{"count":1,"href":"https:\/\/franciscanos.org.br\/noticias\/wp-json\/wp\/v2\/posts\/191941\/revisions"}],"predecessor-version":[{"id":224648,"href":"https:\/\/franciscanos.org.br\/noticias\/wp-json\/wp\/v2\/posts\/191941\/revisions\/224648"}],"wp:featuredmedia":[{"embeddable":true,"href":"https:\/\/franciscanos.org.br\/noticias\/wp-json\/wp\/v2\/media\/191943"}],"wp:attachment":[{"href":"https:\/\/franciscanos.org.br\/noticias\/wp-json\/wp\/v2\/media?parent=191941"}],"wp:term":[{"taxonomy":"category","embeddable":true,"href":"https:\/\/franciscanos.org.br\/noticias\/wp-json\/wp\/v2\/categories?post=191941"},{"taxonomy":"post_tag","embeddable":true,"href":"https:\/\/franciscanos.org.br\/noticias\/wp-json\/wp\/v2\/tags?post=191941"}],"curies":[{"name":"wp","href":"https:\/\/api.w.org\/{rel}","templated":true}]}}