{"id":191926,"date":"2018-11-29T10:52:05","date_gmt":"2018-11-29T12:52:05","guid":{"rendered":"https:\/\/franciscanos.org.br\/noticias\/?p=191926"},"modified":"2020-06-06T15:44:29","modified_gmt":"2020-06-06T18:44:29","slug":"frei-ermelindo-celebra-primeira-missa","status":"publish","type":"post","link":"https:\/\/franciscanos.org.br\/noticias\/frei-ermelindo-celebra-primeira-missa.html","title":{"rendered":"Frei Ermelindo celebra Primeira Missa"},"content":{"rendered":"<p><img loading=\"lazy\" class=\"alignnone size-full wp-image-191929\" src=\"https:\/\/franciscanos.org.br\/noticias\/wp-content\/uploads\/2018\/11\/ermelindo_281118.jpg\" alt=\"\" width=\"890\" height=\"506\" srcset=\"https:\/\/franciscanos.org.br\/noticias\/wp-content\/uploads\/2018\/11\/ermelindo_281118.jpg 890w, https:\/\/franciscanos.org.br\/noticias\/wp-content\/uploads\/2018\/11\/ermelindo_281118-450x256.jpg 450w, https:\/\/franciscanos.org.br\/noticias\/wp-content\/uploads\/2018\/11\/ermelindo_281118-768x437.jpg 768w, https:\/\/franciscanos.org.br\/noticias\/wp-content\/uploads\/2018\/11\/ermelindo_281118-150x85.jpg 150w\" sizes=\"(max-width: 890px) 100vw, 890px\" \/><\/p>\n<p><strong>Malange (Angola)<\/strong> &#8211; Dois dias \u00a0ap\u00f3s a sua ordena\u00e7\u00e3o presbiteral em Luanda (27 de novembro), o neo-presb\u00edtero Frei Ermelindo Francisco Bambi presidiu sua Primeira Missa no Semin\u00e1rio Monte Alverne, em Malange, juntamente com os 48 seminaristas deste ano letivo e com os confrades Frei Roberto Ishara, Frei Heberti Senra In\u00e1cio e o aniversariante Frei Andr\u00e9 Gurzynski.<\/p>\n<p>Estiveram presentes tamb\u00e9m os quatro brasileiros que viajaram para as ordena\u00e7\u00f5es de Frei Ermelindo, Frei Jo\u00e3o Batista Canjenjenga e Frei Jo\u00e3o Alberto Bunga: o casal Jairo Pimenta e Ana L\u00edgia Medeiros, e Erc\u00edlia Coelho, da Par\u00f3quia S\u00e3o Jo\u00e3o Batista de Meriti e Jos\u00e9 Zumba, de Duque de Caxias. \u00a0Estes agradeceram, emocionados, os trabalhos que Frei Ermelindo realizou nas comunidades de S\u00e3o Jo\u00e3o de Meriti e Duque de Caixas, na Baixada Fluminense, quando cursava Teologia em Petr\u00f3polis e fazia ali a sua experi\u00eancia pastoral nos finais de semana. <em>Os visitantes doaram as camisetas que os seminaristas vestem na foto abaixo.<\/em><\/p>\n<p><img loading=\"lazy\" class=\"alignnone size-full wp-image-191930\" src=\"https:\/\/franciscanos.org.br\/noticias\/wp-content\/uploads\/2018\/11\/ermelindo_281118_1.jpg\" alt=\"\" width=\"890\" height=\"392\" srcset=\"https:\/\/franciscanos.org.br\/noticias\/wp-content\/uploads\/2018\/11\/ermelindo_281118_1.jpg 890w, https:\/\/franciscanos.org.br\/noticias\/wp-content\/uploads\/2018\/11\/ermelindo_281118_1-450x198.jpg 450w, https:\/\/franciscanos.org.br\/noticias\/wp-content\/uploads\/2018\/11\/ermelindo_281118_1-768x338.jpg 768w, https:\/\/franciscanos.org.br\/noticias\/wp-content\/uploads\/2018\/11\/ermelindo_281118_1-150x66.jpg 150w\" sizes=\"(max-width: 890px) 100vw, 890px\" \/><\/p>\n<p>A maior emo\u00e7\u00e3o, por\u00e9m, veio de Frei Roberto, que chegou \u00e0s l\u00e1grimas ao pedir aos seminaristas perseveran\u00e7a no ideal franciscano e que, nas dificuldades, se espelhassem no neopresb\u00edtero. Este tamb\u00e9m se emocionou ao fazer os agradecimentos.<\/p>\n<p>Frei Ermelindo foi ordenado no \u00faltimo domingo, na Solenidade de Cristo Rei do Universo, junto com Frei Jo\u00e3o Batista Canjenjenga e Frei Jo\u00e3o Alberto Bunga. Foi um dia de festa e alegria para a Prov\u00edncia Franciscana da Imaculada Concei\u00e7\u00e3o do Brasil, que est\u00e1 em Angola h\u00e1 28 anos, e a Funda\u00e7\u00e3o Imaculada M\u00e3e de Deus de Angola.<\/p>\n<p><img loading=\"lazy\" class=\"alignnone size-full wp-image-191934\" src=\"https:\/\/franciscanos.org.br\/noticias\/wp-content\/uploads\/2018\/11\/ermelindo_281118_4.jpg\" alt=\"\" width=\"890\" height=\"590\" srcset=\"https:\/\/franciscanos.org.br\/noticias\/wp-content\/uploads\/2018\/11\/ermelindo_281118_4.jpg 890w, https:\/\/franciscanos.org.br\/noticias\/wp-content\/uploads\/2018\/11\/ermelindo_281118_4-450x298.jpg 450w, https:\/\/franciscanos.org.br\/noticias\/wp-content\/uploads\/2018\/11\/ermelindo_281118_4-768x509.jpg 768w, https:\/\/franciscanos.org.br\/noticias\/wp-content\/uploads\/2018\/11\/ermelindo_281118_4-150x99.jpg 150w\" sizes=\"(max-width: 890px) 100vw, 890px\" \/><\/p>\n<p><strong>ORIENTADOR<\/strong><\/p>\n<p>Frei Ermelindo \u00e9 o orientador dos 48 seminaristas do Semin\u00e1rio Monte Alverne, que encerrar\u00e1 as atividades escolares no dia 8 de dezembro, com a formatura de 17 alunos. Estes e mais os 16 jovens que est\u00e3o em Viana ser\u00e3o os postulantes\/2019. O Semin\u00e1rio iniciou o ano letivo com 52 seminaristas e conclui o ano com 48.<\/p>\n<p>A primeira Missa de Frei Ermelindo na Par\u00f3quia Nossa Senhora de F\u00e1tima, em Mulenvos, ser\u00e1 no pr\u00f3ximo domingo, e no dia 9 de dezembro na Par\u00f3quia Santos M\u00e1rtires, de Katepa.<\/p>\n<p>Dia 31 de dezembro, os tr\u00eas fil\u00f3sofos estagi\u00e1rios &#8211; Frei Heberti Senra In\u00e1cio, Frei David Belineli e Samuel Santos Soares &#8211; juntamente com Freis Roberto e Frei Luiz Iakovacz retornar\u00e3o \u00e0 Prov\u00edncia.<\/p>\n<p><img loading=\"lazy\" class=\"alignnone size-full wp-image-191928\" src=\"https:\/\/franciscanos.org.br\/noticias\/wp-content\/uploads\/2018\/11\/ermelindo_281118_3.jpg\" alt=\"\" width=\"890\" height=\"613\" srcset=\"https:\/\/franciscanos.org.br\/noticias\/wp-content\/uploads\/2018\/11\/ermelindo_281118_3.jpg 890w, https:\/\/franciscanos.org.br\/noticias\/wp-content\/uploads\/2018\/11\/ermelindo_281118_3-450x310.jpg 450w, https:\/\/franciscanos.org.br\/noticias\/wp-content\/uploads\/2018\/11\/ermelindo_281118_3-768x529.jpg 768w, https:\/\/franciscanos.org.br\/noticias\/wp-content\/uploads\/2018\/11\/ermelindo_281118_3-150x103.jpg 150w\" sizes=\"(max-width: 890px) 100vw, 890px\" \/><\/p>\n<p>&nbsp;<\/p>\n","protected":false},"excerpt":{"rendered":"<p>Primeira Missa de Frei Ermelindo<\/p>\n","protected":false},"author":3,"featured_media":191931,"comment_status":"open","ping_status":"open","sticky":false,"template":"","format":"standard","meta":[],"categories":[1],"tags":[360,167],"acf":[],"yoast_head":"<!-- This site is optimized with the Yoast SEO plugin v19.2 - https:\/\/yoast.com\/wordpress\/plugins\/seo\/ -->\n<title>Frei Ermelindo celebra Primeira Missa - Not\u00edcias - Franciscanos<\/title>\n<meta name=\"robots\" content=\"index, follow, max-snippet:-1, max-image-preview:large, max-video-preview:-1\" \/>\n<link rel=\"canonical\" href=\"https:\/\/franciscanos.org.br\/noticias\/frei-ermelindo-celebra-primeira-missa.html\" \/>\n<meta property=\"og:locale\" content=\"pt_BR\" \/>\n<meta property=\"og:type\" content=\"article\" \/>\n<meta property=\"og:title\" content=\"Frei Ermelindo celebra Primeira Missa - Not\u00edcias - Franciscanos\" \/>\n<meta property=\"og:description\" content=\"Primeira Missa de Frei Ermelindo\" \/>\n<meta property=\"og:url\" content=\"https:\/\/franciscanos.org.br\/noticias\/frei-ermelindo-celebra-primeira-missa.html\" \/>\n<meta property=\"og:site_name\" content=\"Not\u00edcias - Franciscanos\" \/>\n<meta property=\"article:published_time\" content=\"2018-11-29T12:52:05+00:00\" \/>\n<meta property=\"article:modified_time\" content=\"2020-06-06T18:44:29+00:00\" \/>\n<meta property=\"og:image\" content=\"https:\/\/franciscanos.org.br\/noticias\/wp-content\/uploads\/2018\/11\/ermelindo_281118_d.jpg\" \/>\n\t<meta property=\"og:image:width\" content=\"273\" \/>\n\t<meta property=\"og:image:height\" content=\"181\" \/>\n\t<meta property=\"og:image:type\" content=\"image\/jpeg\" \/>\n<meta name=\"author\" content=\"moacir\" \/>\n<meta name=\"twitter:card\" content=\"summary_large_image\" \/>\n<meta name=\"twitter:label1\" content=\"Escrito por\" \/>\n\t<meta name=\"twitter:data1\" content=\"moacir\" \/>\n\t<meta name=\"twitter:label2\" content=\"Est. tempo de leitura\" \/>\n\t<meta name=\"twitter:data2\" content=\"2 minutos\" \/>\n<script type=\"application\/ld+json\" class=\"yoast-schema-graph\">{\"@context\":\"https:\/\/schema.org\",\"@graph\":[{\"@type\":\"WebSite\",\"@id\":\"https:\/\/franciscanos.org.br\/noticias\/#website\",\"url\":\"https:\/\/franciscanos.org.br\/noticias\/\",\"name\":\"Not\u00edcias - Franciscanos\",\"description\":\"Prov\u00edncia Franciscana da Imaculada Concei\u00e7\u00e3o do Brasil - Ordem dos Frades Menores - OFM\",\"potentialAction\":[{\"@type\":\"SearchAction\",\"target\":{\"@type\":\"EntryPoint\",\"urlTemplate\":\"https:\/\/franciscanos.org.br\/noticias\/?s={search_term_string}\"},\"query-input\":\"required name=search_term_string\"}],\"inLanguage\":\"pt-BR\"},{\"@type\":\"ImageObject\",\"inLanguage\":\"pt-BR\",\"@id\":\"https:\/\/franciscanos.org.br\/noticias\/frei-ermelindo-celebra-primeira-missa.html#primaryimage\",\"url\":\"https:\/\/franciscanos.org.br\/noticias\/wp-content\/uploads\/2018\/11\/ermelindo_281118_d.jpg\",\"contentUrl\":\"https:\/\/franciscanos.org.br\/noticias\/wp-content\/uploads\/2018\/11\/ermelindo_281118_d.jpg\",\"width\":273,\"height\":181},{\"@type\":\"WebPage\",\"@id\":\"https:\/\/franciscanos.org.br\/noticias\/frei-ermelindo-celebra-primeira-missa.html#webpage\",\"url\":\"https:\/\/franciscanos.org.br\/noticias\/frei-ermelindo-celebra-primeira-missa.html\",\"name\":\"Frei Ermelindo celebra Primeira Missa - Not\u00edcias - Franciscanos\",\"isPartOf\":{\"@id\":\"https:\/\/franciscanos.org.br\/noticias\/#website\"},\"primaryImageOfPage\":{\"@id\":\"https:\/\/franciscanos.org.br\/noticias\/frei-ermelindo-celebra-primeira-missa.html#primaryimage\"},\"datePublished\":\"2018-11-29T12:52:05+00:00\",\"dateModified\":\"2020-06-06T18:44:29+00:00\",\"author\":{\"@id\":\"https:\/\/franciscanos.org.br\/noticias\/#\/schema\/person\/b5c8cba458c330ccff548b056e95a5d4\"},\"breadcrumb\":{\"@id\":\"https:\/\/franciscanos.org.br\/noticias\/frei-ermelindo-celebra-primeira-missa.html#breadcrumb\"},\"inLanguage\":\"pt-BR\",\"potentialAction\":[{\"@type\":\"ReadAction\",\"target\":[\"https:\/\/franciscanos.org.br\/noticias\/frei-ermelindo-celebra-primeira-missa.html\"]}]},{\"@type\":\"BreadcrumbList\",\"@id\":\"https:\/\/franciscanos.org.br\/noticias\/frei-ermelindo-celebra-primeira-missa.html#breadcrumb\",\"itemListElement\":[{\"@type\":\"ListItem\",\"position\":1,\"name\":\"Home\",\"item\":\"https:\/\/franciscanos.org.br\/noticias\"},{\"@type\":\"ListItem\",\"position\":2,\"name\":\"Frei Ermelindo celebra Primeira Missa\"}]},{\"@type\":\"Person\",\"@id\":\"https:\/\/franciscanos.org.br\/noticias\/#\/schema\/person\/b5c8cba458c330ccff548b056e95a5d4\",\"name\":\"moacir\",\"image\":{\"@type\":\"ImageObject\",\"inLanguage\":\"pt-BR\",\"@id\":\"https:\/\/franciscanos.org.br\/noticias\/#\/schema\/person\/image\/\",\"url\":\"https:\/\/secure.gravatar.com\/avatar\/d08aa2ce4c8dd416d4479aa8536fcf64?s=96&d=mm&r=g\",\"contentUrl\":\"https:\/\/secure.gravatar.com\/avatar\/d08aa2ce4c8dd416d4479aa8536fcf64?s=96&d=mm&r=g\",\"caption\":\"moacir\"},\"url\":\"https:\/\/franciscanos.org.br\/noticias\/author\/moacir\"}]}<\/script>\n<!-- \/ Yoast SEO plugin. -->","yoast_head_json":{"title":"Frei Ermelindo celebra Primeira Missa - Not\u00edcias - Franciscanos","robots":{"index":"index","follow":"follow","max-snippet":"max-snippet:-1","max-image-preview":"max-image-preview:large","max-video-preview":"max-video-preview:-1"},"canonical":"https:\/\/franciscanos.org.br\/noticias\/frei-ermelindo-celebra-primeira-missa.html","og_locale":"pt_BR","og_type":"article","og_title":"Frei Ermelindo celebra Primeira Missa - Not\u00edcias - Franciscanos","og_description":"Primeira Missa de Frei Ermelindo","og_url":"https:\/\/franciscanos.org.br\/noticias\/frei-ermelindo-celebra-primeira-missa.html","og_site_name":"Not\u00edcias - Franciscanos","article_published_time":"2018-11-29T12:52:05+00:00","article_modified_time":"2020-06-06T18:44:29+00:00","og_image":[{"width":273,"height":181,"url":"https:\/\/franciscanos.org.br\/noticias\/wp-content\/uploads\/2018\/11\/ermelindo_281118_d.jpg","type":"image\/jpeg"}],"author":"moacir","twitter_card":"summary_large_image","twitter_misc":{"Escrito por":"moacir","Est. tempo de leitura":"2 minutos"},"schema":{"@context":"https:\/\/schema.org","@graph":[{"@type":"WebSite","@id":"https:\/\/franciscanos.org.br\/noticias\/#website","url":"https:\/\/franciscanos.org.br\/noticias\/","name":"Not\u00edcias - Franciscanos","description":"Prov\u00edncia Franciscana da Imaculada Concei\u00e7\u00e3o do Brasil - Ordem dos Frades Menores - OFM","potentialAction":[{"@type":"SearchAction","target":{"@type":"EntryPoint","urlTemplate":"https:\/\/franciscanos.org.br\/noticias\/?s={search_term_string}"},"query-input":"required name=search_term_string"}],"inLanguage":"pt-BR"},{"@type":"ImageObject","inLanguage":"pt-BR","@id":"https:\/\/franciscanos.org.br\/noticias\/frei-ermelindo-celebra-primeira-missa.html#primaryimage","url":"https:\/\/franciscanos.org.br\/noticias\/wp-content\/uploads\/2018\/11\/ermelindo_281118_d.jpg","contentUrl":"https:\/\/franciscanos.org.br\/noticias\/wp-content\/uploads\/2018\/11\/ermelindo_281118_d.jpg","width":273,"height":181},{"@type":"WebPage","@id":"https:\/\/franciscanos.org.br\/noticias\/frei-ermelindo-celebra-primeira-missa.html#webpage","url":"https:\/\/franciscanos.org.br\/noticias\/frei-ermelindo-celebra-primeira-missa.html","name":"Frei Ermelindo celebra Primeira Missa - Not\u00edcias - Franciscanos","isPartOf":{"@id":"https:\/\/franciscanos.org.br\/noticias\/#website"},"primaryImageOfPage":{"@id":"https:\/\/franciscanos.org.br\/noticias\/frei-ermelindo-celebra-primeira-missa.html#primaryimage"},"datePublished":"2018-11-29T12:52:05+00:00","dateModified":"2020-06-06T18:44:29+00:00","author":{"@id":"https:\/\/franciscanos.org.br\/noticias\/#\/schema\/person\/b5c8cba458c330ccff548b056e95a5d4"},"breadcrumb":{"@id":"https:\/\/franciscanos.org.br\/noticias\/frei-ermelindo-celebra-primeira-missa.html#breadcrumb"},"inLanguage":"pt-BR","potentialAction":[{"@type":"ReadAction","target":["https:\/\/franciscanos.org.br\/noticias\/frei-ermelindo-celebra-primeira-missa.html"]}]},{"@type":"BreadcrumbList","@id":"https:\/\/franciscanos.org.br\/noticias\/frei-ermelindo-celebra-primeira-missa.html#breadcrumb","itemListElement":[{"@type":"ListItem","position":1,"name":"Home","item":"https:\/\/franciscanos.org.br\/noticias"},{"@type":"ListItem","position":2,"name":"Frei Ermelindo celebra Primeira Missa"}]},{"@type":"Person","@id":"https:\/\/franciscanos.org.br\/noticias\/#\/schema\/person\/b5c8cba458c330ccff548b056e95a5d4","name":"moacir","image":{"@type":"ImageObject","inLanguage":"pt-BR","@id":"https:\/\/franciscanos.org.br\/noticias\/#\/schema\/person\/image\/","url":"https:\/\/secure.gravatar.com\/avatar\/d08aa2ce4c8dd416d4479aa8536fcf64?s=96&d=mm&r=g","contentUrl":"https:\/\/secure.gravatar.com\/avatar\/d08aa2ce4c8dd416d4479aa8536fcf64?s=96&d=mm&r=g","caption":"moacir"},"url":"https:\/\/franciscanos.org.br\/noticias\/author\/moacir"}]}},"_links":{"self":[{"href":"https:\/\/franciscanos.org.br\/noticias\/wp-json\/wp\/v2\/posts\/191926"}],"collection":[{"href":"https:\/\/franciscanos.org.br\/noticias\/wp-json\/wp\/v2\/posts"}],"about":[{"href":"https:\/\/franciscanos.org.br\/noticias\/wp-json\/wp\/v2\/types\/post"}],"author":[{"embeddable":true,"href":"https:\/\/franciscanos.org.br\/noticias\/wp-json\/wp\/v2\/users\/3"}],"replies":[{"embeddable":true,"href":"https:\/\/franciscanos.org.br\/noticias\/wp-json\/wp\/v2\/comments?post=191926"}],"version-history":[{"count":1,"href":"https:\/\/franciscanos.org.br\/noticias\/wp-json\/wp\/v2\/posts\/191926\/revisions"}],"predecessor-version":[{"id":224647,"href":"https:\/\/franciscanos.org.br\/noticias\/wp-json\/wp\/v2\/posts\/191926\/revisions\/224647"}],"wp:featuredmedia":[{"embeddable":true,"href":"https:\/\/franciscanos.org.br\/noticias\/wp-json\/wp\/v2\/media\/191931"}],"wp:attachment":[{"href":"https:\/\/franciscanos.org.br\/noticias\/wp-json\/wp\/v2\/media?parent=191926"}],"wp:term":[{"taxonomy":"category","embeddable":true,"href":"https:\/\/franciscanos.org.br\/noticias\/wp-json\/wp\/v2\/categories?post=191926"},{"taxonomy":"post_tag","embeddable":true,"href":"https:\/\/franciscanos.org.br\/noticias\/wp-json\/wp\/v2\/tags?post=191926"}],"curies":[{"name":"wp","href":"https:\/\/api.w.org\/{rel}","templated":true}]}}