{"id":191860,"date":"2018-12-01T00:13:17","date_gmt":"2018-12-01T02:13:17","guid":{"rendered":"https:\/\/franciscanos.org.br\/noticias\/?p=191860"},"modified":"2020-06-06T15:33:37","modified_gmt":"2020-06-06T18:33:37","slug":"lancada-a-festa-da-penha-2019","status":"publish","type":"post","link":"https:\/\/franciscanos.org.br\/noticias\/lancada-a-festa-da-penha-2019.html","title":{"rendered":"Festa da Penha 2019 d\u00e1 aten\u00e7\u00e3o para o jovem"},"content":{"rendered":"<p><img loading=\"lazy\" class=\"alignnone size-full wp-image-191862\" src=\"https:\/\/franciscanos.org.br\/noticias\/wp-content\/uploads\/2018\/11\/penha_281118.jpg\" alt=\"\" width=\"890\" height=\"353\" srcset=\"https:\/\/franciscanos.org.br\/noticias\/wp-content\/uploads\/2018\/11\/penha_281118.jpg 890w, https:\/\/franciscanos.org.br\/noticias\/wp-content\/uploads\/2018\/11\/penha_281118-450x178.jpg 450w, https:\/\/franciscanos.org.br\/noticias\/wp-content\/uploads\/2018\/11\/penha_281118-768x305.jpg 768w, https:\/\/franciscanos.org.br\/noticias\/wp-content\/uploads\/2018\/11\/penha_281118-150x59.jpg 150w\" sizes=\"(max-width: 890px) 100vw, 890px\" \/><\/p>\n<p><strong>Vila Velha (ES)<\/strong> &#8211; O jovem est\u00e1 no foco da Festa da Penha 2019, tendo em vista o S\u00ednodo do Jovens, rec\u00e9m-encerrado, e a Jornada Mundial da Juventude, no final de janeiro, no Panam\u00e1, e que tem como tema a resposta de Maria ao chamado de Deus: \u00abEis a serva do Senhor, fa\u00e7a-se em mim segundo a tua palavra\u00bb (Lc 1, 38). Nessa sintonia, a Festa deste ano ter\u00e1 como tema: &#8220;Eis aqui a serva do Senhor\u201d (Lc 1, 38), que tamb\u00e9m \u00e9 a primeira das 7 Alegrias de Nossa Senhora.<\/p>\n<p>O Convento da Penha, a Arquidiocese de Vit\u00f3ria e a Associa\u00e7\u00e3o dos Amigos do Convento da Penha lan\u00e7aram, na manh\u00e3 desta ter\u00e7a-feira (27\/11), a Festa da Penha 2019. Foram apresentados pelo Convento da Penha, pela Arquidiocese de Vit\u00f3ria e pela Associa\u00e7\u00e3o dos Amigos do Convento da Penha, o tema, lema, a programa\u00e7\u00e3o e a logomarca oficial. A festa, que sempre tem in\u00edcio no Domingo da P\u00e1scoa do Senhor, que neste ano \u00e9 dia 21 de abril, \u00a0se estender\u00e1 at\u00e9 o dia 29 de abril, dia da Padroeira do Esp\u00edrito Santo.<\/p>\n<p>Est\u00e3o previstas as tradicionais romarias, Missas, Oitav\u00e1rio, shows e eventos noturnos, al\u00e9m da devo\u00e7\u00e3o e amor que os capixabas e fi\u00e9is peregrinos j\u00e1 manifestam \u00e0 M\u00e3e da Penha. No lan\u00e7amento \u00e0 imprensa, Frei Pedro de Oliveira acolheu a todos com a\u00a0 ora\u00e7\u00e3o inicial e falou brevemente sobre a hist\u00f3ria da Festa da Penha, do Convento e da devo\u00e7\u00e3o capixaba. Explicou tamb\u00e9m o tema extra\u00eddo do Evangelho de Lucas. \u201c\u00c9 quando ela recebe o an\u00fancio do anjo dizendo que seria a m\u00e3e de Jesus e, espontaneamente, diz \u2018eis aqui a serva\u2019&#8221;, disse o frade, lembrando que os frades cuidam do Santu\u00e1rio h\u00e1 mais de quatro s\u00e9culos. &#8220;Os franciscanos s\u00e3o os guardi\u00e3es da Padroeira do Esp\u00edrito Santo. A nossa grande responsabilidade \u00e9 cuidar da Padroeira n\u00e3o s\u00f3 de todos os capixabas, mas porque n\u00e3o de todos os brasileiros, porque \u00e9 uma festa que se espalhou pelo Brasil e pelo mundo\u201d, disse, j\u00e1 que peregrinos de todo o pa\u00eds visitam o Santu\u00e1rio e falam da Festa da Penha do Esp\u00edrito Santo.<\/p>\n<p><img loading=\"lazy\" class=\"alignnone size-full wp-image-191863\" src=\"https:\/\/franciscanos.org.br\/noticias\/wp-content\/uploads\/2018\/11\/penha_281118_1.png\" alt=\"\" width=\"890\" height=\"462\" srcset=\"https:\/\/franciscanos.org.br\/noticias\/wp-content\/uploads\/2018\/11\/penha_281118_1.png 890w, https:\/\/franciscanos.org.br\/noticias\/wp-content\/uploads\/2018\/11\/penha_281118_1-450x234.png 450w, https:\/\/franciscanos.org.br\/noticias\/wp-content\/uploads\/2018\/11\/penha_281118_1-768x399.png 768w, https:\/\/franciscanos.org.br\/noticias\/wp-content\/uploads\/2018\/11\/penha_281118_1-150x78.png 150w\" sizes=\"(max-width: 890px) 100vw, 890px\" \/><\/p>\n<p>Para Frei Pedro, \u201co grande foco da Festa da Penha 2019 \u00e9 a juventude e a voca\u00e7\u00e3o, sobretudo a voca\u00e7\u00e3o do jovem em geral, tanto do lado religioso quanto do lado profissional. &#8220;Investir no jovem \u00e9 fundamental, investir na juventude \u00e9 investir no futuro do Brasil\u2026 Voca\u00e7\u00e3o dos jovens, n\u00e3o s\u00f3 para a vida religiosa, mas para o mundo do trabalho. N\u00f3s, de fato, acreditamos e esperamos que haja um grande envolvimento da juventude neste evento\u201d, finalizou.<\/p>\n<p>Para Padre Renato Criste, coordenador de Pastoral da Arquidiocese de Vit\u00f3ria, \u00a0a Festa da Penha est\u00e1 relacionada diretamente \u00e0 festa da luz porque acontece no tempo pascal (oitava da p\u00e1scoa). A partir desta \u201crela\u00e7\u00e3o iluminadora\u201d, foi poss\u00edvel desenvolver a arte oficial da festa contemplando um dos mais marcantes elementos decorativos que aparecem nas igrejas: os vitrais.<\/p>\n<p>O coordenador de Pastoral disse que a Comiss\u00e3o Geral estuda enfatizar e agregar mais a juventude \u00e0 Festa, incluindo a peregrina\u00e7\u00e3o dos jovens dentro da romaria. Garantiu ainda que a programa\u00e7\u00e3o cultural ser\u00e1 jovem e estar\u00e1 na linguagem mais pr\u00f3xima poss\u00edvel do jovem. Por fim, explicou como foi a escolha do tema e arte. \u201cN\u00f3s fomos buscar na teologia, na Sagrada Escritura, na tradi\u00e7\u00e3o, os fundamentos para a escolha desta identidade visual. A luz \u00e9 um s\u00edmbolo caracter\u00edstico nas Sagradas Escrituras e na tradi\u00e7\u00e3o da Igreja e a pr\u00f3pria cor, o amarelo, nos remete ao divino, \u00e0 for\u00e7a, \u00e0 vida. A Festa da Penha come\u00e7a exatamente no domingo da P\u00e1scoa, da ressurrei\u00e7\u00e3o do Senhor, que \u00e9 a festa da luz, a festa das alegrias. Ent\u00e3o, a identidade visual deste ano quis trazer esse s\u00edmbolo marcante para o cristianismo, a for\u00e7a da luz que nos remete tamb\u00e9m \u00e0 divindade\u201d, concluiu o coordenador. Tamb\u00e9m estava presente no lan\u00e7amento Padre Gudialace Oliveira, da Par\u00f3quia Nossa Senhora das Gra\u00e7as de Vila Velha e um dos integrantes da Comiss\u00e3o Geral de organiza\u00e7\u00e3o da Festa da Penha.<\/p>\n<p>Para a subsecret\u00e1ria de Turismo de Vila Velha e ex-campe\u00e3 mundial de bodyboard, Neymara Carvalho, a Festa da Penha \u00e9 o principal e mais esperado evento do ano, atraindo milhares de turistas. Neymara adiantou que a Prefeitura est\u00e1 trabalhando para que &#8220;a festa seja a mais bonita do Brasil&#8221;, estruturando com tudo que for preciso e necess\u00e1rio para a realiza\u00e7\u00e3o da &#8220;mais expressiva manifesta\u00e7\u00e3o de f\u00e9 do Esp\u00edrito Santo\u201d. Ela acredita tamb\u00e9m que o Convento, por ser um dos maiores monumentos tur\u00edsticos do Brasil, ap\u00f3s a nova ilumina\u00e7\u00e3o, deve atrair ainda mais pessoas.<\/p>\n<p>Mais informa\u00e7\u00f5es: www.conventodapenha.org.br<\/p>\n<p>A PROGRAMA\u00c7\u00c3O DA FESTA DA PENHA 2019<\/p>\n<p><img loading=\"lazy\" class=\"alignnone size-full wp-image-191861\" src=\"https:\/\/franciscanos.org.br\/noticias\/wp-content\/uploads\/2018\/11\/penha_281118_2.jpg\" alt=\"\" width=\"890\" height=\"629\" srcset=\"https:\/\/franciscanos.org.br\/noticias\/wp-content\/uploads\/2018\/11\/penha_281118_2.jpg 890w, https:\/\/franciscanos.org.br\/noticias\/wp-content\/uploads\/2018\/11\/penha_281118_2-450x318.jpg 450w, https:\/\/franciscanos.org.br\/noticias\/wp-content\/uploads\/2018\/11\/penha_281118_2-768x543.jpg 768w, https:\/\/franciscanos.org.br\/noticias\/wp-content\/uploads\/2018\/11\/penha_281118_2-150x106.jpg 150w\" sizes=\"(max-width: 890px) 100vw, 890px\" \/><\/p>\n","protected":false},"excerpt":{"rendered":"<p>Festa da Penha 2019<\/p>\n","protected":false},"author":3,"featured_media":191864,"comment_status":"open","ping_status":"open","sticky":false,"template":"","format":"standard","meta":[],"categories":[1],"tags":[245],"acf":[],"yoast_head":"<!-- This site is optimized with the Yoast SEO plugin v19.2 - https:\/\/yoast.com\/wordpress\/plugins\/seo\/ -->\n<title>Festa da Penha 2019 d\u00e1 aten\u00e7\u00e3o para o jovem - Not\u00edcias - Franciscanos<\/title>\n<meta name=\"robots\" content=\"index, follow, max-snippet:-1, max-image-preview:large, max-video-preview:-1\" \/>\n<link rel=\"canonical\" href=\"https:\/\/franciscanos.org.br\/noticias\/lancada-a-festa-da-penha-2019.html\" \/>\n<meta property=\"og:locale\" content=\"pt_BR\" \/>\n<meta property=\"og:type\" content=\"article\" \/>\n<meta property=\"og:title\" content=\"Festa da Penha 2019 d\u00e1 aten\u00e7\u00e3o para o jovem - Not\u00edcias - Franciscanos\" \/>\n<meta property=\"og:description\" content=\"Festa da Penha 2019\" \/>\n<meta property=\"og:url\" content=\"https:\/\/franciscanos.org.br\/noticias\/lancada-a-festa-da-penha-2019.html\" \/>\n<meta property=\"og:site_name\" content=\"Not\u00edcias - Franciscanos\" \/>\n<meta property=\"article:published_time\" content=\"2018-12-01T02:13:17+00:00\" \/>\n<meta property=\"article:modified_time\" content=\"2020-06-06T18:33:37+00:00\" \/>\n<meta property=\"og:image\" content=\"https:\/\/franciscanos.org.br\/noticias\/wp-content\/uploads\/2018\/11\/penha_281118_d.png\" \/>\n\t<meta property=\"og:image:width\" content=\"273\" \/>\n\t<meta property=\"og:image:height\" content=\"181\" \/>\n\t<meta property=\"og:image:type\" content=\"image\/png\" \/>\n<meta name=\"author\" content=\"moacir\" \/>\n<meta name=\"twitter:card\" content=\"summary_large_image\" \/>\n<meta name=\"twitter:label1\" content=\"Escrito por\" \/>\n\t<meta name=\"twitter:data1\" content=\"moacir\" \/>\n\t<meta name=\"twitter:label2\" content=\"Est. tempo de leitura\" \/>\n\t<meta name=\"twitter:data2\" content=\"4 minutos\" \/>\n<script type=\"application\/ld+json\" class=\"yoast-schema-graph\">{\"@context\":\"https:\/\/schema.org\",\"@graph\":[{\"@type\":\"WebSite\",\"@id\":\"https:\/\/franciscanos.org.br\/noticias\/#website\",\"url\":\"https:\/\/franciscanos.org.br\/noticias\/\",\"name\":\"Not\u00edcias - Franciscanos\",\"description\":\"Prov\u00edncia Franciscana da Imaculada Concei\u00e7\u00e3o do Brasil - Ordem dos Frades Menores - OFM\",\"potentialAction\":[{\"@type\":\"SearchAction\",\"target\":{\"@type\":\"EntryPoint\",\"urlTemplate\":\"https:\/\/franciscanos.org.br\/noticias\/?s={search_term_string}\"},\"query-input\":\"required name=search_term_string\"}],\"inLanguage\":\"pt-BR\"},{\"@type\":\"ImageObject\",\"inLanguage\":\"pt-BR\",\"@id\":\"https:\/\/franciscanos.org.br\/noticias\/lancada-a-festa-da-penha-2019.html#primaryimage\",\"url\":\"https:\/\/franciscanos.org.br\/noticias\/wp-content\/uploads\/2018\/11\/penha_281118_d.png\",\"contentUrl\":\"https:\/\/franciscanos.org.br\/noticias\/wp-content\/uploads\/2018\/11\/penha_281118_d.png\",\"width\":273,\"height\":181},{\"@type\":\"WebPage\",\"@id\":\"https:\/\/franciscanos.org.br\/noticias\/lancada-a-festa-da-penha-2019.html#webpage\",\"url\":\"https:\/\/franciscanos.org.br\/noticias\/lancada-a-festa-da-penha-2019.html\",\"name\":\"Festa da Penha 2019 d\u00e1 aten\u00e7\u00e3o para o jovem - Not\u00edcias - Franciscanos\",\"isPartOf\":{\"@id\":\"https:\/\/franciscanos.org.br\/noticias\/#website\"},\"primaryImageOfPage\":{\"@id\":\"https:\/\/franciscanos.org.br\/noticias\/lancada-a-festa-da-penha-2019.html#primaryimage\"},\"datePublished\":\"2018-12-01T02:13:17+00:00\",\"dateModified\":\"2020-06-06T18:33:37+00:00\",\"author\":{\"@id\":\"https:\/\/franciscanos.org.br\/noticias\/#\/schema\/person\/b5c8cba458c330ccff548b056e95a5d4\"},\"breadcrumb\":{\"@id\":\"https:\/\/franciscanos.org.br\/noticias\/lancada-a-festa-da-penha-2019.html#breadcrumb\"},\"inLanguage\":\"pt-BR\",\"potentialAction\":[{\"@type\":\"ReadAction\",\"target\":[\"https:\/\/franciscanos.org.br\/noticias\/lancada-a-festa-da-penha-2019.html\"]}]},{\"@type\":\"BreadcrumbList\",\"@id\":\"https:\/\/franciscanos.org.br\/noticias\/lancada-a-festa-da-penha-2019.html#breadcrumb\",\"itemListElement\":[{\"@type\":\"ListItem\",\"position\":1,\"name\":\"Home\",\"item\":\"https:\/\/franciscanos.org.br\/noticias\"},{\"@type\":\"ListItem\",\"position\":2,\"name\":\"Festa da Penha 2019 d\u00e1 aten\u00e7\u00e3o para o jovem\"}]},{\"@type\":\"Person\",\"@id\":\"https:\/\/franciscanos.org.br\/noticias\/#\/schema\/person\/b5c8cba458c330ccff548b056e95a5d4\",\"name\":\"moacir\",\"image\":{\"@type\":\"ImageObject\",\"inLanguage\":\"pt-BR\",\"@id\":\"https:\/\/franciscanos.org.br\/noticias\/#\/schema\/person\/image\/\",\"url\":\"https:\/\/secure.gravatar.com\/avatar\/d08aa2ce4c8dd416d4479aa8536fcf64?s=96&d=mm&r=g\",\"contentUrl\":\"https:\/\/secure.gravatar.com\/avatar\/d08aa2ce4c8dd416d4479aa8536fcf64?s=96&d=mm&r=g\",\"caption\":\"moacir\"},\"url\":\"https:\/\/franciscanos.org.br\/noticias\/author\/moacir\"}]}<\/script>\n<!-- \/ Yoast SEO plugin. -->","yoast_head_json":{"title":"Festa da Penha 2019 d\u00e1 aten\u00e7\u00e3o para o jovem - Not\u00edcias - Franciscanos","robots":{"index":"index","follow":"follow","max-snippet":"max-snippet:-1","max-image-preview":"max-image-preview:large","max-video-preview":"max-video-preview:-1"},"canonical":"https:\/\/franciscanos.org.br\/noticias\/lancada-a-festa-da-penha-2019.html","og_locale":"pt_BR","og_type":"article","og_title":"Festa da Penha 2019 d\u00e1 aten\u00e7\u00e3o para o jovem - Not\u00edcias - Franciscanos","og_description":"Festa da Penha 2019","og_url":"https:\/\/franciscanos.org.br\/noticias\/lancada-a-festa-da-penha-2019.html","og_site_name":"Not\u00edcias - Franciscanos","article_published_time":"2018-12-01T02:13:17+00:00","article_modified_time":"2020-06-06T18:33:37+00:00","og_image":[{"width":273,"height":181,"url":"https:\/\/franciscanos.org.br\/noticias\/wp-content\/uploads\/2018\/11\/penha_281118_d.png","type":"image\/png"}],"author":"moacir","twitter_card":"summary_large_image","twitter_misc":{"Escrito por":"moacir","Est. tempo de leitura":"4 minutos"},"schema":{"@context":"https:\/\/schema.org","@graph":[{"@type":"WebSite","@id":"https:\/\/franciscanos.org.br\/noticias\/#website","url":"https:\/\/franciscanos.org.br\/noticias\/","name":"Not\u00edcias - Franciscanos","description":"Prov\u00edncia Franciscana da Imaculada Concei\u00e7\u00e3o do Brasil - Ordem dos Frades Menores - OFM","potentialAction":[{"@type":"SearchAction","target":{"@type":"EntryPoint","urlTemplate":"https:\/\/franciscanos.org.br\/noticias\/?s={search_term_string}"},"query-input":"required name=search_term_string"}],"inLanguage":"pt-BR"},{"@type":"ImageObject","inLanguage":"pt-BR","@id":"https:\/\/franciscanos.org.br\/noticias\/lancada-a-festa-da-penha-2019.html#primaryimage","url":"https:\/\/franciscanos.org.br\/noticias\/wp-content\/uploads\/2018\/11\/penha_281118_d.png","contentUrl":"https:\/\/franciscanos.org.br\/noticias\/wp-content\/uploads\/2018\/11\/penha_281118_d.png","width":273,"height":181},{"@type":"WebPage","@id":"https:\/\/franciscanos.org.br\/noticias\/lancada-a-festa-da-penha-2019.html#webpage","url":"https:\/\/franciscanos.org.br\/noticias\/lancada-a-festa-da-penha-2019.html","name":"Festa da Penha 2019 d\u00e1 aten\u00e7\u00e3o para o jovem - Not\u00edcias - Franciscanos","isPartOf":{"@id":"https:\/\/franciscanos.org.br\/noticias\/#website"},"primaryImageOfPage":{"@id":"https:\/\/franciscanos.org.br\/noticias\/lancada-a-festa-da-penha-2019.html#primaryimage"},"datePublished":"2018-12-01T02:13:17+00:00","dateModified":"2020-06-06T18:33:37+00:00","author":{"@id":"https:\/\/franciscanos.org.br\/noticias\/#\/schema\/person\/b5c8cba458c330ccff548b056e95a5d4"},"breadcrumb":{"@id":"https:\/\/franciscanos.org.br\/noticias\/lancada-a-festa-da-penha-2019.html#breadcrumb"},"inLanguage":"pt-BR","potentialAction":[{"@type":"ReadAction","target":["https:\/\/franciscanos.org.br\/noticias\/lancada-a-festa-da-penha-2019.html"]}]},{"@type":"BreadcrumbList","@id":"https:\/\/franciscanos.org.br\/noticias\/lancada-a-festa-da-penha-2019.html#breadcrumb","itemListElement":[{"@type":"ListItem","position":1,"name":"Home","item":"https:\/\/franciscanos.org.br\/noticias"},{"@type":"ListItem","position":2,"name":"Festa da Penha 2019 d\u00e1 aten\u00e7\u00e3o para o jovem"}]},{"@type":"Person","@id":"https:\/\/franciscanos.org.br\/noticias\/#\/schema\/person\/b5c8cba458c330ccff548b056e95a5d4","name":"moacir","image":{"@type":"ImageObject","inLanguage":"pt-BR","@id":"https:\/\/franciscanos.org.br\/noticias\/#\/schema\/person\/image\/","url":"https:\/\/secure.gravatar.com\/avatar\/d08aa2ce4c8dd416d4479aa8536fcf64?s=96&d=mm&r=g","contentUrl":"https:\/\/secure.gravatar.com\/avatar\/d08aa2ce4c8dd416d4479aa8536fcf64?s=96&d=mm&r=g","caption":"moacir"},"url":"https:\/\/franciscanos.org.br\/noticias\/author\/moacir"}]}},"_links":{"self":[{"href":"https:\/\/franciscanos.org.br\/noticias\/wp-json\/wp\/v2\/posts\/191860"}],"collection":[{"href":"https:\/\/franciscanos.org.br\/noticias\/wp-json\/wp\/v2\/posts"}],"about":[{"href":"https:\/\/franciscanos.org.br\/noticias\/wp-json\/wp\/v2\/types\/post"}],"author":[{"embeddable":true,"href":"https:\/\/franciscanos.org.br\/noticias\/wp-json\/wp\/v2\/users\/3"}],"replies":[{"embeddable":true,"href":"https:\/\/franciscanos.org.br\/noticias\/wp-json\/wp\/v2\/comments?post=191860"}],"version-history":[{"count":2,"href":"https:\/\/franciscanos.org.br\/noticias\/wp-json\/wp\/v2\/posts\/191860\/revisions"}],"predecessor-version":[{"id":224644,"href":"https:\/\/franciscanos.org.br\/noticias\/wp-json\/wp\/v2\/posts\/191860\/revisions\/224644"}],"wp:featuredmedia":[{"embeddable":true,"href":"https:\/\/franciscanos.org.br\/noticias\/wp-json\/wp\/v2\/media\/191864"}],"wp:attachment":[{"href":"https:\/\/franciscanos.org.br\/noticias\/wp-json\/wp\/v2\/media?parent=191860"}],"wp:term":[{"taxonomy":"category","embeddable":true,"href":"https:\/\/franciscanos.org.br\/noticias\/wp-json\/wp\/v2\/categories?post=191860"},{"taxonomy":"post_tag","embeddable":true,"href":"https:\/\/franciscanos.org.br\/noticias\/wp-json\/wp\/v2\/tags?post=191860"}],"curies":[{"name":"wp","href":"https:\/\/api.w.org\/{rel}","templated":true}]}}