{"id":191594,"date":"2018-11-27T08:07:40","date_gmt":"2018-11-27T10:07:40","guid":{"rendered":"https:\/\/franciscanos.org.br\/noticias\/?p=191594"},"modified":"2020-06-06T15:54:15","modified_gmt":"2020-06-06T18:54:15","slug":"santa-marta-pensar-no-fim-nos-ajuda-a-seguir-em-frente","status":"publish","type":"post","link":"https:\/\/franciscanos.org.br\/noticias\/santa-marta-pensar-no-fim-nos-ajuda-a-seguir-em-frente.html","title":{"rendered":"Papa: Pensar no fim nos ajuda a seguir em frente"},"content":{"rendered":"<p><strong><img loading=\"lazy\" class=\"alignleft size-full wp-image-191595\" src=\"https:\/\/franciscanos.org.br\/noticias\/wp-content\/uploads\/2018\/11\/marta_271118-980.jpg\" alt=\"\" width=\"980\" height=\"549\" srcset=\"https:\/\/franciscanos.org.br\/noticias\/wp-content\/uploads\/2018\/11\/marta_271118-980.jpg 980w, https:\/\/franciscanos.org.br\/noticias\/wp-content\/uploads\/2018\/11\/marta_271118-980-450x252.jpg 450w, https:\/\/franciscanos.org.br\/noticias\/wp-content\/uploads\/2018\/11\/marta_271118-980-768x430.jpg 768w, https:\/\/franciscanos.org.br\/noticias\/wp-content\/uploads\/2018\/11\/marta_271118-980-150x84.jpg 150w\" sizes=\"(max-width: 980px) 100vw, 980px\" \/>Cidade do Vaticano &#8211;<\/strong> &#8220;Como ser\u00e1 o meu fim? Como eu gostaria que o Senhor me encontrasse quando me chamar?&#8221; \u00c9 s\u00e1bio pensar no fim&#8221;, \u201cnos ajuda a seguir em frente\u201d, a fazer um exame de consci\u00eancia sobre que coisas eu deveria corrigir e quais \u201clevar em frente porque s\u00e3o boas&#8221;.<\/p>\n<p>O Papa Francisco dedicou sua homilia matutina na Casa Santa Marta ao fim do mundo e da pr\u00f3pria vida, porque &#8220;nesta \u00faltima semana do ano lit\u00fargico, a Igreja nos faz refletir sobre isso, e \u201c\u00e9 uma gra\u00e7a&#8221;, comenta Papa, &#8220;porque n\u00e3o gostamos de pensar no fim&#8221;, &#8220;adiamos esta reflex\u00e3o sempre para amanh\u00e3\u201d.<\/p>\n<p>Na primeira leitura, tirada do livro do Apocalipse, S\u00e3o Jo\u00e3o fala do fim do mundo &#8220;com a figura da colheita&#8221;, com Cristo e um Anjo armado com uma foice. Quando chegar nossa hora, prossegue Francisco, deveremos &#8220;mostrar a qualidade do nosso trigo, a qualidade da nossa vida&#8221;. E acrescenta: &#8220;Talvez algu\u00e9m entre voc\u00eas diga: &#8216;Padre, n\u00e3o seja t\u00e3o sombrio, que estas coisas n\u00e3o nos agradam &#8230;&#8217;, mas \u00e9 a verdade&#8221;:<\/p>\n<p>\u201c\u00c9 a colheita, onde cada um de n\u00f3s se encontrar\u00e1 com o Senhor. Ser\u00e1 um encontro e cada um de n\u00f3s dir\u00e1 ao Senhor: &#8220;Esta \u00e9 a minha vida. Este \u00e9 meu trigo. Esta \u00e9 minha qualidade de vida. Errei? &#8220;- todos deveremos dizer isso, porque todos erramos &#8211; &#8220;Fiz coisas boas&#8221; &#8211; todos fazemos coisas boas; e um pouco mostrar ao Senhor o trigo\u201d.<\/p>\n<p>O que eu diria, pergunta-se ainda o Pont\u00edfice, &#8220;se hoje o Senhor me chamasse? &#8216;Ah, nem percebi, eu estava distra\u00eddo &#8230;&#8217;. N\u00f3s n\u00e3o sabemos nem o dia nem a hora. &#8216;Mas padre, n\u00e3o fale assim que eu sou jovem&#8217; &#8211; &#8216;Mas olha quantos jovens partem, quantos jovens s\u00e3o chamados &#8230;&#8217;. Ningu\u00e9m tem a pr\u00f3pria vida assegurada &#8220;.<\/p>\n<p>Em vez disso, \u00e9 certo que todos n\u00f3s teremos um fim. Quando? Somente Deus o sabe:<\/p>\n<p>\u201cNos far\u00e1 bem nesta semana pensar no fim. Se o Senhor me chamasse hoje, o que eu faria? O que eu diria? Que trigo eu mostraria a ele? O pensamento do fim nos ajuda a seguir em frente; n\u00e3o \u00e9 um pensamento est\u00e1tico: \u00e9 um pensamento que avan\u00e7a porque \u00e9 levado em frente pela virtude, pela esperan\u00e7a. Sim, haver\u00e1 um fim, mas esse fim ser\u00e1 um encontro: um encontro com o Senhor. \u00c9 verdade, ser\u00e1 uma presta\u00e7\u00e3o de contas daquilo que fiz, mas tamb\u00e9m ser\u00e1 um encontro de miseric\u00f3rdia, de alegria, de felicidade. Pensar no fim, no final da cria\u00e7\u00e3o, no fim da pr\u00f3pria vida \u00e9 sabedoria; os s\u00e1bios fazem isso\u201d.<\/p>\n<p>Assim, conclui o Papa Francisco, a Igreja convida-nos esta semana a nos perguntarmos &#8220;como ser\u00e1 o meu fim? Como eu gostaria que o Senhor me encontrasse quando ele me chamar? Devo fazer &#8220;um exame de consci\u00eancia&#8221; e avaliar &#8220;que coisas eu deveria corrigir, porque n\u00e3o est\u00e3o bem? Que coisas devo apoiar e levar em frente porque s\u00e3o boas? Cada um de n\u00f3s tem tantas coisas boas!&#8221;. E neste pensamento n\u00e3o estamos sozinhos: &#8220;h\u00e1 o Esp\u00edrito Santo que nos ajuda&#8221;:<\/p>\n<p>\u201cEsta semana pe\u00e7amos ao Esp\u00edrito Santo a sabedoria do tempo, a sabedoria do fim, a sabedoria da ressurrei\u00e7\u00e3o, a sabedoria do encontro eterno com Jesus; que nos fa\u00e7a entender essa sabedoria que existe na nossa f\u00e9. Ser\u00e1 um dia de alegria o encontro com Jesus. Rezemos para que o Senhor nos prepare. E cada um de n\u00f3s, esta semana, termine a semana pensando no final: &#8220;Eu acabarei. Eu n\u00e3o permanecerei eternamente. Como gostaria de acabar?\u201d<\/p>\n<hr \/>\n<p><em>Fonte: Vatican News<\/em><\/p>\n","protected":false},"excerpt":{"rendered":"<p>Missa em Santa Marta<\/p>\n","protected":false},"author":1,"featured_media":191596,"comment_status":"open","ping_status":"open","sticky":false,"template":"","format":"standard","meta":[],"categories":[1428],"tags":[1586],"acf":[],"yoast_head":"<!-- This site is optimized with the Yoast SEO plugin v19.2 - https:\/\/yoast.com\/wordpress\/plugins\/seo\/ -->\n<title>Papa: Pensar no fim nos ajuda a seguir em frente - Not\u00edcias - Franciscanos<\/title>\n<meta name=\"robots\" content=\"index, follow, max-snippet:-1, max-image-preview:large, max-video-preview:-1\" \/>\n<link rel=\"canonical\" href=\"https:\/\/franciscanos.org.br\/noticias\/santa-marta-pensar-no-fim-nos-ajuda-a-seguir-em-frente.html\" \/>\n<meta property=\"og:locale\" content=\"pt_BR\" \/>\n<meta property=\"og:type\" content=\"article\" \/>\n<meta property=\"og:title\" content=\"Papa: Pensar no fim nos ajuda a seguir em frente - Not\u00edcias - Franciscanos\" \/>\n<meta property=\"og:description\" content=\"Missa em Santa Marta\" \/>\n<meta property=\"og:url\" content=\"https:\/\/franciscanos.org.br\/noticias\/santa-marta-pensar-no-fim-nos-ajuda-a-seguir-em-frente.html\" \/>\n<meta property=\"og:site_name\" content=\"Not\u00edcias - Franciscanos\" \/>\n<meta property=\"article:published_time\" content=\"2018-11-27T10:07:40+00:00\" \/>\n<meta property=\"article:modified_time\" content=\"2020-06-06T18:54:15+00:00\" \/>\n<meta property=\"og:image\" content=\"https:\/\/franciscanos.org.br\/noticias\/wp-content\/uploads\/2018\/11\/marta_271118-273.jpg\" \/>\n\t<meta property=\"og:image:width\" content=\"273\" \/>\n\t<meta property=\"og:image:height\" content=\"181\" \/>\n\t<meta property=\"og:image:type\" content=\"image\/jpeg\" \/>\n<meta name=\"author\" content=\"admin\" \/>\n<meta name=\"twitter:card\" content=\"summary_large_image\" \/>\n<meta name=\"twitter:label1\" content=\"Escrito por\" \/>\n\t<meta name=\"twitter:data1\" content=\"admin\" \/>\n\t<meta name=\"twitter:label2\" content=\"Est. tempo de leitura\" \/>\n\t<meta name=\"twitter:data2\" content=\"3 minutos\" \/>\n<script type=\"application\/ld+json\" class=\"yoast-schema-graph\">{\"@context\":\"https:\/\/schema.org\",\"@graph\":[{\"@type\":\"WebSite\",\"@id\":\"https:\/\/franciscanos.org.br\/noticias\/#website\",\"url\":\"https:\/\/franciscanos.org.br\/noticias\/\",\"name\":\"Not\u00edcias - Franciscanos\",\"description\":\"Prov\u00edncia Franciscana da Imaculada Concei\u00e7\u00e3o do Brasil - Ordem dos Frades Menores - OFM\",\"potentialAction\":[{\"@type\":\"SearchAction\",\"target\":{\"@type\":\"EntryPoint\",\"urlTemplate\":\"https:\/\/franciscanos.org.br\/noticias\/?s={search_term_string}\"},\"query-input\":\"required name=search_term_string\"}],\"inLanguage\":\"pt-BR\"},{\"@type\":\"ImageObject\",\"inLanguage\":\"pt-BR\",\"@id\":\"https:\/\/franciscanos.org.br\/noticias\/santa-marta-pensar-no-fim-nos-ajuda-a-seguir-em-frente.html#primaryimage\",\"url\":\"https:\/\/franciscanos.org.br\/noticias\/wp-content\/uploads\/2018\/11\/marta_271118-273.jpg\",\"contentUrl\":\"https:\/\/franciscanos.org.br\/noticias\/wp-content\/uploads\/2018\/11\/marta_271118-273.jpg\",\"width\":273,\"height\":181},{\"@type\":\"WebPage\",\"@id\":\"https:\/\/franciscanos.org.br\/noticias\/santa-marta-pensar-no-fim-nos-ajuda-a-seguir-em-frente.html#webpage\",\"url\":\"https:\/\/franciscanos.org.br\/noticias\/santa-marta-pensar-no-fim-nos-ajuda-a-seguir-em-frente.html\",\"name\":\"Papa: Pensar no fim nos ajuda a seguir em frente - Not\u00edcias - Franciscanos\",\"isPartOf\":{\"@id\":\"https:\/\/franciscanos.org.br\/noticias\/#website\"},\"primaryImageOfPage\":{\"@id\":\"https:\/\/franciscanos.org.br\/noticias\/santa-marta-pensar-no-fim-nos-ajuda-a-seguir-em-frente.html#primaryimage\"},\"datePublished\":\"2018-11-27T10:07:40+00:00\",\"dateModified\":\"2020-06-06T18:54:15+00:00\",\"author\":{\"@id\":\"https:\/\/franciscanos.org.br\/noticias\/#\/schema\/person\/b38fbf43118f02820bd932f2e4b14ad3\"},\"breadcrumb\":{\"@id\":\"https:\/\/franciscanos.org.br\/noticias\/santa-marta-pensar-no-fim-nos-ajuda-a-seguir-em-frente.html#breadcrumb\"},\"inLanguage\":\"pt-BR\",\"potentialAction\":[{\"@type\":\"ReadAction\",\"target\":[\"https:\/\/franciscanos.org.br\/noticias\/santa-marta-pensar-no-fim-nos-ajuda-a-seguir-em-frente.html\"]}]},{\"@type\":\"BreadcrumbList\",\"@id\":\"https:\/\/franciscanos.org.br\/noticias\/santa-marta-pensar-no-fim-nos-ajuda-a-seguir-em-frente.html#breadcrumb\",\"itemListElement\":[{\"@type\":\"ListItem\",\"position\":1,\"name\":\"Home\",\"item\":\"https:\/\/franciscanos.org.br\/noticias\"},{\"@type\":\"ListItem\",\"position\":2,\"name\":\"Papa: Pensar no fim nos ajuda a seguir em frente\"}]},{\"@type\":\"Person\",\"@id\":\"https:\/\/franciscanos.org.br\/noticias\/#\/schema\/person\/b38fbf43118f02820bd932f2e4b14ad3\",\"name\":\"admin\",\"image\":{\"@type\":\"ImageObject\",\"inLanguage\":\"pt-BR\",\"@id\":\"https:\/\/franciscanos.org.br\/noticias\/#\/schema\/person\/image\/\",\"url\":\"https:\/\/secure.gravatar.com\/avatar\/e8495742d34d0ba6448ea1c628263b3e?s=96&d=mm&r=g\",\"contentUrl\":\"https:\/\/secure.gravatar.com\/avatar\/e8495742d34d0ba6448ea1c628263b3e?s=96&d=mm&r=g\",\"caption\":\"admin\"},\"url\":\"https:\/\/franciscanos.org.br\/noticias\/author\/admin\"}]}<\/script>\n<!-- \/ Yoast SEO plugin. -->","yoast_head_json":{"title":"Papa: Pensar no fim nos ajuda a seguir em frente - Not\u00edcias - Franciscanos","robots":{"index":"index","follow":"follow","max-snippet":"max-snippet:-1","max-image-preview":"max-image-preview:large","max-video-preview":"max-video-preview:-1"},"canonical":"https:\/\/franciscanos.org.br\/noticias\/santa-marta-pensar-no-fim-nos-ajuda-a-seguir-em-frente.html","og_locale":"pt_BR","og_type":"article","og_title":"Papa: Pensar no fim nos ajuda a seguir em frente - Not\u00edcias - Franciscanos","og_description":"Missa em Santa Marta","og_url":"https:\/\/franciscanos.org.br\/noticias\/santa-marta-pensar-no-fim-nos-ajuda-a-seguir-em-frente.html","og_site_name":"Not\u00edcias - Franciscanos","article_published_time":"2018-11-27T10:07:40+00:00","article_modified_time":"2020-06-06T18:54:15+00:00","og_image":[{"width":273,"height":181,"url":"https:\/\/franciscanos.org.br\/noticias\/wp-content\/uploads\/2018\/11\/marta_271118-273.jpg","type":"image\/jpeg"}],"author":"admin","twitter_card":"summary_large_image","twitter_misc":{"Escrito por":"admin","Est. tempo de leitura":"3 minutos"},"schema":{"@context":"https:\/\/schema.org","@graph":[{"@type":"WebSite","@id":"https:\/\/franciscanos.org.br\/noticias\/#website","url":"https:\/\/franciscanos.org.br\/noticias\/","name":"Not\u00edcias - Franciscanos","description":"Prov\u00edncia Franciscana da Imaculada Concei\u00e7\u00e3o do Brasil - Ordem dos Frades Menores - OFM","potentialAction":[{"@type":"SearchAction","target":{"@type":"EntryPoint","urlTemplate":"https:\/\/franciscanos.org.br\/noticias\/?s={search_term_string}"},"query-input":"required name=search_term_string"}],"inLanguage":"pt-BR"},{"@type":"ImageObject","inLanguage":"pt-BR","@id":"https:\/\/franciscanos.org.br\/noticias\/santa-marta-pensar-no-fim-nos-ajuda-a-seguir-em-frente.html#primaryimage","url":"https:\/\/franciscanos.org.br\/noticias\/wp-content\/uploads\/2018\/11\/marta_271118-273.jpg","contentUrl":"https:\/\/franciscanos.org.br\/noticias\/wp-content\/uploads\/2018\/11\/marta_271118-273.jpg","width":273,"height":181},{"@type":"WebPage","@id":"https:\/\/franciscanos.org.br\/noticias\/santa-marta-pensar-no-fim-nos-ajuda-a-seguir-em-frente.html#webpage","url":"https:\/\/franciscanos.org.br\/noticias\/santa-marta-pensar-no-fim-nos-ajuda-a-seguir-em-frente.html","name":"Papa: Pensar no fim nos ajuda a seguir em frente - Not\u00edcias - Franciscanos","isPartOf":{"@id":"https:\/\/franciscanos.org.br\/noticias\/#website"},"primaryImageOfPage":{"@id":"https:\/\/franciscanos.org.br\/noticias\/santa-marta-pensar-no-fim-nos-ajuda-a-seguir-em-frente.html#primaryimage"},"datePublished":"2018-11-27T10:07:40+00:00","dateModified":"2020-06-06T18:54:15+00:00","author":{"@id":"https:\/\/franciscanos.org.br\/noticias\/#\/schema\/person\/b38fbf43118f02820bd932f2e4b14ad3"},"breadcrumb":{"@id":"https:\/\/franciscanos.org.br\/noticias\/santa-marta-pensar-no-fim-nos-ajuda-a-seguir-em-frente.html#breadcrumb"},"inLanguage":"pt-BR","potentialAction":[{"@type":"ReadAction","target":["https:\/\/franciscanos.org.br\/noticias\/santa-marta-pensar-no-fim-nos-ajuda-a-seguir-em-frente.html"]}]},{"@type":"BreadcrumbList","@id":"https:\/\/franciscanos.org.br\/noticias\/santa-marta-pensar-no-fim-nos-ajuda-a-seguir-em-frente.html#breadcrumb","itemListElement":[{"@type":"ListItem","position":1,"name":"Home","item":"https:\/\/franciscanos.org.br\/noticias"},{"@type":"ListItem","position":2,"name":"Papa: Pensar no fim nos ajuda a seguir em frente"}]},{"@type":"Person","@id":"https:\/\/franciscanos.org.br\/noticias\/#\/schema\/person\/b38fbf43118f02820bd932f2e4b14ad3","name":"admin","image":{"@type":"ImageObject","inLanguage":"pt-BR","@id":"https:\/\/franciscanos.org.br\/noticias\/#\/schema\/person\/image\/","url":"https:\/\/secure.gravatar.com\/avatar\/e8495742d34d0ba6448ea1c628263b3e?s=96&d=mm&r=g","contentUrl":"https:\/\/secure.gravatar.com\/avatar\/e8495742d34d0ba6448ea1c628263b3e?s=96&d=mm&r=g","caption":"admin"},"url":"https:\/\/franciscanos.org.br\/noticias\/author\/admin"}]}},"_links":{"self":[{"href":"https:\/\/franciscanos.org.br\/noticias\/wp-json\/wp\/v2\/posts\/191594"}],"collection":[{"href":"https:\/\/franciscanos.org.br\/noticias\/wp-json\/wp\/v2\/posts"}],"about":[{"href":"https:\/\/franciscanos.org.br\/noticias\/wp-json\/wp\/v2\/types\/post"}],"author":[{"embeddable":true,"href":"https:\/\/franciscanos.org.br\/noticias\/wp-json\/wp\/v2\/users\/1"}],"replies":[{"embeddable":true,"href":"https:\/\/franciscanos.org.br\/noticias\/wp-json\/wp\/v2\/comments?post=191594"}],"version-history":[{"count":2,"href":"https:\/\/franciscanos.org.br\/noticias\/wp-json\/wp\/v2\/posts\/191594\/revisions"}],"predecessor-version":[{"id":224652,"href":"https:\/\/franciscanos.org.br\/noticias\/wp-json\/wp\/v2\/posts\/191594\/revisions\/224652"}],"wp:featuredmedia":[{"embeddable":true,"href":"https:\/\/franciscanos.org.br\/noticias\/wp-json\/wp\/v2\/media\/191596"}],"wp:attachment":[{"href":"https:\/\/franciscanos.org.br\/noticias\/wp-json\/wp\/v2\/media?parent=191594"}],"wp:term":[{"taxonomy":"category","embeddable":true,"href":"https:\/\/franciscanos.org.br\/noticias\/wp-json\/wp\/v2\/categories?post=191594"},{"taxonomy":"post_tag","embeddable":true,"href":"https:\/\/franciscanos.org.br\/noticias\/wp-json\/wp\/v2\/tags?post=191594"}],"curies":[{"name":"wp","href":"https:\/\/api.w.org\/{rel}","templated":true}]}}