{"id":191421,"date":"2018-11-26T13:50:38","date_gmt":"2018-11-26T15:50:38","guid":{"rendered":"https:\/\/franciscanos.org.br\/noticias\/?p=191421"},"modified":"2020-06-06T15:56:14","modified_gmt":"2020-06-06T18:56:14","slug":"frades-da-siria-recebem-carta-do-papa-francisco","status":"publish","type":"post","link":"https:\/\/franciscanos.org.br\/noticias\/frades-da-siria-recebem-carta-do-papa-francisco.html","title":{"rendered":"Frades da S\u00edria recebem carta do Papa Francisco"},"content":{"rendered":"<p><img loading=\"lazy\" class=\"alignleft size-full wp-image-191424\" src=\"https:\/\/franciscanos.org.br\/noticias\/wp-content\/uploads\/2018\/11\/siria_261118-980.jpg\" alt=\"\" width=\"980\" height=\"550\" srcset=\"https:\/\/franciscanos.org.br\/noticias\/wp-content\/uploads\/2018\/11\/siria_261118-980.jpg 980w, https:\/\/franciscanos.org.br\/noticias\/wp-content\/uploads\/2018\/11\/siria_261118-980-450x253.jpg 450w, https:\/\/franciscanos.org.br\/noticias\/wp-content\/uploads\/2018\/11\/siria_261118-980-768x431.jpg 768w, https:\/\/franciscanos.org.br\/noticias\/wp-content\/uploads\/2018\/11\/siria_261118-980-150x84.jpg 150w\" sizes=\"(max-width: 980px) 100vw, 980px\" \/>No \u00faltimo dia 19, os frades que trabalham na S\u00edria receberam uma carta do Papa Francisco, em resposta a uma carta enviada por Frei\u00a0Hanna Jallouf e Frei Louai Bsharat.<\/p>\n<p>Na mensagem, o Pont\u00edfice afirma: &#8220;Quanto sofrimento, quanta pobreza, quanta dor de Jesus que sofre, que \u00e9 pobre, que \u00e9 expulso de sua p\u00e1tria! \u00c9 Jesus! Isso \u00e9 mist\u00e9rio. Em v\u00f3s e nos habitantes da amada S\u00edria, n\u00f3s vemos Jesus sofredor&#8221;.<\/p>\n<p>Os franciscanos est\u00e3o presentes em mais de 10 locais na S\u00edria, incluindo a capital Damasco e Aleppo, regi\u00e3o muito atingida pelos bombardeios. Em outubro de 2014, Frei Hanna Jallouf foi sequestrado por um grupo de milicianos ligados \u00e0 Al-Qaeda.<\/p>\n<blockquote><p>Confira a carta abaixo:<\/p><\/blockquote>\n<p>Car\u00edssimos Padre Hanna e Padre Louai,<\/p>\n<p>agrade\u00e7o a carta que me faz participar de vosso testemunho na sofrida terra da S\u00edria. Desejo participar de vosso sofrimento e dizer-vos que estou pr\u00f3ximo de v\u00f3s e das comunidades crist\u00e3s, t\u00e3o provadas pela dor vivida na f\u00e9 em Cristo Jesus. Quanto sofrimento, quanta pobreza, quanta dor de Jesus que sofre, que \u00e9 pobre, que \u00e9 expulso de sua p\u00e1tria! \u00c9 Jesus! Isso \u00e9 mist\u00e9rio. \u00c9 nosso mist\u00e9rio crist\u00e3o. Em v\u00f3s e nos habitantes da amada S\u00edria, n\u00f3s vemos Jesus sofredor.<\/p>\n<p><img loading=\"lazy\" class=\"alignleft size-full wp-image-191426\" src=\"https:\/\/franciscanos.org.br\/noticias\/wp-content\/uploads\/2018\/11\/carta_siria.jpg\" alt=\"\" width=\"404\" height=\"600\" srcset=\"https:\/\/franciscanos.org.br\/noticias\/wp-content\/uploads\/2018\/11\/carta_siria.jpg 404w, https:\/\/franciscanos.org.br\/noticias\/wp-content\/uploads\/2018\/11\/carta_siria-303x450.jpg 303w, https:\/\/franciscanos.org.br\/noticias\/wp-content\/uploads\/2018\/11\/carta_siria-150x223.jpg 150w\" sizes=\"(max-width: 404px) 100vw, 404px\" \/>Nada mais que o mart\u00edrio pode marcar a maneira pr\u00f3pria do crist\u00e3o de participar na hist\u00f3ria da salva\u00e7\u00e3o da humanidade. Os m\u00e1rtires levam avante o Reino de Deus, semeiam crist\u00e3os para o futuro, s\u00e3o a verdadeira gl\u00f3ria da Igreja e nossa esperan\u00e7a. Esse testemunho \u00e9 aviso de n\u00e3o se perder em meio da tempestade. N\u00e3o poucas vezes o mar da vida nos reserva tempestade, mas das vagas existenciais nos chega um sinal inesperado de salva\u00e7\u00e3o: Maria, a M\u00e3e do Senhor, espantada, em sil\u00eancio, olha para o Filho inocente crucificado, que enche de sentido a vida e a salva\u00e7\u00e3o do povo.<\/p>\n<p>Asseguro-vos a constante lembran\u00e7a na comunh\u00e3o eucar\u00edstica a fim de que a indiz\u00edvel dor se transfigure na divina esperan\u00e7a, que o Ap\u00f3stolo Paulo nos confirma na Ep\u00edstola aos Romanos: \u00abQuem nos separar\u00e1 do amor de Cristo? Talvez a tribula\u00e7\u00e3o, a ang\u00fastia, a persegui\u00e7\u00e3o, a fome, a nudez, o perigo, a espada? Como est\u00e1 escrito:\u201cPor tua causa fomos condenados \u00e0 morte cada dia, somos tidos como ovelhas a ser carneadas. Mas, en tudo isso somos mais que vencedores, gra\u00e7as \u00c0quele que nos amou\u201d.<\/p>\n<p>Imploro \u00e0 Nossa Senhora a fim de que vos guarde sob seu Manto de Gra\u00e7as e interceda para v\u00f3s o dom da perseveran\u00e7a. Aben\u00e7oo de cora\u00e7\u00e3o a todos v\u00f3s e a todas as fam\u00edlias crist\u00e3s, que foram confiadas \u00e0 vossa corajosa guarda.<\/p>\n<p>Por favor, continuai a rezar tamb\u00e9m por mim.<\/p>\n<p><em>Franciscus<\/em><\/p>\n<p>Fonte: <a href=\"http:\/\/pt.custodia.org\/\">Cust\u00f3dia Terra Santa<\/a><\/p>\n","protected":false},"excerpt":{"rendered":"<p>Cust\u00f3dia da Terra Santa<\/p>\n","protected":false},"author":1,"featured_media":191425,"comment_status":"open","ping_status":"open","sticky":false,"template":"","format":"standard","meta":[],"categories":[1],"tags":[182,397],"acf":[],"yoast_head":"<!-- This site is optimized with the Yoast SEO plugin v19.2 - https:\/\/yoast.com\/wordpress\/plugins\/seo\/ -->\n<title>Frades da S\u00edria recebem carta do Papa Francisco - Not\u00edcias - Franciscanos<\/title>\n<meta name=\"robots\" content=\"index, follow, max-snippet:-1, max-image-preview:large, max-video-preview:-1\" \/>\n<link rel=\"canonical\" href=\"https:\/\/franciscanos.org.br\/noticias\/frades-da-siria-recebem-carta-do-papa-francisco.html\" \/>\n<meta property=\"og:locale\" content=\"pt_BR\" \/>\n<meta property=\"og:type\" content=\"article\" \/>\n<meta property=\"og:title\" content=\"Frades da S\u00edria recebem carta do Papa Francisco - Not\u00edcias - Franciscanos\" \/>\n<meta property=\"og:description\" content=\"Cust\u00f3dia da Terra Santa\" \/>\n<meta property=\"og:url\" content=\"https:\/\/franciscanos.org.br\/noticias\/frades-da-siria-recebem-carta-do-papa-francisco.html\" \/>\n<meta property=\"og:site_name\" content=\"Not\u00edcias - Franciscanos\" \/>\n<meta property=\"article:published_time\" content=\"2018-11-26T15:50:38+00:00\" \/>\n<meta property=\"article:modified_time\" content=\"2020-06-06T18:56:14+00:00\" \/>\n<meta property=\"og:image\" content=\"https:\/\/franciscanos.org.br\/noticias\/wp-content\/uploads\/2018\/11\/siria_261118-273.jpg\" \/>\n\t<meta property=\"og:image:width\" content=\"273\" \/>\n\t<meta property=\"og:image:height\" content=\"181\" \/>\n\t<meta property=\"og:image:type\" content=\"image\/jpeg\" \/>\n<meta name=\"author\" content=\"admin\" \/>\n<meta name=\"twitter:card\" content=\"summary_large_image\" \/>\n<meta name=\"twitter:label1\" content=\"Escrito por\" \/>\n\t<meta name=\"twitter:data1\" content=\"admin\" \/>\n\t<meta name=\"twitter:label2\" content=\"Est. tempo de leitura\" \/>\n\t<meta name=\"twitter:data2\" content=\"2 minutos\" \/>\n<script type=\"application\/ld+json\" class=\"yoast-schema-graph\">{\"@context\":\"https:\/\/schema.org\",\"@graph\":[{\"@type\":\"WebSite\",\"@id\":\"https:\/\/franciscanos.org.br\/noticias\/#website\",\"url\":\"https:\/\/franciscanos.org.br\/noticias\/\",\"name\":\"Not\u00edcias - Franciscanos\",\"description\":\"Prov\u00edncia Franciscana da Imaculada Concei\u00e7\u00e3o do Brasil - Ordem dos Frades Menores - OFM\",\"potentialAction\":[{\"@type\":\"SearchAction\",\"target\":{\"@type\":\"EntryPoint\",\"urlTemplate\":\"https:\/\/franciscanos.org.br\/noticias\/?s={search_term_string}\"},\"query-input\":\"required name=search_term_string\"}],\"inLanguage\":\"pt-BR\"},{\"@type\":\"ImageObject\",\"inLanguage\":\"pt-BR\",\"@id\":\"https:\/\/franciscanos.org.br\/noticias\/frades-da-siria-recebem-carta-do-papa-francisco.html#primaryimage\",\"url\":\"https:\/\/franciscanos.org.br\/noticias\/wp-content\/uploads\/2018\/11\/siria_261118-273.jpg\",\"contentUrl\":\"https:\/\/franciscanos.org.br\/noticias\/wp-content\/uploads\/2018\/11\/siria_261118-273.jpg\",\"width\":273,\"height\":181},{\"@type\":\"WebPage\",\"@id\":\"https:\/\/franciscanos.org.br\/noticias\/frades-da-siria-recebem-carta-do-papa-francisco.html#webpage\",\"url\":\"https:\/\/franciscanos.org.br\/noticias\/frades-da-siria-recebem-carta-do-papa-francisco.html\",\"name\":\"Frades da S\u00edria recebem carta do Papa Francisco - Not\u00edcias - Franciscanos\",\"isPartOf\":{\"@id\":\"https:\/\/franciscanos.org.br\/noticias\/#website\"},\"primaryImageOfPage\":{\"@id\":\"https:\/\/franciscanos.org.br\/noticias\/frades-da-siria-recebem-carta-do-papa-francisco.html#primaryimage\"},\"datePublished\":\"2018-11-26T15:50:38+00:00\",\"dateModified\":\"2020-06-06T18:56:14+00:00\",\"author\":{\"@id\":\"https:\/\/franciscanos.org.br\/noticias\/#\/schema\/person\/b38fbf43118f02820bd932f2e4b14ad3\"},\"breadcrumb\":{\"@id\":\"https:\/\/franciscanos.org.br\/noticias\/frades-da-siria-recebem-carta-do-papa-francisco.html#breadcrumb\"},\"inLanguage\":\"pt-BR\",\"potentialAction\":[{\"@type\":\"ReadAction\",\"target\":[\"https:\/\/franciscanos.org.br\/noticias\/frades-da-siria-recebem-carta-do-papa-francisco.html\"]}]},{\"@type\":\"BreadcrumbList\",\"@id\":\"https:\/\/franciscanos.org.br\/noticias\/frades-da-siria-recebem-carta-do-papa-francisco.html#breadcrumb\",\"itemListElement\":[{\"@type\":\"ListItem\",\"position\":1,\"name\":\"Home\",\"item\":\"https:\/\/franciscanos.org.br\/noticias\"},{\"@type\":\"ListItem\",\"position\":2,\"name\":\"Frades da S\u00edria recebem carta do Papa Francisco\"}]},{\"@type\":\"Person\",\"@id\":\"https:\/\/franciscanos.org.br\/noticias\/#\/schema\/person\/b38fbf43118f02820bd932f2e4b14ad3\",\"name\":\"admin\",\"image\":{\"@type\":\"ImageObject\",\"inLanguage\":\"pt-BR\",\"@id\":\"https:\/\/franciscanos.org.br\/noticias\/#\/schema\/person\/image\/\",\"url\":\"https:\/\/secure.gravatar.com\/avatar\/e8495742d34d0ba6448ea1c628263b3e?s=96&d=mm&r=g\",\"contentUrl\":\"https:\/\/secure.gravatar.com\/avatar\/e8495742d34d0ba6448ea1c628263b3e?s=96&d=mm&r=g\",\"caption\":\"admin\"},\"url\":\"https:\/\/franciscanos.org.br\/noticias\/author\/admin\"}]}<\/script>\n<!-- \/ Yoast SEO plugin. -->","yoast_head_json":{"title":"Frades da S\u00edria recebem carta do Papa Francisco - Not\u00edcias - Franciscanos","robots":{"index":"index","follow":"follow","max-snippet":"max-snippet:-1","max-image-preview":"max-image-preview:large","max-video-preview":"max-video-preview:-1"},"canonical":"https:\/\/franciscanos.org.br\/noticias\/frades-da-siria-recebem-carta-do-papa-francisco.html","og_locale":"pt_BR","og_type":"article","og_title":"Frades da S\u00edria recebem carta do Papa Francisco - Not\u00edcias - Franciscanos","og_description":"Cust\u00f3dia da Terra Santa","og_url":"https:\/\/franciscanos.org.br\/noticias\/frades-da-siria-recebem-carta-do-papa-francisco.html","og_site_name":"Not\u00edcias - Franciscanos","article_published_time":"2018-11-26T15:50:38+00:00","article_modified_time":"2020-06-06T18:56:14+00:00","og_image":[{"width":273,"height":181,"url":"https:\/\/franciscanos.org.br\/noticias\/wp-content\/uploads\/2018\/11\/siria_261118-273.jpg","type":"image\/jpeg"}],"author":"admin","twitter_card":"summary_large_image","twitter_misc":{"Escrito por":"admin","Est. tempo de leitura":"2 minutos"},"schema":{"@context":"https:\/\/schema.org","@graph":[{"@type":"WebSite","@id":"https:\/\/franciscanos.org.br\/noticias\/#website","url":"https:\/\/franciscanos.org.br\/noticias\/","name":"Not\u00edcias - Franciscanos","description":"Prov\u00edncia Franciscana da Imaculada Concei\u00e7\u00e3o do Brasil - Ordem dos Frades Menores - OFM","potentialAction":[{"@type":"SearchAction","target":{"@type":"EntryPoint","urlTemplate":"https:\/\/franciscanos.org.br\/noticias\/?s={search_term_string}"},"query-input":"required name=search_term_string"}],"inLanguage":"pt-BR"},{"@type":"ImageObject","inLanguage":"pt-BR","@id":"https:\/\/franciscanos.org.br\/noticias\/frades-da-siria-recebem-carta-do-papa-francisco.html#primaryimage","url":"https:\/\/franciscanos.org.br\/noticias\/wp-content\/uploads\/2018\/11\/siria_261118-273.jpg","contentUrl":"https:\/\/franciscanos.org.br\/noticias\/wp-content\/uploads\/2018\/11\/siria_261118-273.jpg","width":273,"height":181},{"@type":"WebPage","@id":"https:\/\/franciscanos.org.br\/noticias\/frades-da-siria-recebem-carta-do-papa-francisco.html#webpage","url":"https:\/\/franciscanos.org.br\/noticias\/frades-da-siria-recebem-carta-do-papa-francisco.html","name":"Frades da S\u00edria recebem carta do Papa Francisco - Not\u00edcias - Franciscanos","isPartOf":{"@id":"https:\/\/franciscanos.org.br\/noticias\/#website"},"primaryImageOfPage":{"@id":"https:\/\/franciscanos.org.br\/noticias\/frades-da-siria-recebem-carta-do-papa-francisco.html#primaryimage"},"datePublished":"2018-11-26T15:50:38+00:00","dateModified":"2020-06-06T18:56:14+00:00","author":{"@id":"https:\/\/franciscanos.org.br\/noticias\/#\/schema\/person\/b38fbf43118f02820bd932f2e4b14ad3"},"breadcrumb":{"@id":"https:\/\/franciscanos.org.br\/noticias\/frades-da-siria-recebem-carta-do-papa-francisco.html#breadcrumb"},"inLanguage":"pt-BR","potentialAction":[{"@type":"ReadAction","target":["https:\/\/franciscanos.org.br\/noticias\/frades-da-siria-recebem-carta-do-papa-francisco.html"]}]},{"@type":"BreadcrumbList","@id":"https:\/\/franciscanos.org.br\/noticias\/frades-da-siria-recebem-carta-do-papa-francisco.html#breadcrumb","itemListElement":[{"@type":"ListItem","position":1,"name":"Home","item":"https:\/\/franciscanos.org.br\/noticias"},{"@type":"ListItem","position":2,"name":"Frades da S\u00edria recebem carta do Papa Francisco"}]},{"@type":"Person","@id":"https:\/\/franciscanos.org.br\/noticias\/#\/schema\/person\/b38fbf43118f02820bd932f2e4b14ad3","name":"admin","image":{"@type":"ImageObject","inLanguage":"pt-BR","@id":"https:\/\/franciscanos.org.br\/noticias\/#\/schema\/person\/image\/","url":"https:\/\/secure.gravatar.com\/avatar\/e8495742d34d0ba6448ea1c628263b3e?s=96&d=mm&r=g","contentUrl":"https:\/\/secure.gravatar.com\/avatar\/e8495742d34d0ba6448ea1c628263b3e?s=96&d=mm&r=g","caption":"admin"},"url":"https:\/\/franciscanos.org.br\/noticias\/author\/admin"}]}},"_links":{"self":[{"href":"https:\/\/franciscanos.org.br\/noticias\/wp-json\/wp\/v2\/posts\/191421"}],"collection":[{"href":"https:\/\/franciscanos.org.br\/noticias\/wp-json\/wp\/v2\/posts"}],"about":[{"href":"https:\/\/franciscanos.org.br\/noticias\/wp-json\/wp\/v2\/types\/post"}],"author":[{"embeddable":true,"href":"https:\/\/franciscanos.org.br\/noticias\/wp-json\/wp\/v2\/users\/1"}],"replies":[{"embeddable":true,"href":"https:\/\/franciscanos.org.br\/noticias\/wp-json\/wp\/v2\/comments?post=191421"}],"version-history":[{"count":2,"href":"https:\/\/franciscanos.org.br\/noticias\/wp-json\/wp\/v2\/posts\/191421\/revisions"}],"predecessor-version":[{"id":224654,"href":"https:\/\/franciscanos.org.br\/noticias\/wp-json\/wp\/v2\/posts\/191421\/revisions\/224654"}],"wp:featuredmedia":[{"embeddable":true,"href":"https:\/\/franciscanos.org.br\/noticias\/wp-json\/wp\/v2\/media\/191425"}],"wp:attachment":[{"href":"https:\/\/franciscanos.org.br\/noticias\/wp-json\/wp\/v2\/media?parent=191421"}],"wp:term":[{"taxonomy":"category","embeddable":true,"href":"https:\/\/franciscanos.org.br\/noticias\/wp-json\/wp\/v2\/categories?post=191421"},{"taxonomy":"post_tag","embeddable":true,"href":"https:\/\/franciscanos.org.br\/noticias\/wp-json\/wp\/v2\/tags?post=191421"}],"curies":[{"name":"wp","href":"https:\/\/api.w.org\/{rel}","templated":true}]}}