{"id":191244,"date":"2018-11-25T08:14:24","date_gmt":"2018-11-25T10:14:24","guid":{"rendered":"https:\/\/franciscanos.org.br\/noticias\/?p=191244"},"modified":"2023-01-10T09:23:15","modified_gmt":"2023-01-10T12:23:15","slug":"angola-diaconos-fazem-profissao-de-fe-e-juramento-de-fidelidade","status":"publish","type":"post","link":"https:\/\/franciscanos.org.br\/noticias\/angola-diaconos-fazem-profissao-de-fe-e-juramento-de-fidelidade.html","title":{"rendered":"Angola: Di\u00e1conos fazem profiss\u00e3o de f\u00e9 e juramento de fidelidade"},"content":{"rendered":"<p><img loading=\"lazy\" class=\"alignnone size-full wp-image-191245\" src=\"https:\/\/franciscanos.org.br\/noticias\/wp-content\/uploads\/2018\/11\/angola_251118.jpg\" alt=\"\" width=\"890\" height=\"426\" srcset=\"https:\/\/franciscanos.org.br\/noticias\/wp-content\/uploads\/2018\/11\/angola_251118.jpg 890w, https:\/\/franciscanos.org.br\/noticias\/wp-content\/uploads\/2018\/11\/angola_251118-450x215.jpg 450w, https:\/\/franciscanos.org.br\/noticias\/wp-content\/uploads\/2018\/11\/angola_251118-768x368.jpg 768w, https:\/\/franciscanos.org.br\/noticias\/wp-content\/uploads\/2018\/11\/angola_251118-150x72.jpg 150w\" sizes=\"(max-width: 890px) 100vw, 890px\" \/><\/p>\n<p><strong>Luanda (Angola) &#8211;<\/strong> celebra\u00e7\u00e3o presidida por Frei Jos\u00e9 Ant\u00f4nio dos Santos, presidente da Funda\u00e7\u00e3o Imaculada M\u00e3e de Deus de Angola, e testemunhada pelos frades, postulantes e fi\u00e9is da Par\u00f3quia S\u00e3o Lucas, Frei Ermelindo Bambi, Frei Jo\u00e3o Bunga e Frei Jo\u00e3o Canjenjenga professaram a f\u00e9 e juraram publicamente sua fidelidade \u00e0 Igreja Cat\u00f3lica, na Comunidade S\u00e3o Lucas.<\/p>\n<p>O rito de profiss\u00e3o de f\u00e9 e de juramento dos frades, at\u00e9 ent\u00e3o di\u00e1conos, aconteceu na Missa vocacional e de a\u00e7\u00e3o de gra\u00e7as que encerrou a semana de miss\u00e3o em prepara\u00e7\u00e3o \u00e0s ordena\u00e7\u00f5es.<\/p>\n<p>Na ocasi\u00e3o, Frei Andr\u00e9 Luiz, vig\u00e1rio desta Par\u00f3quia, expressou sua gratid\u00e3o pela presen\u00e7a de Frei Jos\u00e9 Ant\u00f4nio, rec\u00e9m-chegado do Cap\u00edtulo Provincial no Brasil. Frei Andr\u00e9 explicou o motivo daquela celebra\u00e7\u00e3o e aproveitou o momento para pedir mais ora\u00e7\u00f5es pelas voca\u00e7\u00f5es \u00e0s ordens religiosas e pelos tr\u00eas di\u00e1conos.<br \/>\nFrei Andr\u00e9, que pela autoriza\u00e7\u00e3o do presidente da Funda\u00e7\u00e3o fez a prega\u00e7\u00e3o, explicando as leituras do dia, referiu que Jesus concretiza duas un\u00e7\u00f5es, a de rei e de sumo sacerdote.<\/p>\n<p><img loading=\"lazy\" class=\"alignnone size-full wp-image-191246\" src=\"https:\/\/franciscanos.org.br\/noticias\/wp-content\/uploads\/2018\/11\/angola_251118_2.jpg\" alt=\"\" width=\"980\" height=\"525\" srcset=\"https:\/\/franciscanos.org.br\/noticias\/wp-content\/uploads\/2018\/11\/angola_251118_2.jpg 980w, https:\/\/franciscanos.org.br\/noticias\/wp-content\/uploads\/2018\/11\/angola_251118_2-450x241.jpg 450w, https:\/\/franciscanos.org.br\/noticias\/wp-content\/uploads\/2018\/11\/angola_251118_2-768x411.jpg 768w, https:\/\/franciscanos.org.br\/noticias\/wp-content\/uploads\/2018\/11\/angola_251118_2-150x80.jpg 150w\" sizes=\"(max-width: 980px) 100vw, 980px\" \/><\/p>\n<p>De seguida fez saber que \u201cos nossos irm\u00e3os ser\u00e3o ordenados na Solenidade de nosso Senhor Jesus Cristo. Ser\u00e3o ungidos a oferecer, em nome de Jesus e em favor de sua Igreja, os sacrif\u00edcios e a un\u00e7\u00e3o de Cristo. \u00c9 necess\u00e1rio que o fa\u00e7am, mas sejam tamb\u00e9m testemunhas da mesma f\u00e9 trazida por Jesus\u201d.<br \/>\nFrei Andr\u00e9 desejou que os tr\u00eas frades di\u00e1conos, ao jurar fidelidade, sejam testemunhas, preguem a f\u00e9, a esperan\u00e7a crist\u00e3, sejam corajosos e Deus lhes conduza pelas m\u00e3os para a luta da f\u00e9.<\/p>\n<p>De seguida, os tr\u00eas di\u00e1conos proferiram publicamente a sua f\u00e9 e reafirmaram exercer e defender tudo aquilo que a Igreja exorta.<br \/>\nCada um, pelo pr\u00f3prio nome disse: \u201cCreio e professo com f\u00e9 firme todas e cada uma das verdades contidas no S\u00edmbolo da f\u00e9. Creio num s\u00f3 Deus criador de todas as coisas\u201d.<\/p>\n<p><img loading=\"lazy\" class=\"alignnone size-full wp-image-191247\" src=\"https:\/\/franciscanos.org.br\/noticias\/wp-content\/uploads\/2018\/11\/angola_251118_1.jpg\" alt=\"\" width=\"980\" height=\"468\" srcset=\"https:\/\/franciscanos.org.br\/noticias\/wp-content\/uploads\/2018\/11\/angola_251118_1.jpg 980w, https:\/\/franciscanos.org.br\/noticias\/wp-content\/uploads\/2018\/11\/angola_251118_1-450x215.jpg 450w, https:\/\/franciscanos.org.br\/noticias\/wp-content\/uploads\/2018\/11\/angola_251118_1-768x367.jpg 768w, https:\/\/franciscanos.org.br\/noticias\/wp-content\/uploads\/2018\/11\/angola_251118_1-150x72.jpg 150w\" sizes=\"(max-width: 980px) 100vw, 980px\" \/><\/p>\n<p>Assim, manifestaram a sua f\u00e9 na Palavra de Deus, escrita, transmitida e que a Igreja, por ju\u00edzo solene ou por magist\u00e9rio ordin\u00e1rio e universal, prop\u00f5e que se deva crer como divinamente revelado. Firmemente aceitaram guardar tamb\u00e9m cada uma das verdades doutrinais sobre a f\u00e9 e os costumes, propostas pela Igreja de forma definitiva. Al\u00e9m disso, acolheram com religioso respeito da vontade e do intelecto os ensinamentos que o Romano Pont\u00edfice e o Col\u00e9gio dos Bispos enunciam quando exercem seu magist\u00e9rio aut\u00eantico, embora n\u00e3o queiram proclam\u00e1-los com ato definitivo. Na f\u00e9.<\/p>\n<p>Depois, pelo que publicamente anunciaram, ao assumir o of\u00edcio de presb\u00edtero cada um prometeu conservar sempre estes ensinamentos e desempenhar seu of\u00edcio.<br \/>\nEm resposta, Frei Jos\u00e9 Ant\u00f4nio disse: \u201cEm nome da Igreja sou testemunha da vossa profiss\u00e3o de f\u00e9 e aceito\u201d.<\/p>\n<p>Das visitas, dois casais sa\u00edram do Brasil e chegaram na manha do dia 24 a Angola para testemunhar a Missa de ordena\u00e7\u00f5es, representando todas as comunidades pelas quais os tr\u00eas frades fizeram pastorais enquanto cursavam Teologia no Instituto Teol\u00f3gico de Petr\u00f3polis (RJ).<\/p>\n<hr \/>\n<p><em>Comunica\u00e7\u00e3o da Prov\u00edncia da Imaculada Concei\u00e7\u00e3o<\/em><\/p>\n","protected":false},"excerpt":{"rendered":"<p>Funda\u00e7\u00e3o Imaculada Mae de Deus de Angola<\/p>\n","protected":false},"author":3,"featured_media":191248,"comment_status":"open","ping_status":"open","sticky":false,"template":"","format":"standard","meta":[],"categories":[1],"tags":[360],"acf":[],"yoast_head":"<!-- This site is optimized with the Yoast SEO plugin v19.2 - https:\/\/yoast.com\/wordpress\/plugins\/seo\/ -->\n<title>Angola: Di\u00e1conos fazem profiss\u00e3o de f\u00e9 e juramento de fidelidade - Not\u00edcias - Franciscanos<\/title>\n<meta name=\"robots\" content=\"index, follow, max-snippet:-1, max-image-preview:large, max-video-preview:-1\" \/>\n<link rel=\"canonical\" href=\"https:\/\/franciscanos.org.br\/noticias\/angola-diaconos-fazem-profissao-de-fe-e-juramento-de-fidelidade.html\" \/>\n<meta property=\"og:locale\" content=\"pt_BR\" \/>\n<meta property=\"og:type\" content=\"article\" \/>\n<meta property=\"og:title\" content=\"Angola: Di\u00e1conos fazem profiss\u00e3o de f\u00e9 e juramento de fidelidade - Not\u00edcias - Franciscanos\" \/>\n<meta property=\"og:description\" content=\"Funda\u00e7\u00e3o Imaculada Mae de Deus de Angola\" \/>\n<meta property=\"og:url\" content=\"https:\/\/franciscanos.org.br\/noticias\/angola-diaconos-fazem-profissao-de-fe-e-juramento-de-fidelidade.html\" \/>\n<meta property=\"og:site_name\" content=\"Not\u00edcias - Franciscanos\" \/>\n<meta property=\"article:published_time\" content=\"2018-11-25T10:14:24+00:00\" \/>\n<meta property=\"article:modified_time\" content=\"2023-01-10T12:23:15+00:00\" \/>\n<meta property=\"og:image\" content=\"https:\/\/franciscanos.org.br\/noticias\/wp-content\/uploads\/2018\/11\/angola_251118p.jpg\" \/>\n\t<meta property=\"og:image:width\" content=\"273\" \/>\n\t<meta property=\"og:image:height\" content=\"181\" \/>\n\t<meta property=\"og:image:type\" content=\"image\/jpeg\" \/>\n<meta name=\"author\" content=\"moacir\" \/>\n<meta name=\"twitter:card\" content=\"summary_large_image\" \/>\n<meta name=\"twitter:label1\" content=\"Escrito por\" \/>\n\t<meta name=\"twitter:data1\" content=\"moacir\" \/>\n\t<meta name=\"twitter:label2\" content=\"Est. tempo de leitura\" \/>\n\t<meta name=\"twitter:data2\" content=\"3 minutos\" \/>\n<script type=\"application\/ld+json\" class=\"yoast-schema-graph\">{\"@context\":\"https:\/\/schema.org\",\"@graph\":[{\"@type\":\"WebSite\",\"@id\":\"https:\/\/franciscanos.org.br\/noticias\/#website\",\"url\":\"https:\/\/franciscanos.org.br\/noticias\/\",\"name\":\"Not\u00edcias - Franciscanos\",\"description\":\"Prov\u00edncia Franciscana da Imaculada Concei\u00e7\u00e3o do Brasil - Ordem dos Frades Menores - OFM\",\"potentialAction\":[{\"@type\":\"SearchAction\",\"target\":{\"@type\":\"EntryPoint\",\"urlTemplate\":\"https:\/\/franciscanos.org.br\/noticias\/?s={search_term_string}\"},\"query-input\":\"required name=search_term_string\"}],\"inLanguage\":\"pt-BR\"},{\"@type\":\"ImageObject\",\"inLanguage\":\"pt-BR\",\"@id\":\"https:\/\/franciscanos.org.br\/noticias\/angola-diaconos-fazem-profissao-de-fe-e-juramento-de-fidelidade.html#primaryimage\",\"url\":\"https:\/\/franciscanos.org.br\/noticias\/wp-content\/uploads\/2018\/11\/angola_251118p.jpg\",\"contentUrl\":\"https:\/\/franciscanos.org.br\/noticias\/wp-content\/uploads\/2018\/11\/angola_251118p.jpg\",\"width\":273,\"height\":181},{\"@type\":\"WebPage\",\"@id\":\"https:\/\/franciscanos.org.br\/noticias\/angola-diaconos-fazem-profissao-de-fe-e-juramento-de-fidelidade.html#webpage\",\"url\":\"https:\/\/franciscanos.org.br\/noticias\/angola-diaconos-fazem-profissao-de-fe-e-juramento-de-fidelidade.html\",\"name\":\"Angola: Di\u00e1conos fazem profiss\u00e3o de f\u00e9 e juramento de fidelidade - Not\u00edcias - Franciscanos\",\"isPartOf\":{\"@id\":\"https:\/\/franciscanos.org.br\/noticias\/#website\"},\"primaryImageOfPage\":{\"@id\":\"https:\/\/franciscanos.org.br\/noticias\/angola-diaconos-fazem-profissao-de-fe-e-juramento-de-fidelidade.html#primaryimage\"},\"datePublished\":\"2018-11-25T10:14:24+00:00\",\"dateModified\":\"2023-01-10T12:23:15+00:00\",\"author\":{\"@id\":\"https:\/\/franciscanos.org.br\/noticias\/#\/schema\/person\/b5c8cba458c330ccff548b056e95a5d4\"},\"breadcrumb\":{\"@id\":\"https:\/\/franciscanos.org.br\/noticias\/angola-diaconos-fazem-profissao-de-fe-e-juramento-de-fidelidade.html#breadcrumb\"},\"inLanguage\":\"pt-BR\",\"potentialAction\":[{\"@type\":\"ReadAction\",\"target\":[\"https:\/\/franciscanos.org.br\/noticias\/angola-diaconos-fazem-profissao-de-fe-e-juramento-de-fidelidade.html\"]}]},{\"@type\":\"BreadcrumbList\",\"@id\":\"https:\/\/franciscanos.org.br\/noticias\/angola-diaconos-fazem-profissao-de-fe-e-juramento-de-fidelidade.html#breadcrumb\",\"itemListElement\":[{\"@type\":\"ListItem\",\"position\":1,\"name\":\"Home\",\"item\":\"https:\/\/franciscanos.org.br\/noticias\"},{\"@type\":\"ListItem\",\"position\":2,\"name\":\"Angola: Di\u00e1conos fazem profiss\u00e3o de f\u00e9 e juramento de fidelidade\"}]},{\"@type\":\"Person\",\"@id\":\"https:\/\/franciscanos.org.br\/noticias\/#\/schema\/person\/b5c8cba458c330ccff548b056e95a5d4\",\"name\":\"moacir\",\"image\":{\"@type\":\"ImageObject\",\"inLanguage\":\"pt-BR\",\"@id\":\"https:\/\/franciscanos.org.br\/noticias\/#\/schema\/person\/image\/\",\"url\":\"https:\/\/secure.gravatar.com\/avatar\/d08aa2ce4c8dd416d4479aa8536fcf64?s=96&d=mm&r=g\",\"contentUrl\":\"https:\/\/secure.gravatar.com\/avatar\/d08aa2ce4c8dd416d4479aa8536fcf64?s=96&d=mm&r=g\",\"caption\":\"moacir\"},\"url\":\"https:\/\/franciscanos.org.br\/noticias\/author\/moacir\"}]}<\/script>\n<!-- \/ Yoast SEO plugin. -->","yoast_head_json":{"title":"Angola: Di\u00e1conos fazem profiss\u00e3o de f\u00e9 e juramento de fidelidade - Not\u00edcias - Franciscanos","robots":{"index":"index","follow":"follow","max-snippet":"max-snippet:-1","max-image-preview":"max-image-preview:large","max-video-preview":"max-video-preview:-1"},"canonical":"https:\/\/franciscanos.org.br\/noticias\/angola-diaconos-fazem-profissao-de-fe-e-juramento-de-fidelidade.html","og_locale":"pt_BR","og_type":"article","og_title":"Angola: Di\u00e1conos fazem profiss\u00e3o de f\u00e9 e juramento de fidelidade - Not\u00edcias - Franciscanos","og_description":"Funda\u00e7\u00e3o Imaculada Mae de Deus de Angola","og_url":"https:\/\/franciscanos.org.br\/noticias\/angola-diaconos-fazem-profissao-de-fe-e-juramento-de-fidelidade.html","og_site_name":"Not\u00edcias - Franciscanos","article_published_time":"2018-11-25T10:14:24+00:00","article_modified_time":"2023-01-10T12:23:15+00:00","og_image":[{"width":273,"height":181,"url":"https:\/\/franciscanos.org.br\/noticias\/wp-content\/uploads\/2018\/11\/angola_251118p.jpg","type":"image\/jpeg"}],"author":"moacir","twitter_card":"summary_large_image","twitter_misc":{"Escrito por":"moacir","Est. tempo de leitura":"3 minutos"},"schema":{"@context":"https:\/\/schema.org","@graph":[{"@type":"WebSite","@id":"https:\/\/franciscanos.org.br\/noticias\/#website","url":"https:\/\/franciscanos.org.br\/noticias\/","name":"Not\u00edcias - Franciscanos","description":"Prov\u00edncia Franciscana da Imaculada Concei\u00e7\u00e3o do Brasil - Ordem dos Frades Menores - OFM","potentialAction":[{"@type":"SearchAction","target":{"@type":"EntryPoint","urlTemplate":"https:\/\/franciscanos.org.br\/noticias\/?s={search_term_string}"},"query-input":"required name=search_term_string"}],"inLanguage":"pt-BR"},{"@type":"ImageObject","inLanguage":"pt-BR","@id":"https:\/\/franciscanos.org.br\/noticias\/angola-diaconos-fazem-profissao-de-fe-e-juramento-de-fidelidade.html#primaryimage","url":"https:\/\/franciscanos.org.br\/noticias\/wp-content\/uploads\/2018\/11\/angola_251118p.jpg","contentUrl":"https:\/\/franciscanos.org.br\/noticias\/wp-content\/uploads\/2018\/11\/angola_251118p.jpg","width":273,"height":181},{"@type":"WebPage","@id":"https:\/\/franciscanos.org.br\/noticias\/angola-diaconos-fazem-profissao-de-fe-e-juramento-de-fidelidade.html#webpage","url":"https:\/\/franciscanos.org.br\/noticias\/angola-diaconos-fazem-profissao-de-fe-e-juramento-de-fidelidade.html","name":"Angola: Di\u00e1conos fazem profiss\u00e3o de f\u00e9 e juramento de fidelidade - Not\u00edcias - Franciscanos","isPartOf":{"@id":"https:\/\/franciscanos.org.br\/noticias\/#website"},"primaryImageOfPage":{"@id":"https:\/\/franciscanos.org.br\/noticias\/angola-diaconos-fazem-profissao-de-fe-e-juramento-de-fidelidade.html#primaryimage"},"datePublished":"2018-11-25T10:14:24+00:00","dateModified":"2023-01-10T12:23:15+00:00","author":{"@id":"https:\/\/franciscanos.org.br\/noticias\/#\/schema\/person\/b5c8cba458c330ccff548b056e95a5d4"},"breadcrumb":{"@id":"https:\/\/franciscanos.org.br\/noticias\/angola-diaconos-fazem-profissao-de-fe-e-juramento-de-fidelidade.html#breadcrumb"},"inLanguage":"pt-BR","potentialAction":[{"@type":"ReadAction","target":["https:\/\/franciscanos.org.br\/noticias\/angola-diaconos-fazem-profissao-de-fe-e-juramento-de-fidelidade.html"]}]},{"@type":"BreadcrumbList","@id":"https:\/\/franciscanos.org.br\/noticias\/angola-diaconos-fazem-profissao-de-fe-e-juramento-de-fidelidade.html#breadcrumb","itemListElement":[{"@type":"ListItem","position":1,"name":"Home","item":"https:\/\/franciscanos.org.br\/noticias"},{"@type":"ListItem","position":2,"name":"Angola: Di\u00e1conos fazem profiss\u00e3o de f\u00e9 e juramento de fidelidade"}]},{"@type":"Person","@id":"https:\/\/franciscanos.org.br\/noticias\/#\/schema\/person\/b5c8cba458c330ccff548b056e95a5d4","name":"moacir","image":{"@type":"ImageObject","inLanguage":"pt-BR","@id":"https:\/\/franciscanos.org.br\/noticias\/#\/schema\/person\/image\/","url":"https:\/\/secure.gravatar.com\/avatar\/d08aa2ce4c8dd416d4479aa8536fcf64?s=96&d=mm&r=g","contentUrl":"https:\/\/secure.gravatar.com\/avatar\/d08aa2ce4c8dd416d4479aa8536fcf64?s=96&d=mm&r=g","caption":"moacir"},"url":"https:\/\/franciscanos.org.br\/noticias\/author\/moacir"}]}},"_links":{"self":[{"href":"https:\/\/franciscanos.org.br\/noticias\/wp-json\/wp\/v2\/posts\/191244"}],"collection":[{"href":"https:\/\/franciscanos.org.br\/noticias\/wp-json\/wp\/v2\/posts"}],"about":[{"href":"https:\/\/franciscanos.org.br\/noticias\/wp-json\/wp\/v2\/types\/post"}],"author":[{"embeddable":true,"href":"https:\/\/franciscanos.org.br\/noticias\/wp-json\/wp\/v2\/users\/3"}],"replies":[{"embeddable":true,"href":"https:\/\/franciscanos.org.br\/noticias\/wp-json\/wp\/v2\/comments?post=191244"}],"version-history":[{"count":2,"href":"https:\/\/franciscanos.org.br\/noticias\/wp-json\/wp\/v2\/posts\/191244\/revisions"}],"predecessor-version":[{"id":241654,"href":"https:\/\/franciscanos.org.br\/noticias\/wp-json\/wp\/v2\/posts\/191244\/revisions\/241654"}],"wp:featuredmedia":[{"embeddable":true,"href":"https:\/\/franciscanos.org.br\/noticias\/wp-json\/wp\/v2\/media\/191248"}],"wp:attachment":[{"href":"https:\/\/franciscanos.org.br\/noticias\/wp-json\/wp\/v2\/media?parent=191244"}],"wp:term":[{"taxonomy":"category","embeddable":true,"href":"https:\/\/franciscanos.org.br\/noticias\/wp-json\/wp\/v2\/categories?post=191244"},{"taxonomy":"post_tag","embeddable":true,"href":"https:\/\/franciscanos.org.br\/noticias\/wp-json\/wp\/v2\/tags?post=191244"}],"curies":[{"name":"wp","href":"https:\/\/api.w.org\/{rel}","templated":true}]}}