{"id":19124,"date":"2012-06-14T13:18:40","date_gmt":"2012-06-14T16:18:40","guid":{"rendered":"http:\/\/new.franciscanos.org.br\/?p=19124"},"modified":"2020-11-09T16:03:27","modified_gmt":"2020-11-09T19:03:27","slug":"missa-campal-e-procissao-encerram-festividades-em-florianopolis","status":"publish","type":"post","link":"https:\/\/franciscanos.org.br\/noticias\/missa-campal-e-procissao-encerram-festividades-em-florianopolis.html","title":{"rendered":"Missa campal e prociss\u00e3o encerram festividades em Florian\u00f3polis"},"content":{"rendered":"<p><img loading=\"lazy\" class=\"alignright size-full wp-image-19125\" title=\"2534_140612\" src=\"http:\/\/franciscanos.org.br\/wp-content\/uploads\/2012\/06\/2534_140612.jpg\" alt=\"\" width=\"350\" height=\"263\" \/>Foram 14 dias (13 dias da Trezena e o dia de Santo Ant\u00f4nio) especiais para a comunidade da Par\u00f3quia Santo Ant\u00f4nio do centro de Florian\u00f3polis. N\u00e3o h\u00e1 distin\u00e7\u00e3o de idade ou classe social: todos, crian\u00e7as ou idosos, do morador de rua ao desembargador ou ao ex-governador, se uniram nestas noites para festejar um dos Santos mais populares em todo o mundo. A grande quantidade de fieis que passaram pela igreja agradecendo por gra\u00e7as alcan\u00e7adas, comprova que Santo Ant\u00f4nio \u00e9, de fato, muito poderoso. Relatos n\u00e3o faltam de devotos que, com muita f\u00e9 e ora\u00e7\u00e3o, pedindo a intercess\u00e3o do Santo, conseguiram milagres.<\/p>\n<p>A missa desta quarta-feira (13\/06) foi presidida pelo Arcebispo de Florian\u00f3polis, Dom Wilson Tadeu J\u00f6nck, SCJ, e concelebrada pelos Frades que formam a Fraternidade OFM em Florian\u00f3polis: Freis Jo\u00e3o Maria dos Santos, Vanderley Grassi, Eliseu Tambosi e G\u00fcnther Max Walzer. Ao final da celebra\u00e7\u00e3o, aconteceu a prociss\u00e3o com a imagem do Santo pelas ruas centrais da capital catarinense. Cerca de 2.000 pessoas participaram do cortejo religioso. Todos os movimentos e pastorais trabalharam em sintonia, na decora\u00e7\u00e3o da igreja e das barracas da festa, na produ\u00e7\u00e3o dos l\u00edrios de Santo Ant\u00f4nio, no empacotamento e distribui\u00e7\u00e3o dos p\u00e3ezinhos e na comercializa\u00e7\u00e3o e produ\u00e7\u00e3o de alimentos da festa junina, cuja renda ser\u00e1 revertida para a a\u00e7\u00e3o social da Par\u00f3quia.<\/p>\n<p>A Fam\u00edlia Franciscana esteve presente tamb\u00e9m com a atua\u00e7\u00e3o dos jovens da Juventude Franciscana em todos os dias da festa e com a participa\u00e7\u00e3o dos irm\u00e3os da OFS em todas as celebra\u00e7\u00f5es.<\/p>\n","protected":false},"excerpt":{"rendered":"<p>Dia de Santo Ant\u00f4nio<\/p>\n","protected":false},"author":1,"featured_media":211501,"comment_status":"closed","ping_status":"closed","sticky":false,"template":"","format":"standard","meta":[],"categories":[1],"tags":[585],"acf":[],"yoast_head":"<!-- This site is optimized with the Yoast SEO plugin v19.2 - https:\/\/yoast.com\/wordpress\/plugins\/seo\/ -->\n<title>Missa campal e prociss\u00e3o encerram festividades em Florian\u00f3polis - Not\u00edcias - Franciscanos<\/title>\n<meta name=\"robots\" content=\"index, follow, max-snippet:-1, max-image-preview:large, max-video-preview:-1\" \/>\n<link rel=\"canonical\" href=\"https:\/\/franciscanos.org.br\/noticias\/missa-campal-e-procissao-encerram-festividades-em-florianopolis.html\" \/>\n<meta property=\"og:locale\" content=\"pt_BR\" \/>\n<meta property=\"og:type\" content=\"article\" \/>\n<meta property=\"og:title\" content=\"Missa campal e prociss\u00e3o encerram festividades em Florian\u00f3polis - Not\u00edcias - Franciscanos\" \/>\n<meta property=\"og:description\" content=\"Dia de Santo Ant\u00f4nio\" \/>\n<meta property=\"og:url\" content=\"https:\/\/franciscanos.org.br\/noticias\/missa-campal-e-procissao-encerram-festividades-em-florianopolis.html\" \/>\n<meta property=\"og:site_name\" content=\"Not\u00edcias - Franciscanos\" \/>\n<meta property=\"article:published_time\" content=\"2012-06-14T16:18:40+00:00\" \/>\n<meta property=\"article:modified_time\" content=\"2020-11-09T19:03:27+00:00\" \/>\n<meta property=\"og:image\" content=\"https:\/\/franciscanos.org.br\/noticias\/wp-content\/uploads\/2012\/06\/2534_140612.jpg\" \/>\n\t<meta property=\"og:image:width\" content=\"273\" \/>\n\t<meta property=\"og:image:height\" content=\"182\" \/>\n\t<meta property=\"og:image:type\" content=\"image\/jpeg\" \/>\n<meta name=\"author\" content=\"admin\" \/>\n<meta name=\"twitter:card\" content=\"summary_large_image\" \/>\n<meta name=\"twitter:label1\" content=\"Escrito por\" \/>\n\t<meta name=\"twitter:data1\" content=\"admin\" \/>\n\t<meta name=\"twitter:label2\" content=\"Est. tempo de leitura\" \/>\n\t<meta name=\"twitter:data2\" content=\"1 minuto\" \/>\n<script type=\"application\/ld+json\" class=\"yoast-schema-graph\">{\"@context\":\"https:\/\/schema.org\",\"@graph\":[{\"@type\":\"WebSite\",\"@id\":\"https:\/\/franciscanos.org.br\/noticias\/#website\",\"url\":\"https:\/\/franciscanos.org.br\/noticias\/\",\"name\":\"Not\u00edcias - Franciscanos\",\"description\":\"Prov\u00edncia Franciscana da Imaculada Concei\u00e7\u00e3o do Brasil - Ordem dos Frades Menores - OFM\",\"potentialAction\":[{\"@type\":\"SearchAction\",\"target\":{\"@type\":\"EntryPoint\",\"urlTemplate\":\"https:\/\/franciscanos.org.br\/noticias\/?s={search_term_string}\"},\"query-input\":\"required name=search_term_string\"}],\"inLanguage\":\"pt-BR\"},{\"@type\":\"ImageObject\",\"inLanguage\":\"pt-BR\",\"@id\":\"https:\/\/franciscanos.org.br\/noticias\/missa-campal-e-procissao-encerram-festividades-em-florianopolis.html#primaryimage\",\"url\":\"https:\/\/franciscanos.org.br\/noticias\/wp-content\/uploads\/2012\/06\/2534_140612.jpg\",\"contentUrl\":\"https:\/\/franciscanos.org.br\/noticias\/wp-content\/uploads\/2012\/06\/2534_140612.jpg\",\"width\":273,\"height\":182},{\"@type\":\"WebPage\",\"@id\":\"https:\/\/franciscanos.org.br\/noticias\/missa-campal-e-procissao-encerram-festividades-em-florianopolis.html#webpage\",\"url\":\"https:\/\/franciscanos.org.br\/noticias\/missa-campal-e-procissao-encerram-festividades-em-florianopolis.html\",\"name\":\"Missa campal e prociss\u00e3o encerram festividades em Florian\u00f3polis - Not\u00edcias - Franciscanos\",\"isPartOf\":{\"@id\":\"https:\/\/franciscanos.org.br\/noticias\/#website\"},\"primaryImageOfPage\":{\"@id\":\"https:\/\/franciscanos.org.br\/noticias\/missa-campal-e-procissao-encerram-festividades-em-florianopolis.html#primaryimage\"},\"datePublished\":\"2012-06-14T16:18:40+00:00\",\"dateModified\":\"2020-11-09T19:03:27+00:00\",\"author\":{\"@id\":\"https:\/\/franciscanos.org.br\/noticias\/#\/schema\/person\/b38fbf43118f02820bd932f2e4b14ad3\"},\"breadcrumb\":{\"@id\":\"https:\/\/franciscanos.org.br\/noticias\/missa-campal-e-procissao-encerram-festividades-em-florianopolis.html#breadcrumb\"},\"inLanguage\":\"pt-BR\",\"potentialAction\":[{\"@type\":\"ReadAction\",\"target\":[\"https:\/\/franciscanos.org.br\/noticias\/missa-campal-e-procissao-encerram-festividades-em-florianopolis.html\"]}]},{\"@type\":\"BreadcrumbList\",\"@id\":\"https:\/\/franciscanos.org.br\/noticias\/missa-campal-e-procissao-encerram-festividades-em-florianopolis.html#breadcrumb\",\"itemListElement\":[{\"@type\":\"ListItem\",\"position\":1,\"name\":\"Home\",\"item\":\"https:\/\/franciscanos.org.br\/noticias\"},{\"@type\":\"ListItem\",\"position\":2,\"name\":\"Missa campal e prociss\u00e3o encerram festividades em Florian\u00f3polis\"}]},{\"@type\":\"Person\",\"@id\":\"https:\/\/franciscanos.org.br\/noticias\/#\/schema\/person\/b38fbf43118f02820bd932f2e4b14ad3\",\"name\":\"admin\",\"image\":{\"@type\":\"ImageObject\",\"inLanguage\":\"pt-BR\",\"@id\":\"https:\/\/franciscanos.org.br\/noticias\/#\/schema\/person\/image\/\",\"url\":\"https:\/\/secure.gravatar.com\/avatar\/e8495742d34d0ba6448ea1c628263b3e?s=96&d=mm&r=g\",\"contentUrl\":\"https:\/\/secure.gravatar.com\/avatar\/e8495742d34d0ba6448ea1c628263b3e?s=96&d=mm&r=g\",\"caption\":\"admin\"},\"url\":\"https:\/\/franciscanos.org.br\/noticias\/author\/admin\"}]}<\/script>\n<!-- \/ Yoast SEO plugin. -->","yoast_head_json":{"title":"Missa campal e prociss\u00e3o encerram festividades em Florian\u00f3polis - Not\u00edcias - Franciscanos","robots":{"index":"index","follow":"follow","max-snippet":"max-snippet:-1","max-image-preview":"max-image-preview:large","max-video-preview":"max-video-preview:-1"},"canonical":"https:\/\/franciscanos.org.br\/noticias\/missa-campal-e-procissao-encerram-festividades-em-florianopolis.html","og_locale":"pt_BR","og_type":"article","og_title":"Missa campal e prociss\u00e3o encerram festividades em Florian\u00f3polis - Not\u00edcias - Franciscanos","og_description":"Dia de Santo Ant\u00f4nio","og_url":"https:\/\/franciscanos.org.br\/noticias\/missa-campal-e-procissao-encerram-festividades-em-florianopolis.html","og_site_name":"Not\u00edcias - Franciscanos","article_published_time":"2012-06-14T16:18:40+00:00","article_modified_time":"2020-11-09T19:03:27+00:00","og_image":[{"width":273,"height":182,"url":"https:\/\/franciscanos.org.br\/noticias\/wp-content\/uploads\/2012\/06\/2534_140612.jpg","type":"image\/jpeg"}],"author":"admin","twitter_card":"summary_large_image","twitter_misc":{"Escrito por":"admin","Est. tempo de leitura":"1 minuto"},"schema":{"@context":"https:\/\/schema.org","@graph":[{"@type":"WebSite","@id":"https:\/\/franciscanos.org.br\/noticias\/#website","url":"https:\/\/franciscanos.org.br\/noticias\/","name":"Not\u00edcias - Franciscanos","description":"Prov\u00edncia Franciscana da Imaculada Concei\u00e7\u00e3o do Brasil - Ordem dos Frades Menores - OFM","potentialAction":[{"@type":"SearchAction","target":{"@type":"EntryPoint","urlTemplate":"https:\/\/franciscanos.org.br\/noticias\/?s={search_term_string}"},"query-input":"required name=search_term_string"}],"inLanguage":"pt-BR"},{"@type":"ImageObject","inLanguage":"pt-BR","@id":"https:\/\/franciscanos.org.br\/noticias\/missa-campal-e-procissao-encerram-festividades-em-florianopolis.html#primaryimage","url":"https:\/\/franciscanos.org.br\/noticias\/wp-content\/uploads\/2012\/06\/2534_140612.jpg","contentUrl":"https:\/\/franciscanos.org.br\/noticias\/wp-content\/uploads\/2012\/06\/2534_140612.jpg","width":273,"height":182},{"@type":"WebPage","@id":"https:\/\/franciscanos.org.br\/noticias\/missa-campal-e-procissao-encerram-festividades-em-florianopolis.html#webpage","url":"https:\/\/franciscanos.org.br\/noticias\/missa-campal-e-procissao-encerram-festividades-em-florianopolis.html","name":"Missa campal e prociss\u00e3o encerram festividades em Florian\u00f3polis - Not\u00edcias - Franciscanos","isPartOf":{"@id":"https:\/\/franciscanos.org.br\/noticias\/#website"},"primaryImageOfPage":{"@id":"https:\/\/franciscanos.org.br\/noticias\/missa-campal-e-procissao-encerram-festividades-em-florianopolis.html#primaryimage"},"datePublished":"2012-06-14T16:18:40+00:00","dateModified":"2020-11-09T19:03:27+00:00","author":{"@id":"https:\/\/franciscanos.org.br\/noticias\/#\/schema\/person\/b38fbf43118f02820bd932f2e4b14ad3"},"breadcrumb":{"@id":"https:\/\/franciscanos.org.br\/noticias\/missa-campal-e-procissao-encerram-festividades-em-florianopolis.html#breadcrumb"},"inLanguage":"pt-BR","potentialAction":[{"@type":"ReadAction","target":["https:\/\/franciscanos.org.br\/noticias\/missa-campal-e-procissao-encerram-festividades-em-florianopolis.html"]}]},{"@type":"BreadcrumbList","@id":"https:\/\/franciscanos.org.br\/noticias\/missa-campal-e-procissao-encerram-festividades-em-florianopolis.html#breadcrumb","itemListElement":[{"@type":"ListItem","position":1,"name":"Home","item":"https:\/\/franciscanos.org.br\/noticias"},{"@type":"ListItem","position":2,"name":"Missa campal e prociss\u00e3o encerram festividades em Florian\u00f3polis"}]},{"@type":"Person","@id":"https:\/\/franciscanos.org.br\/noticias\/#\/schema\/person\/b38fbf43118f02820bd932f2e4b14ad3","name":"admin","image":{"@type":"ImageObject","inLanguage":"pt-BR","@id":"https:\/\/franciscanos.org.br\/noticias\/#\/schema\/person\/image\/","url":"https:\/\/secure.gravatar.com\/avatar\/e8495742d34d0ba6448ea1c628263b3e?s=96&d=mm&r=g","contentUrl":"https:\/\/secure.gravatar.com\/avatar\/e8495742d34d0ba6448ea1c628263b3e?s=96&d=mm&r=g","caption":"admin"},"url":"https:\/\/franciscanos.org.br\/noticias\/author\/admin"}]}},"_links":{"self":[{"href":"https:\/\/franciscanos.org.br\/noticias\/wp-json\/wp\/v2\/posts\/19124"}],"collection":[{"href":"https:\/\/franciscanos.org.br\/noticias\/wp-json\/wp\/v2\/posts"}],"about":[{"href":"https:\/\/franciscanos.org.br\/noticias\/wp-json\/wp\/v2\/types\/post"}],"author":[{"embeddable":true,"href":"https:\/\/franciscanos.org.br\/noticias\/wp-json\/wp\/v2\/users\/1"}],"replies":[{"embeddable":true,"href":"https:\/\/franciscanos.org.br\/noticias\/wp-json\/wp\/v2\/comments?post=19124"}],"version-history":[{"count":1,"href":"https:\/\/franciscanos.org.br\/noticias\/wp-json\/wp\/v2\/posts\/19124\/revisions"}],"predecessor-version":[{"id":229118,"href":"https:\/\/franciscanos.org.br\/noticias\/wp-json\/wp\/v2\/posts\/19124\/revisions\/229118"}],"wp:featuredmedia":[{"embeddable":true,"href":"https:\/\/franciscanos.org.br\/noticias\/wp-json\/wp\/v2\/media\/211501"}],"wp:attachment":[{"href":"https:\/\/franciscanos.org.br\/noticias\/wp-json\/wp\/v2\/media?parent=19124"}],"wp:term":[{"taxonomy":"category","embeddable":true,"href":"https:\/\/franciscanos.org.br\/noticias\/wp-json\/wp\/v2\/categories?post=19124"},{"taxonomy":"post_tag","embeddable":true,"href":"https:\/\/franciscanos.org.br\/noticias\/wp-json\/wp\/v2\/tags?post=19124"}],"curies":[{"name":"wp","href":"https:\/\/api.w.org\/{rel}","templated":true}]}}