{"id":191083,"date":"2018-11-26T10:24:32","date_gmt":"2018-11-26T12:24:32","guid":{"rendered":"https:\/\/franciscanos.org.br\/noticias\/?p=191083"},"modified":"2021-01-20T09:14:37","modified_gmt":"2021-01-20T12:14:37","slug":"provincia-celebra-jubileus-2018","status":"publish","type":"post","link":"https:\/\/franciscanos.org.br\/noticias\/provincia-celebra-jubileus-2018.html","title":{"rendered":"Prov\u00edncia celebra jubileus 2018"},"content":{"rendered":"<div id=\"attachment_191532\" style=\"width: 1210px\" class=\"wp-caption alignnone\"><img aria-describedby=\"caption-attachment-191532\" loading=\"lazy\" class=\"wp-image-191532 size-full\" src=\"https:\/\/franciscanos.org.br\/noticias\/wp-content\/uploads\/2018\/11\/francisco_jubileus271118.jpg\" alt=\"\" width=\"1200\" height=\"580\" srcset=\"https:\/\/franciscanos.org.br\/noticias\/wp-content\/uploads\/2018\/11\/francisco_jubileus271118.jpg 1200w, https:\/\/franciscanos.org.br\/noticias\/wp-content\/uploads\/2018\/11\/francisco_jubileus271118-450x218.jpg 450w, https:\/\/franciscanos.org.br\/noticias\/wp-content\/uploads\/2018\/11\/francisco_jubileus271118-768x371.jpg 768w, https:\/\/franciscanos.org.br\/noticias\/wp-content\/uploads\/2018\/11\/francisco_jubileus271118-1024x495.jpg 1024w, https:\/\/franciscanos.org.br\/noticias\/wp-content\/uploads\/2018\/11\/francisco_jubileus271118-150x73.jpg 150w\" sizes=\"(max-width: 1200px) 100vw, 1200px\" \/><p id=\"caption-attachment-191532\" class=\"wp-caption-text\">\u00a0 \u00a0 \u00a0 \u00a0 \u00a0 \u00a0 \u00a0 \u00a0 \u00a0 \u00a0 \u00a0 \u00a0 \u00a0 \u00a0 \u00a0 \u00a0 \u00a0 \u00a0 \u00a0 \u00a0 \u00a0 \u00a0 \u00a0 \u00a0 \u00a0 \u00a0 \u00a0 \u00a0 \u00a0 \u00a0 \u00a0 \u00a0 \u00a0 \u00a0 \u00a0 \u00a0 \u00a0 \u00a0 \u00a0 \u00a0 \u00a0 \u00a0 \u00a0 \u00a0 \u00a0 \u00a0 \u00a0 \u00a0 \u00a0 \u00a0 \u00a0 \u00a0 \u00a0 \u00a0 \u00a0 \u00a0 \u00a0 \u00a0 \u00a0 \u00a0 \u00a0 \u00a0 \u00a0 \u00a0 \u00a0 \u00a0 \u00a0 \u00a0 \u00a0 \u00a0 \u00a0 \u00a0 \u00a0 \u00a0 \u00a0 \u00a0 \u00a0 \u00a0 \u00a0 \u00a0 \u00a0 \u00a0 \u00a0 \u00a0 \u00a0 \u00a0 \u00a0 <em>Imagem ilustrativa de Piero Casentini<\/em><\/p><\/div>\n<p>A Fraternidade do Convento S\u00e3o Francisco, em S\u00e3o Paulo, receber\u00e1 nos dias 30 de novembro e 1\u00ba de dezembro os frades da Prov\u00edncia Franciscana da Imaculada Concei\u00e7\u00e3o que celebram seus jubileus neste ano. Ao todo, 30 frades celebram a\u00e7\u00e3o de gra\u00e7as pelos 25, 50, 60, 65 e 70, 71, 72 73, 74, 76 e 77 anos de Vida Religiosa ou Sacerdotal. No dia 3, \u00e0s 10 horas, a celebra\u00e7\u00e3o acontece em Bragan\u00e7a Paulista (SP), com os frades idosos.<\/p>\n<p>Celebrar o jubileu \u00e9 retomar toda a caminhada vocacional para atualiz\u00e1-la no presente, em forma de a\u00e7\u00e3o de gra\u00e7as. No dia do Jubileu, o irm\u00e3o tamb\u00e9m renova o compromisso assumido h\u00e1 25, 50, 60, 65 e 70 anos, declarando o segredo mais profundo que o animou, tanto na vida religiosa como na vida sacerdotal: &#8220;Senhor, a minha vida est\u00e1 nas tuas m\u00e3os\u201d.<\/p>\n<p>Na celebra\u00e7\u00e3o dos jubileus, a Prov\u00edncia agradece o dom da voca\u00e7\u00e3o de cada um desses irm\u00e3os. Em primeiro lugar, sublinhamos a voca\u00e7\u00e3o \u00e0 vida religiosa franciscana. &#8220;O Senhor me concedeu viver esta forma e Regra de vida&#8221;, nos ensina S\u00e3o Francisco de Assis. Nesta mesma l\u00f3gica, o Ser\u00e1fico Pai ainda ensina que o irm\u00e3o \u00e9 uma d\u00e1diva divina dada \u00e0 fraternidade: &#8220;O Senhor me deu irm\u00e3os!&#8221; Em segundo lugar, evidenciamos a voca\u00e7\u00e3o presbiteral dos confrades que celebram seu jubileu sacerdotal. Louvamos e agradecemos a Deus pela vida sacerdotal desses irm\u00e3os porque o Senhor &#8220;os honrou acima de todos, por causa desse mist\u00e9rio&#8221;, exorta S\u00e3o Francisco.<\/p>\n<p>Para cada jubilando em particular, a celebra\u00e7\u00e3o jubilar \u00e9 uma ocasi\u00e3o singular que possibilita ao confrade fazer a releitura da sua voca\u00e7\u00e3o de frade menor ou a sua voca\u00e7\u00e3o de sacerdote do Alt\u00edssimo. A releitura implica numa parada. Parada para rever, discernir e retomar o &#8220;ponto de partida&#8221; da sua consagra\u00e7\u00e3o a Deus na vida religiosa ou sacerdotal.<\/p>\n<p><img loading=\"lazy\" src=\"https:\/\/franciscanos.org.br\/noticias\/wp-content\/uploads\/2018\/11\/jubilandos.jpg\" alt=\"\" width=\"1200\" height=\"2861\" \/><\/p>\n","protected":false},"excerpt":{"rendered":"<p>Celebra\u00e7\u00e3o dos Jubileus dos frades<\/p>\n","protected":false},"author":7,"featured_media":209037,"comment_status":"open","ping_status":"open","sticky":false,"template":"","format":"standard","meta":[],"categories":[1],"tags":[332],"acf":[],"yoast_head":"<!-- This site is optimized with the Yoast SEO plugin v19.2 - https:\/\/yoast.com\/wordpress\/plugins\/seo\/ -->\n<title>Prov\u00edncia celebra jubileus 2018 - Not\u00edcias - Franciscanos<\/title>\n<meta name=\"robots\" content=\"index, follow, max-snippet:-1, max-image-preview:large, max-video-preview:-1\" \/>\n<link rel=\"canonical\" href=\"https:\/\/franciscanos.org.br\/noticias\/provincia-celebra-jubileus-2018.html\" \/>\n<meta property=\"og:locale\" content=\"pt_BR\" \/>\n<meta property=\"og:type\" content=\"article\" \/>\n<meta property=\"og:title\" content=\"Prov\u00edncia celebra jubileus 2018 - Not\u00edcias - Franciscanos\" \/>\n<meta property=\"og:description\" content=\"Celebra\u00e7\u00e3o dos Jubileus dos frades\" \/>\n<meta property=\"og:url\" content=\"https:\/\/franciscanos.org.br\/noticias\/provincia-celebra-jubileus-2018.html\" \/>\n<meta property=\"og:site_name\" content=\"Not\u00edcias - Franciscanos\" \/>\n<meta property=\"article:published_time\" content=\"2018-11-26T12:24:32+00:00\" \/>\n<meta property=\"article:modified_time\" content=\"2021-01-20T12:14:37+00:00\" \/>\n<meta property=\"og:image\" content=\"https:\/\/franciscanos.org.br\/noticias\/wp-content\/uploads\/2018\/11\/francisco_jubileus271118-1.jpg\" \/>\n\t<meta property=\"og:image:width\" content=\"273\" \/>\n\t<meta property=\"og:image:height\" content=\"181\" \/>\n\t<meta property=\"og:image:type\" content=\"image\/jpeg\" \/>\n<meta name=\"author\" content=\"jovenal\" \/>\n<meta name=\"twitter:card\" content=\"summary_large_image\" \/>\n<meta name=\"twitter:label1\" content=\"Escrito por\" \/>\n\t<meta name=\"twitter:data1\" content=\"jovenal\" \/>\n\t<meta name=\"twitter:label2\" content=\"Est. tempo de leitura\" \/>\n\t<meta name=\"twitter:data2\" content=\"2 minutos\" \/>\n<script type=\"application\/ld+json\" class=\"yoast-schema-graph\">{\"@context\":\"https:\/\/schema.org\",\"@graph\":[{\"@type\":\"WebSite\",\"@id\":\"https:\/\/franciscanos.org.br\/noticias\/#website\",\"url\":\"https:\/\/franciscanos.org.br\/noticias\/\",\"name\":\"Not\u00edcias - Franciscanos\",\"description\":\"Prov\u00edncia Franciscana da Imaculada Concei\u00e7\u00e3o do Brasil - Ordem dos Frades Menores - OFM\",\"potentialAction\":[{\"@type\":\"SearchAction\",\"target\":{\"@type\":\"EntryPoint\",\"urlTemplate\":\"https:\/\/franciscanos.org.br\/noticias\/?s={search_term_string}\"},\"query-input\":\"required name=search_term_string\"}],\"inLanguage\":\"pt-BR\"},{\"@type\":\"ImageObject\",\"inLanguage\":\"pt-BR\",\"@id\":\"https:\/\/franciscanos.org.br\/noticias\/provincia-celebra-jubileus-2018.html#primaryimage\",\"url\":\"https:\/\/franciscanos.org.br\/noticias\/wp-content\/uploads\/2018\/11\/francisco_jubileus271118-1.jpg\",\"contentUrl\":\"https:\/\/franciscanos.org.br\/noticias\/wp-content\/uploads\/2018\/11\/francisco_jubileus271118-1.jpg\",\"width\":273,\"height\":181},{\"@type\":\"WebPage\",\"@id\":\"https:\/\/franciscanos.org.br\/noticias\/provincia-celebra-jubileus-2018.html#webpage\",\"url\":\"https:\/\/franciscanos.org.br\/noticias\/provincia-celebra-jubileus-2018.html\",\"name\":\"Prov\u00edncia celebra jubileus 2018 - Not\u00edcias - Franciscanos\",\"isPartOf\":{\"@id\":\"https:\/\/franciscanos.org.br\/noticias\/#website\"},\"primaryImageOfPage\":{\"@id\":\"https:\/\/franciscanos.org.br\/noticias\/provincia-celebra-jubileus-2018.html#primaryimage\"},\"datePublished\":\"2018-11-26T12:24:32+00:00\",\"dateModified\":\"2021-01-20T12:14:37+00:00\",\"author\":{\"@id\":\"https:\/\/franciscanos.org.br\/noticias\/#\/schema\/person\/c3a26b08313dd1772495ce300ab257cc\"},\"breadcrumb\":{\"@id\":\"https:\/\/franciscanos.org.br\/noticias\/provincia-celebra-jubileus-2018.html#breadcrumb\"},\"inLanguage\":\"pt-BR\",\"potentialAction\":[{\"@type\":\"ReadAction\",\"target\":[\"https:\/\/franciscanos.org.br\/noticias\/provincia-celebra-jubileus-2018.html\"]}]},{\"@type\":\"BreadcrumbList\",\"@id\":\"https:\/\/franciscanos.org.br\/noticias\/provincia-celebra-jubileus-2018.html#breadcrumb\",\"itemListElement\":[{\"@type\":\"ListItem\",\"position\":1,\"name\":\"Home\",\"item\":\"https:\/\/franciscanos.org.br\/noticias\"},{\"@type\":\"ListItem\",\"position\":2,\"name\":\"Prov\u00edncia celebra jubileus 2018\"}]},{\"@type\":\"Person\",\"@id\":\"https:\/\/franciscanos.org.br\/noticias\/#\/schema\/person\/c3a26b08313dd1772495ce300ab257cc\",\"name\":\"jovenal\",\"image\":{\"@type\":\"ImageObject\",\"inLanguage\":\"pt-BR\",\"@id\":\"https:\/\/franciscanos.org.br\/noticias\/#\/schema\/person\/image\/\",\"url\":\"https:\/\/secure.gravatar.com\/avatar\/e94509f531086e2eaf97e72f29ea00f9?s=96&d=mm&r=g\",\"contentUrl\":\"https:\/\/secure.gravatar.com\/avatar\/e94509f531086e2eaf97e72f29ea00f9?s=96&d=mm&r=g\",\"caption\":\"jovenal\"},\"url\":\"https:\/\/franciscanos.org.br\/noticias\/author\/jovenal\"}]}<\/script>\n<!-- \/ Yoast SEO plugin. -->","yoast_head_json":{"title":"Prov\u00edncia celebra jubileus 2018 - Not\u00edcias - Franciscanos","robots":{"index":"index","follow":"follow","max-snippet":"max-snippet:-1","max-image-preview":"max-image-preview:large","max-video-preview":"max-video-preview:-1"},"canonical":"https:\/\/franciscanos.org.br\/noticias\/provincia-celebra-jubileus-2018.html","og_locale":"pt_BR","og_type":"article","og_title":"Prov\u00edncia celebra jubileus 2018 - Not\u00edcias - Franciscanos","og_description":"Celebra\u00e7\u00e3o dos Jubileus dos frades","og_url":"https:\/\/franciscanos.org.br\/noticias\/provincia-celebra-jubileus-2018.html","og_site_name":"Not\u00edcias - Franciscanos","article_published_time":"2018-11-26T12:24:32+00:00","article_modified_time":"2021-01-20T12:14:37+00:00","og_image":[{"width":273,"height":181,"url":"https:\/\/franciscanos.org.br\/noticias\/wp-content\/uploads\/2018\/11\/francisco_jubileus271118-1.jpg","type":"image\/jpeg"}],"author":"jovenal","twitter_card":"summary_large_image","twitter_misc":{"Escrito por":"jovenal","Est. tempo de leitura":"2 minutos"},"schema":{"@context":"https:\/\/schema.org","@graph":[{"@type":"WebSite","@id":"https:\/\/franciscanos.org.br\/noticias\/#website","url":"https:\/\/franciscanos.org.br\/noticias\/","name":"Not\u00edcias - Franciscanos","description":"Prov\u00edncia Franciscana da Imaculada Concei\u00e7\u00e3o do Brasil - Ordem dos Frades Menores - OFM","potentialAction":[{"@type":"SearchAction","target":{"@type":"EntryPoint","urlTemplate":"https:\/\/franciscanos.org.br\/noticias\/?s={search_term_string}"},"query-input":"required name=search_term_string"}],"inLanguage":"pt-BR"},{"@type":"ImageObject","inLanguage":"pt-BR","@id":"https:\/\/franciscanos.org.br\/noticias\/provincia-celebra-jubileus-2018.html#primaryimage","url":"https:\/\/franciscanos.org.br\/noticias\/wp-content\/uploads\/2018\/11\/francisco_jubileus271118-1.jpg","contentUrl":"https:\/\/franciscanos.org.br\/noticias\/wp-content\/uploads\/2018\/11\/francisco_jubileus271118-1.jpg","width":273,"height":181},{"@type":"WebPage","@id":"https:\/\/franciscanos.org.br\/noticias\/provincia-celebra-jubileus-2018.html#webpage","url":"https:\/\/franciscanos.org.br\/noticias\/provincia-celebra-jubileus-2018.html","name":"Prov\u00edncia celebra jubileus 2018 - Not\u00edcias - Franciscanos","isPartOf":{"@id":"https:\/\/franciscanos.org.br\/noticias\/#website"},"primaryImageOfPage":{"@id":"https:\/\/franciscanos.org.br\/noticias\/provincia-celebra-jubileus-2018.html#primaryimage"},"datePublished":"2018-11-26T12:24:32+00:00","dateModified":"2021-01-20T12:14:37+00:00","author":{"@id":"https:\/\/franciscanos.org.br\/noticias\/#\/schema\/person\/c3a26b08313dd1772495ce300ab257cc"},"breadcrumb":{"@id":"https:\/\/franciscanos.org.br\/noticias\/provincia-celebra-jubileus-2018.html#breadcrumb"},"inLanguage":"pt-BR","potentialAction":[{"@type":"ReadAction","target":["https:\/\/franciscanos.org.br\/noticias\/provincia-celebra-jubileus-2018.html"]}]},{"@type":"BreadcrumbList","@id":"https:\/\/franciscanos.org.br\/noticias\/provincia-celebra-jubileus-2018.html#breadcrumb","itemListElement":[{"@type":"ListItem","position":1,"name":"Home","item":"https:\/\/franciscanos.org.br\/noticias"},{"@type":"ListItem","position":2,"name":"Prov\u00edncia celebra jubileus 2018"}]},{"@type":"Person","@id":"https:\/\/franciscanos.org.br\/noticias\/#\/schema\/person\/c3a26b08313dd1772495ce300ab257cc","name":"jovenal","image":{"@type":"ImageObject","inLanguage":"pt-BR","@id":"https:\/\/franciscanos.org.br\/noticias\/#\/schema\/person\/image\/","url":"https:\/\/secure.gravatar.com\/avatar\/e94509f531086e2eaf97e72f29ea00f9?s=96&d=mm&r=g","contentUrl":"https:\/\/secure.gravatar.com\/avatar\/e94509f531086e2eaf97e72f29ea00f9?s=96&d=mm&r=g","caption":"jovenal"},"url":"https:\/\/franciscanos.org.br\/noticias\/author\/jovenal"}]}},"_links":{"self":[{"href":"https:\/\/franciscanos.org.br\/noticias\/wp-json\/wp\/v2\/posts\/191083"}],"collection":[{"href":"https:\/\/franciscanos.org.br\/noticias\/wp-json\/wp\/v2\/posts"}],"about":[{"href":"https:\/\/franciscanos.org.br\/noticias\/wp-json\/wp\/v2\/types\/post"}],"author":[{"embeddable":true,"href":"https:\/\/franciscanos.org.br\/noticias\/wp-json\/wp\/v2\/users\/7"}],"replies":[{"embeddable":true,"href":"https:\/\/franciscanos.org.br\/noticias\/wp-json\/wp\/v2\/comments?post=191083"}],"version-history":[{"count":2,"href":"https:\/\/franciscanos.org.br\/noticias\/wp-json\/wp\/v2\/posts\/191083\/revisions"}],"predecessor-version":[{"id":230511,"href":"https:\/\/franciscanos.org.br\/noticias\/wp-json\/wp\/v2\/posts\/191083\/revisions\/230511"}],"wp:featuredmedia":[{"embeddable":true,"href":"https:\/\/franciscanos.org.br\/noticias\/wp-json\/wp\/v2\/media\/209037"}],"wp:attachment":[{"href":"https:\/\/franciscanos.org.br\/noticias\/wp-json\/wp\/v2\/media?parent=191083"}],"wp:term":[{"taxonomy":"category","embeddable":true,"href":"https:\/\/franciscanos.org.br\/noticias\/wp-json\/wp\/v2\/categories?post=191083"},{"taxonomy":"post_tag","embeddable":true,"href":"https:\/\/franciscanos.org.br\/noticias\/wp-json\/wp\/v2\/tags?post=191083"}],"curies":[{"name":"wp","href":"https:\/\/api.w.org\/{rel}","templated":true}]}}