{"id":190867,"date":"2018-11-22T08:17:57","date_gmt":"2018-11-22T10:17:57","guid":{"rendered":"https:\/\/franciscanos.org.br\/noticias\/?p=190867"},"modified":"2023-01-10T09:24:04","modified_gmt":"2023-01-10T12:24:04","slug":"missoes-preparam-as-ordenacoes-em-angola","status":"publish","type":"post","link":"https:\/\/franciscanos.org.br\/noticias\/missoes-preparam-as-ordenacoes-em-angola.html","title":{"rendered":"Miss\u00f5es preparam as ordena\u00e7\u00f5es em Angola"},"content":{"rendered":"<p><img loading=\"lazy\" class=\"alignnone wp-image-190868 size-full\" src=\"https:\/\/franciscanos.org.br\/noticias\/wp-content\/uploads\/2018\/11\/angola_221118_1.jpg\" alt=\"\" width=\"890\" height=\"501\" srcset=\"https:\/\/franciscanos.org.br\/noticias\/wp-content\/uploads\/2018\/11\/angola_221118_1.jpg 890w, https:\/\/franciscanos.org.br\/noticias\/wp-content\/uploads\/2018\/11\/angola_221118_1-450x253.jpg 450w, https:\/\/franciscanos.org.br\/noticias\/wp-content\/uploads\/2018\/11\/angola_221118_1-768x432.jpg 768w, https:\/\/franciscanos.org.br\/noticias\/wp-content\/uploads\/2018\/11\/angola_221118_1-150x84.jpg 150w\" sizes=\"(max-width: 890px) 100vw, 890px\" \/><\/p>\n<p>Em prepara\u00e7\u00e3o \u00e0s ordena\u00e7\u00f5es sacerdotais de Frei Jo\u00e3o Bunga, Frei Ermelindo Bambi e Frei Jo\u00e3o Candjendjenga, marcadas para a Solenidade de Cristo Rei, no Kimbo S\u00e3o Francisco, come\u00e7ou, nesta segunda-feira, dia 19 de Novembro, a semana de Miss\u00f5es Franciscanas nas comunidades da Par\u00f3quia S\u00e3o Lucas, Luanda.<\/p>\n<p>A semana de Miss\u00f5es Franciscanas est\u00e1 sendo promovida pela Frente de Anima\u00e7\u00e3o Vocacional (FAV) da Funda\u00e7\u00e3o Imaculada M\u00e3e de Deus (FIMDA), por Frei Ivair de Carvalho, vice-presidente da Funda\u00e7\u00e3o e coordenador desta frente, e conta com a participa\u00e7\u00e3o dos frades, postulantes e leigos das comunidades locais.<\/p>\n<p>Neste primeiro dia, os frades concentraram-se na Comunidade S\u00e3o Francisco, imedia\u00e7\u00f5es do Bairro Popular e Banga-w\u00e9, e visitaram os doentes, rezaram com as fam\u00edlias, aben\u00e7oaram as casas. A Comunidade preparou um almo\u00e7o para os mission\u00e1rios que foi partilhado com todos.<\/p>\n<p><img loading=\"lazy\" class=\"alignnone wp-image-190869 size-full\" src=\"https:\/\/franciscanos.org.br\/noticias\/wp-content\/uploads\/2018\/11\/angola_221118_2.jpg\" alt=\"\" width=\"890\" height=\"464\" srcset=\"https:\/\/franciscanos.org.br\/noticias\/wp-content\/uploads\/2018\/11\/angola_221118_2.jpg 890w, https:\/\/franciscanos.org.br\/noticias\/wp-content\/uploads\/2018\/11\/angola_221118_2-450x235.jpg 450w, https:\/\/franciscanos.org.br\/noticias\/wp-content\/uploads\/2018\/11\/angola_221118_2-768x400.jpg 768w, https:\/\/franciscanos.org.br\/noticias\/wp-content\/uploads\/2018\/11\/angola_221118_2-150x78.jpg 150w\" sizes=\"(max-width: 890px) 100vw, 890px\" \/><\/p>\n<p>As atividades terminaram \u00e0s 18 horas, com uma Missa presidida por Frei Alisson Zanetti, que destacou cada Eucaristia como um novo jeito de Deus amar. Referiu que cada Missa \u201cn\u00e3o \u00e9 uma repeti\u00e7\u00e3o, mas uni\u00e3o, porque estamos atualizando aquilo que Jesus fez\u201d. No seu serm\u00e3o, o guardi\u00e3o da Fraternidade Santo Ant\u00f4nio refletiu sobre o reino de Deus que n\u00e3o acontece de forma midi\u00e1tica, mas na simplicidade.<\/p>\n<p>Sobre as miss\u00f5es, fez saber que viveram uma experi\u00eancia \u00fanica, pois, naquela trajet\u00f3ria, disse: \u201cVisitamos doentes que j\u00e1 n\u00e3o conseguem falar. Percebemos a f\u00e9 porque pediram a presen\u00e7a dos mission\u00e1rios. \u00c9 a presen\u00e7a de Deus no meio deles\u201d. Ele lembrou que os tr\u00eas frades di\u00e1conos, que se disp\u00f5em ao sacerd\u00f3cio ser\u00e3o sinais de esperan\u00e7a, b\u00ean\u00e7\u00e3o a partir do minist\u00e9rio deles.<\/p>\n<p><em>Comunica\u00e7\u00e3o da Prov\u00edncia da Imaculada Concei\u00e7\u00e3o<\/em><\/p>\n<p><img loading=\"lazy\" class=\"alignnone size-full wp-image-190870\" src=\"https:\/\/franciscanos.org.br\/noticias\/wp-content\/uploads\/2018\/11\/angola_221118.jpg\" alt=\"\" width=\"890\" height=\"501\" srcset=\"https:\/\/franciscanos.org.br\/noticias\/wp-content\/uploads\/2018\/11\/angola_221118.jpg 890w, https:\/\/franciscanos.org.br\/noticias\/wp-content\/uploads\/2018\/11\/angola_221118-450x253.jpg 450w, https:\/\/franciscanos.org.br\/noticias\/wp-content\/uploads\/2018\/11\/angola_221118-768x432.jpg 768w, https:\/\/franciscanos.org.br\/noticias\/wp-content\/uploads\/2018\/11\/angola_221118-150x84.jpg 150w\" sizes=\"(max-width: 890px) 100vw, 890px\" \/><\/p>\n","protected":false},"excerpt":{"rendered":"<p>Funda\u00e7\u00e3o Imaculada M\u00e3e de Deus de Angola<\/p>\n","protected":false},"author":3,"featured_media":190871,"comment_status":"open","ping_status":"open","sticky":false,"template":"","format":"standard","meta":[],"categories":[1],"tags":[360],"acf":[],"yoast_head":"<!-- This site is optimized with the Yoast SEO plugin v19.2 - https:\/\/yoast.com\/wordpress\/plugins\/seo\/ -->\n<title>Miss\u00f5es preparam as ordena\u00e7\u00f5es em Angola - Not\u00edcias - Franciscanos<\/title>\n<meta name=\"robots\" content=\"index, follow, max-snippet:-1, max-image-preview:large, max-video-preview:-1\" \/>\n<link rel=\"canonical\" href=\"https:\/\/franciscanos.org.br\/noticias\/missoes-preparam-as-ordenacoes-em-angola.html\" \/>\n<meta property=\"og:locale\" content=\"pt_BR\" \/>\n<meta property=\"og:type\" content=\"article\" \/>\n<meta property=\"og:title\" content=\"Miss\u00f5es preparam as ordena\u00e7\u00f5es em Angola - Not\u00edcias - Franciscanos\" \/>\n<meta property=\"og:description\" content=\"Funda\u00e7\u00e3o Imaculada M\u00e3e de Deus de Angola\" \/>\n<meta property=\"og:url\" content=\"https:\/\/franciscanos.org.br\/noticias\/missoes-preparam-as-ordenacoes-em-angola.html\" \/>\n<meta property=\"og:site_name\" content=\"Not\u00edcias - Franciscanos\" \/>\n<meta property=\"article:published_time\" content=\"2018-11-22T10:17:57+00:00\" \/>\n<meta property=\"article:modified_time\" content=\"2023-01-10T12:24:04+00:00\" \/>\n<meta property=\"og:image\" content=\"https:\/\/franciscanos.org.br\/noticias\/wp-content\/uploads\/2018\/11\/angola_221118_d.jpg\" \/>\n\t<meta property=\"og:image:width\" content=\"273\" \/>\n\t<meta property=\"og:image:height\" content=\"181\" \/>\n\t<meta property=\"og:image:type\" content=\"image\/jpeg\" \/>\n<meta name=\"author\" content=\"moacir\" \/>\n<meta name=\"twitter:card\" content=\"summary_large_image\" \/>\n<meta name=\"twitter:label1\" content=\"Escrito por\" \/>\n\t<meta name=\"twitter:data1\" content=\"moacir\" \/>\n\t<meta name=\"twitter:label2\" content=\"Est. tempo de leitura\" \/>\n\t<meta name=\"twitter:data2\" content=\"2 minutos\" \/>\n<script type=\"application\/ld+json\" class=\"yoast-schema-graph\">{\"@context\":\"https:\/\/schema.org\",\"@graph\":[{\"@type\":\"WebSite\",\"@id\":\"https:\/\/franciscanos.org.br\/noticias\/#website\",\"url\":\"https:\/\/franciscanos.org.br\/noticias\/\",\"name\":\"Not\u00edcias - Franciscanos\",\"description\":\"Prov\u00edncia Franciscana da Imaculada Concei\u00e7\u00e3o do Brasil - Ordem dos Frades Menores - OFM\",\"potentialAction\":[{\"@type\":\"SearchAction\",\"target\":{\"@type\":\"EntryPoint\",\"urlTemplate\":\"https:\/\/franciscanos.org.br\/noticias\/?s={search_term_string}\"},\"query-input\":\"required name=search_term_string\"}],\"inLanguage\":\"pt-BR\"},{\"@type\":\"ImageObject\",\"inLanguage\":\"pt-BR\",\"@id\":\"https:\/\/franciscanos.org.br\/noticias\/missoes-preparam-as-ordenacoes-em-angola.html#primaryimage\",\"url\":\"https:\/\/franciscanos.org.br\/noticias\/wp-content\/uploads\/2018\/11\/angola_221118_d.jpg\",\"contentUrl\":\"https:\/\/franciscanos.org.br\/noticias\/wp-content\/uploads\/2018\/11\/angola_221118_d.jpg\",\"width\":273,\"height\":181},{\"@type\":\"WebPage\",\"@id\":\"https:\/\/franciscanos.org.br\/noticias\/missoes-preparam-as-ordenacoes-em-angola.html#webpage\",\"url\":\"https:\/\/franciscanos.org.br\/noticias\/missoes-preparam-as-ordenacoes-em-angola.html\",\"name\":\"Miss\u00f5es preparam as ordena\u00e7\u00f5es em Angola - Not\u00edcias - Franciscanos\",\"isPartOf\":{\"@id\":\"https:\/\/franciscanos.org.br\/noticias\/#website\"},\"primaryImageOfPage\":{\"@id\":\"https:\/\/franciscanos.org.br\/noticias\/missoes-preparam-as-ordenacoes-em-angola.html#primaryimage\"},\"datePublished\":\"2018-11-22T10:17:57+00:00\",\"dateModified\":\"2023-01-10T12:24:04+00:00\",\"author\":{\"@id\":\"https:\/\/franciscanos.org.br\/noticias\/#\/schema\/person\/b5c8cba458c330ccff548b056e95a5d4\"},\"breadcrumb\":{\"@id\":\"https:\/\/franciscanos.org.br\/noticias\/missoes-preparam-as-ordenacoes-em-angola.html#breadcrumb\"},\"inLanguage\":\"pt-BR\",\"potentialAction\":[{\"@type\":\"ReadAction\",\"target\":[\"https:\/\/franciscanos.org.br\/noticias\/missoes-preparam-as-ordenacoes-em-angola.html\"]}]},{\"@type\":\"BreadcrumbList\",\"@id\":\"https:\/\/franciscanos.org.br\/noticias\/missoes-preparam-as-ordenacoes-em-angola.html#breadcrumb\",\"itemListElement\":[{\"@type\":\"ListItem\",\"position\":1,\"name\":\"Home\",\"item\":\"https:\/\/franciscanos.org.br\/noticias\"},{\"@type\":\"ListItem\",\"position\":2,\"name\":\"Miss\u00f5es preparam as ordena\u00e7\u00f5es em Angola\"}]},{\"@type\":\"Person\",\"@id\":\"https:\/\/franciscanos.org.br\/noticias\/#\/schema\/person\/b5c8cba458c330ccff548b056e95a5d4\",\"name\":\"moacir\",\"image\":{\"@type\":\"ImageObject\",\"inLanguage\":\"pt-BR\",\"@id\":\"https:\/\/franciscanos.org.br\/noticias\/#\/schema\/person\/image\/\",\"url\":\"https:\/\/secure.gravatar.com\/avatar\/d08aa2ce4c8dd416d4479aa8536fcf64?s=96&d=mm&r=g\",\"contentUrl\":\"https:\/\/secure.gravatar.com\/avatar\/d08aa2ce4c8dd416d4479aa8536fcf64?s=96&d=mm&r=g\",\"caption\":\"moacir\"},\"url\":\"https:\/\/franciscanos.org.br\/noticias\/author\/moacir\"}]}<\/script>\n<!-- \/ Yoast SEO plugin. -->","yoast_head_json":{"title":"Miss\u00f5es preparam as ordena\u00e7\u00f5es em Angola - Not\u00edcias - Franciscanos","robots":{"index":"index","follow":"follow","max-snippet":"max-snippet:-1","max-image-preview":"max-image-preview:large","max-video-preview":"max-video-preview:-1"},"canonical":"https:\/\/franciscanos.org.br\/noticias\/missoes-preparam-as-ordenacoes-em-angola.html","og_locale":"pt_BR","og_type":"article","og_title":"Miss\u00f5es preparam as ordena\u00e7\u00f5es em Angola - Not\u00edcias - Franciscanos","og_description":"Funda\u00e7\u00e3o Imaculada M\u00e3e de Deus de Angola","og_url":"https:\/\/franciscanos.org.br\/noticias\/missoes-preparam-as-ordenacoes-em-angola.html","og_site_name":"Not\u00edcias - Franciscanos","article_published_time":"2018-11-22T10:17:57+00:00","article_modified_time":"2023-01-10T12:24:04+00:00","og_image":[{"width":273,"height":181,"url":"https:\/\/franciscanos.org.br\/noticias\/wp-content\/uploads\/2018\/11\/angola_221118_d.jpg","type":"image\/jpeg"}],"author":"moacir","twitter_card":"summary_large_image","twitter_misc":{"Escrito por":"moacir","Est. tempo de leitura":"2 minutos"},"schema":{"@context":"https:\/\/schema.org","@graph":[{"@type":"WebSite","@id":"https:\/\/franciscanos.org.br\/noticias\/#website","url":"https:\/\/franciscanos.org.br\/noticias\/","name":"Not\u00edcias - Franciscanos","description":"Prov\u00edncia Franciscana da Imaculada Concei\u00e7\u00e3o do Brasil - Ordem dos Frades Menores - OFM","potentialAction":[{"@type":"SearchAction","target":{"@type":"EntryPoint","urlTemplate":"https:\/\/franciscanos.org.br\/noticias\/?s={search_term_string}"},"query-input":"required name=search_term_string"}],"inLanguage":"pt-BR"},{"@type":"ImageObject","inLanguage":"pt-BR","@id":"https:\/\/franciscanos.org.br\/noticias\/missoes-preparam-as-ordenacoes-em-angola.html#primaryimage","url":"https:\/\/franciscanos.org.br\/noticias\/wp-content\/uploads\/2018\/11\/angola_221118_d.jpg","contentUrl":"https:\/\/franciscanos.org.br\/noticias\/wp-content\/uploads\/2018\/11\/angola_221118_d.jpg","width":273,"height":181},{"@type":"WebPage","@id":"https:\/\/franciscanos.org.br\/noticias\/missoes-preparam-as-ordenacoes-em-angola.html#webpage","url":"https:\/\/franciscanos.org.br\/noticias\/missoes-preparam-as-ordenacoes-em-angola.html","name":"Miss\u00f5es preparam as ordena\u00e7\u00f5es em Angola - Not\u00edcias - Franciscanos","isPartOf":{"@id":"https:\/\/franciscanos.org.br\/noticias\/#website"},"primaryImageOfPage":{"@id":"https:\/\/franciscanos.org.br\/noticias\/missoes-preparam-as-ordenacoes-em-angola.html#primaryimage"},"datePublished":"2018-11-22T10:17:57+00:00","dateModified":"2023-01-10T12:24:04+00:00","author":{"@id":"https:\/\/franciscanos.org.br\/noticias\/#\/schema\/person\/b5c8cba458c330ccff548b056e95a5d4"},"breadcrumb":{"@id":"https:\/\/franciscanos.org.br\/noticias\/missoes-preparam-as-ordenacoes-em-angola.html#breadcrumb"},"inLanguage":"pt-BR","potentialAction":[{"@type":"ReadAction","target":["https:\/\/franciscanos.org.br\/noticias\/missoes-preparam-as-ordenacoes-em-angola.html"]}]},{"@type":"BreadcrumbList","@id":"https:\/\/franciscanos.org.br\/noticias\/missoes-preparam-as-ordenacoes-em-angola.html#breadcrumb","itemListElement":[{"@type":"ListItem","position":1,"name":"Home","item":"https:\/\/franciscanos.org.br\/noticias"},{"@type":"ListItem","position":2,"name":"Miss\u00f5es preparam as ordena\u00e7\u00f5es em Angola"}]},{"@type":"Person","@id":"https:\/\/franciscanos.org.br\/noticias\/#\/schema\/person\/b5c8cba458c330ccff548b056e95a5d4","name":"moacir","image":{"@type":"ImageObject","inLanguage":"pt-BR","@id":"https:\/\/franciscanos.org.br\/noticias\/#\/schema\/person\/image\/","url":"https:\/\/secure.gravatar.com\/avatar\/d08aa2ce4c8dd416d4479aa8536fcf64?s=96&d=mm&r=g","contentUrl":"https:\/\/secure.gravatar.com\/avatar\/d08aa2ce4c8dd416d4479aa8536fcf64?s=96&d=mm&r=g","caption":"moacir"},"url":"https:\/\/franciscanos.org.br\/noticias\/author\/moacir"}]}},"_links":{"self":[{"href":"https:\/\/franciscanos.org.br\/noticias\/wp-json\/wp\/v2\/posts\/190867"}],"collection":[{"href":"https:\/\/franciscanos.org.br\/noticias\/wp-json\/wp\/v2\/posts"}],"about":[{"href":"https:\/\/franciscanos.org.br\/noticias\/wp-json\/wp\/v2\/types\/post"}],"author":[{"embeddable":true,"href":"https:\/\/franciscanos.org.br\/noticias\/wp-json\/wp\/v2\/users\/3"}],"replies":[{"embeddable":true,"href":"https:\/\/franciscanos.org.br\/noticias\/wp-json\/wp\/v2\/comments?post=190867"}],"version-history":[{"count":2,"href":"https:\/\/franciscanos.org.br\/noticias\/wp-json\/wp\/v2\/posts\/190867\/revisions"}],"predecessor-version":[{"id":241655,"href":"https:\/\/franciscanos.org.br\/noticias\/wp-json\/wp\/v2\/posts\/190867\/revisions\/241655"}],"wp:featuredmedia":[{"embeddable":true,"href":"https:\/\/franciscanos.org.br\/noticias\/wp-json\/wp\/v2\/media\/190871"}],"wp:attachment":[{"href":"https:\/\/franciscanos.org.br\/noticias\/wp-json\/wp\/v2\/media?parent=190867"}],"wp:term":[{"taxonomy":"category","embeddable":true,"href":"https:\/\/franciscanos.org.br\/noticias\/wp-json\/wp\/v2\/categories?post=190867"},{"taxonomy":"post_tag","embeddable":true,"href":"https:\/\/franciscanos.org.br\/noticias\/wp-json\/wp\/v2\/tags?post=190867"}],"curies":[{"name":"wp","href":"https:\/\/api.w.org\/{rel}","templated":true}]}}