{"id":190859,"date":"2018-11-21T12:24:00","date_gmt":"2018-11-21T14:24:00","guid":{"rendered":"https:\/\/franciscanos.org.br\/noticias\/?p=190859"},"modified":"2020-06-06T16:12:12","modified_gmt":"2020-06-06T19:12:12","slug":"a-animacao-continua-nas-fraternidades","status":"publish","type":"post","link":"https:\/\/franciscanos.org.br\/noticias\/a-animacao-continua-nas-fraternidades.html","title":{"rendered":"Frei C\u00e9sar: &#8220;N\u00e3o podemos perder jamais este entusiasmo&#8221;"},"content":{"rendered":"<p><img loading=\"lazy\" class=\"alignnone size-full wp-image-190860\" src=\"https:\/\/franciscanos.org.br\/noticias\/wp-content\/uploads\/2018\/11\/capituo_2111.jpg\" alt=\"\" width=\"890\" height=\"576\" srcset=\"https:\/\/franciscanos.org.br\/noticias\/wp-content\/uploads\/2018\/11\/capituo_2111.jpg 890w, https:\/\/franciscanos.org.br\/noticias\/wp-content\/uploads\/2018\/11\/capituo_2111-450x291.jpg 450w, https:\/\/franciscanos.org.br\/noticias\/wp-content\/uploads\/2018\/11\/capituo_2111-768x497.jpg 768w, https:\/\/franciscanos.org.br\/noticias\/wp-content\/uploads\/2018\/11\/capituo_2111-150x97.jpg 150w\" sizes=\"(max-width: 890px) 100vw, 890px\" \/><\/p>\n<p><strong>Agudos (SP)<\/strong> \u2013 Terminou o Cap\u00edtulo Provincial 2018 no Semin\u00e1rio Santo Ant\u00f4nio de Agudos (SP). Nesta quarta-feira, 21 de novembro, ainda foi dia de trabalho na Sala Capitular para os 133 frades capitulares que chegaram aqui no dia 12 de novembro. Mas o momento mais esperado do dia aconteceu \u00e0s 10h30, na capela do Semin\u00e1rio, com a Celebra\u00e7\u00e3o de Tomada de Posse do Vig\u00e1rio Provincial e Definidores.<\/p>\n<p>O rito de posse teve in\u00edcio com o presidente do Cap\u00edtulo, Frei Miguel Kleinhans, e o Ministro Provincial, Frei C\u00e9sar K\u00fclkamp, colocando-se diante dos capitulares. O primeiro a ser confirmado pelo presidente do Cap\u00edtulo como eleito foi o Vig\u00e1rio Provincial, Frei Gustavo Medella, e na sequ\u00eancia os \u00a0Definidores: Frei Jo\u00e3o Francisco da Silva, Frei Paulo Pereira, Frei Jo\u00e3o Mannes, Frei Daniel Dellandrea, Frei Alexandre Magno da Silva e Frei M\u00e1rio Tagliari.<\/p>\n<p>Em seguida, todos os eleitos recitaram juntos a promessa de cumprir os deveres do cargo: \u201cCom o aux\u00edlio da Sant\u00edssima Trindade, da Imaculada Virgem Maria, de nosso Patriarca S\u00e3o Francisco, de todos os Santos e Santas da nossa Ordem, prometo cumprir fiel e zelosamente os santos deveres do meu cargo, que, pela bondade de Deus, me foram confiados em santa obedi\u00eancia, nesta nossa Prov\u00edncia Franciscana da Imaculada Concei\u00e7\u00e3o\u201d.<\/p>\n<p>Agora, os frades seguem para as suas Fraternidades e o novo governo volta a se reunir pela primeira vez no Congresso Capitular, na pr\u00f3xima segunda-feira. Para Frei C\u00e9sar K\u00fclkamp, agora os desafios poder\u00e3o ser enfrentados \u201ccom a for\u00e7a recebida desta Fraternidade reunida em Cap\u00edtulo e com as indica\u00e7\u00f5es claras e uma disposi\u00e7\u00e3o de ajudar e deixar-se conduzir e servir, como \u00e9 a nossa grande miss\u00e3o\u201d, acredita o Ministro Provincial. \u201cEu s\u00f3 vejo gra\u00e7as neste final de Cap\u00edtulo, muitas riquezas e alegrias. N\u00e3o podemos perder jamais este entusiasmo, essa gra\u00e7a espiritual, essa for\u00e7a da evangeliza\u00e7\u00e3o!\u201d, espera Frei C\u00e9sar.<\/p>\n<p><img loading=\"lazy\" class=\"alignnone size-full wp-image-190862\" src=\"https:\/\/franciscanos.org.br\/noticias\/wp-content\/uploads\/2018\/11\/capituo_211118.jpg\" alt=\"\" width=\"890\" height=\"451\" srcset=\"https:\/\/franciscanos.org.br\/noticias\/wp-content\/uploads\/2018\/11\/capituo_211118.jpg 890w, https:\/\/franciscanos.org.br\/noticias\/wp-content\/uploads\/2018\/11\/capituo_211118-450x228.jpg 450w, https:\/\/franciscanos.org.br\/noticias\/wp-content\/uploads\/2018\/11\/capituo_211118-768x389.jpg 768w, https:\/\/franciscanos.org.br\/noticias\/wp-content\/uploads\/2018\/11\/capituo_211118-150x76.jpg 150w\" sizes=\"(max-width: 890px) 100vw, 890px\" \/><\/p>\n<p>Um momento muito bonito e emocionante foi quando Frei C\u00e9sar convidou para ficar a seu lado, no presbit\u00e9rio, Frei Fid\u00eancio Vanboemmel, que cumpriu durante nove anos seu servi\u00e7o como Ministro Provincial, e os Definidores do tri\u00eanio passado, Frei Evandro Balestrin e Frei Jos\u00e9 Francisco de C\u00e1ssia dos Santos. &#8220;Os outros Definidores continuam com essa tarefa, mas queremos fazer o nosso justo agradecimento pela entrega de cada um de voc\u00eas nesse trabalho de animar a vida da Prov\u00edncia. De modo especial a Frei Fid\u00eancio, a quem muitas palavras foram ditas neste Cap\u00edtulo e exprimem a nossa profunda gratid\u00e3o, mas acredito que sejam at\u00e9 muito poucas pelo tamanho da sua entrega de vida, pelo seu consumir-se pela causa da pr\u00f3pria Prov\u00edncia. Voc\u00ea tinha uma autoridade sobre n\u00f3s pelo servi\u00e7o de Ministro, mas agora queremos contar com essa autoridade, com sua for\u00e7a, com sua fraternidade. Ent\u00e3o, mais uma vez, nosso muito obrigado por esse tempo de servi\u00e7o \u00e0 Prov\u00edncia&#8221;.<\/p>\n<p><strong>CONSIDERA\u00c7\u00d5ES FINAIS<\/strong><\/p>\n<p>Nas suas considera\u00e7\u00f5es finais, na Sala Capitular, Frei C\u00e9sar K\u00fclkamp sinalizou como estar\u00e1 \u00e0 frente da Fraternidade Provincial. &#8220;Agrade\u00e7o a confian\u00e7a depositada no novo Definit\u00f3rio, no Vig\u00e1rio e em mim. Refor\u00e7o que estamos a servi\u00e7o de voc\u00eas! Pe\u00e7o que nos deixem lavar-lhes os p\u00e9s! E queremos fazer sem perder ningu\u00e9m!&#8221;, disse, citando o cantor e compositor mineiro Beto Guedes: &#8220;Vamos precisar de todo mundo!&#8221;<\/p>\n<p><img loading=\"lazy\" class=\"alignnone size-full wp-image-190879\" src=\"https:\/\/franciscanos.org.br\/noticias\/wp-content\/uploads\/2018\/11\/fidencio_221118_2.jpg\" alt=\"\" width=\"890\" height=\"590\" srcset=\"https:\/\/franciscanos.org.br\/noticias\/wp-content\/uploads\/2018\/11\/fidencio_221118_2.jpg 890w, https:\/\/franciscanos.org.br\/noticias\/wp-content\/uploads\/2018\/11\/fidencio_221118_2-450x298.jpg 450w, https:\/\/franciscanos.org.br\/noticias\/wp-content\/uploads\/2018\/11\/fidencio_221118_2-768x509.jpg 768w, https:\/\/franciscanos.org.br\/noticias\/wp-content\/uploads\/2018\/11\/fidencio_221118_2-150x99.jpg 150w\" sizes=\"(max-width: 890px) 100vw, 890px\" \/><\/p>\n<p>Frei C\u00e9sar agradeceu ao Visitador Geral, Frei Miguel Kleinhans, pela dedica\u00e7\u00e3o integral desde que chegou \u00e0 Prov\u00edncia para iniciar a visita can\u00f4nica: &#8220;As Fraternidades se acostumaram com seu jeito pr\u00f3prio e suas express\u00f5es. Sua doa\u00e7\u00e3o, presteza e compreens\u00e3o, de um ano inteiro pela Prov\u00edncia o fez pr\u00f3ximo de todos os frades&#8221;.<\/p>\n<p>&#8220;Queridos irm\u00e3os, obrigado por suas presen\u00e7as e por seu trabalho pela Prov\u00edncia. Obrigado Frei James, guardi\u00e3o do Semin\u00e1rio Santo Ant\u00f4nio, Fraternidade e colaboradores aqui de Agudos, por fazer com que nos sintamos em casa. Acrescento o trabalho dos postulantes desde o in\u00edcio do Cap\u00edtulo; a Comiss\u00e3o Preparat\u00f3ria; as equipes de trabalho (liturgia, comunica\u00e7\u00e3o, s\u00edntese, acolhida, esporte e log\u00edstica); o Coral Canarinhos de Petr\u00f3polis; o corpo de moderadores e secret\u00e1rios; os coordenadores de grupos; a secretaria provincial e trabalhadores da Sede Provincial; os patrocinadores das pastas (Associa\u00e7\u00e3o de Ensino Bom Jesus) e dos blocos e canetas (Casa Nossa Senhora da Paz &#8211; USF)&#8221;, enumerou Frei C\u00e9sar.<\/p>\n<p>&#8220;Que Maria Imaculada nos aben\u00e7oe e acompanhe em nosso retorno e em nosso caminho de f\u00e9 e de testemunho de fraternidade e minoridade. Ela nos ajude a descermos sempre, como ensina o Beato Frei Eg\u00eddio: &#8216;O caminho que leva para o alto vai para baixo&#8221;. Ali na minoridade viveremos o encontro experimentaremos a comunh\u00e3o&#8221;, completou Frei C\u00e9sar.<\/p>\n<p><iframe loading=\"lazy\" src=\"https:\/\/www.youtube.com\/embed\/uj7c6jQLH1k\" width=\"100%\" height=\"480\" frameborder=\"0\" allowfullscreen=\"allowfullscreen\"><\/iframe><br \/>\n<strong><br \/>\nVER &#8211; JULGAR &#8211; AGIR<\/strong><\/p>\n<p>O Ministro Provincial partiu da metodologia VER &#8211; JULGAR &#8211; AGIR, que orientou os frades capitulares, para fazer os coment\u00e1rios finais.<\/p>\n<p>Em VER, Frei C\u00e9sar destacou a grande gra\u00e7a, riqueza espiritual e evangelizadora nos lugares de presen\u00e7as dos frades, mas tamb\u00e9m os grandes desafios que a realidade imp\u00f5e \u00e0 Prov\u00edncia.<\/p>\n<p>Em JULGAR, Frei C\u00e9sar disse que fomos convidados a ver juntos como responder a estes desafios do nosso tempo, e optamos aqui por uma s\u00f3lida Forma\u00e7\u00e3o Permanente. &#8220;Revisamos e precisamos continuar revisando nossa vida \u00e0 luz do carisma, com ousadia e profecia. Precisamos ver na crise num\u00e9rica uma chance de vivermos com humildade e mais pobreza, de sairmos da autorreferencialidade para o verdadeiro esp\u00edrito fraterno aberto \u00e0 diversidade, a qual \u00e9, para n\u00f3s, um grande tesouro. Ela precisa ser acompanhada para converter-se em testemunho prof\u00e9tico&#8221;, acrescentou.<\/p>\n<p>Em AGIR, Frei C\u00e9sar destacou os passos dados e as indica\u00e7\u00f5es feitas. &#8220;Foi importante destacarmos que o redimensionamento n\u00e3o ser\u00e1 uma a\u00e7\u00e3o pontual. A defesa de lugares sinaliza n\u00e3o s\u00f3 medo de sair, mas tamb\u00e9m e principalmente a paix\u00e3o pelo povo a quem servimos. Tivemos coragem para abrir novas pra\u00e7as que nos ajudar\u00e3o na &#8216;contempla\u00e7\u00e3o na miss\u00e3o'&#8221;.<\/p>\n<p><img loading=\"lazy\" class=\"alignnone size-full wp-image-190877\" src=\"https:\/\/franciscanos.org.br\/noticias\/wp-content\/uploads\/2018\/11\/definidores_2211.jpg\" alt=\"\" width=\"890\" height=\"590\" srcset=\"https:\/\/franciscanos.org.br\/noticias\/wp-content\/uploads\/2018\/11\/definidores_2211.jpg 890w, https:\/\/franciscanos.org.br\/noticias\/wp-content\/uploads\/2018\/11\/definidores_2211-450x298.jpg 450w, https:\/\/franciscanos.org.br\/noticias\/wp-content\/uploads\/2018\/11\/definidores_2211-768x509.jpg 768w, https:\/\/franciscanos.org.br\/noticias\/wp-content\/uploads\/2018\/11\/definidores_2211-150x99.jpg 150w\" sizes=\"(max-width: 890px) 100vw, 890px\" \/><\/p>\n<p>Para o Vig\u00e1rio Provincial, Frei Gustavo Medella, \u00e9 hora de retomar a vida com alegria, com entusiasmo, com confian\u00e7a em Deus e na boa disposi\u00e7\u00e3o dos irm\u00e3os. \u201cCom a gra\u00e7a de Deus, juntos, vamos conseguir seguir em frente em dire\u00e7\u00e3o a sermos mais menores, evang\u00e9licos, com testemunho mais qualificado de paz e de bem\u201d, desejou.<\/p>\n<p>Para Frei Paulo Pereira, agora os frades continuam o servi\u00e7o de anima\u00e7\u00e3o da Prov\u00edncia, que \u00e9 um desafio constante. \u201cO servi\u00e7o de Definidor \u00e9 contribuir para que a Prov\u00edncia entenda a import\u00e2ncia do Cap\u00edtulo e a repercuss\u00e3o dele daqui para a frente. Acho que o grupo eleito faz isso. Vai ser o guardi\u00e3o daquele esp\u00edrito que o Cap\u00edtulo apontou. Ent\u00e3o, entre n\u00f3s, isso deve estar bem claro\u201d<\/p>\n<p>Frei Daniel Dellandrea, o mais jovem Definidor de todos, est\u00e1 muito confiante para esta miss\u00e3o. \u201cAssim como Deus j\u00e1 me conduziu a muitas experi\u00eancias bonitas na Prov\u00edncia, acredito tamb\u00e9m escolhido por Ele para esta miss\u00e3o. Me coloco \u00e0 disposi\u00e7\u00e3o da Prov\u00edncia nesta obedi\u00eancia que prometi desde os meus primeiros votos e sempre ganhei esta confian\u00e7a e esta esperan\u00e7a atrav\u00e9s dos testemunhos de nossos frades. Procurei sempre, na minha vida religiosa, olhar os bons exemplos para poder tamb\u00e9m me guiar e acredito que, por ser o mais novo Definidor e o \u00fanico que n\u00e3o teve a experi\u00eancia de Definit\u00f3rio, posso tamb\u00e9m acompanhar os nossos irm\u00e3os mais experientes e aprender com eles. Recebi assim, de toda a Fraternidade aqui neste Cap\u00edtulo Provincial, os votos de sabedoria, de paci\u00eancia, de compreens\u00e3o e tamb\u00e9m o apoio das pessoas que nos conhecem, os v\u00e1rios leigos e leigas das nossas comunidades, atrav\u00e9s de ora\u00e7\u00e3o e f\u00e9. Ent\u00e3o, coloco-me muito confiante que, assim como Deus j\u00e1 me conduziu a muitas experi\u00eancias bonitas na Prov\u00edncia, acredito tamb\u00e9m escolhido por Ele para esta miss\u00e3o. Tenho certeza que Ele vai me ajudar a desempenhar com simplicidade, minoridade, este papel de Definidor. E que Deus esteja tamb\u00e9m nesta miss\u00e3o me conduzindo sempre!\u201d, pediu.<\/p>\n<p>No \u00faltimo dia do Cap\u00edtulo, a manh\u00e3 come\u00e7ou com as <em>Laudes <\/em>na pr\u00f3pria Sala Capitular. Ap\u00f3s o Louvor matinal, os capitulares foram para os grupos a fim de fazerem uma avalia\u00e7\u00e3o do andamento, metodologia e frutos do Cap\u00edtulo. Em plen\u00e1rio, cada secret\u00e1rio tamb\u00e9m\u00a0 fez a apresenta\u00e7\u00e3o dos pontos discutidos. Em seguida, os capitulares ainda abordaram alguns temas, fizeram aprova\u00e7\u00f5es, como as atas capitulares, e definiram uma agenda provincial at\u00e9 o meio do ano.<\/p>\n<p><img loading=\"lazy\" class=\"alignnone size-full wp-image-190876\" src=\"https:\/\/franciscanos.org.br\/noticias\/wp-content\/uploads\/2018\/11\/medella_221118.jpg\" alt=\"\" width=\"890\" height=\"590\" srcset=\"https:\/\/franciscanos.org.br\/noticias\/wp-content\/uploads\/2018\/11\/medella_221118.jpg 890w, https:\/\/franciscanos.org.br\/noticias\/wp-content\/uploads\/2018\/11\/medella_221118-450x298.jpg 450w, https:\/\/franciscanos.org.br\/noticias\/wp-content\/uploads\/2018\/11\/medella_221118-768x509.jpg 768w, https:\/\/franciscanos.org.br\/noticias\/wp-content\/uploads\/2018\/11\/medella_221118-150x99.jpg 150w\" sizes=\"(max-width: 890px) 100vw, 890px\" \/><\/p>\n<p><strong>CONGRESSO CAPITULAR<\/strong><\/p>\n<p>Com o t\u00e9rmino do Cap\u00edtulo, na Sede Provincial, em S\u00e3o Paulo, come\u00e7a o Congresso Capitular, que vai reunir o novo Governo Provincial eleito com o presidente do Cap\u00edtulo, Frei Miguel Kleinhans, em dois momentos: de 26 a 29 de novembro e de 10 a 13 de dezembro.<\/p>\n<p>Segundo o Ministro Provincial eleito, Frei C\u00e9sar K\u00fclkamp, na nossa Prov\u00edncia da Imaculada \u00e9 costume o Congresso Capitular acontecer em duas etapas. \u201cVamos ter uma etapa no final de novembro, a partir da pr\u00f3xima segunda-feira, e a outra etapa a partir de 10 de dezembro. Este \u00e9 um momento em que o novo governo vai se reunir para pensar um pouco as pr\u00f3prias pol\u00edticas, que passos quer dar e tomar consci\u00eancia das prioridades e das indica\u00e7\u00f5es dadas pela assembleia capitular, que \u00e9 sempre soberana. Tem esse significado, mais do que tudo, de programar a vida provincial no pr\u00f3ximo tri\u00eanio. Nisso inclui a organiza\u00e7\u00e3o do quadro das fraternidades\u201d, explicou Frei C\u00e9sar.<\/p>\n<hr \/>\n<p><strong>Equipe de Comunica\u00e7\u00e3o do Cap\u00edtulo<\/strong><em>: Frei Augusto Gabriel, Frei Clauzemir Makximovitz, Frei Gabriel Dellandrea e Moacir Beggo<\/em><\/p>\n<hr \/>\n\n\t\t<style type=\"text\/css\">\n\t\t\t#gallery-1 {\n\t\t\t\tmargin: auto;\n\t\t\t}\n\t\t\t#gallery-1 .gallery-item {\n\t\t\t\tfloat: left;\n\t\t\t\tmargin-top: 10px;\n\t\t\t\ttext-align: center;\n\t\t\t\twidth: 25%;\n\t\t\t}\n\t\t\t#gallery-1 img {\n\t\t\t\tborder: 2px solid #cfcfcf;\n\t\t\t}\n\t\t\t#gallery-1 .gallery-caption {\n\t\t\t\tmargin-left: 0;\n\t\t\t}\n\t\t\t\/* see gallery_shortcode() in wp-includes\/media.php *\/\n\t\t<\/style>\n\t\t<div id='gallery-1' class='gallery galleryid-190859 gallery-columns-4 gallery-size-thumbnail'><dl class='gallery-item'>\n\t\t\t<dt class='gallery-icon landscape'>\n\t\t\t\t<a href='https:\/\/franciscanos.org.br\/noticias\/wp-content\/uploads\/2018\/11\/capitulo_211118-1.jpg'><img width=\"300\" height=\"300\" src=\"https:\/\/franciscanos.org.br\/noticias\/wp-content\/uploads\/2018\/11\/capitulo_211118-1-300x300.jpg\" class=\"attachment-thumbnail size-thumbnail\" alt=\"\" loading=\"lazy\" srcset=\"https:\/\/franciscanos.org.br\/noticias\/wp-content\/uploads\/2018\/11\/capitulo_211118-1-300x300.jpg 300w, https:\/\/franciscanos.org.br\/noticias\/wp-content\/uploads\/2018\/11\/capitulo_211118-1-400x400.jpg 400w\" sizes=\"(max-width: 300px) 100vw, 300px\" \/><\/a>\n\t\t\t<\/dt><\/dl><dl class='gallery-item'>\n\t\t\t<dt class='gallery-icon landscape'>\n\t\t\t\t<a href='https:\/\/franciscanos.org.br\/noticias\/wp-content\/uploads\/2018\/11\/capitulo_211118-2.jpg'><img width=\"300\" height=\"300\" src=\"https:\/\/franciscanos.org.br\/noticias\/wp-content\/uploads\/2018\/11\/capitulo_211118-2-300x300.jpg\" class=\"attachment-thumbnail size-thumbnail\" alt=\"\" loading=\"lazy\" srcset=\"https:\/\/franciscanos.org.br\/noticias\/wp-content\/uploads\/2018\/11\/capitulo_211118-2-300x300.jpg 300w, https:\/\/franciscanos.org.br\/noticias\/wp-content\/uploads\/2018\/11\/capitulo_211118-2-400x400.jpg 400w\" sizes=\"(max-width: 300px) 100vw, 300px\" \/><\/a>\n\t\t\t<\/dt><\/dl><dl class='gallery-item'>\n\t\t\t<dt class='gallery-icon landscape'>\n\t\t\t\t<a href='https:\/\/franciscanos.org.br\/noticias\/wp-content\/uploads\/2018\/11\/capitulo_211118-3.jpg'><img width=\"300\" height=\"300\" src=\"https:\/\/franciscanos.org.br\/noticias\/wp-content\/uploads\/2018\/11\/capitulo_211118-3-300x300.jpg\" class=\"attachment-thumbnail size-thumbnail\" alt=\"\" loading=\"lazy\" srcset=\"https:\/\/franciscanos.org.br\/noticias\/wp-content\/uploads\/2018\/11\/capitulo_211118-3-300x300.jpg 300w, https:\/\/franciscanos.org.br\/noticias\/wp-content\/uploads\/2018\/11\/capitulo_211118-3-400x400.jpg 400w\" sizes=\"(max-width: 300px) 100vw, 300px\" \/><\/a>\n\t\t\t<\/dt><\/dl><dl class='gallery-item'>\n\t\t\t<dt class='gallery-icon portrait'>\n\t\t\t\t<a href='https:\/\/franciscanos.org.br\/noticias\/wp-content\/uploads\/2018\/11\/capitulo_211118-4-e1542902598584.jpg'><img width=\"300\" height=\"300\" src=\"https:\/\/franciscanos.org.br\/noticias\/wp-content\/uploads\/2018\/11\/capitulo_211118-4-e1542902598584-300x300.jpg\" class=\"attachment-thumbnail size-thumbnail\" alt=\"\" loading=\"lazy\" srcset=\"https:\/\/franciscanos.org.br\/noticias\/wp-content\/uploads\/2018\/11\/capitulo_211118-4-e1542902598584-300x300.jpg 300w, https:\/\/franciscanos.org.br\/noticias\/wp-content\/uploads\/2018\/11\/capitulo_211118-4-e1542902598584-400x400.jpg 400w\" sizes=\"(max-width: 300px) 100vw, 300px\" \/><\/a>\n\t\t\t<\/dt><\/dl><br style=\"clear: both\" \/><dl class='gallery-item'>\n\t\t\t<dt class='gallery-icon landscape'>\n\t\t\t\t<a href='https:\/\/franciscanos.org.br\/noticias\/wp-content\/uploads\/2018\/11\/capitulo_211118-5.jpg'><img width=\"300\" height=\"300\" src=\"https:\/\/franciscanos.org.br\/noticias\/wp-content\/uploads\/2018\/11\/capitulo_211118-5-300x300.jpg\" class=\"attachment-thumbnail size-thumbnail\" alt=\"\" loading=\"lazy\" srcset=\"https:\/\/franciscanos.org.br\/noticias\/wp-content\/uploads\/2018\/11\/capitulo_211118-5-300x300.jpg 300w, https:\/\/franciscanos.org.br\/noticias\/wp-content\/uploads\/2018\/11\/capitulo_211118-5-400x400.jpg 400w\" sizes=\"(max-width: 300px) 100vw, 300px\" \/><\/a>\n\t\t\t<\/dt><\/dl><dl class='gallery-item'>\n\t\t\t<dt class='gallery-icon landscape'>\n\t\t\t\t<a href='https:\/\/franciscanos.org.br\/noticias\/wp-content\/uploads\/2018\/11\/capitulo_211118-6.jpg'><img width=\"300\" height=\"300\" src=\"https:\/\/franciscanos.org.br\/noticias\/wp-content\/uploads\/2018\/11\/capitulo_211118-6-300x300.jpg\" class=\"attachment-thumbnail size-thumbnail\" alt=\"\" loading=\"lazy\" srcset=\"https:\/\/franciscanos.org.br\/noticias\/wp-content\/uploads\/2018\/11\/capitulo_211118-6-300x300.jpg 300w, https:\/\/franciscanos.org.br\/noticias\/wp-content\/uploads\/2018\/11\/capitulo_211118-6-400x400.jpg 400w\" sizes=\"(max-width: 300px) 100vw, 300px\" \/><\/a>\n\t\t\t<\/dt><\/dl><dl class='gallery-item'>\n\t\t\t<dt class='gallery-icon landscape'>\n\t\t\t\t<a href='https:\/\/franciscanos.org.br\/noticias\/wp-content\/uploads\/2018\/11\/capitulo_211118-7.jpg'><img width=\"300\" height=\"300\" src=\"https:\/\/franciscanos.org.br\/noticias\/wp-content\/uploads\/2018\/11\/capitulo_211118-7-300x300.jpg\" class=\"attachment-thumbnail size-thumbnail\" alt=\"\" loading=\"lazy\" srcset=\"https:\/\/franciscanos.org.br\/noticias\/wp-content\/uploads\/2018\/11\/capitulo_211118-7-300x300.jpg 300w, https:\/\/franciscanos.org.br\/noticias\/wp-content\/uploads\/2018\/11\/capitulo_211118-7-400x400.jpg 400w\" sizes=\"(max-width: 300px) 100vw, 300px\" \/><\/a>\n\t\t\t<\/dt><\/dl><dl class='gallery-item'>\n\t\t\t<dt class='gallery-icon landscape'>\n\t\t\t\t<a href='https:\/\/franciscanos.org.br\/noticias\/wp-content\/uploads\/2018\/11\/capitulo_211118-8.jpg'><img width=\"300\" height=\"300\" src=\"https:\/\/franciscanos.org.br\/noticias\/wp-content\/uploads\/2018\/11\/capitulo_211118-8-300x300.jpg\" class=\"attachment-thumbnail size-thumbnail\" alt=\"\" loading=\"lazy\" srcset=\"https:\/\/franciscanos.org.br\/noticias\/wp-content\/uploads\/2018\/11\/capitulo_211118-8-300x300.jpg 300w, https:\/\/franciscanos.org.br\/noticias\/wp-content\/uploads\/2018\/11\/capitulo_211118-8-400x400.jpg 400w\" sizes=\"(max-width: 300px) 100vw, 300px\" \/><\/a>\n\t\t\t<\/dt><\/dl><br style=\"clear: both\" \/><dl class='gallery-item'>\n\t\t\t<dt class='gallery-icon landscape'>\n\t\t\t\t<a href='https:\/\/franciscanos.org.br\/noticias\/wp-content\/uploads\/2018\/11\/capitulo_211118-9.jpg'><img width=\"300\" height=\"300\" src=\"https:\/\/franciscanos.org.br\/noticias\/wp-content\/uploads\/2018\/11\/capitulo_211118-9-300x300.jpg\" class=\"attachment-thumbnail size-thumbnail\" alt=\"\" loading=\"lazy\" srcset=\"https:\/\/franciscanos.org.br\/noticias\/wp-content\/uploads\/2018\/11\/capitulo_211118-9-300x300.jpg 300w, https:\/\/franciscanos.org.br\/noticias\/wp-content\/uploads\/2018\/11\/capitulo_211118-9-400x400.jpg 400w\" sizes=\"(max-width: 300px) 100vw, 300px\" \/><\/a>\n\t\t\t<\/dt><\/dl><dl class='gallery-item'>\n\t\t\t<dt class='gallery-icon landscape'>\n\t\t\t\t<a href='https:\/\/franciscanos.org.br\/noticias\/wp-content\/uploads\/2018\/11\/capitulo_211118-10.jpg'><img width=\"300\" height=\"300\" src=\"https:\/\/franciscanos.org.br\/noticias\/wp-content\/uploads\/2018\/11\/capitulo_211118-10-300x300.jpg\" class=\"attachment-thumbnail size-thumbnail\" alt=\"\" loading=\"lazy\" srcset=\"https:\/\/franciscanos.org.br\/noticias\/wp-content\/uploads\/2018\/11\/capitulo_211118-10-300x300.jpg 300w, https:\/\/franciscanos.org.br\/noticias\/wp-content\/uploads\/2018\/11\/capitulo_211118-10-400x400.jpg 400w\" sizes=\"(max-width: 300px) 100vw, 300px\" \/><\/a>\n\t\t\t<\/dt><\/dl><dl class='gallery-item'>\n\t\t\t<dt class='gallery-icon landscape'>\n\t\t\t\t<a href='https:\/\/franciscanos.org.br\/noticias\/wp-content\/uploads\/2018\/11\/capitulo_211118-11.jpg'><img width=\"300\" height=\"300\" src=\"https:\/\/franciscanos.org.br\/noticias\/wp-content\/uploads\/2018\/11\/capitulo_211118-11-300x300.jpg\" class=\"attachment-thumbnail size-thumbnail\" alt=\"\" loading=\"lazy\" srcset=\"https:\/\/franciscanos.org.br\/noticias\/wp-content\/uploads\/2018\/11\/capitulo_211118-11-300x300.jpg 300w, https:\/\/franciscanos.org.br\/noticias\/wp-content\/uploads\/2018\/11\/capitulo_211118-11-400x400.jpg 400w\" sizes=\"(max-width: 300px) 100vw, 300px\" \/><\/a>\n\t\t\t<\/dt><\/dl><dl class='gallery-item'>\n\t\t\t<dt class='gallery-icon landscape'>\n\t\t\t\t<a href='https:\/\/franciscanos.org.br\/noticias\/wp-content\/uploads\/2018\/11\/capitulo_211118-12.jpg'><img width=\"300\" height=\"300\" src=\"https:\/\/franciscanos.org.br\/noticias\/wp-content\/uploads\/2018\/11\/capitulo_211118-12-300x300.jpg\" class=\"attachment-thumbnail size-thumbnail\" alt=\"\" loading=\"lazy\" srcset=\"https:\/\/franciscanos.org.br\/noticias\/wp-content\/uploads\/2018\/11\/capitulo_211118-12-300x300.jpg 300w, https:\/\/franciscanos.org.br\/noticias\/wp-content\/uploads\/2018\/11\/capitulo_211118-12-400x400.jpg 400w\" sizes=\"(max-width: 300px) 100vw, 300px\" \/><\/a>\n\t\t\t<\/dt><\/dl><br style=\"clear: both\" \/>\n\t\t<\/div>\n\n","protected":false},"excerpt":{"rendered":"<p>Cap\u00edtulo Provincial<\/p>\n","protected":false},"author":3,"featured_media":190861,"comment_status":"open","ping_status":"open","sticky":false,"template":"","format":"standard","meta":[],"categories":[1],"tags":[323],"acf":[],"yoast_head":"<!-- This site is optimized with the Yoast SEO plugin v19.2 - https:\/\/yoast.com\/wordpress\/plugins\/seo\/ -->\n<title>Frei C\u00e9sar: &quot;N\u00e3o podemos perder jamais este entusiasmo&quot; - Not\u00edcias - Franciscanos<\/title>\n<meta name=\"robots\" content=\"index, follow, max-snippet:-1, max-image-preview:large, max-video-preview:-1\" \/>\n<link rel=\"canonical\" href=\"https:\/\/franciscanos.org.br\/noticias\/a-animacao-continua-nas-fraternidades.html\" \/>\n<meta property=\"og:locale\" content=\"pt_BR\" \/>\n<meta property=\"og:type\" content=\"article\" \/>\n<meta property=\"og:title\" content=\"Frei C\u00e9sar: &quot;N\u00e3o podemos perder jamais este entusiasmo&quot; - Not\u00edcias - Franciscanos\" \/>\n<meta property=\"og:description\" content=\"Cap\u00edtulo Provincial\" \/>\n<meta property=\"og:url\" content=\"https:\/\/franciscanos.org.br\/noticias\/a-animacao-continua-nas-fraternidades.html\" \/>\n<meta property=\"og:site_name\" content=\"Not\u00edcias - Franciscanos\" \/>\n<meta property=\"article:published_time\" content=\"2018-11-21T14:24:00+00:00\" \/>\n<meta property=\"article:modified_time\" content=\"2020-06-06T19:12:12+00:00\" \/>\n<meta property=\"og:image\" content=\"https:\/\/franciscanos.org.br\/noticias\/wp-content\/uploads\/2018\/11\/capituo_2111d.jpg\" \/>\n\t<meta property=\"og:image:width\" content=\"273\" \/>\n\t<meta property=\"og:image:height\" content=\"181\" \/>\n\t<meta property=\"og:image:type\" content=\"image\/jpeg\" \/>\n<meta name=\"author\" content=\"moacir\" \/>\n<meta name=\"twitter:card\" content=\"summary_large_image\" \/>\n<meta name=\"twitter:label1\" content=\"Escrito por\" \/>\n\t<meta name=\"twitter:data1\" content=\"moacir\" \/>\n\t<meta name=\"twitter:label2\" content=\"Est. tempo de leitura\" \/>\n\t<meta name=\"twitter:data2\" content=\"8 minutos\" \/>\n<script type=\"application\/ld+json\" class=\"yoast-schema-graph\">{\"@context\":\"https:\/\/schema.org\",\"@graph\":[{\"@type\":\"WebSite\",\"@id\":\"https:\/\/franciscanos.org.br\/noticias\/#website\",\"url\":\"https:\/\/franciscanos.org.br\/noticias\/\",\"name\":\"Not\u00edcias - Franciscanos\",\"description\":\"Prov\u00edncia Franciscana da Imaculada Concei\u00e7\u00e3o do Brasil - Ordem dos Frades Menores - OFM\",\"potentialAction\":[{\"@type\":\"SearchAction\",\"target\":{\"@type\":\"EntryPoint\",\"urlTemplate\":\"https:\/\/franciscanos.org.br\/noticias\/?s={search_term_string}\"},\"query-input\":\"required name=search_term_string\"}],\"inLanguage\":\"pt-BR\"},{\"@type\":\"ImageObject\",\"inLanguage\":\"pt-BR\",\"@id\":\"https:\/\/franciscanos.org.br\/noticias\/a-animacao-continua-nas-fraternidades.html#primaryimage\",\"url\":\"https:\/\/franciscanos.org.br\/noticias\/wp-content\/uploads\/2018\/11\/capituo_2111d.jpg\",\"contentUrl\":\"https:\/\/franciscanos.org.br\/noticias\/wp-content\/uploads\/2018\/11\/capituo_2111d.jpg\",\"width\":273,\"height\":181},{\"@type\":\"WebPage\",\"@id\":\"https:\/\/franciscanos.org.br\/noticias\/a-animacao-continua-nas-fraternidades.html#webpage\",\"url\":\"https:\/\/franciscanos.org.br\/noticias\/a-animacao-continua-nas-fraternidades.html\",\"name\":\"Frei C\u00e9sar: \\\"N\u00e3o podemos perder jamais este entusiasmo\\\" - Not\u00edcias - Franciscanos\",\"isPartOf\":{\"@id\":\"https:\/\/franciscanos.org.br\/noticias\/#website\"},\"primaryImageOfPage\":{\"@id\":\"https:\/\/franciscanos.org.br\/noticias\/a-animacao-continua-nas-fraternidades.html#primaryimage\"},\"datePublished\":\"2018-11-21T14:24:00+00:00\",\"dateModified\":\"2020-06-06T19:12:12+00:00\",\"author\":{\"@id\":\"https:\/\/franciscanos.org.br\/noticias\/#\/schema\/person\/b5c8cba458c330ccff548b056e95a5d4\"},\"breadcrumb\":{\"@id\":\"https:\/\/franciscanos.org.br\/noticias\/a-animacao-continua-nas-fraternidades.html#breadcrumb\"},\"inLanguage\":\"pt-BR\",\"potentialAction\":[{\"@type\":\"ReadAction\",\"target\":[\"https:\/\/franciscanos.org.br\/noticias\/a-animacao-continua-nas-fraternidades.html\"]}]},{\"@type\":\"BreadcrumbList\",\"@id\":\"https:\/\/franciscanos.org.br\/noticias\/a-animacao-continua-nas-fraternidades.html#breadcrumb\",\"itemListElement\":[{\"@type\":\"ListItem\",\"position\":1,\"name\":\"Home\",\"item\":\"https:\/\/franciscanos.org.br\/noticias\"},{\"@type\":\"ListItem\",\"position\":2,\"name\":\"Frei C\u00e9sar: &#8220;N\u00e3o podemos perder jamais este entusiasmo&#8221;\"}]},{\"@type\":\"Person\",\"@id\":\"https:\/\/franciscanos.org.br\/noticias\/#\/schema\/person\/b5c8cba458c330ccff548b056e95a5d4\",\"name\":\"moacir\",\"image\":{\"@type\":\"ImageObject\",\"inLanguage\":\"pt-BR\",\"@id\":\"https:\/\/franciscanos.org.br\/noticias\/#\/schema\/person\/image\/\",\"url\":\"https:\/\/secure.gravatar.com\/avatar\/d08aa2ce4c8dd416d4479aa8536fcf64?s=96&d=mm&r=g\",\"contentUrl\":\"https:\/\/secure.gravatar.com\/avatar\/d08aa2ce4c8dd416d4479aa8536fcf64?s=96&d=mm&r=g\",\"caption\":\"moacir\"},\"url\":\"https:\/\/franciscanos.org.br\/noticias\/author\/moacir\"}]}<\/script>\n<!-- \/ Yoast SEO plugin. -->","yoast_head_json":{"title":"Frei C\u00e9sar: \"N\u00e3o podemos perder jamais este entusiasmo\" - Not\u00edcias - Franciscanos","robots":{"index":"index","follow":"follow","max-snippet":"max-snippet:-1","max-image-preview":"max-image-preview:large","max-video-preview":"max-video-preview:-1"},"canonical":"https:\/\/franciscanos.org.br\/noticias\/a-animacao-continua-nas-fraternidades.html","og_locale":"pt_BR","og_type":"article","og_title":"Frei C\u00e9sar: \"N\u00e3o podemos perder jamais este entusiasmo\" - Not\u00edcias - Franciscanos","og_description":"Cap\u00edtulo Provincial","og_url":"https:\/\/franciscanos.org.br\/noticias\/a-animacao-continua-nas-fraternidades.html","og_site_name":"Not\u00edcias - Franciscanos","article_published_time":"2018-11-21T14:24:00+00:00","article_modified_time":"2020-06-06T19:12:12+00:00","og_image":[{"width":273,"height":181,"url":"https:\/\/franciscanos.org.br\/noticias\/wp-content\/uploads\/2018\/11\/capituo_2111d.jpg","type":"image\/jpeg"}],"author":"moacir","twitter_card":"summary_large_image","twitter_misc":{"Escrito por":"moacir","Est. tempo de leitura":"8 minutos"},"schema":{"@context":"https:\/\/schema.org","@graph":[{"@type":"WebSite","@id":"https:\/\/franciscanos.org.br\/noticias\/#website","url":"https:\/\/franciscanos.org.br\/noticias\/","name":"Not\u00edcias - Franciscanos","description":"Prov\u00edncia Franciscana da Imaculada Concei\u00e7\u00e3o do Brasil - Ordem dos Frades Menores - OFM","potentialAction":[{"@type":"SearchAction","target":{"@type":"EntryPoint","urlTemplate":"https:\/\/franciscanos.org.br\/noticias\/?s={search_term_string}"},"query-input":"required name=search_term_string"}],"inLanguage":"pt-BR"},{"@type":"ImageObject","inLanguage":"pt-BR","@id":"https:\/\/franciscanos.org.br\/noticias\/a-animacao-continua-nas-fraternidades.html#primaryimage","url":"https:\/\/franciscanos.org.br\/noticias\/wp-content\/uploads\/2018\/11\/capituo_2111d.jpg","contentUrl":"https:\/\/franciscanos.org.br\/noticias\/wp-content\/uploads\/2018\/11\/capituo_2111d.jpg","width":273,"height":181},{"@type":"WebPage","@id":"https:\/\/franciscanos.org.br\/noticias\/a-animacao-continua-nas-fraternidades.html#webpage","url":"https:\/\/franciscanos.org.br\/noticias\/a-animacao-continua-nas-fraternidades.html","name":"Frei C\u00e9sar: \"N\u00e3o podemos perder jamais este entusiasmo\" - Not\u00edcias - Franciscanos","isPartOf":{"@id":"https:\/\/franciscanos.org.br\/noticias\/#website"},"primaryImageOfPage":{"@id":"https:\/\/franciscanos.org.br\/noticias\/a-animacao-continua-nas-fraternidades.html#primaryimage"},"datePublished":"2018-11-21T14:24:00+00:00","dateModified":"2020-06-06T19:12:12+00:00","author":{"@id":"https:\/\/franciscanos.org.br\/noticias\/#\/schema\/person\/b5c8cba458c330ccff548b056e95a5d4"},"breadcrumb":{"@id":"https:\/\/franciscanos.org.br\/noticias\/a-animacao-continua-nas-fraternidades.html#breadcrumb"},"inLanguage":"pt-BR","potentialAction":[{"@type":"ReadAction","target":["https:\/\/franciscanos.org.br\/noticias\/a-animacao-continua-nas-fraternidades.html"]}]},{"@type":"BreadcrumbList","@id":"https:\/\/franciscanos.org.br\/noticias\/a-animacao-continua-nas-fraternidades.html#breadcrumb","itemListElement":[{"@type":"ListItem","position":1,"name":"Home","item":"https:\/\/franciscanos.org.br\/noticias"},{"@type":"ListItem","position":2,"name":"Frei C\u00e9sar: &#8220;N\u00e3o podemos perder jamais este entusiasmo&#8221;"}]},{"@type":"Person","@id":"https:\/\/franciscanos.org.br\/noticias\/#\/schema\/person\/b5c8cba458c330ccff548b056e95a5d4","name":"moacir","image":{"@type":"ImageObject","inLanguage":"pt-BR","@id":"https:\/\/franciscanos.org.br\/noticias\/#\/schema\/person\/image\/","url":"https:\/\/secure.gravatar.com\/avatar\/d08aa2ce4c8dd416d4479aa8536fcf64?s=96&d=mm&r=g","contentUrl":"https:\/\/secure.gravatar.com\/avatar\/d08aa2ce4c8dd416d4479aa8536fcf64?s=96&d=mm&r=g","caption":"moacir"},"url":"https:\/\/franciscanos.org.br\/noticias\/author\/moacir"}]}},"_links":{"self":[{"href":"https:\/\/franciscanos.org.br\/noticias\/wp-json\/wp\/v2\/posts\/190859"}],"collection":[{"href":"https:\/\/franciscanos.org.br\/noticias\/wp-json\/wp\/v2\/posts"}],"about":[{"href":"https:\/\/franciscanos.org.br\/noticias\/wp-json\/wp\/v2\/types\/post"}],"author":[{"embeddable":true,"href":"https:\/\/franciscanos.org.br\/noticias\/wp-json\/wp\/v2\/users\/3"}],"replies":[{"embeddable":true,"href":"https:\/\/franciscanos.org.br\/noticias\/wp-json\/wp\/v2\/comments?post=190859"}],"version-history":[{"count":2,"href":"https:\/\/franciscanos.org.br\/noticias\/wp-json\/wp\/v2\/posts\/190859\/revisions"}],"predecessor-version":[{"id":224666,"href":"https:\/\/franciscanos.org.br\/noticias\/wp-json\/wp\/v2\/posts\/190859\/revisions\/224666"}],"wp:featuredmedia":[{"embeddable":true,"href":"https:\/\/franciscanos.org.br\/noticias\/wp-json\/wp\/v2\/media\/190861"}],"wp:attachment":[{"href":"https:\/\/franciscanos.org.br\/noticias\/wp-json\/wp\/v2\/media?parent=190859"}],"wp:term":[{"taxonomy":"category","embeddable":true,"href":"https:\/\/franciscanos.org.br\/noticias\/wp-json\/wp\/v2\/categories?post=190859"},{"taxonomy":"post_tag","embeddable":true,"href":"https:\/\/franciscanos.org.br\/noticias\/wp-json\/wp\/v2\/tags?post=190859"}],"curies":[{"name":"wp","href":"https:\/\/api.w.org\/{rel}","templated":true}]}}