{"id":190850,"date":"2018-11-20T21:35:42","date_gmt":"2018-11-20T23:35:42","guid":{"rendered":"https:\/\/franciscanos.org.br\/noticias\/?p=190850"},"modified":"2020-06-06T16:12:55","modified_gmt":"2020-06-06T19:12:55","slug":"acaba-o-capitulo-comeca-o-congresso-capitular","status":"publish","type":"post","link":"https:\/\/franciscanos.org.br\/noticias\/acaba-o-capitulo-comeca-o-congresso-capitular.html","title":{"rendered":"Acaba o Cap\u00edtulo. Come\u00e7a o Congresso Capitular."},"content":{"rendered":"<p><img loading=\"lazy\" class=\"alignright size-full wp-image-190851\" src=\"https:\/\/franciscanos.org.br\/noticias\/wp-content\/uploads\/2018\/11\/frades_201118.jpg\" alt=\"\" width=\"890\" height=\"429\" srcset=\"https:\/\/franciscanos.org.br\/noticias\/wp-content\/uploads\/2018\/11\/frades_201118.jpg 890w, https:\/\/franciscanos.org.br\/noticias\/wp-content\/uploads\/2018\/11\/frades_201118-450x217.jpg 450w, https:\/\/franciscanos.org.br\/noticias\/wp-content\/uploads\/2018\/11\/frades_201118-768x370.jpg 768w, https:\/\/franciscanos.org.br\/noticias\/wp-content\/uploads\/2018\/11\/frades_201118-150x72.jpg 150w\" sizes=\"(max-width: 890px) 100vw, 890px\" \/><\/p>\n<p><strong>Agudos (SP)<\/strong> &#8211; O Cap\u00edtulo Provincial 2018 se encerra nesta quarta-feira, 21 de novembro, ao meio-dia no Semin\u00e1rio Santo Ant\u00f4nio de Agudos (SP). Depois de dez dias, os frades capitulares retornam \u00e0s suas Fraternidades com o sentimento de dever cumprido. \u00c0s 8 horas desta quarta-feira, os 133 frades capitulares retornam \u00e0 Sala Capitular para as \u00faltimas decis\u00f5es e aprova\u00e7\u00e3o das atas. O momento final est\u00e1 reservado para a Celebra\u00e7\u00e3o de Tomada de Posse do Vig\u00e1rio Provincial e Definidores, \u00e0s 11 horas.<\/p>\n<p>No rito de posse, o Ministro Provincial, o Vig\u00e1rio Provincial e o Secret\u00e1rio do Cap\u00edtulo colocam-se diante da Fraternidade. O Vig\u00e1rio Provincial eleito, Frei Gustavo Medella, ajoelha-se diante do presidente do Cap\u00edtulo, Frei Miguel Kleinhans, para a confirma\u00e7\u00e3o de sua elei\u00e7\u00e3o. J\u00e1 a confirma\u00e7\u00e3o dos Definidores, que tamb\u00e9m fazem ajoelhados, \u00e9 feita pelo Ministro Provincial.<\/p>\n<p>Em seguida, todos os eleitos recitam juntos a promessa de cumprir os deveres do cargo: &#8220;Com o aux\u00edlio da Sant\u00edssima Trindade, da Imaculada Virgem Maria, de nosso Patriarca S\u00e3o Francisco, de todos os Santos e Santas da nossa Ordem, prometo cumprir fiel e zelosamente os santos deveres do meu cargo, que, pela bondade de Deus, me foram confiados em santa obedi\u00eancia, nesta nossa Prov\u00edncia Franciscana da Imaculada Concei\u00e7\u00e3o&#8221;.<\/p>\n<p>O novo Ministro Provincial, Frei C\u00e9sar K\u00fclkamp, gostou da disposi\u00e7\u00e3o dos frades durante o Cap\u00edtulo. &#8220;O clima presente nas discuss\u00f5es foi muito sereno e participativo, iluminado pelas nossas ora\u00e7\u00f5es e reflex\u00f5es nos dois dias de retiro focados no tema do Cap\u00edtulo: \u2018Minoridade Franciscana: lugar de encontro e comunh\u00e3o\u2019. Acho que foram momentos fortes e positivos. J\u00e1 participei de v\u00e1rios cap\u00edtulos e agora pude sentir isso. Havia uma concentra\u00e7\u00e3o positiva e isso ajudou na concentra\u00e7\u00e3o de cada um. Mesmo os processos eletivos foram muito mais tranquilos do que pude perceber em outras ocasi\u00f5es. Acho que houve boas indica\u00e7\u00f5es no todo, o que ajudou, e deu para sentir esse apoio dos frades para n\u00e3o deixar o governo com toda a tarefa&#8221;, acredita o Ministro Provincial.<\/p>\n<p>Frei C\u00e9sar tamb\u00e9m apontou alguns pontos para serem mais trabalhados. Para ele, em algumas situa\u00e7\u00f5es existe ainda um pouco de autorreferencialidade. Para super\u00e1-la, os frades devem ser provocados a perceberem a Prov\u00edncia como um todo.\u00a0 \u201cNem todos os frades conhecem bem os lugares de evangeliza\u00e7\u00e3o da Prov\u00edncia. N\u00f3s precisar\u00edamos circular um pouco mais para tomarmos mais consci\u00eancia de onde n\u00f3s estamos e assumirmos cada lugar como nosso. Para ser uma Prov\u00edncia coesa, acho que todos deveriam conhecer mais o todo&#8221;, ponderou.<\/p>\n<p><img loading=\"lazy\" class=\"alignright size-full wp-image-190853\" src=\"https:\/\/franciscanos.org.br\/noticias\/wp-content\/uploads\/2018\/11\/frades_201118_1.jpg\" alt=\"\" width=\"890\" height=\"389\" srcset=\"https:\/\/franciscanos.org.br\/noticias\/wp-content\/uploads\/2018\/11\/frades_201118_1.jpg 890w, https:\/\/franciscanos.org.br\/noticias\/wp-content\/uploads\/2018\/11\/frades_201118_1-450x197.jpg 450w, https:\/\/franciscanos.org.br\/noticias\/wp-content\/uploads\/2018\/11\/frades_201118_1-768x336.jpg 768w, https:\/\/franciscanos.org.br\/noticias\/wp-content\/uploads\/2018\/11\/frades_201118_1-150x66.jpg 150w\" sizes=\"(max-width: 890px) 100vw, 890px\" \/><\/p>\n<p>Frei C\u00e9sar adiantou que este Cap\u00edtulo refletiu muito sobre o redimensionamento da presen\u00e7a fraterna e evangelizadora. &#8220;O pr\u00f3prio Cap\u00edtulo fez indica\u00e7\u00f5es de onde a gente precisa estar para qualificar mais a nossa vida e miss\u00e3o. Com isso, temos condi\u00e7\u00f5es de organizar melhor a nossa forma\u00e7\u00e3o permanente e as necessidades que a Prov\u00edncia tem de qualificar pessoas para a evangeliza\u00e7\u00e3o. N\u00f3s percebemos uma diminui\u00e7\u00e3o num\u00e9rica dos frades em pouco mais de 35% e uma diminui\u00e7\u00e3o de casas de mais ou menos 25%. Isso significa que estamos fazendo mais com menos. Ent\u00e3o, esse Cap\u00edtulo vai fazer uma revis\u00e3o n\u00e3o s\u00f3 para o momento atual, mas tamb\u00e9m para o futuro de onde n\u00f3s queremos estar e fazer indica\u00e7\u00f5es de novas possibilidades de presen\u00e7as, que ainda dependem de alguns acertos, mas que foram sinalizadas positivamente. Para isso, a gente precisa deixar alguns lugares. Nem que sejam lugares bons ou tradicionais de nossas presen\u00e7as. Al\u00e9m disso, precisamos continuar nessa disponibilidade para as miss\u00f5es da Ordem, que \u00e9 uma de suas marcas\u201d, explicou.<\/p>\n<p><strong>CONGRESSO CAPITULAR<\/strong><\/p>\n<p>Com o t\u00e9rmino do Cap\u00edtulo, na Sede Provincial, em S\u00e3o Paulo, come\u00e7a o Congresso Capitular, que vai reunir o novo Governo Provincial eleito com o presidente do Cap\u00edtulo, Frei Miguel Kleinhans, em dois momentos: de 26 a 30 de novembro e de 10 a 13 de dezembro.<\/p>\n<p>Segundo o Ministro Provincial eleito, Frei C\u00e9sar K\u00fclkamp, na Prov\u00edncia da Imaculada Concei\u00e7\u00e3o \u00e9 costume o Congresso Capitular acontecer em duas etapas. &#8220;Ent\u00e3o, vamos ter uma etapa no final de novembro, a partir da pr\u00f3xima segunda-feira, e a outra etapa a partir de 10 de dezembro. Este \u00e9 um momento em que o novo governo vai se reunir para pensar um pouco as pr\u00f3prias pol\u00edticas, que passos quer dar e tomar consci\u00eancia das prioridades e das indica\u00e7\u00f5es dadas pela assembleia capitular, que \u00e9 sempre soberana. Tem esse significado, mais do que tudo, de programar a vida provincial no pr\u00f3ximo tri\u00eanio. Nisso inclui a organiza\u00e7\u00e3o do quadro das fraternidades&#8221;, explicou Frei C\u00e9sar. Hoje mesmo pela manh\u00e3, o novo governo fez uma reuni\u00e3o das 9 \u00e0s 11 horas. \u201cNos encontramos para fazer uma agenda, principalmente tendo em vista o congresso capitular\u201d, completou.<\/p>\n<hr \/>\n<p><strong>Equipe de Comunica\u00e7\u00e3o do Cap\u00edtulo<\/strong><em>: Frei Augusto Gabriel, Frei Clauzemir Makximovitz, Frei Gabriel Dellandrea e Moacir Beggo<\/em><\/p>\n","protected":false},"excerpt":{"rendered":"<p>Cap\u00edtulo Provincial<\/p>\n","protected":false},"author":3,"featured_media":190852,"comment_status":"open","ping_status":"open","sticky":false,"template":"","format":"standard","meta":[],"categories":[1],"tags":[323],"acf":[],"yoast_head":"<!-- This site is optimized with the Yoast SEO plugin v19.2 - https:\/\/yoast.com\/wordpress\/plugins\/seo\/ -->\n<title>Acaba o Cap\u00edtulo. Come\u00e7a o Congresso Capitular. - Not\u00edcias - Franciscanos<\/title>\n<meta name=\"robots\" content=\"index, follow, max-snippet:-1, max-image-preview:large, max-video-preview:-1\" \/>\n<link rel=\"canonical\" href=\"https:\/\/franciscanos.org.br\/noticias\/acaba-o-capitulo-comeca-o-congresso-capitular.html\" \/>\n<meta property=\"og:locale\" content=\"pt_BR\" \/>\n<meta property=\"og:type\" content=\"article\" \/>\n<meta property=\"og:title\" content=\"Acaba o Cap\u00edtulo. Come\u00e7a o Congresso Capitular. - Not\u00edcias - Franciscanos\" \/>\n<meta property=\"og:description\" content=\"Cap\u00edtulo Provincial\" \/>\n<meta property=\"og:url\" content=\"https:\/\/franciscanos.org.br\/noticias\/acaba-o-capitulo-comeca-o-congresso-capitular.html\" \/>\n<meta property=\"og:site_name\" content=\"Not\u00edcias - Franciscanos\" \/>\n<meta property=\"article:published_time\" content=\"2018-11-20T23:35:42+00:00\" \/>\n<meta property=\"article:modified_time\" content=\"2020-06-06T19:12:55+00:00\" \/>\n<meta property=\"og:image\" content=\"https:\/\/franciscanos.org.br\/noticias\/wp-content\/uploads\/2018\/11\/frades_201118_d.jpg\" \/>\n\t<meta property=\"og:image:width\" content=\"273\" \/>\n\t<meta property=\"og:image:height\" content=\"181\" \/>\n\t<meta property=\"og:image:type\" content=\"image\/jpeg\" \/>\n<meta name=\"author\" content=\"moacir\" \/>\n<meta name=\"twitter:card\" content=\"summary_large_image\" \/>\n<meta name=\"twitter:label1\" content=\"Escrito por\" \/>\n\t<meta name=\"twitter:data1\" content=\"moacir\" \/>\n\t<meta name=\"twitter:label2\" content=\"Est. tempo de leitura\" \/>\n\t<meta name=\"twitter:data2\" content=\"4 minutos\" \/>\n<script type=\"application\/ld+json\" class=\"yoast-schema-graph\">{\"@context\":\"https:\/\/schema.org\",\"@graph\":[{\"@type\":\"WebSite\",\"@id\":\"https:\/\/franciscanos.org.br\/noticias\/#website\",\"url\":\"https:\/\/franciscanos.org.br\/noticias\/\",\"name\":\"Not\u00edcias - Franciscanos\",\"description\":\"Prov\u00edncia Franciscana da Imaculada Concei\u00e7\u00e3o do Brasil - Ordem dos Frades Menores - OFM\",\"potentialAction\":[{\"@type\":\"SearchAction\",\"target\":{\"@type\":\"EntryPoint\",\"urlTemplate\":\"https:\/\/franciscanos.org.br\/noticias\/?s={search_term_string}\"},\"query-input\":\"required name=search_term_string\"}],\"inLanguage\":\"pt-BR\"},{\"@type\":\"ImageObject\",\"inLanguage\":\"pt-BR\",\"@id\":\"https:\/\/franciscanos.org.br\/noticias\/acaba-o-capitulo-comeca-o-congresso-capitular.html#primaryimage\",\"url\":\"https:\/\/franciscanos.org.br\/noticias\/wp-content\/uploads\/2018\/11\/frades_201118_d.jpg\",\"contentUrl\":\"https:\/\/franciscanos.org.br\/noticias\/wp-content\/uploads\/2018\/11\/frades_201118_d.jpg\",\"width\":273,\"height\":181},{\"@type\":\"WebPage\",\"@id\":\"https:\/\/franciscanos.org.br\/noticias\/acaba-o-capitulo-comeca-o-congresso-capitular.html#webpage\",\"url\":\"https:\/\/franciscanos.org.br\/noticias\/acaba-o-capitulo-comeca-o-congresso-capitular.html\",\"name\":\"Acaba o Cap\u00edtulo. Come\u00e7a o Congresso Capitular. - Not\u00edcias - Franciscanos\",\"isPartOf\":{\"@id\":\"https:\/\/franciscanos.org.br\/noticias\/#website\"},\"primaryImageOfPage\":{\"@id\":\"https:\/\/franciscanos.org.br\/noticias\/acaba-o-capitulo-comeca-o-congresso-capitular.html#primaryimage\"},\"datePublished\":\"2018-11-20T23:35:42+00:00\",\"dateModified\":\"2020-06-06T19:12:55+00:00\",\"author\":{\"@id\":\"https:\/\/franciscanos.org.br\/noticias\/#\/schema\/person\/b5c8cba458c330ccff548b056e95a5d4\"},\"breadcrumb\":{\"@id\":\"https:\/\/franciscanos.org.br\/noticias\/acaba-o-capitulo-comeca-o-congresso-capitular.html#breadcrumb\"},\"inLanguage\":\"pt-BR\",\"potentialAction\":[{\"@type\":\"ReadAction\",\"target\":[\"https:\/\/franciscanos.org.br\/noticias\/acaba-o-capitulo-comeca-o-congresso-capitular.html\"]}]},{\"@type\":\"BreadcrumbList\",\"@id\":\"https:\/\/franciscanos.org.br\/noticias\/acaba-o-capitulo-comeca-o-congresso-capitular.html#breadcrumb\",\"itemListElement\":[{\"@type\":\"ListItem\",\"position\":1,\"name\":\"Home\",\"item\":\"https:\/\/franciscanos.org.br\/noticias\"},{\"@type\":\"ListItem\",\"position\":2,\"name\":\"Acaba o Cap\u00edtulo. Come\u00e7a o Congresso Capitular.\"}]},{\"@type\":\"Person\",\"@id\":\"https:\/\/franciscanos.org.br\/noticias\/#\/schema\/person\/b5c8cba458c330ccff548b056e95a5d4\",\"name\":\"moacir\",\"image\":{\"@type\":\"ImageObject\",\"inLanguage\":\"pt-BR\",\"@id\":\"https:\/\/franciscanos.org.br\/noticias\/#\/schema\/person\/image\/\",\"url\":\"https:\/\/secure.gravatar.com\/avatar\/d08aa2ce4c8dd416d4479aa8536fcf64?s=96&d=mm&r=g\",\"contentUrl\":\"https:\/\/secure.gravatar.com\/avatar\/d08aa2ce4c8dd416d4479aa8536fcf64?s=96&d=mm&r=g\",\"caption\":\"moacir\"},\"url\":\"https:\/\/franciscanos.org.br\/noticias\/author\/moacir\"}]}<\/script>\n<!-- \/ Yoast SEO plugin. -->","yoast_head_json":{"title":"Acaba o Cap\u00edtulo. Come\u00e7a o Congresso Capitular. - Not\u00edcias - Franciscanos","robots":{"index":"index","follow":"follow","max-snippet":"max-snippet:-1","max-image-preview":"max-image-preview:large","max-video-preview":"max-video-preview:-1"},"canonical":"https:\/\/franciscanos.org.br\/noticias\/acaba-o-capitulo-comeca-o-congresso-capitular.html","og_locale":"pt_BR","og_type":"article","og_title":"Acaba o Cap\u00edtulo. Come\u00e7a o Congresso Capitular. - Not\u00edcias - Franciscanos","og_description":"Cap\u00edtulo Provincial","og_url":"https:\/\/franciscanos.org.br\/noticias\/acaba-o-capitulo-comeca-o-congresso-capitular.html","og_site_name":"Not\u00edcias - Franciscanos","article_published_time":"2018-11-20T23:35:42+00:00","article_modified_time":"2020-06-06T19:12:55+00:00","og_image":[{"width":273,"height":181,"url":"https:\/\/franciscanos.org.br\/noticias\/wp-content\/uploads\/2018\/11\/frades_201118_d.jpg","type":"image\/jpeg"}],"author":"moacir","twitter_card":"summary_large_image","twitter_misc":{"Escrito por":"moacir","Est. tempo de leitura":"4 minutos"},"schema":{"@context":"https:\/\/schema.org","@graph":[{"@type":"WebSite","@id":"https:\/\/franciscanos.org.br\/noticias\/#website","url":"https:\/\/franciscanos.org.br\/noticias\/","name":"Not\u00edcias - Franciscanos","description":"Prov\u00edncia Franciscana da Imaculada Concei\u00e7\u00e3o do Brasil - Ordem dos Frades Menores - OFM","potentialAction":[{"@type":"SearchAction","target":{"@type":"EntryPoint","urlTemplate":"https:\/\/franciscanos.org.br\/noticias\/?s={search_term_string}"},"query-input":"required name=search_term_string"}],"inLanguage":"pt-BR"},{"@type":"ImageObject","inLanguage":"pt-BR","@id":"https:\/\/franciscanos.org.br\/noticias\/acaba-o-capitulo-comeca-o-congresso-capitular.html#primaryimage","url":"https:\/\/franciscanos.org.br\/noticias\/wp-content\/uploads\/2018\/11\/frades_201118_d.jpg","contentUrl":"https:\/\/franciscanos.org.br\/noticias\/wp-content\/uploads\/2018\/11\/frades_201118_d.jpg","width":273,"height":181},{"@type":"WebPage","@id":"https:\/\/franciscanos.org.br\/noticias\/acaba-o-capitulo-comeca-o-congresso-capitular.html#webpage","url":"https:\/\/franciscanos.org.br\/noticias\/acaba-o-capitulo-comeca-o-congresso-capitular.html","name":"Acaba o Cap\u00edtulo. Come\u00e7a o Congresso Capitular. - Not\u00edcias - Franciscanos","isPartOf":{"@id":"https:\/\/franciscanos.org.br\/noticias\/#website"},"primaryImageOfPage":{"@id":"https:\/\/franciscanos.org.br\/noticias\/acaba-o-capitulo-comeca-o-congresso-capitular.html#primaryimage"},"datePublished":"2018-11-20T23:35:42+00:00","dateModified":"2020-06-06T19:12:55+00:00","author":{"@id":"https:\/\/franciscanos.org.br\/noticias\/#\/schema\/person\/b5c8cba458c330ccff548b056e95a5d4"},"breadcrumb":{"@id":"https:\/\/franciscanos.org.br\/noticias\/acaba-o-capitulo-comeca-o-congresso-capitular.html#breadcrumb"},"inLanguage":"pt-BR","potentialAction":[{"@type":"ReadAction","target":["https:\/\/franciscanos.org.br\/noticias\/acaba-o-capitulo-comeca-o-congresso-capitular.html"]}]},{"@type":"BreadcrumbList","@id":"https:\/\/franciscanos.org.br\/noticias\/acaba-o-capitulo-comeca-o-congresso-capitular.html#breadcrumb","itemListElement":[{"@type":"ListItem","position":1,"name":"Home","item":"https:\/\/franciscanos.org.br\/noticias"},{"@type":"ListItem","position":2,"name":"Acaba o Cap\u00edtulo. Come\u00e7a o Congresso Capitular."}]},{"@type":"Person","@id":"https:\/\/franciscanos.org.br\/noticias\/#\/schema\/person\/b5c8cba458c330ccff548b056e95a5d4","name":"moacir","image":{"@type":"ImageObject","inLanguage":"pt-BR","@id":"https:\/\/franciscanos.org.br\/noticias\/#\/schema\/person\/image\/","url":"https:\/\/secure.gravatar.com\/avatar\/d08aa2ce4c8dd416d4479aa8536fcf64?s=96&d=mm&r=g","contentUrl":"https:\/\/secure.gravatar.com\/avatar\/d08aa2ce4c8dd416d4479aa8536fcf64?s=96&d=mm&r=g","caption":"moacir"},"url":"https:\/\/franciscanos.org.br\/noticias\/author\/moacir"}]}},"_links":{"self":[{"href":"https:\/\/franciscanos.org.br\/noticias\/wp-json\/wp\/v2\/posts\/190850"}],"collection":[{"href":"https:\/\/franciscanos.org.br\/noticias\/wp-json\/wp\/v2\/posts"}],"about":[{"href":"https:\/\/franciscanos.org.br\/noticias\/wp-json\/wp\/v2\/types\/post"}],"author":[{"embeddable":true,"href":"https:\/\/franciscanos.org.br\/noticias\/wp-json\/wp\/v2\/users\/3"}],"replies":[{"embeddable":true,"href":"https:\/\/franciscanos.org.br\/noticias\/wp-json\/wp\/v2\/comments?post=190850"}],"version-history":[{"count":1,"href":"https:\/\/franciscanos.org.br\/noticias\/wp-json\/wp\/v2\/posts\/190850\/revisions"}],"predecessor-version":[{"id":224667,"href":"https:\/\/franciscanos.org.br\/noticias\/wp-json\/wp\/v2\/posts\/190850\/revisions\/224667"}],"wp:featuredmedia":[{"embeddable":true,"href":"https:\/\/franciscanos.org.br\/noticias\/wp-json\/wp\/v2\/media\/190852"}],"wp:attachment":[{"href":"https:\/\/franciscanos.org.br\/noticias\/wp-json\/wp\/v2\/media?parent=190850"}],"wp:term":[{"taxonomy":"category","embeddable":true,"href":"https:\/\/franciscanos.org.br\/noticias\/wp-json\/wp\/v2\/categories?post=190850"},{"taxonomy":"post_tag","embeddable":true,"href":"https:\/\/franciscanos.org.br\/noticias\/wp-json\/wp\/v2\/tags?post=190850"}],"curies":[{"name":"wp","href":"https:\/\/api.w.org\/{rel}","templated":true}]}}