{"id":190798,"date":"2018-11-19T23:52:30","date_gmt":"2018-11-20T01:52:30","guid":{"rendered":"https:\/\/franciscanos.org.br\/noticias\/?p=190798"},"modified":"2020-06-06T16:14:11","modified_gmt":"2020-06-06T19:14:11","slug":"frei-medella-apesar-da-minha-estatura-me-julgo-pequeno-neste-servico","status":"publish","type":"post","link":"https:\/\/franciscanos.org.br\/noticias\/frei-medella-apesar-da-minha-estatura-me-julgo-pequeno-neste-servico.html","title":{"rendered":"Frei Medella: &#8220;Apesar da minha estatura, me julgo pequeno neste servi\u00e7o&#8221;"},"content":{"rendered":"<p><img loading=\"lazy\" class=\"alignright size-full wp-image-190799\" src=\"https:\/\/franciscanos.org.br\/noticias\/wp-content\/uploads\/2018\/11\/medella_1911.jpg\" alt=\"\" width=\"890\" height=\"515\" srcset=\"https:\/\/franciscanos.org.br\/noticias\/wp-content\/uploads\/2018\/11\/medella_1911.jpg 890w, https:\/\/franciscanos.org.br\/noticias\/wp-content\/uploads\/2018\/11\/medella_1911-450x260.jpg 450w, https:\/\/franciscanos.org.br\/noticias\/wp-content\/uploads\/2018\/11\/medella_1911-768x444.jpg 768w, https:\/\/franciscanos.org.br\/noticias\/wp-content\/uploads\/2018\/11\/medella_1911-150x87.jpg 150w\" sizes=\"(max-width: 890px) 100vw, 890px\" \/><\/p>\n<p><em>Aos 40 anos, Frei Gustao Medella \u00e9 f\u00e1cil de ser identificado pela sua estatura. Alto, e ultimamente &#8220;brigando&#8221; com a balan\u00e7a e com a nutricionista, Frei Medella se v\u00ea agora diante de um novo desafio: o servi\u00e7o de Vig\u00e1rio Provincial, confiado a ele durante este Cap\u00edtulo Provincial que est\u00e1 em andamento no Semin\u00e1rio Santo Ant\u00f4nio de Agudos (SP). Para ele, n\u00e3o h\u00e1 uma metodologia pronta para desenvolver este servi\u00e7o, mas ela se dar\u00e1 no dia a dia, &#8220;ouvindo bastante, prestando aten\u00e7\u00e3o naquilo que os irm\u00e3os t\u00eam a nos oferecer, a nos ensinar&#8221;. Frei Medella esclarece mais ainda: &#8220;O Vig\u00e1rio Provincial tem esta tarefa de ser algu\u00e9m que est\u00e1 ali atento e pronto a agir na hora que necess\u00e1rio se fizer&#8221;. <\/em><\/p>\n<p><em>Nesta primeira entrevista como Vig\u00e1rio Provincial, conhe\u00e7a como um pouco mais como Frei Medella encarou este desafio na sua vida religiosa, que come\u00e7ou quando vestiu o h\u00e1bito franciscano em 2004 no Noviciado Franciscano de Rodeio. Acompanhe!<\/em><\/p>\n<p><strong>Site Franciscanos &#8211; Qual \u00e9 a fun\u00e7\u00e3o do Vig\u00e1rio Provincial?<\/strong><\/p>\n<p><strong>Frei Medella &#8211;<\/strong> O Vig\u00e1rio Provincial \u00e9 um irm\u00e3o escolhido entre os irm\u00e3os para auxiliar o Ministro Provincial no seu trabalho de servi\u00e7o \u00e0 Fraternidade. Ele \u00e9 tamb\u00e9m componente no Definit\u00f3rio Provincial e ajuda na anima\u00e7\u00e3o das Frentes de Evangeliza\u00e7\u00e3o, na anima\u00e7\u00e3o dos confrades. A fun\u00e7\u00e3o principal, ent\u00e3o, eu diria, \u00e9 estar a servi\u00e7o da Fraternidade Provincial e do irm\u00e3o Ministro naquilo que aparecer como necessidade. \u00c9 um cargo essencialmente de lava-p\u00e9s. De colocar-se a servi\u00e7o, de ter um ouvido bastante aberto para acolher as inquieta\u00e7\u00f5es, as alegrias, os apelos dos irm\u00e3os, para vibrar com as alegrias deles, para ajud\u00e1-los a chorar, porque eles tamb\u00e9m choram. Acho que essa \u00e9 a principal fun\u00e7\u00e3o. \u00c9, sobretudo, um irm\u00e3o escolhido entre os irm\u00e3os para estar a\u00ed junto, a servi\u00e7o, auxiliando o Ministro e colocando-se, ent\u00e3o, como servo, apesar dos limites, apesar dos pecados, apesar das inconsist\u00eancias que todos temos. O Vig\u00e1rio Provincial tem esta tarefa de ser algu\u00e9m que est\u00e1 ali atento e pronto a agir na hora que necess\u00e1rio se fizer.<\/p>\n<p><iframe loading=\"lazy\" src=\"https:\/\/www.youtube.com\/embed\/QJYIf5VneQU\" width=\"100%\" height=\"480\" frameborder=\"0\" allowfullscreen=\"allowfullscreen\"><span data-mce-type=\"bookmark\" style=\"display: inline-block; width: 0px; overflow: hidden; line-height: 0;\" class=\"mce_SELRES_start\">\ufeff<\/span><\/iframe><\/p>\n<p><strong>Site Franciscanos &#8211; Como o sr. encara essa miss\u00e3o confiada pelos seis confrades?<\/strong><\/p>\n<p><strong>Frei Medella<\/strong> &#8211; Pensando em mim, nos meus limites, nas minhas caracter\u00edsticas, nos meus condicionamentos, diante da grandeza do desafio que representa estar a\u00ed na Prov\u00edncia Franciscana da Imaculada Concei\u00e7\u00e3o do Brasil, eu me julgo pequeno. No entanto &#8211; apesar da minha estatura &#8211; eu me julgo pequeno. Eu tenho que acreditar na provid\u00eancia de Deus e tenho que honrar a confian\u00e7a que os irm\u00e3os depositam em mim, essa confian\u00e7a que me faz seguir adiante. Se os irm\u00e3os acham que eu sou capaz, eu n\u00e3o posso pensar diferente. Primeiro, a gra\u00e7a de Deus e depois essa confian\u00e7a em saber que posso contar com a colabora\u00e7\u00e3o dos irm\u00e3os.<\/p>\n<p><strong>Site Franciscanos &#8211; Como voc\u00ea, ent\u00e3o, v\u00ea a Prov\u00edncia Franciscana da Imaculada Concei\u00e7\u00e3o do Brasil hoje?<\/strong><\/p>\n<p><strong>Frei Medella<\/strong> &#8211; Eu a vejo como uma grande fam\u00edlia. Uma fam\u00edlia que tem seus encantos, suas belezas, seus desafios, suas dificuldades. E uma fam\u00edlia que \u00e9 ampliada, que vai para al\u00e9m dos la\u00e7os de sangue. Uma fam\u00edlia, primeiro, na consagra\u00e7\u00e3o dos irm\u00e3os que decidem assumir o seguimento de Jesus Cristo ao modo de Francisco e depois uma fam\u00edlia composta por todos os interlocutores, colaboradores, amigos, parceiros em nossas presen\u00e7as mission\u00e1rias, em nossas Frentes de Evangeliza\u00e7\u00e3o. \u00c9 uma fam\u00edlia que tem uma responsabilidade muito grande de levar, de apresentar a beleza, o encanto, o entusiasmo do Evangelho em todos os ambientes onde ela se faz presente. Fam\u00edlia tamb\u00e9m passa por dificuldades? Passa. A Prov\u00edncia tamb\u00e9m tem seus momentos de dificuldades, mas \u00e9 muito bom saber que temos uma fam\u00edlia, que somos por ela acolhidos e somos chamados a fazer a nossa parte para que o melhor aconte\u00e7a.<\/p>\n<p><img loading=\"lazy\" class=\"alignright size-full wp-image-190800\" src=\"https:\/\/franciscanos.org.br\/noticias\/wp-content\/uploads\/2018\/11\/medella_1911_2.jpg\" alt=\"\" width=\"890\" height=\"541\" srcset=\"https:\/\/franciscanos.org.br\/noticias\/wp-content\/uploads\/2018\/11\/medella_1911_2.jpg 890w, https:\/\/franciscanos.org.br\/noticias\/wp-content\/uploads\/2018\/11\/medella_1911_2-450x274.jpg 450w, https:\/\/franciscanos.org.br\/noticias\/wp-content\/uploads\/2018\/11\/medella_1911_2-768x467.jpg 768w, https:\/\/franciscanos.org.br\/noticias\/wp-content\/uploads\/2018\/11\/medella_1911_2-150x91.jpg 150w\" sizes=\"(max-width: 890px) 100vw, 890px\" \/><\/p>\n<p><strong>Site Franciscanos &#8211; Quais os desafios que o sr. acredita que vai enfrentar ao longo dessa miss\u00e3o de Vig\u00e1rio Provincial?<\/strong><\/p>\n<p><strong>Frei Medella<\/strong> &#8211; Creio que seja uma miss\u00e3o tamb\u00e9m que se aprende com o dia a dia, ouvindo bastante, prestando aten\u00e7\u00e3o naquilo que os irm\u00e3os t\u00eam a nos oferecer, a nos ensinar. Tamb\u00e9m a todos os leigos e leigas que est\u00e3o conosco. O desafio, creio, seja ouvir os sinais dos tempos e ser \u00e1gil e ser pronto tamb\u00e9m em propor as respostas adequadas para as perguntas que esses sinais dos tempos nos apresentam. \u00c9 um desafio hoje para qualquer institui\u00e7\u00e3o manter a sua relev\u00e2ncia no cen\u00e1rio pol\u00edtico, social, econ\u00f4mico, religioso que vivemos, de muitas vozes, de muitas informa\u00e7\u00f5es, dizer aquilo que tem relev\u00e2ncia, aquilo que de fato faz a diferen\u00e7a. Para n\u00f3s e para os outros \u00e9 um desafio. N\u00f3s vamos conseguir dar essa palavra que faz a diferen\u00e7a \u00e0 medida que estivermos conectados com a nossa raz\u00e3o de ser, que \u00e9 o seguimento de Cristo, que \u00e9 levar o Evangelho. Assim sempre seremos relevantes porque o Evangelho \u00e9 uma mensagem, uma verdade, uma for\u00e7a que supera todos os tempos e ambientes e sempre ser\u00e1 v\u00e1lida e importante na nossa vida e das pessoas.<\/p>\n<p><strong>Site Franciscanos &#8211; Que mensagem o sr. deixa para seus confrades e para o povo no territ\u00f3rio das Frentes de Evangeliza\u00e7\u00e3o da Prov\u00edncia?<\/strong><\/p>\n<p><strong>Frei Medella <\/strong>&#8211; Eu deixo a mensagem de alegria, de paz e de gratid\u00e3o, e dizer que naquilo que eu puder ajudar eu estou \u00e0 disposi\u00e7\u00e3o. Podem contar comigo! Estamos a\u00ed, juntos, nunca sozinhos, porque sozinhos n\u00f3s n\u00e3o chegamos muito longe, mas no que depender de mim podem contar comigo. Estou a\u00ed \u00e0 disposi\u00e7\u00e3o. E eu tamb\u00e9m quero contar com todos para seguirmos em frente para que o Reino aconte\u00e7a e Jesus cres\u00e7a e apare\u00e7a e n\u00f3s continuemos a\u00ed como servos que desejam entregar a vida nesse ideal.<\/p>\n<hr \/>\n<p><strong>Equipe de Comunica\u00e7\u00e3o do Cap\u00edtulo<\/strong>:\u00a0<em>Frei Augusto Gabriel, Frei Clauzemir Makximovitz, Frei Gabriel Dellandrea e Moacir Beggo<\/em><\/p>\n","protected":false},"excerpt":{"rendered":"<p>Cap\u00edtulo Provincial<\/p>\n","protected":false},"author":3,"featured_media":190801,"comment_status":"open","ping_status":"open","sticky":false,"template":"","format":"standard","meta":[],"categories":[1],"tags":[323],"acf":[],"yoast_head":"<!-- This site is optimized with the Yoast SEO plugin v19.2 - https:\/\/yoast.com\/wordpress\/plugins\/seo\/ -->\n<title>Frei Medella: &quot;Apesar da minha estatura, me julgo pequeno neste servi\u00e7o&quot; - Not\u00edcias - Franciscanos<\/title>\n<meta name=\"robots\" content=\"index, follow, max-snippet:-1, max-image-preview:large, max-video-preview:-1\" \/>\n<link rel=\"canonical\" href=\"https:\/\/franciscanos.org.br\/noticias\/frei-medella-apesar-da-minha-estatura-me-julgo-pequeno-neste-servico.html\" \/>\n<meta property=\"og:locale\" content=\"pt_BR\" \/>\n<meta property=\"og:type\" content=\"article\" \/>\n<meta property=\"og:title\" content=\"Frei Medella: &quot;Apesar da minha estatura, me julgo pequeno neste servi\u00e7o&quot; - Not\u00edcias - Franciscanos\" \/>\n<meta property=\"og:description\" content=\"Cap\u00edtulo Provincial\" \/>\n<meta property=\"og:url\" content=\"https:\/\/franciscanos.org.br\/noticias\/frei-medella-apesar-da-minha-estatura-me-julgo-pequeno-neste-servico.html\" \/>\n<meta property=\"og:site_name\" content=\"Not\u00edcias - Franciscanos\" \/>\n<meta property=\"article:published_time\" content=\"2018-11-20T01:52:30+00:00\" \/>\n<meta property=\"article:modified_time\" content=\"2020-06-06T19:14:11+00:00\" \/>\n<meta property=\"og:image\" content=\"https:\/\/franciscanos.org.br\/noticias\/wp-content\/uploads\/2018\/11\/destaque_1911.jpg\" \/>\n\t<meta property=\"og:image:width\" content=\"273\" \/>\n\t<meta property=\"og:image:height\" content=\"181\" \/>\n\t<meta property=\"og:image:type\" content=\"image\/jpeg\" \/>\n<meta name=\"author\" content=\"moacir\" \/>\n<meta name=\"twitter:card\" content=\"summary_large_image\" \/>\n<meta name=\"twitter:label1\" content=\"Escrito por\" \/>\n\t<meta name=\"twitter:data1\" content=\"moacir\" \/>\n\t<meta name=\"twitter:label2\" content=\"Est. tempo de leitura\" \/>\n\t<meta name=\"twitter:data2\" content=\"5 minutos\" \/>\n<script type=\"application\/ld+json\" class=\"yoast-schema-graph\">{\"@context\":\"https:\/\/schema.org\",\"@graph\":[{\"@type\":\"WebSite\",\"@id\":\"https:\/\/franciscanos.org.br\/noticias\/#website\",\"url\":\"https:\/\/franciscanos.org.br\/noticias\/\",\"name\":\"Not\u00edcias - Franciscanos\",\"description\":\"Prov\u00edncia Franciscana da Imaculada Concei\u00e7\u00e3o do Brasil - Ordem dos Frades Menores - OFM\",\"potentialAction\":[{\"@type\":\"SearchAction\",\"target\":{\"@type\":\"EntryPoint\",\"urlTemplate\":\"https:\/\/franciscanos.org.br\/noticias\/?s={search_term_string}\"},\"query-input\":\"required name=search_term_string\"}],\"inLanguage\":\"pt-BR\"},{\"@type\":\"ImageObject\",\"inLanguage\":\"pt-BR\",\"@id\":\"https:\/\/franciscanos.org.br\/noticias\/frei-medella-apesar-da-minha-estatura-me-julgo-pequeno-neste-servico.html#primaryimage\",\"url\":\"https:\/\/franciscanos.org.br\/noticias\/wp-content\/uploads\/2018\/11\/destaque_1911.jpg\",\"contentUrl\":\"https:\/\/franciscanos.org.br\/noticias\/wp-content\/uploads\/2018\/11\/destaque_1911.jpg\",\"width\":273,\"height\":181},{\"@type\":\"WebPage\",\"@id\":\"https:\/\/franciscanos.org.br\/noticias\/frei-medella-apesar-da-minha-estatura-me-julgo-pequeno-neste-servico.html#webpage\",\"url\":\"https:\/\/franciscanos.org.br\/noticias\/frei-medella-apesar-da-minha-estatura-me-julgo-pequeno-neste-servico.html\",\"name\":\"Frei Medella: \\\"Apesar da minha estatura, me julgo pequeno neste servi\u00e7o\\\" - Not\u00edcias - Franciscanos\",\"isPartOf\":{\"@id\":\"https:\/\/franciscanos.org.br\/noticias\/#website\"},\"primaryImageOfPage\":{\"@id\":\"https:\/\/franciscanos.org.br\/noticias\/frei-medella-apesar-da-minha-estatura-me-julgo-pequeno-neste-servico.html#primaryimage\"},\"datePublished\":\"2018-11-20T01:52:30+00:00\",\"dateModified\":\"2020-06-06T19:14:11+00:00\",\"author\":{\"@id\":\"https:\/\/franciscanos.org.br\/noticias\/#\/schema\/person\/b5c8cba458c330ccff548b056e95a5d4\"},\"breadcrumb\":{\"@id\":\"https:\/\/franciscanos.org.br\/noticias\/frei-medella-apesar-da-minha-estatura-me-julgo-pequeno-neste-servico.html#breadcrumb\"},\"inLanguage\":\"pt-BR\",\"potentialAction\":[{\"@type\":\"ReadAction\",\"target\":[\"https:\/\/franciscanos.org.br\/noticias\/frei-medella-apesar-da-minha-estatura-me-julgo-pequeno-neste-servico.html\"]}]},{\"@type\":\"BreadcrumbList\",\"@id\":\"https:\/\/franciscanos.org.br\/noticias\/frei-medella-apesar-da-minha-estatura-me-julgo-pequeno-neste-servico.html#breadcrumb\",\"itemListElement\":[{\"@type\":\"ListItem\",\"position\":1,\"name\":\"Home\",\"item\":\"https:\/\/franciscanos.org.br\/noticias\"},{\"@type\":\"ListItem\",\"position\":2,\"name\":\"Frei Medella: &#8220;Apesar da minha estatura, me julgo pequeno neste servi\u00e7o&#8221;\"}]},{\"@type\":\"Person\",\"@id\":\"https:\/\/franciscanos.org.br\/noticias\/#\/schema\/person\/b5c8cba458c330ccff548b056e95a5d4\",\"name\":\"moacir\",\"image\":{\"@type\":\"ImageObject\",\"inLanguage\":\"pt-BR\",\"@id\":\"https:\/\/franciscanos.org.br\/noticias\/#\/schema\/person\/image\/\",\"url\":\"https:\/\/secure.gravatar.com\/avatar\/d08aa2ce4c8dd416d4479aa8536fcf64?s=96&d=mm&r=g\",\"contentUrl\":\"https:\/\/secure.gravatar.com\/avatar\/d08aa2ce4c8dd416d4479aa8536fcf64?s=96&d=mm&r=g\",\"caption\":\"moacir\"},\"url\":\"https:\/\/franciscanos.org.br\/noticias\/author\/moacir\"}]}<\/script>\n<!-- \/ Yoast SEO plugin. -->","yoast_head_json":{"title":"Frei Medella: \"Apesar da minha estatura, me julgo pequeno neste servi\u00e7o\" - Not\u00edcias - Franciscanos","robots":{"index":"index","follow":"follow","max-snippet":"max-snippet:-1","max-image-preview":"max-image-preview:large","max-video-preview":"max-video-preview:-1"},"canonical":"https:\/\/franciscanos.org.br\/noticias\/frei-medella-apesar-da-minha-estatura-me-julgo-pequeno-neste-servico.html","og_locale":"pt_BR","og_type":"article","og_title":"Frei Medella: \"Apesar da minha estatura, me julgo pequeno neste servi\u00e7o\" - Not\u00edcias - Franciscanos","og_description":"Cap\u00edtulo Provincial","og_url":"https:\/\/franciscanos.org.br\/noticias\/frei-medella-apesar-da-minha-estatura-me-julgo-pequeno-neste-servico.html","og_site_name":"Not\u00edcias - Franciscanos","article_published_time":"2018-11-20T01:52:30+00:00","article_modified_time":"2020-06-06T19:14:11+00:00","og_image":[{"width":273,"height":181,"url":"https:\/\/franciscanos.org.br\/noticias\/wp-content\/uploads\/2018\/11\/destaque_1911.jpg","type":"image\/jpeg"}],"author":"moacir","twitter_card":"summary_large_image","twitter_misc":{"Escrito por":"moacir","Est. tempo de leitura":"5 minutos"},"schema":{"@context":"https:\/\/schema.org","@graph":[{"@type":"WebSite","@id":"https:\/\/franciscanos.org.br\/noticias\/#website","url":"https:\/\/franciscanos.org.br\/noticias\/","name":"Not\u00edcias - Franciscanos","description":"Prov\u00edncia Franciscana da Imaculada Concei\u00e7\u00e3o do Brasil - Ordem dos Frades Menores - OFM","potentialAction":[{"@type":"SearchAction","target":{"@type":"EntryPoint","urlTemplate":"https:\/\/franciscanos.org.br\/noticias\/?s={search_term_string}"},"query-input":"required name=search_term_string"}],"inLanguage":"pt-BR"},{"@type":"ImageObject","inLanguage":"pt-BR","@id":"https:\/\/franciscanos.org.br\/noticias\/frei-medella-apesar-da-minha-estatura-me-julgo-pequeno-neste-servico.html#primaryimage","url":"https:\/\/franciscanos.org.br\/noticias\/wp-content\/uploads\/2018\/11\/destaque_1911.jpg","contentUrl":"https:\/\/franciscanos.org.br\/noticias\/wp-content\/uploads\/2018\/11\/destaque_1911.jpg","width":273,"height":181},{"@type":"WebPage","@id":"https:\/\/franciscanos.org.br\/noticias\/frei-medella-apesar-da-minha-estatura-me-julgo-pequeno-neste-servico.html#webpage","url":"https:\/\/franciscanos.org.br\/noticias\/frei-medella-apesar-da-minha-estatura-me-julgo-pequeno-neste-servico.html","name":"Frei Medella: \"Apesar da minha estatura, me julgo pequeno neste servi\u00e7o\" - Not\u00edcias - Franciscanos","isPartOf":{"@id":"https:\/\/franciscanos.org.br\/noticias\/#website"},"primaryImageOfPage":{"@id":"https:\/\/franciscanos.org.br\/noticias\/frei-medella-apesar-da-minha-estatura-me-julgo-pequeno-neste-servico.html#primaryimage"},"datePublished":"2018-11-20T01:52:30+00:00","dateModified":"2020-06-06T19:14:11+00:00","author":{"@id":"https:\/\/franciscanos.org.br\/noticias\/#\/schema\/person\/b5c8cba458c330ccff548b056e95a5d4"},"breadcrumb":{"@id":"https:\/\/franciscanos.org.br\/noticias\/frei-medella-apesar-da-minha-estatura-me-julgo-pequeno-neste-servico.html#breadcrumb"},"inLanguage":"pt-BR","potentialAction":[{"@type":"ReadAction","target":["https:\/\/franciscanos.org.br\/noticias\/frei-medella-apesar-da-minha-estatura-me-julgo-pequeno-neste-servico.html"]}]},{"@type":"BreadcrumbList","@id":"https:\/\/franciscanos.org.br\/noticias\/frei-medella-apesar-da-minha-estatura-me-julgo-pequeno-neste-servico.html#breadcrumb","itemListElement":[{"@type":"ListItem","position":1,"name":"Home","item":"https:\/\/franciscanos.org.br\/noticias"},{"@type":"ListItem","position":2,"name":"Frei Medella: &#8220;Apesar da minha estatura, me julgo pequeno neste servi\u00e7o&#8221;"}]},{"@type":"Person","@id":"https:\/\/franciscanos.org.br\/noticias\/#\/schema\/person\/b5c8cba458c330ccff548b056e95a5d4","name":"moacir","image":{"@type":"ImageObject","inLanguage":"pt-BR","@id":"https:\/\/franciscanos.org.br\/noticias\/#\/schema\/person\/image\/","url":"https:\/\/secure.gravatar.com\/avatar\/d08aa2ce4c8dd416d4479aa8536fcf64?s=96&d=mm&r=g","contentUrl":"https:\/\/secure.gravatar.com\/avatar\/d08aa2ce4c8dd416d4479aa8536fcf64?s=96&d=mm&r=g","caption":"moacir"},"url":"https:\/\/franciscanos.org.br\/noticias\/author\/moacir"}]}},"_links":{"self":[{"href":"https:\/\/franciscanos.org.br\/noticias\/wp-json\/wp\/v2\/posts\/190798"}],"collection":[{"href":"https:\/\/franciscanos.org.br\/noticias\/wp-json\/wp\/v2\/posts"}],"about":[{"href":"https:\/\/franciscanos.org.br\/noticias\/wp-json\/wp\/v2\/types\/post"}],"author":[{"embeddable":true,"href":"https:\/\/franciscanos.org.br\/noticias\/wp-json\/wp\/v2\/users\/3"}],"replies":[{"embeddable":true,"href":"https:\/\/franciscanos.org.br\/noticias\/wp-json\/wp\/v2\/comments?post=190798"}],"version-history":[{"count":1,"href":"https:\/\/franciscanos.org.br\/noticias\/wp-json\/wp\/v2\/posts\/190798\/revisions"}],"predecessor-version":[{"id":224669,"href":"https:\/\/franciscanos.org.br\/noticias\/wp-json\/wp\/v2\/posts\/190798\/revisions\/224669"}],"wp:featuredmedia":[{"embeddable":true,"href":"https:\/\/franciscanos.org.br\/noticias\/wp-json\/wp\/v2\/media\/190801"}],"wp:attachment":[{"href":"https:\/\/franciscanos.org.br\/noticias\/wp-json\/wp\/v2\/media?parent=190798"}],"wp:term":[{"taxonomy":"category","embeddable":true,"href":"https:\/\/franciscanos.org.br\/noticias\/wp-json\/wp\/v2\/categories?post=190798"},{"taxonomy":"post_tag","embeddable":true,"href":"https:\/\/franciscanos.org.br\/noticias\/wp-json\/wp\/v2\/tags?post=190798"}],"curies":[{"name":"wp","href":"https:\/\/api.w.org\/{rel}","templated":true}]}}