{"id":190713,"date":"2018-11-18T11:21:09","date_gmt":"2018-11-18T13:21:09","guid":{"rendered":"https:\/\/franciscanos.org.br\/noticias\/?p=190713"},"modified":"2020-06-06T16:23:39","modified_gmt":"2020-06-06T19:23:39","slug":"o-cristao-nao-pode-ficar-de-bracos-cruzados","status":"publish","type":"post","link":"https:\/\/franciscanos.org.br\/noticias\/o-cristao-nao-pode-ficar-de-bracos-cruzados.html","title":{"rendered":"&#8220;O crist\u00e3o n\u00e3o pode ficar de bra\u00e7os cruzados&#8221;"},"content":{"rendered":"<p><img loading=\"lazy\" class=\"alignright size-full wp-image-190715\" src=\"https:\/\/franciscanos.org.br\/noticias\/wp-content\/uploads\/2018\/11\/papa_181118_2.jpg\" alt=\"\" width=\"890\" height=\"593\" srcset=\"https:\/\/franciscanos.org.br\/noticias\/wp-content\/uploads\/2018\/11\/papa_181118_2.jpg 890w, https:\/\/franciscanos.org.br\/noticias\/wp-content\/uploads\/2018\/11\/papa_181118_2-450x300.jpg 450w, https:\/\/franciscanos.org.br\/noticias\/wp-content\/uploads\/2018\/11\/papa_181118_2-768x512.jpg 768w, https:\/\/franciscanos.org.br\/noticias\/wp-content\/uploads\/2018\/11\/papa_181118_2-150x100.jpg 150w\" sizes=\"(max-width: 890px) 100vw, 890px\" \/><br \/>\nO Papa Francisco presidiu, na Bas\u00edlica de S\u00e3o Pedro, a Celebra\u00e7\u00e3o Eucar\u00edstica, neste domingo (18\u204411), solenidade da Dedica\u00e7\u00e3o das Bas\u00edlicas de S\u00e3o Pedro e S\u00e3o Paulo fora dos Muros, e II Dia Mundial dos Pobres. Seis mil pobres participaram da Missa. O Dia Mundial dos Pobres foi instituido pelo Papa Francisco com a Carta Apost\u00f3lica \u201cMisericordia et misera\u201d, publicada em 21 de novembro de 2016, na conclus\u00e3o do Jubileu Extraordin\u00e1rio da Miseric\u00f3rdia.<\/p>\n<p>Em sua homilia, Francisco se deteve em tr\u00eas a\u00e7\u00f5es que Jesus realiza no Evangelho:<br \/>\n<strong>A primeira:<\/strong> o deixar. \u201cEm pleno dia, Jesus deixa a multid\u00e3o na hora do sucesso, quando era aclamado por ter multiplicado os p\u00e3es. Os disc\u00edpulos queriam gozar do triunfo, mas Jesus obrigou-os imediatamente a partir, enquanto Ele despede a multid\u00e3o.\u201d<\/p>\n<p>\u201cProcurado pelo povo, retira-se sozinho. Quando tudo se apresentava \u00abem descida\u00bb, Ele sobe ao monte para rezar. Depois, no cora\u00e7\u00e3o da noite, desce do monte e vai encontrar os Seus, caminhando sobre as \u00e1guas agitadas pelo vento. Em tudo isto, Jesus vai contracorrente: primeiro deixa o sucesso, depois a tranquilidade. Ensina-nos a coragem de deixar: deixar o sucesso que ensoberbece o cora\u00e7\u00e3o, e a tranquilidade que adormece a alma\u201d.<\/p>\n<p>Francisco disse ainda que \u201co crist\u00e3o sabe que a sua p\u00e1tria n\u00e3o \u00e9 aqui, sabe \u2013 como recorda o ap\u00f3stolo Paulo na segunda Leitura \u2013 que j\u00e1 \u00e9 \u00abconcidad\u00e3o dos santos e membro da casa de Deus\u00bb. \u00c9 um \u00e1gil viandante da exist\u00eancia. N\u00e3o vivemos para acumular: a nossa gl\u00f3ria est\u00e1 em deixar o que passa, para guardarmos aquilo que permanece.\u201d<\/p>\n<p>O Papa nos convidou a pedir \u201ca Deus a gra\u00e7a de nos assemelharmos \u00e0 Igreja descrita na primeira Leitura: sempre em movimento, especialista no deixar e fiel no servir\u201d.<\/p>\n<p><img loading=\"lazy\" class=\"alignright size-full wp-image-190716\" src=\"https:\/\/franciscanos.org.br\/noticias\/wp-content\/uploads\/2018\/11\/papa_181118_5.jpg\" alt=\"\" width=\"890\" height=\"593\" srcset=\"https:\/\/franciscanos.org.br\/noticias\/wp-content\/uploads\/2018\/11\/papa_181118_5.jpg 890w, https:\/\/franciscanos.org.br\/noticias\/wp-content\/uploads\/2018\/11\/papa_181118_5-450x300.jpg 450w, https:\/\/franciscanos.org.br\/noticias\/wp-content\/uploads\/2018\/11\/papa_181118_5-768x512.jpg 768w, https:\/\/franciscanos.org.br\/noticias\/wp-content\/uploads\/2018\/11\/papa_181118_5-150x100.jpg 150w\" sizes=\"(max-width: 890px) 100vw, 890px\" \/><\/p>\n<p><strong>Em sua segunda a\u00e7\u00e3o<\/strong>, Jesus \u201cencoraja\u201d em plena noite. Vai ao encontro dos disc\u00edpulos, \u201csubmersos na escurid\u00e3o, caminhando \u00absobre o mar\u00bb\u201d.<br \/>\nO Papa explicou que \u201cna realidade, tratava-se de um lago; mas naquele tempo o mar, com a profundidade dos seus abismos tenebrosos, evocava as for\u00e7as do mal. Em outras palavras, Jesus vai ao encontro dos disc\u00edpulos, calcando os inimigos malignos do homem. Grande \u00e9 o significado deste sinal: n\u00e3o uma manifesta\u00e7\u00e3o celebrativa de for\u00e7a, mas a revela\u00e7\u00e3o, que nos \u00e9 feita, da certeza tranquilizadora de que Jesus, s\u00f3 Jesus, vence os nossos grandes inimigos: o diabo, o pecado, a morte, o medo. Hoje, Ele diz tamb\u00e9m a n\u00f3s: \u00abTranquilizai-vos! Sou Eu! N\u00e3o temais!\u00bb.\u201d<\/p>\n<p>\u201cA barca da nossa vida v\u00ea-se, frequentemente, balanceada pelas ondas e sacudida pelos ventos; e, se as \u00e1guas por vezes est\u00e3o calmas, n\u00e3o tardam a agitar-se. Ent\u00e3o irritamo-nos com as tempestades do momento, como se fossem os nossos \u00fanicos problemas. Mas o problema n\u00e3o \u00e9 a tempestade presente, mas o modo como navegar na vida. O segredo de navegar bem \u00e9 convidar Jesus a subir a bordo. O leme da vida deve ser dado a Ele, para que seja Jesus a tra\u00e7ar a rota.\u201d<\/p>\n<p><strong>Estender a m\u00e3o<\/strong><br \/>\n<strong>Na terceira a\u00e7\u00e3o,<\/strong> \u201cno meio da tempestade, Jesus estende a m\u00e3o. Agarra Pedro que, assustado, duvidou e, afundando, gritou: \u00abSalva-me, Senhor!\u00bb.\u201d<\/p>\n<p>\u201cPodemos colocar-nos no lugar de Pedro: somos pessoas de pouca f\u00e9 e estamos aqui a mendigar a salva\u00e7\u00e3o. Somos pobres de vida verdadeira, e serve-nos a m\u00e3o estendida do Senhor que nos tire fora do mal. Isto \u00e9 o in\u00edcio da f\u00e9: esvaziar-se da orgulhosa convic\u00e7\u00e3o de nos julgarmos em ordem, capazes, aut\u00f4nomos, para nos reconhecermos necessitados de salva\u00e7\u00e3o. A f\u00e9 cresce neste clima, um clima ao qual nos adaptamos convivendo com quantos n\u00e3o se colocam no pedestal, mas precisam e pedem ajuda. Por isso \u00e9 importante, para todos n\u00f3s, viver a f\u00e9 em contato com os necessitados. N\u00e3o \u00e9 uma op\u00e7\u00e3o sociol\u00f3gica, mas exig\u00eancia teol\u00f3gica. \u00c9 reconhecer-se mendigos de salva\u00e7\u00e3o, irm\u00e3os e irm\u00e3s de todos, mas especialmente dos pobres, prediletos do Senhor. Assim bebemos do esp\u00edrito do Evangelho: \u00abo esp\u00edrito de pobreza e de caridade \u2013 diz o Conc\u00edlio \u2013 s\u00e3o a gl\u00f3ria e o testemunho da Igreja de Cristo\u00bb.\u201d<\/p>\n<p>\u201cJesus ouviu o grito de Pedro\u201d, frisou o Papa, convidando-nos a pedir \u201ca gra\u00e7a de ouvir o grito de quem vive em \u00e1guas agitadas\u201d.<\/p>\n<p><img loading=\"lazy\" class=\"alignright size-full wp-image-190717\" src=\"https:\/\/franciscanos.org.br\/noticias\/wp-content\/uploads\/2018\/11\/papa_181118_4.jpg\" alt=\"\" width=\"890\" height=\"593\" srcset=\"https:\/\/franciscanos.org.br\/noticias\/wp-content\/uploads\/2018\/11\/papa_181118_4.jpg 890w, https:\/\/franciscanos.org.br\/noticias\/wp-content\/uploads\/2018\/11\/papa_181118_4-450x300.jpg 450w, https:\/\/franciscanos.org.br\/noticias\/wp-content\/uploads\/2018\/11\/papa_181118_4-768x512.jpg 768w, https:\/\/franciscanos.org.br\/noticias\/wp-content\/uploads\/2018\/11\/papa_181118_4-150x100.jpg 150w\" sizes=\"(max-width: 890px) 100vw, 890px\" \/><\/p>\n<p><strong>O grito dos pobres<\/strong><br \/>\n\u201cO grito dos pobres: \u00e9 o grito estrangulado de beb\u00eas que n\u00e3o podem vir \u00e0 luz, de crian\u00e7as que passam fome, de adolescentes acostumados ao estrondo das bombas ao inv\u00e9s da algazarra alegre das brincadeiras. \u00c9 o grito de idosos descartados e deixados sozinhos. \u00c9 o grito de quem se encontra a enfrentar as tempestades da vida sem uma presen\u00e7a amiga. \u00c9 o grito daqueles que t\u00eam de fugir, deixando a casa e a terra sem a certeza dum ref\u00fagio. \u00c9 o grito de popula\u00e7\u00f5es inteiras, privadas inclusive dos enormes recursos naturais de que disp\u00f5em. \u00c9 o grito dos in\u00fameros L\u00e1zaros que choram, enquanto poucos epul\u00f5es se banqueteiam com aquilo que, por justi\u00e7a, \u00e9 para todos. A injusti\u00e7a \u00e9 a raiz perversa da pobreza. O grito dos pobres torna-se mais forte a cada dia, e a cada dia \u00e9 menos ouvido, porque abafado pelo barulho de poucos ricos, que s\u00e3o sempre menos e sempre mais ricos.\u201d<\/p>\n<p><strong>O crist\u00e3o n\u00e3o pode ficar de bra\u00e7os cruzados<\/strong><br \/>\nSegundo Francisco, \u201cdiante da dignidade humana espezinhada, muitas vezes fica-se de bra\u00e7os cruzados ou ent\u00e3o de bra\u00e7os abertos, impotentes diante da for\u00e7a obscura do mal. Mas o crist\u00e3o n\u00e3o pode ficar de bra\u00e7os cruzados, indiferente, nem de bra\u00e7os abertos, fatalista! N\u00e3o&#8230; O fiel estende a m\u00e3o, como Jesus faz com ele. Junto de Deus, o grito dos pobres encontra ref\u00fagio, mas em n\u00f3s? Temos olhos para ver, ouvidos para escutar, m\u00e3os estendidas para ajudar? \u00abNos pobres, o pr\u00f3prio Cristo como que apela em alta voz para a caridade dos seus disc\u00edpulos\u00bb. Pede-nos para O reconhecermos em quem tem fome e sede, \u00e9 forasteiro e est\u00e1 privado de dignidade, doente e encarcerado\u201d.<\/p>\n<p>\u201cO Senhor estende a m\u00e3o: \u00e9 um gesto gratuito, n\u00e3o devido. \u00c9 assim que se faz. N\u00e3o somos chamados a fazer o bem s\u00f3 a quem nos ama. Retribuir \u00e9 normal, mas Jesus pede para ir mais longe dar a quem n\u00e3o tem para restituir, isto significa, amar gratuitamente\u201d, concluiu o Papa.<\/p>\n<p><img loading=\"lazy\" class=\"alignright size-full wp-image-190718\" src=\"https:\/\/franciscanos.org.br\/noticias\/wp-content\/uploads\/2018\/11\/papa_181118_3.jpg\" alt=\"\" width=\"890\" height=\"593\" srcset=\"https:\/\/franciscanos.org.br\/noticias\/wp-content\/uploads\/2018\/11\/papa_181118_3.jpg 890w, https:\/\/franciscanos.org.br\/noticias\/wp-content\/uploads\/2018\/11\/papa_181118_3-450x300.jpg 450w, https:\/\/franciscanos.org.br\/noticias\/wp-content\/uploads\/2018\/11\/papa_181118_3-768x512.jpg 768w, https:\/\/franciscanos.org.br\/noticias\/wp-content\/uploads\/2018\/11\/papa_181118_3-150x100.jpg 150w\" sizes=\"(max-width: 890px) 100vw, 890px\" \/><\/p>\n<p><strong>Papa Francisco almo\u00e7a com os pobres na Sala Paulo VI<\/strong><\/p>\n<p>O Papa Francisco almo\u00e7ou com os pobres, neste domingo (18\u204411), na Sala Paulo VI, por ocasi\u00e3o do II Dia Mundial dos Pobres. Da refei\u00e7\u00e3o, oferecida pela Rome Cavalieri-Hilton It\u00e1lia junto com a organiza\u00e7\u00e3o sem fins lucrativos Ente Morale Tabor, participaram cerca de mil e quinhentos pobres.<\/p>\n<p>V\u00e1rias par\u00f3quias aderiram \u00e0 iniciativa e ao mesmo tempo, nos centros de voluntariado, col\u00e9gios e escolas, cada um segundo suas possibilidades, foram oferecidas refei\u00e7\u00f5es aos pobres, um momento de alegria e partilha. Ao chegar \u00e0 Sala Paulo VI, o Papa saudou os presentes com as seguintes palavras:<br \/>\n&#8220;Agora, todos vamos almo\u00e7ar juntos. Agradecemos as pessoas que trouxeram o almo\u00e7o e aquelas que servir\u00e3o o almo\u00e7o. Agradecemos a todos e pedimos a Deus para que aben\u00e7oe todos n\u00f3s. Uma b\u00ean\u00e7\u00e3o de Deus para todos, todos n\u00f3s que estamos aqui. Que Deus aben\u00e7oe cada um de n\u00f3s, aben\u00e7oe os nossos cora\u00e7\u00f5es, aben\u00e7oe as nossas inten\u00e7\u00f5es e nos ajude a seguir em frente. Am\u00e9m e bom almo\u00e7o!&#8221;<\/p>\n<p>Setenta volunt\u00e1rios das par\u00f3quias de Roma serviram cerca de 1.500 pessoas carentes, acompanhadas por associa\u00e7\u00f5es de voluntariado. O card\u00e1pio foi composto de lasanha, nuggets de frango com um lado de pur\u00ea de batatas e pav\u00ea. Os jovens da Banda do Santu\u00e1rio de Pomp\u00e9ia animam o almo\u00e7o festivo com o Papa.<\/p>\n<p>No final, a hist\u00f3rica empresa de alimentos \u201cRummo\u201d deu de presente aos participantes e associa\u00e7\u00f5es mais de 1.500 sacolas com um quilo de macarr\u00e3o. Ap\u00f3s a refei\u00e7\u00e3o, Francisco agradeceu a todos pela companhia. \u201cDisseram-me que agora come\u00e7a a verdadeira festa e que o Papa tem de ir embora, para que a festa seja boa\u201d, disse ele.<\/p>\n<p>\u201cMuito obrigado! Obrigado pela companhia. Obrigado aos m\u00fasicos. Obrigado a todos aqueles que prepararam o almo\u00e7o, aos que o serviram e aos jovens que ajudam aqui. Obrigado a todos. Rezem por mim. Que o Senhor os aben\u00e7oe. Obrigado!<\/p>\n<p>Antes de deixar a Sala Paulo VI, o Papa Francisco saudou as crian\u00e7as, os pobres e as pessoas presentes e tirou uma foto com os cozinheiros.<\/p>\n<p><img loading=\"lazy\" class=\"alignright size-full wp-image-190719\" src=\"https:\/\/franciscanos.org.br\/noticias\/wp-content\/uploads\/2018\/11\/papa_181118_1.jpg\" alt=\"\" width=\"890\" height=\"593\" srcset=\"https:\/\/franciscanos.org.br\/noticias\/wp-content\/uploads\/2018\/11\/papa_181118_1.jpg 890w, https:\/\/franciscanos.org.br\/noticias\/wp-content\/uploads\/2018\/11\/papa_181118_1-450x300.jpg 450w, https:\/\/franciscanos.org.br\/noticias\/wp-content\/uploads\/2018\/11\/papa_181118_1-768x512.jpg 768w, https:\/\/franciscanos.org.br\/noticias\/wp-content\/uploads\/2018\/11\/papa_181118_1-150x100.jpg 150w\" sizes=\"(max-width: 890px) 100vw, 890px\" \/><br \/>\n<strong>ANGELUS<\/strong><br \/>\n<strong>Papa: ao encontro definitivo com o Senhor levaremos o que doamos<\/strong><\/p>\n<p>O Papa Francisco rezou a ora\u00e7\u00e3o mariana do Angelus, deste domingo (18\/11), II Dia Mundial dos Pobres, com os fi\u00e9is e peregrinos reunidos na Pra\u00e7a S\u00e3o Pedro.<\/p>\n<p>Na alocu\u00e7\u00e3o que precedeu a ora\u00e7\u00e3o, o Pont\u00edfice frisou que no Evangelho deste domingo, Jesus \u201cquer instruir os seus disc\u00edpulos sobre os eventos futuros. N\u00e3o est\u00e1 em primeiro lugar um discurso sobre o fim do mundo, mas o convite a viver bem o presente, a vigiar e estar sempre prontos para quando seremos chamados a prestar contas de nossa vida. Jesus diz: \u00abNesses dias, depois da tribula\u00e7\u00e3o, o sol vai ficar escuro, a lua n\u00e3o brilhar\u00e1 mais, as estrelas come\u00e7ar\u00e3o a cair do c\u00e9u\u00bb.\u201d<\/p>\n<p><strong>Levaremos somente o que doamos<\/strong><br \/>\n\u201cA esperteza, que muitas vezes colocamos em nossos comportamentos para dar cr\u00e9dito \u00e0 imagem que queremos oferecer, n\u00e3o ser\u00e1 mais necess\u00e1ria. Da mesma forma, o poder do dinheiro e dos meios econ\u00f4micos com os quais pretendemos com presun\u00e7\u00e3o comprar tudo e todos, n\u00e3o poder\u00e1 ser mais ser usado. N\u00e3o teremos conosco nada al\u00e9m do que realizamos nessa vida, acreditando em sua Palavra: tudo e nada do que vivemos ou deixamos de realizar. Levaremos conosco somente o que doamos, o que oferecemos.\u201d<\/p>\n<p>Francisco convidou a invocar a intercess\u00e3o da Virgem Maria a fim de que a constata\u00e7\u00e3o do nosso tempo provis\u00f3rio na terra e de nossa limita\u00e7\u00e3o n\u00e3o nos afunde na ang\u00fastia, mas nos chame \u00e0 responsabilidade para comigo, o pr\u00f3ximo e o mundo inteiro.<\/p>\n<hr \/>\n<p><strong>Tristeza do Papa pelo massacre na Rep\u00fablica Centro-Africana<\/strong><\/p>\n<p>Ap\u00f3s a ora\u00e7\u00e3o mariana do Angelus, deste domingo (18\/11), o Papa Francisco disse aos fi\u00e9is presentes na Pra\u00e7a S\u00e3o Pedro:<\/p>\n<p>\u201cPor ocasi\u00e3o do Dia Mundial dos Pobres, festejado hoje, eu celebrei uma missa na Bas\u00edlica de S\u00e3o Pedro, esta manh\u00e3, com os pobres, acompanhados por associa\u00e7\u00f5es e grupos paroquiais. Daqui a pouco, almo\u00e7arei com muitas pessoas indigentes, na Sala Paulo VI. Iniciativas similares de ora\u00e7\u00e3o e partilha s\u00e3o promovidas nas dioceses do mundo, para expressar a proximidade da comunidade crist\u00e3 aos que vivem na pobreza. Este Dia, que envolve cada vez mais par\u00f3quias, associa\u00e7\u00f5es e movimentos eclesiais, quer ser um sinal de esperan\u00e7a e est\u00edmulo a se tornar instrumentos de miseric\u00f3rdia no tecido social.\u201d<\/p>\n<p><strong>Massacre na Rep\u00fablica Centro-Africana: sacerdotes entre as v\u00edtimas<\/strong><br \/>\n\u201cCom tristeza, recebi a not\u00edcia do massacre perpetrado dois dias atr\u00e1s num campo de deslocados na Rep\u00fablica Centro-Africana, no qual morreram tamb\u00e9m dois sacerdotes. A este povo t\u00e3o querido para mim, onde abri a primeira Porta Santa do Ano da Miseric\u00f3rdia, expresso toda a minha proximidade e meu amor. Rezamos pelos mortos e feridos e para que cesse toda viol\u00eancia naquela amada na\u00e7\u00e3o que tanto precisa de paz.\u201d<\/p>\n<p>O Papa convidou a rezar uma Ave-Maria e depois recordou tamb\u00e9m os Estados Unidos.<\/p>\n<hr \/>\n<p><em>Fonte: Vatican News<\/em><\/p>\n","protected":false},"excerpt":{"rendered":"<p>II Dia Mundial dos Pobres<\/p>\n","protected":false},"author":3,"featured_media":190714,"comment_status":"open","ping_status":"open","sticky":false,"template":"","format":"standard","meta":[],"categories":[1428],"tags":[403,1634],"acf":[],"yoast_head":"<!-- This site is optimized with the Yoast SEO plugin v19.2 - https:\/\/yoast.com\/wordpress\/plugins\/seo\/ -->\n<title>&quot;O crist\u00e3o n\u00e3o pode ficar de bra\u00e7os cruzados&quot; - Not\u00edcias - Franciscanos<\/title>\n<meta name=\"robots\" content=\"index, follow, max-snippet:-1, max-image-preview:large, max-video-preview:-1\" \/>\n<link rel=\"canonical\" href=\"https:\/\/franciscanos.org.br\/noticias\/o-cristao-nao-pode-ficar-de-bracos-cruzados.html\" \/>\n<meta property=\"og:locale\" content=\"pt_BR\" \/>\n<meta property=\"og:type\" content=\"article\" \/>\n<meta property=\"og:title\" content=\"&quot;O crist\u00e3o n\u00e3o pode ficar de bra\u00e7os cruzados&quot; - Not\u00edcias - Franciscanos\" \/>\n<meta property=\"og:description\" content=\"II Dia Mundial dos Pobres\" \/>\n<meta property=\"og:url\" content=\"https:\/\/franciscanos.org.br\/noticias\/o-cristao-nao-pode-ficar-de-bracos-cruzados.html\" \/>\n<meta property=\"og:site_name\" content=\"Not\u00edcias - Franciscanos\" \/>\n<meta property=\"article:published_time\" content=\"2018-11-18T13:21:09+00:00\" \/>\n<meta property=\"article:modified_time\" content=\"2020-06-06T19:23:39+00:00\" \/>\n<meta property=\"og:image\" content=\"https:\/\/franciscanos.org.br\/noticias\/wp-content\/uploads\/2018\/11\/papa_181118_dest.jpg\" \/>\n\t<meta property=\"og:image:width\" content=\"273\" \/>\n\t<meta property=\"og:image:height\" content=\"181\" \/>\n\t<meta property=\"og:image:type\" content=\"image\/jpeg\" \/>\n<meta name=\"author\" content=\"moacir\" \/>\n<meta name=\"twitter:card\" content=\"summary_large_image\" \/>\n<meta name=\"twitter:label1\" content=\"Escrito por\" \/>\n\t<meta name=\"twitter:data1\" content=\"moacir\" \/>\n\t<meta name=\"twitter:label2\" content=\"Est. tempo de leitura\" \/>\n\t<meta name=\"twitter:data2\" content=\"10 minutos\" \/>\n<script type=\"application\/ld+json\" class=\"yoast-schema-graph\">{\"@context\":\"https:\/\/schema.org\",\"@graph\":[{\"@type\":\"WebSite\",\"@id\":\"https:\/\/franciscanos.org.br\/noticias\/#website\",\"url\":\"https:\/\/franciscanos.org.br\/noticias\/\",\"name\":\"Not\u00edcias - Franciscanos\",\"description\":\"Prov\u00edncia Franciscana da Imaculada Concei\u00e7\u00e3o do Brasil - Ordem dos Frades Menores - OFM\",\"potentialAction\":[{\"@type\":\"SearchAction\",\"target\":{\"@type\":\"EntryPoint\",\"urlTemplate\":\"https:\/\/franciscanos.org.br\/noticias\/?s={search_term_string}\"},\"query-input\":\"required name=search_term_string\"}],\"inLanguage\":\"pt-BR\"},{\"@type\":\"ImageObject\",\"inLanguage\":\"pt-BR\",\"@id\":\"https:\/\/franciscanos.org.br\/noticias\/o-cristao-nao-pode-ficar-de-bracos-cruzados.html#primaryimage\",\"url\":\"https:\/\/franciscanos.org.br\/noticias\/wp-content\/uploads\/2018\/11\/papa_181118_dest.jpg\",\"contentUrl\":\"https:\/\/franciscanos.org.br\/noticias\/wp-content\/uploads\/2018\/11\/papa_181118_dest.jpg\",\"width\":273,\"height\":181},{\"@type\":\"WebPage\",\"@id\":\"https:\/\/franciscanos.org.br\/noticias\/o-cristao-nao-pode-ficar-de-bracos-cruzados.html#webpage\",\"url\":\"https:\/\/franciscanos.org.br\/noticias\/o-cristao-nao-pode-ficar-de-bracos-cruzados.html\",\"name\":\"\\\"O crist\u00e3o n\u00e3o pode ficar de bra\u00e7os cruzados\\\" - Not\u00edcias - Franciscanos\",\"isPartOf\":{\"@id\":\"https:\/\/franciscanos.org.br\/noticias\/#website\"},\"primaryImageOfPage\":{\"@id\":\"https:\/\/franciscanos.org.br\/noticias\/o-cristao-nao-pode-ficar-de-bracos-cruzados.html#primaryimage\"},\"datePublished\":\"2018-11-18T13:21:09+00:00\",\"dateModified\":\"2020-06-06T19:23:39+00:00\",\"author\":{\"@id\":\"https:\/\/franciscanos.org.br\/noticias\/#\/schema\/person\/b5c8cba458c330ccff548b056e95a5d4\"},\"breadcrumb\":{\"@id\":\"https:\/\/franciscanos.org.br\/noticias\/o-cristao-nao-pode-ficar-de-bracos-cruzados.html#breadcrumb\"},\"inLanguage\":\"pt-BR\",\"potentialAction\":[{\"@type\":\"ReadAction\",\"target\":[\"https:\/\/franciscanos.org.br\/noticias\/o-cristao-nao-pode-ficar-de-bracos-cruzados.html\"]}]},{\"@type\":\"BreadcrumbList\",\"@id\":\"https:\/\/franciscanos.org.br\/noticias\/o-cristao-nao-pode-ficar-de-bracos-cruzados.html#breadcrumb\",\"itemListElement\":[{\"@type\":\"ListItem\",\"position\":1,\"name\":\"Home\",\"item\":\"https:\/\/franciscanos.org.br\/noticias\"},{\"@type\":\"ListItem\",\"position\":2,\"name\":\"&#8220;O crist\u00e3o n\u00e3o pode ficar de bra\u00e7os cruzados&#8221;\"}]},{\"@type\":\"Person\",\"@id\":\"https:\/\/franciscanos.org.br\/noticias\/#\/schema\/person\/b5c8cba458c330ccff548b056e95a5d4\",\"name\":\"moacir\",\"image\":{\"@type\":\"ImageObject\",\"inLanguage\":\"pt-BR\",\"@id\":\"https:\/\/franciscanos.org.br\/noticias\/#\/schema\/person\/image\/\",\"url\":\"https:\/\/secure.gravatar.com\/avatar\/d08aa2ce4c8dd416d4479aa8536fcf64?s=96&d=mm&r=g\",\"contentUrl\":\"https:\/\/secure.gravatar.com\/avatar\/d08aa2ce4c8dd416d4479aa8536fcf64?s=96&d=mm&r=g\",\"caption\":\"moacir\"},\"url\":\"https:\/\/franciscanos.org.br\/noticias\/author\/moacir\"}]}<\/script>\n<!-- \/ Yoast SEO plugin. -->","yoast_head_json":{"title":"\"O crist\u00e3o n\u00e3o pode ficar de bra\u00e7os cruzados\" - Not\u00edcias - Franciscanos","robots":{"index":"index","follow":"follow","max-snippet":"max-snippet:-1","max-image-preview":"max-image-preview:large","max-video-preview":"max-video-preview:-1"},"canonical":"https:\/\/franciscanos.org.br\/noticias\/o-cristao-nao-pode-ficar-de-bracos-cruzados.html","og_locale":"pt_BR","og_type":"article","og_title":"\"O crist\u00e3o n\u00e3o pode ficar de bra\u00e7os cruzados\" - Not\u00edcias - Franciscanos","og_description":"II Dia Mundial dos Pobres","og_url":"https:\/\/franciscanos.org.br\/noticias\/o-cristao-nao-pode-ficar-de-bracos-cruzados.html","og_site_name":"Not\u00edcias - Franciscanos","article_published_time":"2018-11-18T13:21:09+00:00","article_modified_time":"2020-06-06T19:23:39+00:00","og_image":[{"width":273,"height":181,"url":"https:\/\/franciscanos.org.br\/noticias\/wp-content\/uploads\/2018\/11\/papa_181118_dest.jpg","type":"image\/jpeg"}],"author":"moacir","twitter_card":"summary_large_image","twitter_misc":{"Escrito por":"moacir","Est. tempo de leitura":"10 minutos"},"schema":{"@context":"https:\/\/schema.org","@graph":[{"@type":"WebSite","@id":"https:\/\/franciscanos.org.br\/noticias\/#website","url":"https:\/\/franciscanos.org.br\/noticias\/","name":"Not\u00edcias - Franciscanos","description":"Prov\u00edncia Franciscana da Imaculada Concei\u00e7\u00e3o do Brasil - Ordem dos Frades Menores - OFM","potentialAction":[{"@type":"SearchAction","target":{"@type":"EntryPoint","urlTemplate":"https:\/\/franciscanos.org.br\/noticias\/?s={search_term_string}"},"query-input":"required name=search_term_string"}],"inLanguage":"pt-BR"},{"@type":"ImageObject","inLanguage":"pt-BR","@id":"https:\/\/franciscanos.org.br\/noticias\/o-cristao-nao-pode-ficar-de-bracos-cruzados.html#primaryimage","url":"https:\/\/franciscanos.org.br\/noticias\/wp-content\/uploads\/2018\/11\/papa_181118_dest.jpg","contentUrl":"https:\/\/franciscanos.org.br\/noticias\/wp-content\/uploads\/2018\/11\/papa_181118_dest.jpg","width":273,"height":181},{"@type":"WebPage","@id":"https:\/\/franciscanos.org.br\/noticias\/o-cristao-nao-pode-ficar-de-bracos-cruzados.html#webpage","url":"https:\/\/franciscanos.org.br\/noticias\/o-cristao-nao-pode-ficar-de-bracos-cruzados.html","name":"\"O crist\u00e3o n\u00e3o pode ficar de bra\u00e7os cruzados\" - Not\u00edcias - Franciscanos","isPartOf":{"@id":"https:\/\/franciscanos.org.br\/noticias\/#website"},"primaryImageOfPage":{"@id":"https:\/\/franciscanos.org.br\/noticias\/o-cristao-nao-pode-ficar-de-bracos-cruzados.html#primaryimage"},"datePublished":"2018-11-18T13:21:09+00:00","dateModified":"2020-06-06T19:23:39+00:00","author":{"@id":"https:\/\/franciscanos.org.br\/noticias\/#\/schema\/person\/b5c8cba458c330ccff548b056e95a5d4"},"breadcrumb":{"@id":"https:\/\/franciscanos.org.br\/noticias\/o-cristao-nao-pode-ficar-de-bracos-cruzados.html#breadcrumb"},"inLanguage":"pt-BR","potentialAction":[{"@type":"ReadAction","target":["https:\/\/franciscanos.org.br\/noticias\/o-cristao-nao-pode-ficar-de-bracos-cruzados.html"]}]},{"@type":"BreadcrumbList","@id":"https:\/\/franciscanos.org.br\/noticias\/o-cristao-nao-pode-ficar-de-bracos-cruzados.html#breadcrumb","itemListElement":[{"@type":"ListItem","position":1,"name":"Home","item":"https:\/\/franciscanos.org.br\/noticias"},{"@type":"ListItem","position":2,"name":"&#8220;O crist\u00e3o n\u00e3o pode ficar de bra\u00e7os cruzados&#8221;"}]},{"@type":"Person","@id":"https:\/\/franciscanos.org.br\/noticias\/#\/schema\/person\/b5c8cba458c330ccff548b056e95a5d4","name":"moacir","image":{"@type":"ImageObject","inLanguage":"pt-BR","@id":"https:\/\/franciscanos.org.br\/noticias\/#\/schema\/person\/image\/","url":"https:\/\/secure.gravatar.com\/avatar\/d08aa2ce4c8dd416d4479aa8536fcf64?s=96&d=mm&r=g","contentUrl":"https:\/\/secure.gravatar.com\/avatar\/d08aa2ce4c8dd416d4479aa8536fcf64?s=96&d=mm&r=g","caption":"moacir"},"url":"https:\/\/franciscanos.org.br\/noticias\/author\/moacir"}]}},"_links":{"self":[{"href":"https:\/\/franciscanos.org.br\/noticias\/wp-json\/wp\/v2\/posts\/190713"}],"collection":[{"href":"https:\/\/franciscanos.org.br\/noticias\/wp-json\/wp\/v2\/posts"}],"about":[{"href":"https:\/\/franciscanos.org.br\/noticias\/wp-json\/wp\/v2\/types\/post"}],"author":[{"embeddable":true,"href":"https:\/\/franciscanos.org.br\/noticias\/wp-json\/wp\/v2\/users\/3"}],"replies":[{"embeddable":true,"href":"https:\/\/franciscanos.org.br\/noticias\/wp-json\/wp\/v2\/comments?post=190713"}],"version-history":[{"count":2,"href":"https:\/\/franciscanos.org.br\/noticias\/wp-json\/wp\/v2\/posts\/190713\/revisions"}],"predecessor-version":[{"id":224676,"href":"https:\/\/franciscanos.org.br\/noticias\/wp-json\/wp\/v2\/posts\/190713\/revisions\/224676"}],"wp:featuredmedia":[{"embeddable":true,"href":"https:\/\/franciscanos.org.br\/noticias\/wp-json\/wp\/v2\/media\/190714"}],"wp:attachment":[{"href":"https:\/\/franciscanos.org.br\/noticias\/wp-json\/wp\/v2\/media?parent=190713"}],"wp:term":[{"taxonomy":"category","embeddable":true,"href":"https:\/\/franciscanos.org.br\/noticias\/wp-json\/wp\/v2\/categories?post=190713"},{"taxonomy":"post_tag","embeddable":true,"href":"https:\/\/franciscanos.org.br\/noticias\/wp-json\/wp\/v2\/tags?post=190713"}],"curies":[{"name":"wp","href":"https:\/\/api.w.org\/{rel}","templated":true}]}}