{"id":190659,"date":"2018-11-18T18:56:27","date_gmt":"2018-11-18T20:56:27","guid":{"rendered":"https:\/\/franciscanos.org.br\/noticias\/?p=190659"},"modified":"2020-06-06T16:17:58","modified_gmt":"2020-06-06T19:17:58","slug":"novo-governo-fica-completo-nesta-segunda","status":"publish","type":"post","link":"https:\/\/franciscanos.org.br\/noticias\/novo-governo-fica-completo-nesta-segunda.html","title":{"rendered":"Novo Governo fica completo nesta segunda"},"content":{"rendered":"<p><img loading=\"lazy\" class=\"alignright size-full wp-image-190660\" src=\"https:\/\/franciscanos.org.br\/noticias\/wp-content\/uploads\/2018\/11\/frades_181118.jpg\" alt=\"\" width=\"890\" height=\"455\" srcset=\"https:\/\/franciscanos.org.br\/noticias\/wp-content\/uploads\/2018\/11\/frades_181118.jpg 890w, https:\/\/franciscanos.org.br\/noticias\/wp-content\/uploads\/2018\/11\/frades_181118-450x230.jpg 450w, https:\/\/franciscanos.org.br\/noticias\/wp-content\/uploads\/2018\/11\/frades_181118-768x393.jpg 768w, https:\/\/franciscanos.org.br\/noticias\/wp-content\/uploads\/2018\/11\/frades_181118-150x77.jpg 150w\" sizes=\"(max-width: 890px) 100vw, 890px\" \/><\/p>\n<p><strong>Agudos (SP)<\/strong> &#8211; Depois da elei\u00e7\u00e3o de Frei C\u00e9sar K\u00fclkamp para o servi\u00e7o de Ministro Provincial, os 133 frades capitulares elegem o Vig\u00e1rio Provincial e os Definidores nesta segunda-feira, 19 de novembro, completando assim o Governo Provincial para os pr\u00f3ximos tr\u00eas anos. A elei\u00e7\u00e3o ter\u00e1 in\u00edcio a partir das 14h30 na Sala Capitular do\u00a0 Semin\u00e1rio Santo Ant\u00f4nio, em Agudos (SP). Quase em tempo real, vamos informar o andamento das elei\u00e7\u00f5es via Facebook. Acesse a p\u00e1gina da Prov\u00edncia: <a href=\"https:\/\/www.facebook.com\/provinciafranciscana\">https:\/\/www.facebook.com\/provinciafranciscana<\/a><\/p>\n<p>Os novos Definidores e o Vig\u00e1rio ser\u00e3o empossados durante a celebra\u00e7\u00e3o de posse na capela do Semin\u00e1rio, no dia 21 de novembro, \u00e0s 11 horas.<\/p>\n<p>Ser\u00e1 eleito para o servi\u00e7o de Vig\u00e1rio Provincial o candidato que, em primeiro ou segundo escrut\u00ednio, obtiver maioria absoluta (mais do que a metade dos votos). Em terceiro escrut\u00ednio, aquele que obtiver maioria simples. Em caso de empate, ser\u00e1 eleito o mais antigo em profiss\u00e3o solene e, coincidindo o tempo de votos solenes, o escolhido ser\u00e1 o de preced\u00eancia de idade.<\/p>\n<p>Os seis Definidores ser\u00e3o eleitos separadamente e a elei\u00e7\u00e3o seguir\u00e1 o mesmo processo para o Vig\u00e1rio Provincial. No caso do Vig\u00e1rio e Definidores n\u00e3o h\u00e1 homologa\u00e7\u00e3o de pela C\u00faria Geral e qualquer um dos 119 professos solenes pode ser candidato.<\/p>\n<p>De manh\u00e3, os capitulares ter\u00e3o trabalhos nos grupos e plen\u00e1rio \u00e0 noite.<\/p>\n<h2><strong>ALGUNS N\u00daMEROS NESTE CAP\u00cdTULO PROVINCIAL<\/strong><\/h2>\n<p><strong>QUEDA NO N\u00daMERO DE FRADES<\/strong><\/p>\n<p>O n\u00famero de frades nos \u00faltimos 30 anos (incluindo bispos e novi\u00e7os) teve uma queda acentuada. Para se ter uma ideia, em 1985, havias 578 frades em 67 fraternidades (inclu\u00eddos os 35 novi\u00e7os e 76 professos tempor\u00e1rios); em 1990, esse n\u00famero passou para 568 frades (inclu\u00eddos 29 novi\u00e7os e 93 professos tempor\u00e1rios); em 2000, esse n\u00famero j\u00e1 era de 497 frades (inclu\u00eddos 28 novi\u00e7os e 87 professos tempor\u00e1rios). Cinco anos depois, a Prov\u00edncia tinha 485 frades (inclu\u00eddos 22 novi\u00e7os e 96 professos tempor\u00e1rios); esse n\u00famero cai para 395 frades em 2010 (inclu\u00eddos 6 novi\u00e7os &#8211; 1 da Funda\u00e7\u00e3o Imaculada M\u00e3e de Deus de Angola\/FIMDA &#8211; e 47 professos tempor\u00e1rios, sendo 4 da FIMDA). Em 2012, esse n\u00famero era de 379 frades (inclu\u00eddos 16 novi\u00e7os &#8211; 5 da FIMDA &#8211; e 31 professos tempor\u00e1rios &#8211; 5 da FIMDA); sendo que, em 2015, um sopro animador surge com o aumento deste n\u00famero pela primeira vez nesses anos, fruto do aumento de voca\u00e7\u00f5es na Funda\u00e7\u00e3o Imaculada de Angola: 385 frades (inclu\u00eddos 18 novi\u00e7os &#8211; 7 da FIMDA &#8211; e 49 professos tempor\u00e1rios &#8211; 22 da FIMDA). Neste ano, em 50 fraternidades, o n\u00famero \u00e9 menor: 373 frades (inclu\u00eddos 20 novi\u00e7os &#8211; 7 da FIMDA &#8211; e 64 professos tempor\u00e1rios &#8211; 28 da FIMDA).<\/p>\n<p><img loading=\"lazy\" class=\"alignright size-full wp-image-190664\" src=\"https:\/\/franciscanos.org.br\/noticias\/wp-content\/uploads\/2018\/11\/faixa_181118_1.jpg\" alt=\"\" width=\"890\" height=\"455\" srcset=\"https:\/\/franciscanos.org.br\/noticias\/wp-content\/uploads\/2018\/11\/faixa_181118_1.jpg 890w, https:\/\/franciscanos.org.br\/noticias\/wp-content\/uploads\/2018\/11\/faixa_181118_1-450x230.jpg 450w, https:\/\/franciscanos.org.br\/noticias\/wp-content\/uploads\/2018\/11\/faixa_181118_1-768x393.jpg 768w, https:\/\/franciscanos.org.br\/noticias\/wp-content\/uploads\/2018\/11\/faixa_181118_1-150x77.jpg 150w\" sizes=\"(max-width: 890px) 100vw, 890px\" \/><\/p>\n<p>&nbsp;<\/p>\n<p><strong>FRADES POR FAIXA ET\u00c1RIA<\/strong><\/p>\n<p>Um dado que preocupa a Prov\u00edncia \u00e9 o grande n\u00famero de frades acima dos 70 anos. Um total de 98 frades est\u00e3o com idade acima de 70 anos, sendo 56 na faixa entre 60 e 70 anos. J\u00e1 na faixa de 50 a 60 anos, h\u00e1 58 frades. Com menos de 50 anos, a Prov\u00edncia tem 142 frades (sem incluir os novi\u00e7os). Nos \u00faltimos 16 anos, faleceram 119 frades.<\/p>\n<p>Nos \u00faltimos 16 anos, um total de 304 candidatos ingressaram na Prov\u00edncia, mas um total de 281 sa\u00edram. Desse total, 148 eram professos tempor\u00e1rios e 36 j\u00e1 ordenados presb\u00edteros. Um total 25 eram professos solenes.<\/p>\n<p><strong>O FUTURO<\/strong><\/p>\n<p>Na Prov\u00edncia, um total de 15 frades estudantes cursam Filosofia e nove cursam Teologia. Entre as duas etapas, no Ano Mission\u00e1rio, est\u00e3o sete frades.<\/p>\n<p>Na FIMDA, um total de 26 frades estudantes cursam Filosofia e cinco cursam Teologia. N\u00e3o h\u00e1 frades no Ano Mission\u00e1rio.<\/p>\n<hr \/>\n<p><strong>Equipe de Comunica\u00e7\u00e3o do Cap\u00edtulo<\/strong>: <em>Frei Augusto Gabriel, Frei Clauzemir Makximovitz, Frei Gabriel Dellandrea e Moacir Beggo<\/em><\/p>\n","protected":false},"excerpt":{"rendered":"<p>Cap\u00edtulo Provincial<\/p>\n","protected":false},"author":3,"featured_media":190661,"comment_status":"open","ping_status":"open","sticky":false,"template":"","format":"standard","meta":[],"categories":[1],"tags":[323],"acf":[],"yoast_head":"<!-- This site is optimized with the Yoast SEO plugin v19.2 - https:\/\/yoast.com\/wordpress\/plugins\/seo\/ -->\n<title>Novo Governo fica completo nesta segunda - Not\u00edcias - Franciscanos<\/title>\n<meta name=\"robots\" content=\"index, follow, max-snippet:-1, max-image-preview:large, max-video-preview:-1\" \/>\n<link rel=\"canonical\" href=\"https:\/\/franciscanos.org.br\/noticias\/novo-governo-fica-completo-nesta-segunda.html\" \/>\n<meta property=\"og:locale\" content=\"pt_BR\" \/>\n<meta property=\"og:type\" content=\"article\" \/>\n<meta property=\"og:title\" content=\"Novo Governo fica completo nesta segunda - Not\u00edcias - Franciscanos\" \/>\n<meta property=\"og:description\" content=\"Cap\u00edtulo Provincial\" \/>\n<meta property=\"og:url\" content=\"https:\/\/franciscanos.org.br\/noticias\/novo-governo-fica-completo-nesta-segunda.html\" \/>\n<meta property=\"og:site_name\" content=\"Not\u00edcias - Franciscanos\" \/>\n<meta property=\"article:published_time\" content=\"2018-11-18T20:56:27+00:00\" \/>\n<meta property=\"article:modified_time\" content=\"2020-06-06T19:17:58+00:00\" \/>\n<meta property=\"og:image\" content=\"https:\/\/franciscanos.org.br\/noticias\/wp-content\/uploads\/2018\/11\/frades_181118d.jpg\" \/>\n\t<meta property=\"og:image:width\" content=\"273\" \/>\n\t<meta property=\"og:image:height\" content=\"181\" \/>\n\t<meta property=\"og:image:type\" content=\"image\/jpeg\" \/>\n<meta name=\"author\" content=\"moacir\" \/>\n<meta name=\"twitter:card\" content=\"summary_large_image\" \/>\n<meta name=\"twitter:label1\" content=\"Escrito por\" \/>\n\t<meta name=\"twitter:data1\" content=\"moacir\" \/>\n\t<meta name=\"twitter:label2\" content=\"Est. tempo de leitura\" \/>\n\t<meta name=\"twitter:data2\" content=\"3 minutos\" \/>\n<script type=\"application\/ld+json\" class=\"yoast-schema-graph\">{\"@context\":\"https:\/\/schema.org\",\"@graph\":[{\"@type\":\"WebSite\",\"@id\":\"https:\/\/franciscanos.org.br\/noticias\/#website\",\"url\":\"https:\/\/franciscanos.org.br\/noticias\/\",\"name\":\"Not\u00edcias - Franciscanos\",\"description\":\"Prov\u00edncia Franciscana da Imaculada Concei\u00e7\u00e3o do Brasil - Ordem dos Frades Menores - OFM\",\"potentialAction\":[{\"@type\":\"SearchAction\",\"target\":{\"@type\":\"EntryPoint\",\"urlTemplate\":\"https:\/\/franciscanos.org.br\/noticias\/?s={search_term_string}\"},\"query-input\":\"required name=search_term_string\"}],\"inLanguage\":\"pt-BR\"},{\"@type\":\"ImageObject\",\"inLanguage\":\"pt-BR\",\"@id\":\"https:\/\/franciscanos.org.br\/noticias\/novo-governo-fica-completo-nesta-segunda.html#primaryimage\",\"url\":\"https:\/\/franciscanos.org.br\/noticias\/wp-content\/uploads\/2018\/11\/frades_181118d.jpg\",\"contentUrl\":\"https:\/\/franciscanos.org.br\/noticias\/wp-content\/uploads\/2018\/11\/frades_181118d.jpg\",\"width\":273,\"height\":181},{\"@type\":\"WebPage\",\"@id\":\"https:\/\/franciscanos.org.br\/noticias\/novo-governo-fica-completo-nesta-segunda.html#webpage\",\"url\":\"https:\/\/franciscanos.org.br\/noticias\/novo-governo-fica-completo-nesta-segunda.html\",\"name\":\"Novo Governo fica completo nesta segunda - Not\u00edcias - Franciscanos\",\"isPartOf\":{\"@id\":\"https:\/\/franciscanos.org.br\/noticias\/#website\"},\"primaryImageOfPage\":{\"@id\":\"https:\/\/franciscanos.org.br\/noticias\/novo-governo-fica-completo-nesta-segunda.html#primaryimage\"},\"datePublished\":\"2018-11-18T20:56:27+00:00\",\"dateModified\":\"2020-06-06T19:17:58+00:00\",\"author\":{\"@id\":\"https:\/\/franciscanos.org.br\/noticias\/#\/schema\/person\/b5c8cba458c330ccff548b056e95a5d4\"},\"breadcrumb\":{\"@id\":\"https:\/\/franciscanos.org.br\/noticias\/novo-governo-fica-completo-nesta-segunda.html#breadcrumb\"},\"inLanguage\":\"pt-BR\",\"potentialAction\":[{\"@type\":\"ReadAction\",\"target\":[\"https:\/\/franciscanos.org.br\/noticias\/novo-governo-fica-completo-nesta-segunda.html\"]}]},{\"@type\":\"BreadcrumbList\",\"@id\":\"https:\/\/franciscanos.org.br\/noticias\/novo-governo-fica-completo-nesta-segunda.html#breadcrumb\",\"itemListElement\":[{\"@type\":\"ListItem\",\"position\":1,\"name\":\"Home\",\"item\":\"https:\/\/franciscanos.org.br\/noticias\"},{\"@type\":\"ListItem\",\"position\":2,\"name\":\"Novo Governo fica completo nesta segunda\"}]},{\"@type\":\"Person\",\"@id\":\"https:\/\/franciscanos.org.br\/noticias\/#\/schema\/person\/b5c8cba458c330ccff548b056e95a5d4\",\"name\":\"moacir\",\"image\":{\"@type\":\"ImageObject\",\"inLanguage\":\"pt-BR\",\"@id\":\"https:\/\/franciscanos.org.br\/noticias\/#\/schema\/person\/image\/\",\"url\":\"https:\/\/secure.gravatar.com\/avatar\/d08aa2ce4c8dd416d4479aa8536fcf64?s=96&d=mm&r=g\",\"contentUrl\":\"https:\/\/secure.gravatar.com\/avatar\/d08aa2ce4c8dd416d4479aa8536fcf64?s=96&d=mm&r=g\",\"caption\":\"moacir\"},\"url\":\"https:\/\/franciscanos.org.br\/noticias\/author\/moacir\"}]}<\/script>\n<!-- \/ Yoast SEO plugin. -->","yoast_head_json":{"title":"Novo Governo fica completo nesta segunda - Not\u00edcias - Franciscanos","robots":{"index":"index","follow":"follow","max-snippet":"max-snippet:-1","max-image-preview":"max-image-preview:large","max-video-preview":"max-video-preview:-1"},"canonical":"https:\/\/franciscanos.org.br\/noticias\/novo-governo-fica-completo-nesta-segunda.html","og_locale":"pt_BR","og_type":"article","og_title":"Novo Governo fica completo nesta segunda - Not\u00edcias - Franciscanos","og_description":"Cap\u00edtulo Provincial","og_url":"https:\/\/franciscanos.org.br\/noticias\/novo-governo-fica-completo-nesta-segunda.html","og_site_name":"Not\u00edcias - Franciscanos","article_published_time":"2018-11-18T20:56:27+00:00","article_modified_time":"2020-06-06T19:17:58+00:00","og_image":[{"width":273,"height":181,"url":"https:\/\/franciscanos.org.br\/noticias\/wp-content\/uploads\/2018\/11\/frades_181118d.jpg","type":"image\/jpeg"}],"author":"moacir","twitter_card":"summary_large_image","twitter_misc":{"Escrito por":"moacir","Est. tempo de leitura":"3 minutos"},"schema":{"@context":"https:\/\/schema.org","@graph":[{"@type":"WebSite","@id":"https:\/\/franciscanos.org.br\/noticias\/#website","url":"https:\/\/franciscanos.org.br\/noticias\/","name":"Not\u00edcias - Franciscanos","description":"Prov\u00edncia Franciscana da Imaculada Concei\u00e7\u00e3o do Brasil - Ordem dos Frades Menores - OFM","potentialAction":[{"@type":"SearchAction","target":{"@type":"EntryPoint","urlTemplate":"https:\/\/franciscanos.org.br\/noticias\/?s={search_term_string}"},"query-input":"required name=search_term_string"}],"inLanguage":"pt-BR"},{"@type":"ImageObject","inLanguage":"pt-BR","@id":"https:\/\/franciscanos.org.br\/noticias\/novo-governo-fica-completo-nesta-segunda.html#primaryimage","url":"https:\/\/franciscanos.org.br\/noticias\/wp-content\/uploads\/2018\/11\/frades_181118d.jpg","contentUrl":"https:\/\/franciscanos.org.br\/noticias\/wp-content\/uploads\/2018\/11\/frades_181118d.jpg","width":273,"height":181},{"@type":"WebPage","@id":"https:\/\/franciscanos.org.br\/noticias\/novo-governo-fica-completo-nesta-segunda.html#webpage","url":"https:\/\/franciscanos.org.br\/noticias\/novo-governo-fica-completo-nesta-segunda.html","name":"Novo Governo fica completo nesta segunda - Not\u00edcias - Franciscanos","isPartOf":{"@id":"https:\/\/franciscanos.org.br\/noticias\/#website"},"primaryImageOfPage":{"@id":"https:\/\/franciscanos.org.br\/noticias\/novo-governo-fica-completo-nesta-segunda.html#primaryimage"},"datePublished":"2018-11-18T20:56:27+00:00","dateModified":"2020-06-06T19:17:58+00:00","author":{"@id":"https:\/\/franciscanos.org.br\/noticias\/#\/schema\/person\/b5c8cba458c330ccff548b056e95a5d4"},"breadcrumb":{"@id":"https:\/\/franciscanos.org.br\/noticias\/novo-governo-fica-completo-nesta-segunda.html#breadcrumb"},"inLanguage":"pt-BR","potentialAction":[{"@type":"ReadAction","target":["https:\/\/franciscanos.org.br\/noticias\/novo-governo-fica-completo-nesta-segunda.html"]}]},{"@type":"BreadcrumbList","@id":"https:\/\/franciscanos.org.br\/noticias\/novo-governo-fica-completo-nesta-segunda.html#breadcrumb","itemListElement":[{"@type":"ListItem","position":1,"name":"Home","item":"https:\/\/franciscanos.org.br\/noticias"},{"@type":"ListItem","position":2,"name":"Novo Governo fica completo nesta segunda"}]},{"@type":"Person","@id":"https:\/\/franciscanos.org.br\/noticias\/#\/schema\/person\/b5c8cba458c330ccff548b056e95a5d4","name":"moacir","image":{"@type":"ImageObject","inLanguage":"pt-BR","@id":"https:\/\/franciscanos.org.br\/noticias\/#\/schema\/person\/image\/","url":"https:\/\/secure.gravatar.com\/avatar\/d08aa2ce4c8dd416d4479aa8536fcf64?s=96&d=mm&r=g","contentUrl":"https:\/\/secure.gravatar.com\/avatar\/d08aa2ce4c8dd416d4479aa8536fcf64?s=96&d=mm&r=g","caption":"moacir"},"url":"https:\/\/franciscanos.org.br\/noticias\/author\/moacir"}]}},"_links":{"self":[{"href":"https:\/\/franciscanos.org.br\/noticias\/wp-json\/wp\/v2\/posts\/190659"}],"collection":[{"href":"https:\/\/franciscanos.org.br\/noticias\/wp-json\/wp\/v2\/posts"}],"about":[{"href":"https:\/\/franciscanos.org.br\/noticias\/wp-json\/wp\/v2\/types\/post"}],"author":[{"embeddable":true,"href":"https:\/\/franciscanos.org.br\/noticias\/wp-json\/wp\/v2\/users\/3"}],"replies":[{"embeddable":true,"href":"https:\/\/franciscanos.org.br\/noticias\/wp-json\/wp\/v2\/comments?post=190659"}],"version-history":[{"count":1,"href":"https:\/\/franciscanos.org.br\/noticias\/wp-json\/wp\/v2\/posts\/190659\/revisions"}],"predecessor-version":[{"id":224673,"href":"https:\/\/franciscanos.org.br\/noticias\/wp-json\/wp\/v2\/posts\/190659\/revisions\/224673"}],"wp:featuredmedia":[{"embeddable":true,"href":"https:\/\/franciscanos.org.br\/noticias\/wp-json\/wp\/v2\/media\/190661"}],"wp:attachment":[{"href":"https:\/\/franciscanos.org.br\/noticias\/wp-json\/wp\/v2\/media?parent=190659"}],"wp:term":[{"taxonomy":"category","embeddable":true,"href":"https:\/\/franciscanos.org.br\/noticias\/wp-json\/wp\/v2\/categories?post=190659"},{"taxonomy":"post_tag","embeddable":true,"href":"https:\/\/franciscanos.org.br\/noticias\/wp-json\/wp\/v2\/tags?post=190659"}],"curies":[{"name":"wp","href":"https:\/\/api.w.org\/{rel}","templated":true}]}}