{"id":190590,"date":"2018-11-17T23:33:56","date_gmt":"2018-11-18T01:33:56","guid":{"rendered":"https:\/\/franciscanos.org.br\/noticias\/?p=190590"},"modified":"2021-07-05T20:15:30","modified_gmt":"2021-07-05T23:15:30","slug":"onde-os-canarinhos-cantam-o-chao-ja-e-o-ceu","status":"publish","type":"post","link":"https:\/\/franciscanos.org.br\/noticias\/onde-os-canarinhos-cantam-o-chao-ja-e-o-ceu.html","title":{"rendered":"&#8220;Onde os Canarinhos cantam o ch\u00e3o j\u00e1 \u00e9 o c\u00e9u&#8221;"},"content":{"rendered":"<p><img loading=\"lazy\" class=\"alignright size-full wp-image-190592\" src=\"https:\/\/franciscanos.org.br\/noticias\/wp-content\/uploads\/2018\/11\/canarinhos_171118.jpg\" alt=\"\" width=\"890\" height=\"461\" srcset=\"https:\/\/franciscanos.org.br\/noticias\/wp-content\/uploads\/2018\/11\/canarinhos_171118.jpg 890w, https:\/\/franciscanos.org.br\/noticias\/wp-content\/uploads\/2018\/11\/canarinhos_171118-450x233.jpg 450w, https:\/\/franciscanos.org.br\/noticias\/wp-content\/uploads\/2018\/11\/canarinhos_171118-768x398.jpg 768w, https:\/\/franciscanos.org.br\/noticias\/wp-content\/uploads\/2018\/11\/canarinhos_171118-150x78.jpg 150w\" sizes=\"(max-width: 890px) 100vw, 890px\" \/><\/p>\n<p><strong>Agudos (SP)<\/strong> &#8211; Os frades capitulares tiveram uma noite de encantamento neste s\u00e1bado, 17 de novembro, com o concerto do Coral Meninos Cantores Canarinhos de Petr\u00f3polis, que fizeram uma apresenta\u00e7\u00e3o na Igreja Santo Ant\u00f4nio de Bauru, na sexta-feira, e ainda se apresentar\u00e3o neste domingo na Missa do Semin\u00e1rio, \u00e0s 9 horas. A turn\u00ea termina segunda, dia 19 de novembro, em Len\u00e7\u00f3is Paulista (SP), \u00e0s 19h30, no Teatro Municipal Ad\u00e9lia Lorenzetti, dentro do Festival Integrado de Literatura de Len\u00e7\u00f3is Paulista.<\/p>\n<p>O maestro Marco Aur\u00e9lio Lischt trouxe um repert\u00f3rio em duas partes: a primeira com obras sacras e a segunda com obras da MPB. Para abrir esta noite de alegria no Semin\u00e1rio de Agudos, ele iniciou com a &#8220;Ave Maria&#8221;, de H. Villa-Lobos. Na sequ\u00eancia apresentou: &#8220;Inter natos mulierum&#8221;, W. A. Mozart; &#8220;Sicut cervus&#8221;, do G. P. da Palestrina; &#8220;Lux aurumque&#8221;, de Eric Whitacre;\u00a0 &#8220;Seigneur, je vous en prie \/ Tout puissant&#8221;, de Francis Poulenc; &#8220;Data est mihi omnis potestas&#8221;, de James MacMillan;\u00a0 &#8220;Nun komm der Heiden Heiland &#8211; Prel\u00fadio e Fuga em mi menor BWV 548 (\u00f3rg\u00e3o)&#8221;, de J. S. Bach; &#8220;Sabi\u00e1, cora\u00e7\u00e3o de uma viola&#8221;, de Aylton Escobar; &#8220;Cobra cor\u00e1&#8221;, de Carlos A. Pinto Fonseca;\u00a0 &#8220;Correnteza&#8221;, de Tom Jobim\/arr: Paulo Afonso F\u00ba; &#8220;Sapato velho&#8221;, de Paulinho Tapaj\u00f3s\/Mu Carvalho; e &#8220;Vira virou&#8221;, de Kleiton e Kledir. Presenteou o p\u00fablico no pedido de bis com &#8220;The Lord bless you and keep you&#8221; (A b\u00ean\u00e7\u00e3o de S\u00e3o Francisco), de John Rutter.<\/p>\n<p><iframe loading=\"lazy\" src=\"https:\/\/www.youtube.com\/embed\/bra_wAO6s0A\" width=\"100%\" height=\"480\" frameborder=\"0\" allowfullscreen=\"allowfullscreen\"><\/iframe><\/p>\n<p>&#8220;As vozes dos Meninos Cantores, Canarinhos de Petr\u00f3polis, encheram de gra\u00e7a e arte o espa\u00e7o da igreja do Semin\u00e1rio Santo Ant\u00f4nio de Agudos. \u00c9 divino estar presente e ouvir os Canarinhos. Vozes saem do sopro sutil dos diafragmas, vibram nas treinadas cordas voc\u00e1licas, mas fluem do dom de cantar. Ondas de beleza que sobem do ch\u00e3o ao c\u00e9u, embora onde os Canarinhos cantam o ch\u00e3o j\u00e1 \u00e9 o c\u00e9u. A arte destes Meninos cantores e seu Maestro Marco Ant\u00f4nio Licht nos coloca em conex\u00e3o com o infinito. O c\u00e9u se abre e se comunica com a terra e a terra se faz c\u00e9u no timbre destas vozes humanamente divinas. Como diz Goethe: &#8216;Permanece, momento! Tu \u00e9s t\u00e3o belo!&#8217;\u201d, definiu Frei Vitorio Mazzuco.<\/p>\n<p>Para o cantor e m\u00fasico Frei Florival Mariano de Toledo, os Canarinhos colocam em comunh\u00e3o com Deus, como se fossem int\u00e9rpretes do divino. &#8220;A m\u00fasica sacra, especialmente, nos leva a um processo orante e tamb\u00e9m \u00e0 valoriza\u00e7\u00e3o da pessoa humana, com o resgate da dignidade, dos dons. Hoje, crian\u00e7as, adolescentes e jovens est\u00e3o envolvidos nesse processo de cantar&#8221;, observa, elogiando este trabalho dos frades da Prov\u00edncia.<\/p>\n<p>Para ele, a m\u00fasica \u00e9 amor. &#8220;Estar l\u00e1, cantando, \u00e9 um ato de amor. \u00c9 uma express\u00e3o de Deus que, cada um, vai ouvir de um jeito&#8221;, acrescenta.<\/p>\n<p><img loading=\"lazy\" class=\"alignright size-full wp-image-190594\" src=\"https:\/\/franciscanos.org.br\/noticias\/wp-content\/uploads\/2018\/11\/canarinhos_171118_2.jpg\" alt=\"\" width=\"890\" height=\"668\" srcset=\"https:\/\/franciscanos.org.br\/noticias\/wp-content\/uploads\/2018\/11\/canarinhos_171118_2.jpg 890w, https:\/\/franciscanos.org.br\/noticias\/wp-content\/uploads\/2018\/11\/canarinhos_171118_2-450x338.jpg 450w, https:\/\/franciscanos.org.br\/noticias\/wp-content\/uploads\/2018\/11\/canarinhos_171118_2-768x576.jpg 768w, https:\/\/franciscanos.org.br\/noticias\/wp-content\/uploads\/2018\/11\/canarinhos_171118_2-150x113.jpg 150w\" sizes=\"(max-width: 890px) 100vw, 890px\" \/><\/p>\n<p>O maestro Marco Aur\u00e9lio Lischt estava feliz no retorno a Agudos. &#8220;Para a gente, o Semin\u00e1rio de Agudos \u00e9 sempre um ambiente muito familiar e ficamos muito felizes de cantar aqui, principalmente em eventos especiais, como o Cap\u00edtulo Provincial&#8221;, disse Lischt, recordando que h\u00e1 quatro anos cantou tamb\u00e9m no Cap\u00edtulo das Esteiras para o Ministro Geral. Desta vez, coincidiu de cantar para o novo Ministro Provincial, Frei C\u00e9sar K\u00fclkamp, diretor do Instituto Meninos Cantores de Petrop\u00f3lis. &#8220;\u00c9 uma alegria ainda maior saber que ele est\u00e1 eleito e que a gente vai continuar fazendo o nosso trabalho com ajuda dele tamb\u00e9m. O p\u00fablico daqui tamb\u00e9m \u00e9 sempre muito caloroso e a gente fica muito feliz por isso&#8221;, agradeceu o maestro.<\/p>\n<p>O p\u00fablico foi acolhido pelo Visitador Geral, Frei Miguel Kleinhans, e Frei Marcos Andrade, explicou que o coral faz parte de uma institui\u00e7\u00e3o que j\u00e1 tem 76 anos de evangeliza\u00e7\u00e3o pela m\u00fasica. Lembrou tamb\u00e9m que neste ano o Coral Meninas Canarinhos de Petr\u00f3polis est\u00e1 celebrando 30 anos de funda\u00e7\u00e3o.<\/p>\n<p><img loading=\"lazy\" class=\"alignright size-full wp-image-190593\" src=\"https:\/\/franciscanos.org.br\/noticias\/wp-content\/uploads\/2018\/11\/canariinhos_171118_3.jpg\" alt=\"\" width=\"890\" height=\"626\" srcset=\"https:\/\/franciscanos.org.br\/noticias\/wp-content\/uploads\/2018\/11\/canariinhos_171118_3.jpg 890w, https:\/\/franciscanos.org.br\/noticias\/wp-content\/uploads\/2018\/11\/canariinhos_171118_3-450x317.jpg 450w, https:\/\/franciscanos.org.br\/noticias\/wp-content\/uploads\/2018\/11\/canariinhos_171118_3-768x540.jpg 768w, https:\/\/franciscanos.org.br\/noticias\/wp-content\/uploads\/2018\/11\/canariinhos_171118_3-150x106.jpg 150w, https:\/\/franciscanos.org.br\/noticias\/wp-content\/uploads\/2018\/11\/canariinhos_171118_3-474x332.jpg 474w\" sizes=\"(max-width: 890px) 100vw, 890px\" \/><\/p>\n<p>Segundo ele, o Instituto Meninos Cantores Canarinhos tem uma Escola de M\u00fasica como parte do trabalho de educa\u00e7\u00e3o e do trabalho social da nossa Prov\u00edncia da Imaculada Concei\u00e7\u00e3o. &#8220;Trata-se de uma entidade sem fins lucrativos e por isso, no final do corredor, estamos vendendo CDs e pe\u00e7as publicit\u00e1rias dos Canarinhos para ajudar a entidade&#8221;, explicou Frei Marcos.<\/p>\n<p>O Ministro Provincial, Frei C\u00e9sar K\u00fclkamp, tamb\u00e9m deu as boas vindas \u00e0s pessoas &#8220;nesta noite de alegria e de fraternidade&#8221;.<\/p>\n<hr \/>\n<p><strong>Equipe de Comunica\u00e7\u00e3o do Cap\u00edtulo<\/strong>:\u00a0<em>Frei Augusto Gabriel, Frei Clauzemir Makximovitz, Frei Gabriel Dellandrea e Moacir Beggo<\/em><\/p>\n<p><iframe loading=\"lazy\" src=\"https:\/\/www.youtube.com\/embed\/77DfAu8aZio\" width=\"100%\" height=\"480\" frameborder=\"0\" allowfullscreen=\"allowfullscreen\"><\/iframe><\/p>\n<p><iframe loading=\"lazy\" src=\"https:\/\/www.youtube.com\/embed\/piISeKSfViU\" width=\"100%\" height=\"480\" frameborder=\"0\" allowfullscreen=\"allowfullscreen\"><\/iframe><\/p>\n<p><iframe loading=\"lazy\" src=\"https:\/\/www.youtube.com\/embed\/-r6RB7MBDVE\" width=\"100%\" height=\"480\" frameborder=\"0\" allowfullscreen=\"allowfullscreen\"><\/iframe><\/p>\n","protected":false},"excerpt":{"rendered":"<p>Cap\u00edtulo Provincial<\/p>\n","protected":false},"author":3,"featured_media":190591,"comment_status":"open","ping_status":"open","sticky":false,"template":"","format":"standard","meta":[],"categories":[1],"tags":[1378,323],"acf":[],"yoast_head":"<!-- This site is optimized with the Yoast SEO plugin v19.2 - https:\/\/yoast.com\/wordpress\/plugins\/seo\/ -->\n<title>&quot;Onde os Canarinhos cantam o ch\u00e3o j\u00e1 \u00e9 o c\u00e9u&quot; - Not\u00edcias - Franciscanos<\/title>\n<meta name=\"robots\" content=\"index, follow, max-snippet:-1, max-image-preview:large, max-video-preview:-1\" \/>\n<link rel=\"canonical\" href=\"https:\/\/franciscanos.org.br\/noticias\/onde-os-canarinhos-cantam-o-chao-ja-e-o-ceu.html\" \/>\n<meta property=\"og:locale\" content=\"pt_BR\" \/>\n<meta property=\"og:type\" content=\"article\" \/>\n<meta property=\"og:title\" content=\"&quot;Onde os Canarinhos cantam o ch\u00e3o j\u00e1 \u00e9 o c\u00e9u&quot; - Not\u00edcias - Franciscanos\" \/>\n<meta property=\"og:description\" content=\"Cap\u00edtulo Provincial\" \/>\n<meta property=\"og:url\" content=\"https:\/\/franciscanos.org.br\/noticias\/onde-os-canarinhos-cantam-o-chao-ja-e-o-ceu.html\" \/>\n<meta property=\"og:site_name\" content=\"Not\u00edcias - Franciscanos\" \/>\n<meta property=\"article:published_time\" content=\"2018-11-18T01:33:56+00:00\" \/>\n<meta property=\"article:modified_time\" content=\"2021-07-05T23:15:30+00:00\" \/>\n<meta property=\"og:image\" content=\"https:\/\/franciscanos.org.br\/noticias\/wp-content\/uploads\/2018\/11\/canarinhos_destaque.jpg\" \/>\n\t<meta property=\"og:image:width\" content=\"273\" \/>\n\t<meta property=\"og:image:height\" content=\"181\" \/>\n\t<meta property=\"og:image:type\" content=\"image\/jpeg\" \/>\n<meta name=\"author\" content=\"moacir\" \/>\n<meta name=\"twitter:card\" content=\"summary_large_image\" \/>\n<meta name=\"twitter:label1\" content=\"Escrito por\" \/>\n\t<meta name=\"twitter:data1\" content=\"moacir\" \/>\n\t<meta name=\"twitter:label2\" content=\"Est. tempo de leitura\" \/>\n\t<meta name=\"twitter:data2\" content=\"4 minutos\" \/>\n<script type=\"application\/ld+json\" class=\"yoast-schema-graph\">{\"@context\":\"https:\/\/schema.org\",\"@graph\":[{\"@type\":\"WebSite\",\"@id\":\"https:\/\/franciscanos.org.br\/noticias\/#website\",\"url\":\"https:\/\/franciscanos.org.br\/noticias\/\",\"name\":\"Not\u00edcias - Franciscanos\",\"description\":\"Prov\u00edncia Franciscana da Imaculada Concei\u00e7\u00e3o do Brasil - Ordem dos Frades Menores - OFM\",\"potentialAction\":[{\"@type\":\"SearchAction\",\"target\":{\"@type\":\"EntryPoint\",\"urlTemplate\":\"https:\/\/franciscanos.org.br\/noticias\/?s={search_term_string}\"},\"query-input\":\"required name=search_term_string\"}],\"inLanguage\":\"pt-BR\"},{\"@type\":\"ImageObject\",\"inLanguage\":\"pt-BR\",\"@id\":\"https:\/\/franciscanos.org.br\/noticias\/onde-os-canarinhos-cantam-o-chao-ja-e-o-ceu.html#primaryimage\",\"url\":\"https:\/\/franciscanos.org.br\/noticias\/wp-content\/uploads\/2018\/11\/canarinhos_destaque.jpg\",\"contentUrl\":\"https:\/\/franciscanos.org.br\/noticias\/wp-content\/uploads\/2018\/11\/canarinhos_destaque.jpg\",\"width\":273,\"height\":181},{\"@type\":\"WebPage\",\"@id\":\"https:\/\/franciscanos.org.br\/noticias\/onde-os-canarinhos-cantam-o-chao-ja-e-o-ceu.html#webpage\",\"url\":\"https:\/\/franciscanos.org.br\/noticias\/onde-os-canarinhos-cantam-o-chao-ja-e-o-ceu.html\",\"name\":\"\\\"Onde os Canarinhos cantam o ch\u00e3o j\u00e1 \u00e9 o c\u00e9u\\\" - Not\u00edcias - Franciscanos\",\"isPartOf\":{\"@id\":\"https:\/\/franciscanos.org.br\/noticias\/#website\"},\"primaryImageOfPage\":{\"@id\":\"https:\/\/franciscanos.org.br\/noticias\/onde-os-canarinhos-cantam-o-chao-ja-e-o-ceu.html#primaryimage\"},\"datePublished\":\"2018-11-18T01:33:56+00:00\",\"dateModified\":\"2021-07-05T23:15:30+00:00\",\"author\":{\"@id\":\"https:\/\/franciscanos.org.br\/noticias\/#\/schema\/person\/b5c8cba458c330ccff548b056e95a5d4\"},\"breadcrumb\":{\"@id\":\"https:\/\/franciscanos.org.br\/noticias\/onde-os-canarinhos-cantam-o-chao-ja-e-o-ceu.html#breadcrumb\"},\"inLanguage\":\"pt-BR\",\"potentialAction\":[{\"@type\":\"ReadAction\",\"target\":[\"https:\/\/franciscanos.org.br\/noticias\/onde-os-canarinhos-cantam-o-chao-ja-e-o-ceu.html\"]}]},{\"@type\":\"BreadcrumbList\",\"@id\":\"https:\/\/franciscanos.org.br\/noticias\/onde-os-canarinhos-cantam-o-chao-ja-e-o-ceu.html#breadcrumb\",\"itemListElement\":[{\"@type\":\"ListItem\",\"position\":1,\"name\":\"Home\",\"item\":\"https:\/\/franciscanos.org.br\/noticias\"},{\"@type\":\"ListItem\",\"position\":2,\"name\":\"&#8220;Onde os Canarinhos cantam o ch\u00e3o j\u00e1 \u00e9 o c\u00e9u&#8221;\"}]},{\"@type\":\"Person\",\"@id\":\"https:\/\/franciscanos.org.br\/noticias\/#\/schema\/person\/b5c8cba458c330ccff548b056e95a5d4\",\"name\":\"moacir\",\"image\":{\"@type\":\"ImageObject\",\"inLanguage\":\"pt-BR\",\"@id\":\"https:\/\/franciscanos.org.br\/noticias\/#\/schema\/person\/image\/\",\"url\":\"https:\/\/secure.gravatar.com\/avatar\/d08aa2ce4c8dd416d4479aa8536fcf64?s=96&d=mm&r=g\",\"contentUrl\":\"https:\/\/secure.gravatar.com\/avatar\/d08aa2ce4c8dd416d4479aa8536fcf64?s=96&d=mm&r=g\",\"caption\":\"moacir\"},\"url\":\"https:\/\/franciscanos.org.br\/noticias\/author\/moacir\"}]}<\/script>\n<!-- \/ Yoast SEO plugin. -->","yoast_head_json":{"title":"\"Onde os Canarinhos cantam o ch\u00e3o j\u00e1 \u00e9 o c\u00e9u\" - Not\u00edcias - Franciscanos","robots":{"index":"index","follow":"follow","max-snippet":"max-snippet:-1","max-image-preview":"max-image-preview:large","max-video-preview":"max-video-preview:-1"},"canonical":"https:\/\/franciscanos.org.br\/noticias\/onde-os-canarinhos-cantam-o-chao-ja-e-o-ceu.html","og_locale":"pt_BR","og_type":"article","og_title":"\"Onde os Canarinhos cantam o ch\u00e3o j\u00e1 \u00e9 o c\u00e9u\" - Not\u00edcias - Franciscanos","og_description":"Cap\u00edtulo Provincial","og_url":"https:\/\/franciscanos.org.br\/noticias\/onde-os-canarinhos-cantam-o-chao-ja-e-o-ceu.html","og_site_name":"Not\u00edcias - Franciscanos","article_published_time":"2018-11-18T01:33:56+00:00","article_modified_time":"2021-07-05T23:15:30+00:00","og_image":[{"width":273,"height":181,"url":"https:\/\/franciscanos.org.br\/noticias\/wp-content\/uploads\/2018\/11\/canarinhos_destaque.jpg","type":"image\/jpeg"}],"author":"moacir","twitter_card":"summary_large_image","twitter_misc":{"Escrito por":"moacir","Est. tempo de leitura":"4 minutos"},"schema":{"@context":"https:\/\/schema.org","@graph":[{"@type":"WebSite","@id":"https:\/\/franciscanos.org.br\/noticias\/#website","url":"https:\/\/franciscanos.org.br\/noticias\/","name":"Not\u00edcias - Franciscanos","description":"Prov\u00edncia Franciscana da Imaculada Concei\u00e7\u00e3o do Brasil - Ordem dos Frades Menores - OFM","potentialAction":[{"@type":"SearchAction","target":{"@type":"EntryPoint","urlTemplate":"https:\/\/franciscanos.org.br\/noticias\/?s={search_term_string}"},"query-input":"required name=search_term_string"}],"inLanguage":"pt-BR"},{"@type":"ImageObject","inLanguage":"pt-BR","@id":"https:\/\/franciscanos.org.br\/noticias\/onde-os-canarinhos-cantam-o-chao-ja-e-o-ceu.html#primaryimage","url":"https:\/\/franciscanos.org.br\/noticias\/wp-content\/uploads\/2018\/11\/canarinhos_destaque.jpg","contentUrl":"https:\/\/franciscanos.org.br\/noticias\/wp-content\/uploads\/2018\/11\/canarinhos_destaque.jpg","width":273,"height":181},{"@type":"WebPage","@id":"https:\/\/franciscanos.org.br\/noticias\/onde-os-canarinhos-cantam-o-chao-ja-e-o-ceu.html#webpage","url":"https:\/\/franciscanos.org.br\/noticias\/onde-os-canarinhos-cantam-o-chao-ja-e-o-ceu.html","name":"\"Onde os Canarinhos cantam o ch\u00e3o j\u00e1 \u00e9 o c\u00e9u\" - Not\u00edcias - Franciscanos","isPartOf":{"@id":"https:\/\/franciscanos.org.br\/noticias\/#website"},"primaryImageOfPage":{"@id":"https:\/\/franciscanos.org.br\/noticias\/onde-os-canarinhos-cantam-o-chao-ja-e-o-ceu.html#primaryimage"},"datePublished":"2018-11-18T01:33:56+00:00","dateModified":"2021-07-05T23:15:30+00:00","author":{"@id":"https:\/\/franciscanos.org.br\/noticias\/#\/schema\/person\/b5c8cba458c330ccff548b056e95a5d4"},"breadcrumb":{"@id":"https:\/\/franciscanos.org.br\/noticias\/onde-os-canarinhos-cantam-o-chao-ja-e-o-ceu.html#breadcrumb"},"inLanguage":"pt-BR","potentialAction":[{"@type":"ReadAction","target":["https:\/\/franciscanos.org.br\/noticias\/onde-os-canarinhos-cantam-o-chao-ja-e-o-ceu.html"]}]},{"@type":"BreadcrumbList","@id":"https:\/\/franciscanos.org.br\/noticias\/onde-os-canarinhos-cantam-o-chao-ja-e-o-ceu.html#breadcrumb","itemListElement":[{"@type":"ListItem","position":1,"name":"Home","item":"https:\/\/franciscanos.org.br\/noticias"},{"@type":"ListItem","position":2,"name":"&#8220;Onde os Canarinhos cantam o ch\u00e3o j\u00e1 \u00e9 o c\u00e9u&#8221;"}]},{"@type":"Person","@id":"https:\/\/franciscanos.org.br\/noticias\/#\/schema\/person\/b5c8cba458c330ccff548b056e95a5d4","name":"moacir","image":{"@type":"ImageObject","inLanguage":"pt-BR","@id":"https:\/\/franciscanos.org.br\/noticias\/#\/schema\/person\/image\/","url":"https:\/\/secure.gravatar.com\/avatar\/d08aa2ce4c8dd416d4479aa8536fcf64?s=96&d=mm&r=g","contentUrl":"https:\/\/secure.gravatar.com\/avatar\/d08aa2ce4c8dd416d4479aa8536fcf64?s=96&d=mm&r=g","caption":"moacir"},"url":"https:\/\/franciscanos.org.br\/noticias\/author\/moacir"}]}},"_links":{"self":[{"href":"https:\/\/franciscanos.org.br\/noticias\/wp-json\/wp\/v2\/posts\/190590"}],"collection":[{"href":"https:\/\/franciscanos.org.br\/noticias\/wp-json\/wp\/v2\/posts"}],"about":[{"href":"https:\/\/franciscanos.org.br\/noticias\/wp-json\/wp\/v2\/types\/post"}],"author":[{"embeddable":true,"href":"https:\/\/franciscanos.org.br\/noticias\/wp-json\/wp\/v2\/users\/3"}],"replies":[{"embeddable":true,"href":"https:\/\/franciscanos.org.br\/noticias\/wp-json\/wp\/v2\/comments?post=190590"}],"version-history":[{"count":1,"href":"https:\/\/franciscanos.org.br\/noticias\/wp-json\/wp\/v2\/posts\/190590\/revisions"}],"predecessor-version":[{"id":224678,"href":"https:\/\/franciscanos.org.br\/noticias\/wp-json\/wp\/v2\/posts\/190590\/revisions\/224678"}],"wp:featuredmedia":[{"embeddable":true,"href":"https:\/\/franciscanos.org.br\/noticias\/wp-json\/wp\/v2\/media\/190591"}],"wp:attachment":[{"href":"https:\/\/franciscanos.org.br\/noticias\/wp-json\/wp\/v2\/media?parent=190590"}],"wp:term":[{"taxonomy":"category","embeddable":true,"href":"https:\/\/franciscanos.org.br\/noticias\/wp-json\/wp\/v2\/categories?post=190590"},{"taxonomy":"post_tag","embeddable":true,"href":"https:\/\/franciscanos.org.br\/noticias\/wp-json\/wp\/v2\/tags?post=190590"}],"curies":[{"name":"wp","href":"https:\/\/api.w.org\/{rel}","templated":true}]}}