{"id":190529,"date":"2018-11-17T11:32:35","date_gmt":"2018-11-17T13:32:35","guid":{"rendered":"https:\/\/franciscanos.org.br\/noticias\/?p=190529"},"modified":"2021-07-15T11:21:05","modified_gmt":"2021-07-15T14:21:05","slug":"frei-cesar-kulkamp-e-o-novo-provincial","status":"publish","type":"post","link":"https:\/\/franciscanos.org.br\/noticias\/frei-cesar-kulkamp-e-o-novo-provincial.html","title":{"rendered":"FREI C\u00c9SAR K\u00dcLKAMP \u00c9 O NOVO PROVINCIAL"},"content":{"rendered":"<p><img loading=\"lazy\" class=\"alignright size-full wp-image-190530\" src=\"https:\/\/franciscanos.org.br\/noticias\/wp-content\/uploads\/2018\/11\/cesark_1711.jpg\" alt=\"\" width=\"890\" height=\"593\" srcset=\"https:\/\/franciscanos.org.br\/noticias\/wp-content\/uploads\/2018\/11\/cesark_1711.jpg 890w, https:\/\/franciscanos.org.br\/noticias\/wp-content\/uploads\/2018\/11\/cesark_1711-450x300.jpg 450w, https:\/\/franciscanos.org.br\/noticias\/wp-content\/uploads\/2018\/11\/cesark_1711-768x512.jpg 768w, https:\/\/franciscanos.org.br\/noticias\/wp-content\/uploads\/2018\/11\/cesark_1711-150x100.jpg 150w\" sizes=\"(max-width: 890px) 100vw, 890px\" \/><\/p>\n<p>Frei C\u00e9sar foi eleito em primeiro escrut\u00ednio, na Sala Capitular, na sess\u00e3o capitular que come\u00e7ou \u00e0s 11 horas deste s\u00e1bado, 17 de novembro.<\/p>\n<p>Frei C\u00e9sar \u00e9 natural de Ituporanga, onde nasceu no dia 26 de maio de 1969. \u00c9 filho de Reinilda e Fredolino K\u00fclkamp. Vestiu o h\u00e1bito franciscano na Ordem dos Frades Menores em 11 de janeiro de 1988 e se tornou professo solene em 24 de setembro de 1993. Foi ordenado presb\u00edtero no dia 16 de dezembro de 1995.<\/p>\n<p>Frei C\u00e9sar tem uma extensa forma\u00e7\u00e3o acad\u00eamica al\u00e9m de Filosofia e Teologia. Formou-se em Pedagogia na Universidade Cat\u00f3lica de Petr\u00f3polis (UCP) em 1995 e fez mestrado em Educa\u00e7\u00e3o pela Universidade Federal do Rio de Janeiro (2000). Neste mesmo ano, concluiu a p\u00f3s-gradua\u00e7\u00e3o em Administra\u00e7\u00e3o de Empresas pela Faculdade Get\u00falio Vargas.<\/p>\n<p>Aos 49 anos, Frei C\u00e9sar tem uma hist\u00f3ria de dedica\u00e7\u00e3o \u00e0 educa\u00e7\u00e3o e \u00e0 forma\u00e7\u00e3o religiosa franciscana. Tanto que assumiu a dire\u00e7\u00e3o pedag\u00f3gica do Col\u00e9gio \u201cCanarinhos\u201d de Petr\u00f3polis em 1994, onde ficou at\u00e9 1999. No final de 2000 foi transferido para Agudos, onde assumiu como reitor e orientador o Semin\u00e1rio Santo Ant\u00f4nio. Em 2003 foi eleito para o primeiro mandato como Definidor (2004-2006), assumindo tamb\u00e9m a fun\u00e7\u00e3o de secret\u00e1rio para a Forma\u00e7\u00e3o e Estudos e vice-mestre no Postulantado Frei Galv\u00e3o (Guaratinguet\u00e1).<\/p>\n<p>No Cap\u00edtulo Provincial de 2006, foi reeleito Definidor para o tri\u00eanio 2007-2009. Acumulou as fun\u00e7\u00f5es de guardi\u00e3o da Fraternidade de Rondinha e Secret\u00e1rio para a Forma\u00e7\u00e3o e Estudos. Mas no Cap\u00edtulo de 2009, ele seria mais uma vez confirmado como Definidor at\u00e9 o ano de 2012, tamb\u00e9m acumulando a fun\u00e7\u00e3o de Secret\u00e1rio para a Forma\u00e7\u00e3o e Estudos e Mestre para os professos tempor\u00e1rios no tempo de Teologia em Petr\u00f3polis.<\/p>\n<p>No Cap\u00edtulo de 2012, Frei C\u00e9sar continuou como Secret\u00e1rio para a Forma\u00e7\u00e3o e Estudos, assumindo tamb\u00e9m como guardi\u00e3o da Fraternidade do Sagrado, em Petr\u00f3polis. Em 2016 foi eleito novamente Definidor, mas ficou por pouco tempo no cargo quando assumiu como Vig\u00e1rio Provincial no lugar de Frei Evaristo Spengler, nomeado pelo Papa Francisco bispo de Maraj\u00f3. Frei C\u00e9sar tamb\u00e9m desempenhou a fun\u00e7\u00e3o de Secret\u00e1rio da Evangeliza\u00e7\u00e3o no \u00faltimo tri\u00eanio.<\/p>\n<hr \/>\n<p><strong>Equipe de Comunica\u00e7\u00e3o do Cap\u00edtulo<\/strong>:\u00a0<em>Frei Augusto Gabriel, Frei Clauzemir Makximovitz, Frei Gabriel Dellandrea e Moacir Beggo<\/em><\/p>\n<p><iframe loading=\"lazy\" title=\"YouTube video player\" src=\"https:\/\/www.youtube.com\/embed\/dsjSR0--OBc\" width=\"100%\" height=\"480\" frameborder=\"0\" allowfullscreen=\"allowfullscreen\"><span data-mce-type=\"bookmark\" style=\"display: inline-block; width: 0px; overflow: hidden; line-height: 0;\" class=\"mce_SELRES_start\">\ufeff<\/span><\/iframe><\/p>\n","protected":false},"excerpt":{"rendered":"<p>Cap\u00edtulo Provincial<\/p>\n","protected":false},"author":3,"featured_media":190531,"comment_status":"open","ping_status":"open","sticky":false,"template":"","format":"standard","meta":[],"categories":[1],"tags":[323,454,366],"acf":[],"yoast_head":"<!-- This site is optimized with the Yoast SEO plugin v19.2 - https:\/\/yoast.com\/wordpress\/plugins\/seo\/ -->\n<title>FREI C\u00c9SAR K\u00dcLKAMP \u00c9 O NOVO PROVINCIAL - Not\u00edcias - Franciscanos<\/title>\n<meta name=\"robots\" content=\"index, follow, max-snippet:-1, max-image-preview:large, max-video-preview:-1\" \/>\n<link rel=\"canonical\" href=\"https:\/\/franciscanos.org.br\/noticias\/frei-cesar-kulkamp-e-o-novo-provincial.html\" \/>\n<meta property=\"og:locale\" content=\"pt_BR\" \/>\n<meta property=\"og:type\" content=\"article\" \/>\n<meta property=\"og:title\" content=\"FREI C\u00c9SAR K\u00dcLKAMP \u00c9 O NOVO PROVINCIAL - Not\u00edcias - Franciscanos\" \/>\n<meta property=\"og:description\" content=\"Cap\u00edtulo Provincial\" \/>\n<meta property=\"og:url\" content=\"https:\/\/franciscanos.org.br\/noticias\/frei-cesar-kulkamp-e-o-novo-provincial.html\" \/>\n<meta property=\"og:site_name\" content=\"Not\u00edcias - Franciscanos\" \/>\n<meta property=\"article:published_time\" content=\"2018-11-17T13:32:35+00:00\" \/>\n<meta property=\"article:modified_time\" content=\"2021-07-15T14:21:05+00:00\" \/>\n<meta property=\"og:image\" content=\"https:\/\/franciscanos.org.br\/noticias\/wp-content\/uploads\/2018\/11\/cesark_1711d.jpg\" \/>\n\t<meta property=\"og:image:width\" content=\"273\" \/>\n\t<meta property=\"og:image:height\" content=\"182\" \/>\n\t<meta property=\"og:image:type\" content=\"image\/jpeg\" \/>\n<meta name=\"author\" content=\"moacir\" \/>\n<meta name=\"twitter:card\" content=\"summary_large_image\" \/>\n<meta name=\"twitter:label1\" content=\"Escrito por\" \/>\n\t<meta name=\"twitter:data1\" content=\"moacir\" \/>\n\t<meta name=\"twitter:label2\" content=\"Est. tempo de leitura\" \/>\n\t<meta name=\"twitter:data2\" content=\"2 minutos\" \/>\n<script type=\"application\/ld+json\" class=\"yoast-schema-graph\">{\"@context\":\"https:\/\/schema.org\",\"@graph\":[{\"@type\":\"WebSite\",\"@id\":\"https:\/\/franciscanos.org.br\/noticias\/#website\",\"url\":\"https:\/\/franciscanos.org.br\/noticias\/\",\"name\":\"Not\u00edcias - Franciscanos\",\"description\":\"Prov\u00edncia Franciscana da Imaculada Concei\u00e7\u00e3o do Brasil - Ordem dos Frades Menores - OFM\",\"potentialAction\":[{\"@type\":\"SearchAction\",\"target\":{\"@type\":\"EntryPoint\",\"urlTemplate\":\"https:\/\/franciscanos.org.br\/noticias\/?s={search_term_string}\"},\"query-input\":\"required name=search_term_string\"}],\"inLanguage\":\"pt-BR\"},{\"@type\":\"ImageObject\",\"inLanguage\":\"pt-BR\",\"@id\":\"https:\/\/franciscanos.org.br\/noticias\/frei-cesar-kulkamp-e-o-novo-provincial.html#primaryimage\",\"url\":\"https:\/\/franciscanos.org.br\/noticias\/wp-content\/uploads\/2018\/11\/cesark_1711d.jpg\",\"contentUrl\":\"https:\/\/franciscanos.org.br\/noticias\/wp-content\/uploads\/2018\/11\/cesark_1711d.jpg\",\"width\":273,\"height\":182},{\"@type\":\"WebPage\",\"@id\":\"https:\/\/franciscanos.org.br\/noticias\/frei-cesar-kulkamp-e-o-novo-provincial.html#webpage\",\"url\":\"https:\/\/franciscanos.org.br\/noticias\/frei-cesar-kulkamp-e-o-novo-provincial.html\",\"name\":\"FREI C\u00c9SAR K\u00dcLKAMP \u00c9 O NOVO PROVINCIAL - Not\u00edcias - Franciscanos\",\"isPartOf\":{\"@id\":\"https:\/\/franciscanos.org.br\/noticias\/#website\"},\"primaryImageOfPage\":{\"@id\":\"https:\/\/franciscanos.org.br\/noticias\/frei-cesar-kulkamp-e-o-novo-provincial.html#primaryimage\"},\"datePublished\":\"2018-11-17T13:32:35+00:00\",\"dateModified\":\"2021-07-15T14:21:05+00:00\",\"author\":{\"@id\":\"https:\/\/franciscanos.org.br\/noticias\/#\/schema\/person\/b5c8cba458c330ccff548b056e95a5d4\"},\"breadcrumb\":{\"@id\":\"https:\/\/franciscanos.org.br\/noticias\/frei-cesar-kulkamp-e-o-novo-provincial.html#breadcrumb\"},\"inLanguage\":\"pt-BR\",\"potentialAction\":[{\"@type\":\"ReadAction\",\"target\":[\"https:\/\/franciscanos.org.br\/noticias\/frei-cesar-kulkamp-e-o-novo-provincial.html\"]}]},{\"@type\":\"BreadcrumbList\",\"@id\":\"https:\/\/franciscanos.org.br\/noticias\/frei-cesar-kulkamp-e-o-novo-provincial.html#breadcrumb\",\"itemListElement\":[{\"@type\":\"ListItem\",\"position\":1,\"name\":\"Home\",\"item\":\"https:\/\/franciscanos.org.br\/noticias\"},{\"@type\":\"ListItem\",\"position\":2,\"name\":\"FREI C\u00c9SAR K\u00dcLKAMP \u00c9 O NOVO PROVINCIAL\"}]},{\"@type\":\"Person\",\"@id\":\"https:\/\/franciscanos.org.br\/noticias\/#\/schema\/person\/b5c8cba458c330ccff548b056e95a5d4\",\"name\":\"moacir\",\"image\":{\"@type\":\"ImageObject\",\"inLanguage\":\"pt-BR\",\"@id\":\"https:\/\/franciscanos.org.br\/noticias\/#\/schema\/person\/image\/\",\"url\":\"https:\/\/secure.gravatar.com\/avatar\/d08aa2ce4c8dd416d4479aa8536fcf64?s=96&d=mm&r=g\",\"contentUrl\":\"https:\/\/secure.gravatar.com\/avatar\/d08aa2ce4c8dd416d4479aa8536fcf64?s=96&d=mm&r=g\",\"caption\":\"moacir\"},\"url\":\"https:\/\/franciscanos.org.br\/noticias\/author\/moacir\"}]}<\/script>\n<!-- \/ Yoast SEO plugin. -->","yoast_head_json":{"title":"FREI C\u00c9SAR K\u00dcLKAMP \u00c9 O NOVO PROVINCIAL - Not\u00edcias - Franciscanos","robots":{"index":"index","follow":"follow","max-snippet":"max-snippet:-1","max-image-preview":"max-image-preview:large","max-video-preview":"max-video-preview:-1"},"canonical":"https:\/\/franciscanos.org.br\/noticias\/frei-cesar-kulkamp-e-o-novo-provincial.html","og_locale":"pt_BR","og_type":"article","og_title":"FREI C\u00c9SAR K\u00dcLKAMP \u00c9 O NOVO PROVINCIAL - Not\u00edcias - Franciscanos","og_description":"Cap\u00edtulo Provincial","og_url":"https:\/\/franciscanos.org.br\/noticias\/frei-cesar-kulkamp-e-o-novo-provincial.html","og_site_name":"Not\u00edcias - Franciscanos","article_published_time":"2018-11-17T13:32:35+00:00","article_modified_time":"2021-07-15T14:21:05+00:00","og_image":[{"width":273,"height":182,"url":"https:\/\/franciscanos.org.br\/noticias\/wp-content\/uploads\/2018\/11\/cesark_1711d.jpg","type":"image\/jpeg"}],"author":"moacir","twitter_card":"summary_large_image","twitter_misc":{"Escrito por":"moacir","Est. tempo de leitura":"2 minutos"},"schema":{"@context":"https:\/\/schema.org","@graph":[{"@type":"WebSite","@id":"https:\/\/franciscanos.org.br\/noticias\/#website","url":"https:\/\/franciscanos.org.br\/noticias\/","name":"Not\u00edcias - Franciscanos","description":"Prov\u00edncia Franciscana da Imaculada Concei\u00e7\u00e3o do Brasil - Ordem dos Frades Menores - OFM","potentialAction":[{"@type":"SearchAction","target":{"@type":"EntryPoint","urlTemplate":"https:\/\/franciscanos.org.br\/noticias\/?s={search_term_string}"},"query-input":"required name=search_term_string"}],"inLanguage":"pt-BR"},{"@type":"ImageObject","inLanguage":"pt-BR","@id":"https:\/\/franciscanos.org.br\/noticias\/frei-cesar-kulkamp-e-o-novo-provincial.html#primaryimage","url":"https:\/\/franciscanos.org.br\/noticias\/wp-content\/uploads\/2018\/11\/cesark_1711d.jpg","contentUrl":"https:\/\/franciscanos.org.br\/noticias\/wp-content\/uploads\/2018\/11\/cesark_1711d.jpg","width":273,"height":182},{"@type":"WebPage","@id":"https:\/\/franciscanos.org.br\/noticias\/frei-cesar-kulkamp-e-o-novo-provincial.html#webpage","url":"https:\/\/franciscanos.org.br\/noticias\/frei-cesar-kulkamp-e-o-novo-provincial.html","name":"FREI C\u00c9SAR K\u00dcLKAMP \u00c9 O NOVO PROVINCIAL - Not\u00edcias - Franciscanos","isPartOf":{"@id":"https:\/\/franciscanos.org.br\/noticias\/#website"},"primaryImageOfPage":{"@id":"https:\/\/franciscanos.org.br\/noticias\/frei-cesar-kulkamp-e-o-novo-provincial.html#primaryimage"},"datePublished":"2018-11-17T13:32:35+00:00","dateModified":"2021-07-15T14:21:05+00:00","author":{"@id":"https:\/\/franciscanos.org.br\/noticias\/#\/schema\/person\/b5c8cba458c330ccff548b056e95a5d4"},"breadcrumb":{"@id":"https:\/\/franciscanos.org.br\/noticias\/frei-cesar-kulkamp-e-o-novo-provincial.html#breadcrumb"},"inLanguage":"pt-BR","potentialAction":[{"@type":"ReadAction","target":["https:\/\/franciscanos.org.br\/noticias\/frei-cesar-kulkamp-e-o-novo-provincial.html"]}]},{"@type":"BreadcrumbList","@id":"https:\/\/franciscanos.org.br\/noticias\/frei-cesar-kulkamp-e-o-novo-provincial.html#breadcrumb","itemListElement":[{"@type":"ListItem","position":1,"name":"Home","item":"https:\/\/franciscanos.org.br\/noticias"},{"@type":"ListItem","position":2,"name":"FREI C\u00c9SAR K\u00dcLKAMP \u00c9 O NOVO PROVINCIAL"}]},{"@type":"Person","@id":"https:\/\/franciscanos.org.br\/noticias\/#\/schema\/person\/b5c8cba458c330ccff548b056e95a5d4","name":"moacir","image":{"@type":"ImageObject","inLanguage":"pt-BR","@id":"https:\/\/franciscanos.org.br\/noticias\/#\/schema\/person\/image\/","url":"https:\/\/secure.gravatar.com\/avatar\/d08aa2ce4c8dd416d4479aa8536fcf64?s=96&d=mm&r=g","contentUrl":"https:\/\/secure.gravatar.com\/avatar\/d08aa2ce4c8dd416d4479aa8536fcf64?s=96&d=mm&r=g","caption":"moacir"},"url":"https:\/\/franciscanos.org.br\/noticias\/author\/moacir"}]}},"_links":{"self":[{"href":"https:\/\/franciscanos.org.br\/noticias\/wp-json\/wp\/v2\/posts\/190529"}],"collection":[{"href":"https:\/\/franciscanos.org.br\/noticias\/wp-json\/wp\/v2\/posts"}],"about":[{"href":"https:\/\/franciscanos.org.br\/noticias\/wp-json\/wp\/v2\/types\/post"}],"author":[{"embeddable":true,"href":"https:\/\/franciscanos.org.br\/noticias\/wp-json\/wp\/v2\/users\/3"}],"replies":[{"embeddable":true,"href":"https:\/\/franciscanos.org.br\/noticias\/wp-json\/wp\/v2\/comments?post=190529"}],"version-history":[{"count":2,"href":"https:\/\/franciscanos.org.br\/noticias\/wp-json\/wp\/v2\/posts\/190529\/revisions"}],"predecessor-version":[{"id":233168,"href":"https:\/\/franciscanos.org.br\/noticias\/wp-json\/wp\/v2\/posts\/190529\/revisions\/233168"}],"wp:featuredmedia":[{"embeddable":true,"href":"https:\/\/franciscanos.org.br\/noticias\/wp-json\/wp\/v2\/media\/190531"}],"wp:attachment":[{"href":"https:\/\/franciscanos.org.br\/noticias\/wp-json\/wp\/v2\/media?parent=190529"}],"wp:term":[{"taxonomy":"category","embeddable":true,"href":"https:\/\/franciscanos.org.br\/noticias\/wp-json\/wp\/v2\/categories?post=190529"},{"taxonomy":"post_tag","embeddable":true,"href":"https:\/\/franciscanos.org.br\/noticias\/wp-json\/wp\/v2\/tags?post=190529"}],"curies":[{"name":"wp","href":"https:\/\/api.w.org\/{rel}","templated":true}]}}