{"id":190525,"date":"2018-11-17T11:00:35","date_gmt":"2018-11-17T13:00:35","guid":{"rendered":"https:\/\/franciscanos.org.br\/noticias\/?p=190525"},"modified":"2020-06-06T16:29:21","modified_gmt":"2020-06-06T19:29:21","slug":"santa-isabel-e-celebrada-no-capitulo-provincial","status":"publish","type":"post","link":"https:\/\/franciscanos.org.br\/noticias\/santa-isabel-e-celebrada-no-capitulo-provincial.html","title":{"rendered":"Santa Isabel questiona: Qual \u00e9 o papel do leigo?"},"content":{"rendered":"<p><img loading=\"lazy\" class=\"alignright size-full wp-image-190527\" src=\"https:\/\/franciscanos.org.br\/noticias\/wp-content\/uploads\/2018\/11\/duarte_1711.jpg\" alt=\"\" width=\"890\" height=\"1067\" srcset=\"https:\/\/franciscanos.org.br\/noticias\/wp-content\/uploads\/2018\/11\/duarte_1711.jpg 890w, https:\/\/franciscanos.org.br\/noticias\/wp-content\/uploads\/2018\/11\/duarte_1711-375x450.jpg 375w, https:\/\/franciscanos.org.br\/noticias\/wp-content\/uploads\/2018\/11\/duarte_1711-768x921.jpg 768w, https:\/\/franciscanos.org.br\/noticias\/wp-content\/uploads\/2018\/11\/duarte_1711-854x1024.jpg 854w, https:\/\/franciscanos.org.br\/noticias\/wp-content\/uploads\/2018\/11\/duarte_1711-150x180.jpg 150w\" sizes=\"(max-width: 890px) 100vw, 890px\" \/><\/p>\n<p>Os 133 capitulares presentes no Semin\u00e1rio Santo Ant\u00f4nio de Agudos come\u00e7aram este s\u00e1bado, 17 de setembro, celebrando a Padroeira da Ordem Franciscana Secular, Santa Isabel da Hungria. A Santa Missa, \u00e0s 8 horas, foi presidida pelo guardi\u00e3o da Fraternidade do Noviciado de Rodeio, Frei Jos\u00e9 Ant\u00f4nio Cruz Duarte, ex-assistente internacional da Ordem Franciscana Secular e Jufra.<\/p>\n<h2><a href=\"http:\/\/vidacrista.franciscanos.org.br\/especiais\/santa-isabel\/\">VEJA O ESPECIAL NESTE SITE SOBRE SANTA ISABEL<\/a><\/h2>\n<p>Fre Jos\u00e9 lembrou, primeiramente, que hoje a Fam\u00edlia Franciscana est\u00e1 em festa. Lembrou tamb\u00e9m que Isabel nasceu em 1207 e viveu apenas 24 anos, mas os viveu t\u00e3o intensamente que, desde a tenra idade, buscou encarnar o Evangelho, assumindo o ser menor. &#8220;Nobre de nascen\u00e7a, maior se fez menor, assumiu a pobreza e viveu &#8216;para e com os pobres&#8217;. E, desde a sua morte, foi tida por todos os leigos, que assumiram viver o Evangelho no s\u00e9culo, como Padroeira e modelo&#8221;.<\/p>\n<p>Segundo Frei Jos\u00e9, duas coisas destacam nesta grande mulher. Primeiro: Isabel \u00e9 jovem, idealista, perseverante em viver o Evangelho diante de todas as adversidades e diante de todos os sofrimentos e injusti\u00e7as, nunca deixou de ser idealista, de buscar viver o Evangelho. Segundo: mulher que enfrentou todos os preconceitos, todas as discrimina\u00e7\u00f5es e sempre as enfrentou de forma pac\u00edfica e cheia de ternura. Eis aqui o exemplo de irm\u00e3 e de irm\u00e3o menor.<\/p>\n<p>Frei Jos\u00e9 lembrou tamb\u00e9m que neste ano celebramos o Ano do Laicato. &#8220;Celebrar Santa Isabel me leva a pensar qual \u00e9 o papel do leigo? A espiritualidade franciscana que queremos levar aos leigos j\u00e1 est\u00e1 presente na Ordem Franciscana Secular. Queremos leigos no mundo, no s\u00e9culo, com voca\u00e7\u00e3o franciscana, com espiritualidade franciscana. Sinto o convite a ser mais irm\u00e3o menor, rompendo o clericalismo. E aqui lembro o artigo 60 das nossas Constitui\u00e7\u00f5es Gerais: &#8220;Os Frades Menores tenham apre\u00e7o \u00e0 OFS, \u00e0 Jufra, com particular cuidado promovam a rec\u00edproca vitalidade e m\u00fatua assist\u00eancia para que seja grandemente impregnado, difundido o esp\u00edrito franciscano no mundo, especialmente entre os jovens&#8221;, destacou.<\/p>\n<p>Para ele, celebrar Santa Isabel \u00e9 lembrar tamb\u00e9m profundamente da nossa Juventude Franciscana.&#8221;Juntamente com a Ordem Franciscana Secular s\u00e3o aqueles que buscam viver no mundo, no s\u00e9culo, essa espiritualidade na qual foi confiada a n\u00f3s, como diz o artigo 60 das Cosntitui\u00e7\u00f5es Gerais, o cuidado para ajud\u00e1-los e nos ajudar a vivermos como irm\u00e3os menores. Buscando p\u00f4r em pr\u00e1tica esse artigo 60, eu diria que, ao fazermos o redimensionamento, poder\u00edamos continuar presente e fazer continuar presente o carisma franciscano nos lugares onde, por algum motivo, deixamos de estar, confiando este carisma \u00e0 OFS. Dever\u00edamos pensar nisso&#8221;, acrescentou.<\/p>\n<p>E, por \u00faltimo, comentando a liturgia, citou que o Evangelho do ju\u00edzo final (Mateus 25,31-46) que nos convida \u00e0 solidariedade, a estarmos abertos para a necessidade do outro. &#8220;Mas eu ressalto o vers\u00edculo 40. \u2018Em verdade eu vos digo que todas as vezes que fizestes isso a um dos menores de meus irm\u00e3os, foi a mim que o fizestes!\u2019 Aqui, neste texto, se faz presente o tema do nosso Cap\u00edtulo e nossa identidade. Ser sempre menores com os menores, assumir n\u00e3o somente o servi\u00e7o aos menores, mas sermos companheiros, sermos irm\u00e3os daqueles que mais sofrem, mas numa dimens\u00e3o de igualdade. N\u00e3o somos nem senhores, nem s\u00faditos, somos irm\u00e3os!&#8221;, completou.<\/p>\n<p><strong>NA SALA CAPITULAR<\/strong><br \/>\nAp\u00f3s a Missa, nos reunimos na Sala Capitular para os trabalhos do dia. Frei Vit\u00f3rio assumiu a modera\u00e7\u00e3o do dia, com a miss\u00e3o de conduzir e dinamizar os trabalhos. Ap\u00f3s a ora\u00e7\u00e3o inicial foram acertados os compromissos segundo a agenda do dia. Em um primeiro momento, os capitulares se reuniriam em grupos para refletirem a parte do &#8220;JULGAR&#8221; do &#8220;Instrumento de Trabalho&#8221;. A partir desse texto e tendo presente as reflex\u00f5es anteriores, os grupos deveriam apontar sugest\u00f5es para a Forma\u00e7\u00e3o Permanente na Prov\u00edncia! Ficou acertado tamb\u00e9m que ap\u00f3s a pausa para o cafezinho, proceder\u00edamos \u00e0 elei\u00e7\u00e3o do Ministro Provincial, e na parte da tarde seria, ent\u00e3o, o plen\u00e1rio dos grupos e as pr\u00e9vias para as elei\u00e7\u00f5es de Vig\u00e1rio e definidores.<\/p>\n<hr \/>\n<p><strong>Equipe de Comunica\u00e7\u00e3o do Cap\u00edtulo<\/strong>: <em>Frei Augusto Gabriel, Frei Clauzemir Makximovitz, Frei Gabriel Dellandrea e Moacir Beggo<\/em><\/p>\n<p>&nbsp;<\/p>\n","protected":false},"excerpt":{"rendered":"<p>Cap\u00edtulo Provincial<\/p>\n","protected":false},"author":3,"featured_media":190526,"comment_status":"open","ping_status":"open","sticky":false,"template":"","format":"standard","meta":[],"categories":[1],"tags":[323],"acf":[],"yoast_head":"<!-- This site is optimized with the Yoast SEO plugin v19.2 - https:\/\/yoast.com\/wordpress\/plugins\/seo\/ -->\n<title>Santa Isabel questiona: Qual \u00e9 o papel do leigo? - Not\u00edcias - Franciscanos<\/title>\n<meta name=\"robots\" content=\"index, follow, max-snippet:-1, max-image-preview:large, max-video-preview:-1\" \/>\n<link rel=\"canonical\" href=\"https:\/\/franciscanos.org.br\/noticias\/santa-isabel-e-celebrada-no-capitulo-provincial.html\" \/>\n<meta property=\"og:locale\" content=\"pt_BR\" \/>\n<meta property=\"og:type\" content=\"article\" \/>\n<meta property=\"og:title\" content=\"Santa Isabel questiona: Qual \u00e9 o papel do leigo? - Not\u00edcias - Franciscanos\" \/>\n<meta property=\"og:description\" content=\"Cap\u00edtulo Provincial\" \/>\n<meta property=\"og:url\" content=\"https:\/\/franciscanos.org.br\/noticias\/santa-isabel-e-celebrada-no-capitulo-provincial.html\" \/>\n<meta property=\"og:site_name\" content=\"Not\u00edcias - Franciscanos\" \/>\n<meta property=\"article:published_time\" content=\"2018-11-17T13:00:35+00:00\" \/>\n<meta property=\"article:modified_time\" content=\"2020-06-06T19:29:21+00:00\" \/>\n<meta property=\"og:image\" content=\"https:\/\/franciscanos.org.br\/noticias\/wp-content\/uploads\/2018\/11\/duarte_1711d.jpg\" \/>\n\t<meta property=\"og:image:width\" content=\"273\" \/>\n\t<meta property=\"og:image:height\" content=\"181\" \/>\n\t<meta property=\"og:image:type\" content=\"image\/jpeg\" \/>\n<meta name=\"author\" content=\"moacir\" \/>\n<meta name=\"twitter:card\" content=\"summary_large_image\" \/>\n<meta name=\"twitter:label1\" content=\"Escrito por\" \/>\n\t<meta name=\"twitter:data1\" content=\"moacir\" \/>\n\t<meta name=\"twitter:label2\" content=\"Est. tempo de leitura\" \/>\n\t<meta name=\"twitter:data2\" content=\"4 minutos\" \/>\n<script type=\"application\/ld+json\" class=\"yoast-schema-graph\">{\"@context\":\"https:\/\/schema.org\",\"@graph\":[{\"@type\":\"WebSite\",\"@id\":\"https:\/\/franciscanos.org.br\/noticias\/#website\",\"url\":\"https:\/\/franciscanos.org.br\/noticias\/\",\"name\":\"Not\u00edcias - Franciscanos\",\"description\":\"Prov\u00edncia Franciscana da Imaculada Concei\u00e7\u00e3o do Brasil - Ordem dos Frades Menores - OFM\",\"potentialAction\":[{\"@type\":\"SearchAction\",\"target\":{\"@type\":\"EntryPoint\",\"urlTemplate\":\"https:\/\/franciscanos.org.br\/noticias\/?s={search_term_string}\"},\"query-input\":\"required name=search_term_string\"}],\"inLanguage\":\"pt-BR\"},{\"@type\":\"ImageObject\",\"inLanguage\":\"pt-BR\",\"@id\":\"https:\/\/franciscanos.org.br\/noticias\/santa-isabel-e-celebrada-no-capitulo-provincial.html#primaryimage\",\"url\":\"https:\/\/franciscanos.org.br\/noticias\/wp-content\/uploads\/2018\/11\/duarte_1711d.jpg\",\"contentUrl\":\"https:\/\/franciscanos.org.br\/noticias\/wp-content\/uploads\/2018\/11\/duarte_1711d.jpg\",\"width\":273,\"height\":181},{\"@type\":\"WebPage\",\"@id\":\"https:\/\/franciscanos.org.br\/noticias\/santa-isabel-e-celebrada-no-capitulo-provincial.html#webpage\",\"url\":\"https:\/\/franciscanos.org.br\/noticias\/santa-isabel-e-celebrada-no-capitulo-provincial.html\",\"name\":\"Santa Isabel questiona: Qual \u00e9 o papel do leigo? - Not\u00edcias - Franciscanos\",\"isPartOf\":{\"@id\":\"https:\/\/franciscanos.org.br\/noticias\/#website\"},\"primaryImageOfPage\":{\"@id\":\"https:\/\/franciscanos.org.br\/noticias\/santa-isabel-e-celebrada-no-capitulo-provincial.html#primaryimage\"},\"datePublished\":\"2018-11-17T13:00:35+00:00\",\"dateModified\":\"2020-06-06T19:29:21+00:00\",\"author\":{\"@id\":\"https:\/\/franciscanos.org.br\/noticias\/#\/schema\/person\/b5c8cba458c330ccff548b056e95a5d4\"},\"breadcrumb\":{\"@id\":\"https:\/\/franciscanos.org.br\/noticias\/santa-isabel-e-celebrada-no-capitulo-provincial.html#breadcrumb\"},\"inLanguage\":\"pt-BR\",\"potentialAction\":[{\"@type\":\"ReadAction\",\"target\":[\"https:\/\/franciscanos.org.br\/noticias\/santa-isabel-e-celebrada-no-capitulo-provincial.html\"]}]},{\"@type\":\"BreadcrumbList\",\"@id\":\"https:\/\/franciscanos.org.br\/noticias\/santa-isabel-e-celebrada-no-capitulo-provincial.html#breadcrumb\",\"itemListElement\":[{\"@type\":\"ListItem\",\"position\":1,\"name\":\"Home\",\"item\":\"https:\/\/franciscanos.org.br\/noticias\"},{\"@type\":\"ListItem\",\"position\":2,\"name\":\"Santa Isabel questiona: Qual \u00e9 o papel do leigo?\"}]},{\"@type\":\"Person\",\"@id\":\"https:\/\/franciscanos.org.br\/noticias\/#\/schema\/person\/b5c8cba458c330ccff548b056e95a5d4\",\"name\":\"moacir\",\"image\":{\"@type\":\"ImageObject\",\"inLanguage\":\"pt-BR\",\"@id\":\"https:\/\/franciscanos.org.br\/noticias\/#\/schema\/person\/image\/\",\"url\":\"https:\/\/secure.gravatar.com\/avatar\/d08aa2ce4c8dd416d4479aa8536fcf64?s=96&d=mm&r=g\",\"contentUrl\":\"https:\/\/secure.gravatar.com\/avatar\/d08aa2ce4c8dd416d4479aa8536fcf64?s=96&d=mm&r=g\",\"caption\":\"moacir\"},\"url\":\"https:\/\/franciscanos.org.br\/noticias\/author\/moacir\"}]}<\/script>\n<!-- \/ Yoast SEO plugin. -->","yoast_head_json":{"title":"Santa Isabel questiona: Qual \u00e9 o papel do leigo? - Not\u00edcias - Franciscanos","robots":{"index":"index","follow":"follow","max-snippet":"max-snippet:-1","max-image-preview":"max-image-preview:large","max-video-preview":"max-video-preview:-1"},"canonical":"https:\/\/franciscanos.org.br\/noticias\/santa-isabel-e-celebrada-no-capitulo-provincial.html","og_locale":"pt_BR","og_type":"article","og_title":"Santa Isabel questiona: Qual \u00e9 o papel do leigo? - Not\u00edcias - Franciscanos","og_description":"Cap\u00edtulo Provincial","og_url":"https:\/\/franciscanos.org.br\/noticias\/santa-isabel-e-celebrada-no-capitulo-provincial.html","og_site_name":"Not\u00edcias - Franciscanos","article_published_time":"2018-11-17T13:00:35+00:00","article_modified_time":"2020-06-06T19:29:21+00:00","og_image":[{"width":273,"height":181,"url":"https:\/\/franciscanos.org.br\/noticias\/wp-content\/uploads\/2018\/11\/duarte_1711d.jpg","type":"image\/jpeg"}],"author":"moacir","twitter_card":"summary_large_image","twitter_misc":{"Escrito por":"moacir","Est. tempo de leitura":"4 minutos"},"schema":{"@context":"https:\/\/schema.org","@graph":[{"@type":"WebSite","@id":"https:\/\/franciscanos.org.br\/noticias\/#website","url":"https:\/\/franciscanos.org.br\/noticias\/","name":"Not\u00edcias - Franciscanos","description":"Prov\u00edncia Franciscana da Imaculada Concei\u00e7\u00e3o do Brasil - Ordem dos Frades Menores - OFM","potentialAction":[{"@type":"SearchAction","target":{"@type":"EntryPoint","urlTemplate":"https:\/\/franciscanos.org.br\/noticias\/?s={search_term_string}"},"query-input":"required name=search_term_string"}],"inLanguage":"pt-BR"},{"@type":"ImageObject","inLanguage":"pt-BR","@id":"https:\/\/franciscanos.org.br\/noticias\/santa-isabel-e-celebrada-no-capitulo-provincial.html#primaryimage","url":"https:\/\/franciscanos.org.br\/noticias\/wp-content\/uploads\/2018\/11\/duarte_1711d.jpg","contentUrl":"https:\/\/franciscanos.org.br\/noticias\/wp-content\/uploads\/2018\/11\/duarte_1711d.jpg","width":273,"height":181},{"@type":"WebPage","@id":"https:\/\/franciscanos.org.br\/noticias\/santa-isabel-e-celebrada-no-capitulo-provincial.html#webpage","url":"https:\/\/franciscanos.org.br\/noticias\/santa-isabel-e-celebrada-no-capitulo-provincial.html","name":"Santa Isabel questiona: Qual \u00e9 o papel do leigo? - Not\u00edcias - Franciscanos","isPartOf":{"@id":"https:\/\/franciscanos.org.br\/noticias\/#website"},"primaryImageOfPage":{"@id":"https:\/\/franciscanos.org.br\/noticias\/santa-isabel-e-celebrada-no-capitulo-provincial.html#primaryimage"},"datePublished":"2018-11-17T13:00:35+00:00","dateModified":"2020-06-06T19:29:21+00:00","author":{"@id":"https:\/\/franciscanos.org.br\/noticias\/#\/schema\/person\/b5c8cba458c330ccff548b056e95a5d4"},"breadcrumb":{"@id":"https:\/\/franciscanos.org.br\/noticias\/santa-isabel-e-celebrada-no-capitulo-provincial.html#breadcrumb"},"inLanguage":"pt-BR","potentialAction":[{"@type":"ReadAction","target":["https:\/\/franciscanos.org.br\/noticias\/santa-isabel-e-celebrada-no-capitulo-provincial.html"]}]},{"@type":"BreadcrumbList","@id":"https:\/\/franciscanos.org.br\/noticias\/santa-isabel-e-celebrada-no-capitulo-provincial.html#breadcrumb","itemListElement":[{"@type":"ListItem","position":1,"name":"Home","item":"https:\/\/franciscanos.org.br\/noticias"},{"@type":"ListItem","position":2,"name":"Santa Isabel questiona: Qual \u00e9 o papel do leigo?"}]},{"@type":"Person","@id":"https:\/\/franciscanos.org.br\/noticias\/#\/schema\/person\/b5c8cba458c330ccff548b056e95a5d4","name":"moacir","image":{"@type":"ImageObject","inLanguage":"pt-BR","@id":"https:\/\/franciscanos.org.br\/noticias\/#\/schema\/person\/image\/","url":"https:\/\/secure.gravatar.com\/avatar\/d08aa2ce4c8dd416d4479aa8536fcf64?s=96&d=mm&r=g","contentUrl":"https:\/\/secure.gravatar.com\/avatar\/d08aa2ce4c8dd416d4479aa8536fcf64?s=96&d=mm&r=g","caption":"moacir"},"url":"https:\/\/franciscanos.org.br\/noticias\/author\/moacir"}]}},"_links":{"self":[{"href":"https:\/\/franciscanos.org.br\/noticias\/wp-json\/wp\/v2\/posts\/190525"}],"collection":[{"href":"https:\/\/franciscanos.org.br\/noticias\/wp-json\/wp\/v2\/posts"}],"about":[{"href":"https:\/\/franciscanos.org.br\/noticias\/wp-json\/wp\/v2\/types\/post"}],"author":[{"embeddable":true,"href":"https:\/\/franciscanos.org.br\/noticias\/wp-json\/wp\/v2\/users\/3"}],"replies":[{"embeddable":true,"href":"https:\/\/franciscanos.org.br\/noticias\/wp-json\/wp\/v2\/comments?post=190525"}],"version-history":[{"count":2,"href":"https:\/\/franciscanos.org.br\/noticias\/wp-json\/wp\/v2\/posts\/190525\/revisions"}],"predecessor-version":[{"id":224683,"href":"https:\/\/franciscanos.org.br\/noticias\/wp-json\/wp\/v2\/posts\/190525\/revisions\/224683"}],"wp:featuredmedia":[{"embeddable":true,"href":"https:\/\/franciscanos.org.br\/noticias\/wp-json\/wp\/v2\/media\/190526"}],"wp:attachment":[{"href":"https:\/\/franciscanos.org.br\/noticias\/wp-json\/wp\/v2\/media?parent=190525"}],"wp:term":[{"taxonomy":"category","embeddable":true,"href":"https:\/\/franciscanos.org.br\/noticias\/wp-json\/wp\/v2\/categories?post=190525"},{"taxonomy":"post_tag","embeddable":true,"href":"https:\/\/franciscanos.org.br\/noticias\/wp-json\/wp\/v2\/tags?post=190525"}],"curies":[{"name":"wp","href":"https:\/\/api.w.org\/{rel}","templated":true}]}}