{"id":19051,"date":"2012-06-12T21:41:40","date_gmt":"2012-06-13T00:41:40","guid":{"rendered":"http:\/\/new.franciscanos.org.br\/?p=19051"},"modified":"2019-09-27T11:15:54","modified_gmt":"2019-09-27T14:15:54","slug":"em-torno-da-juventude-o-segundo-tema-de-frei-almir-em-curitiba","status":"publish","type":"post","link":"https:\/\/franciscanos.org.br\/noticias\/em-torno-da-juventude-o-segundo-tema-de-frei-almir-em-curitiba.html","title":{"rendered":"&#8220;Em torno da juventude&#8221;, o segundo tema de Frei Almir em Curitiba"},"content":{"rendered":"<p><em><a href=\"http:\/\/franciscanos.org.br\/wp-content\/uploads\/2012\/06\/p043_0_01_01.jpg\"><img loading=\"lazy\" class=\"alignright size-full wp-image-19052\" title=\"Santo Ant\u00f4nio\" src=\"http:\/\/franciscanos.org.br\/wp-content\/uploads\/2012\/06\/p043_0_01_01.jpg\" alt=\"\" width=\"320\" height=\"412\" \/><\/a>Nesta ter\u00e7a-feira, no 2\u00ba dia do Tr\u00edduo de Santo Ant\u00f4nio, na Igreja e Santu\u00e1rio Bom Jesus dos Perd\u00f5es, em Curitiba (PR),\u00a0 Frei Almir Ribeiro Guimar\u00e3es reflete sobre o tema da juventude. Leia a \u00edntegra de sua reflex\u00e3o:<\/em><\/p>\n<p><strong>EM TORNO DA JUVENTUDE<\/strong><br \/>\n<strong>Dia dos enamorados<\/strong><\/p>\n<p>Estamos \u00e0s v\u00e9speras da festa de Santo Ant\u00f4nio. Comemoramos neste dia 12 a festa e o Dia dos Enamorados.<\/p>\n<p>1. Pensamos aqui nos jovens. N\u00e3o \u00e9 t\u00e3o f\u00e1cil dizer quando come\u00e7a e quando acaba o tempo da juventude. H\u00e1 jovens velhos, e velhos jovens. Come\u00e7amos a envelhecer quando n\u00e3o temos mais esperan\u00e7a no amanh\u00e3 e perspectivas que encham de ardor nossa vida. Talvez possamos dizer que a juventude comece em torno dos dezesseis anos e chega aos vinte e oito ou vinte nove anos. Curto esse per\u00edodo de poucos anos em vidas que chegam \u00e0 beira do centen\u00e1rio.<\/p>\n<p>2. Fatos importantes ocorrem nesse tempo que chamamos juventude: necessidade de se criar personalidade pr\u00f3pria, tempo de estudo, explos\u00e3o das energias afetivas e sexuais, tomada de dist\u00e2ncia dos primeiros anos vividos em fam\u00edlia, paix\u00e3o pela profiss\u00e3o que se escolheu, tempo de cria\u00e7\u00e3o de convic\u00e7\u00f5es, escolha da voca\u00e7\u00e3o, casamento, chegada do primeiro filho, dentro ou fora do casamento.<\/p>\n<p>3. Podemos dizer que a juventude \u00e9 tempo de constru\u00e7\u00e3o da vida e de express\u00f5es de profundas alegrias. Olhar para um jovem \u00e9 acreditar no amanh\u00e3. Gostamos de ver esses encontros de jovens marcados pela m\u00fasica.<\/p>\n<p>4. Fundamental que os jovens possam participar de grupos de reflex\u00e3o, interioriza\u00e7\u00e3o e ora\u00e7\u00e3o. N\u00e3o podem viver soltos, deixados \u00e0 pr\u00f3pria sorte.<\/p>\n<p>5. H\u00e1 aspectos importantes que merecem nossa aten\u00e7\u00e3o:<\/p>\n<p><strong><em>\u2022\u00a0<\/em><\/strong>Pensamos em primeiro lugar na forma\u00e7\u00e3o do car\u00e1ter. Os jovens, inspirados no exemplo da fam\u00edlia (o que nem sempre acontece) e na reflex\u00e3o em grupo, em leituras, v\u00e3o formando a consci\u00eancia e tra\u00e7am as linhas b\u00e1sicas de seu agir: n\u00e3o se deixar levar pela corrup\u00e7\u00e3o, viver em fun\u00e7\u00e3o de&#8230;<\/p>\n<p><strong><em>\u2022\u00a0<\/em><\/strong>H\u00e1 toda a quest\u00e3o de n\u00e3o se tornarem banais e vulgares. Precisam conservar o frescor da juventude e a coragem de querer mudar e de mudar de fato.<\/p>\n<p><strong><em>\u2022\u00a0<\/em><\/strong>Na juventude rapazes e mo\u00e7as podem criar convic\u00e7\u00f5es de sua colabora\u00e7\u00e3o efetiva e criadora em sua profiss\u00e3o, sempre junto com outros. Uma paix\u00e3o pela profiss\u00e3o.<\/p>\n<p><strong><em>\u2022\u00a0<\/em><\/strong>Sem falsos pudores, os jovens precisam se posicionar humana e crist\u00e3mente diante da sexualidade.<\/p>\n<p>6. Cabe nesse contexto algumas reflex\u00f5es sobre o enamoramento:<\/p>\n<p><strong><em>\u2022\u00a0<\/em><\/strong>Um homem, uma mulher&#8230; duas trajet\u00f3rias&#8230; tempo de namoro n\u00e3o \u00e9 tempo de casamento&#8230; Duas hist\u00f3rias que v\u00e3o se revelando na multiplica\u00e7\u00e3o dos encontros, na alegria das conversas, nas surpresas de cada instante.<\/p>\n<p><strong><em>\u2022\u00a0<\/em><\/strong>H\u00e1 a gra\u00e7a do corpo e a alegria da pele. Mas para al\u00e9m h\u00e1 uma admira\u00e7\u00e3o pela nobreza e grandeza interior do outro e outra. N\u00e3o precipitar. N\u00e3o colocar um filho antes da hora.<\/p>\n<p><strong><em>\u2022\u00a0<\/em><\/strong>Como se prepara para casamento?<\/p>\n<p><strong><em>\u2022\u00a0<\/em><\/strong>Os jovens se preparam para o casamento na medida em que observam a maneira como seus pais vivem sua vida conjugal, familiar, de pai e de m\u00e3e.<\/p>\n<p><strong><em>\u2022\u00a0<\/em><\/strong>Import\u00e2ncia de reflex\u00e3o sobre o sentido da sexualidade e do casamento nos grupos de crisma, nos grupos de jovens.<\/p>\n<p><strong><em>\u2022\u00a0<\/em><\/strong>Jovens crist\u00e3os se re\u00fanem em grupos e come\u00e7am a refletir sobre o assunto.<\/p>\n<p><strong><em>\u2022\u00a0<\/em><\/strong>Parece conveniente que haja um tempo de noivado: apresenta\u00e7\u00e3o das fam\u00edlias, ritos de aproxima\u00e7\u00e3o&#8230;<\/p>\n<p><strong><em>\u2022\u00a0<\/em><\/strong>Nossas par\u00f3quias organizam cursos ou encontros em vista da prepara\u00e7\u00e3o imediata. Cursos e encontros precisam ser revistos, seu tempo dilatado.<\/p>\n<p><strong><em>\u2022\u00a0<\/em><\/strong>Na medida do poss\u00edvel, jovens crist\u00e3os se preparam espiritualmente para o dia das n\u00fapcias.<\/p>\n<p><strong><em>\u2022\u00a0<\/em><\/strong>Importante que cada passo da cerim\u00f4nia do sacramento do matrim\u00f4nio ser\u00e1 vivido com o cora\u00e7\u00e3o: ritos de entrada, liturgia da palavra, momento do consentimento, b\u00ean\u00e7\u00e3o dos pais&#8230;<\/p>\n<p><em><strong>Viva os namorados e que Santo Ant\u00f4nio vele pelas fam\u00edlias!<\/strong><\/em><\/p>\n","protected":false},"excerpt":{"rendered":"<p>Tr\u00edduo de Santo Ant\u00f4nio<\/p>\n","protected":false},"author":1,"featured_media":211641,"comment_status":"closed","ping_status":"closed","sticky":false,"template":"","format":"standard","meta":[],"categories":[1],"tags":[288],"acf":[],"yoast_head":"<!-- This site is optimized with the Yoast SEO plugin v19.2 - https:\/\/yoast.com\/wordpress\/plugins\/seo\/ -->\n<title>&quot;Em torno da juventude&quot;, o segundo tema de Frei Almir em Curitiba - Not\u00edcias - Franciscanos<\/title>\n<meta name=\"robots\" content=\"index, follow, max-snippet:-1, max-image-preview:large, max-video-preview:-1\" \/>\n<link rel=\"canonical\" href=\"https:\/\/franciscanos.org.br\/noticias\/em-torno-da-juventude-o-segundo-tema-de-frei-almir-em-curitiba.html\" \/>\n<meta property=\"og:locale\" content=\"pt_BR\" \/>\n<meta property=\"og:type\" content=\"article\" \/>\n<meta property=\"og:title\" content=\"&quot;Em torno da juventude&quot;, o segundo tema de Frei Almir em Curitiba - Not\u00edcias - Franciscanos\" \/>\n<meta property=\"og:description\" content=\"Tr\u00edduo de Santo Ant\u00f4nio\" \/>\n<meta property=\"og:url\" content=\"https:\/\/franciscanos.org.br\/noticias\/em-torno-da-juventude-o-segundo-tema-de-frei-almir-em-curitiba.html\" \/>\n<meta property=\"og:site_name\" content=\"Not\u00edcias - Franciscanos\" \/>\n<meta property=\"article:published_time\" content=\"2012-06-13T00:41:40+00:00\" \/>\n<meta property=\"article:modified_time\" content=\"2019-09-27T14:15:54+00:00\" \/>\n<meta property=\"og:image\" content=\"https:\/\/franciscanos.org.br\/noticias\/wp-content\/uploads\/2012\/06\/p043_0_01_01.jpg\" \/>\n\t<meta property=\"og:image:width\" content=\"273\" \/>\n\t<meta property=\"og:image:height\" content=\"181\" \/>\n\t<meta property=\"og:image:type\" content=\"image\/jpeg\" \/>\n<meta name=\"author\" content=\"admin\" \/>\n<meta name=\"twitter:card\" content=\"summary_large_image\" \/>\n<meta name=\"twitter:label1\" content=\"Escrito por\" \/>\n\t<meta name=\"twitter:data1\" content=\"admin\" \/>\n\t<meta name=\"twitter:label2\" content=\"Est. tempo de leitura\" \/>\n\t<meta name=\"twitter:data2\" content=\"3 minutos\" \/>\n<script type=\"application\/ld+json\" class=\"yoast-schema-graph\">{\"@context\":\"https:\/\/schema.org\",\"@graph\":[{\"@type\":\"WebSite\",\"@id\":\"https:\/\/franciscanos.org.br\/noticias\/#website\",\"url\":\"https:\/\/franciscanos.org.br\/noticias\/\",\"name\":\"Not\u00edcias - Franciscanos\",\"description\":\"Prov\u00edncia Franciscana da Imaculada Concei\u00e7\u00e3o do Brasil - Ordem dos Frades Menores - OFM\",\"potentialAction\":[{\"@type\":\"SearchAction\",\"target\":{\"@type\":\"EntryPoint\",\"urlTemplate\":\"https:\/\/franciscanos.org.br\/noticias\/?s={search_term_string}\"},\"query-input\":\"required name=search_term_string\"}],\"inLanguage\":\"pt-BR\"},{\"@type\":\"ImageObject\",\"inLanguage\":\"pt-BR\",\"@id\":\"https:\/\/franciscanos.org.br\/noticias\/em-torno-da-juventude-o-segundo-tema-de-frei-almir-em-curitiba.html#primaryimage\",\"url\":\"https:\/\/franciscanos.org.br\/noticias\/wp-content\/uploads\/2012\/06\/p043_0_01_01.jpg\",\"contentUrl\":\"https:\/\/franciscanos.org.br\/noticias\/wp-content\/uploads\/2012\/06\/p043_0_01_01.jpg\",\"width\":273,\"height\":181},{\"@type\":\"WebPage\",\"@id\":\"https:\/\/franciscanos.org.br\/noticias\/em-torno-da-juventude-o-segundo-tema-de-frei-almir-em-curitiba.html#webpage\",\"url\":\"https:\/\/franciscanos.org.br\/noticias\/em-torno-da-juventude-o-segundo-tema-de-frei-almir-em-curitiba.html\",\"name\":\"\\\"Em torno da juventude\\\", o segundo tema de Frei Almir em Curitiba - Not\u00edcias - Franciscanos\",\"isPartOf\":{\"@id\":\"https:\/\/franciscanos.org.br\/noticias\/#website\"},\"primaryImageOfPage\":{\"@id\":\"https:\/\/franciscanos.org.br\/noticias\/em-torno-da-juventude-o-segundo-tema-de-frei-almir-em-curitiba.html#primaryimage\"},\"datePublished\":\"2012-06-13T00:41:40+00:00\",\"dateModified\":\"2019-09-27T14:15:54+00:00\",\"author\":{\"@id\":\"https:\/\/franciscanos.org.br\/noticias\/#\/schema\/person\/b38fbf43118f02820bd932f2e4b14ad3\"},\"breadcrumb\":{\"@id\":\"https:\/\/franciscanos.org.br\/noticias\/em-torno-da-juventude-o-segundo-tema-de-frei-almir-em-curitiba.html#breadcrumb\"},\"inLanguage\":\"pt-BR\",\"potentialAction\":[{\"@type\":\"ReadAction\",\"target\":[\"https:\/\/franciscanos.org.br\/noticias\/em-torno-da-juventude-o-segundo-tema-de-frei-almir-em-curitiba.html\"]}]},{\"@type\":\"BreadcrumbList\",\"@id\":\"https:\/\/franciscanos.org.br\/noticias\/em-torno-da-juventude-o-segundo-tema-de-frei-almir-em-curitiba.html#breadcrumb\",\"itemListElement\":[{\"@type\":\"ListItem\",\"position\":1,\"name\":\"Home\",\"item\":\"https:\/\/franciscanos.org.br\/noticias\"},{\"@type\":\"ListItem\",\"position\":2,\"name\":\"&#8220;Em torno da juventude&#8221;, o segundo tema de Frei Almir em Curitiba\"}]},{\"@type\":\"Person\",\"@id\":\"https:\/\/franciscanos.org.br\/noticias\/#\/schema\/person\/b38fbf43118f02820bd932f2e4b14ad3\",\"name\":\"admin\",\"image\":{\"@type\":\"ImageObject\",\"inLanguage\":\"pt-BR\",\"@id\":\"https:\/\/franciscanos.org.br\/noticias\/#\/schema\/person\/image\/\",\"url\":\"https:\/\/secure.gravatar.com\/avatar\/e8495742d34d0ba6448ea1c628263b3e?s=96&d=mm&r=g\",\"contentUrl\":\"https:\/\/secure.gravatar.com\/avatar\/e8495742d34d0ba6448ea1c628263b3e?s=96&d=mm&r=g\",\"caption\":\"admin\"},\"url\":\"https:\/\/franciscanos.org.br\/noticias\/author\/admin\"}]}<\/script>\n<!-- \/ Yoast SEO plugin. -->","yoast_head_json":{"title":"\"Em torno da juventude\", o segundo tema de Frei Almir em Curitiba - Not\u00edcias - Franciscanos","robots":{"index":"index","follow":"follow","max-snippet":"max-snippet:-1","max-image-preview":"max-image-preview:large","max-video-preview":"max-video-preview:-1"},"canonical":"https:\/\/franciscanos.org.br\/noticias\/em-torno-da-juventude-o-segundo-tema-de-frei-almir-em-curitiba.html","og_locale":"pt_BR","og_type":"article","og_title":"\"Em torno da juventude\", o segundo tema de Frei Almir em Curitiba - Not\u00edcias - Franciscanos","og_description":"Tr\u00edduo de Santo Ant\u00f4nio","og_url":"https:\/\/franciscanos.org.br\/noticias\/em-torno-da-juventude-o-segundo-tema-de-frei-almir-em-curitiba.html","og_site_name":"Not\u00edcias - Franciscanos","article_published_time":"2012-06-13T00:41:40+00:00","article_modified_time":"2019-09-27T14:15:54+00:00","og_image":[{"width":273,"height":181,"url":"https:\/\/franciscanos.org.br\/noticias\/wp-content\/uploads\/2012\/06\/p043_0_01_01.jpg","type":"image\/jpeg"}],"author":"admin","twitter_card":"summary_large_image","twitter_misc":{"Escrito por":"admin","Est. tempo de leitura":"3 minutos"},"schema":{"@context":"https:\/\/schema.org","@graph":[{"@type":"WebSite","@id":"https:\/\/franciscanos.org.br\/noticias\/#website","url":"https:\/\/franciscanos.org.br\/noticias\/","name":"Not\u00edcias - Franciscanos","description":"Prov\u00edncia Franciscana da Imaculada Concei\u00e7\u00e3o do Brasil - Ordem dos Frades Menores - OFM","potentialAction":[{"@type":"SearchAction","target":{"@type":"EntryPoint","urlTemplate":"https:\/\/franciscanos.org.br\/noticias\/?s={search_term_string}"},"query-input":"required name=search_term_string"}],"inLanguage":"pt-BR"},{"@type":"ImageObject","inLanguage":"pt-BR","@id":"https:\/\/franciscanos.org.br\/noticias\/em-torno-da-juventude-o-segundo-tema-de-frei-almir-em-curitiba.html#primaryimage","url":"https:\/\/franciscanos.org.br\/noticias\/wp-content\/uploads\/2012\/06\/p043_0_01_01.jpg","contentUrl":"https:\/\/franciscanos.org.br\/noticias\/wp-content\/uploads\/2012\/06\/p043_0_01_01.jpg","width":273,"height":181},{"@type":"WebPage","@id":"https:\/\/franciscanos.org.br\/noticias\/em-torno-da-juventude-o-segundo-tema-de-frei-almir-em-curitiba.html#webpage","url":"https:\/\/franciscanos.org.br\/noticias\/em-torno-da-juventude-o-segundo-tema-de-frei-almir-em-curitiba.html","name":"\"Em torno da juventude\", o segundo tema de Frei Almir em Curitiba - Not\u00edcias - Franciscanos","isPartOf":{"@id":"https:\/\/franciscanos.org.br\/noticias\/#website"},"primaryImageOfPage":{"@id":"https:\/\/franciscanos.org.br\/noticias\/em-torno-da-juventude-o-segundo-tema-de-frei-almir-em-curitiba.html#primaryimage"},"datePublished":"2012-06-13T00:41:40+00:00","dateModified":"2019-09-27T14:15:54+00:00","author":{"@id":"https:\/\/franciscanos.org.br\/noticias\/#\/schema\/person\/b38fbf43118f02820bd932f2e4b14ad3"},"breadcrumb":{"@id":"https:\/\/franciscanos.org.br\/noticias\/em-torno-da-juventude-o-segundo-tema-de-frei-almir-em-curitiba.html#breadcrumb"},"inLanguage":"pt-BR","potentialAction":[{"@type":"ReadAction","target":["https:\/\/franciscanos.org.br\/noticias\/em-torno-da-juventude-o-segundo-tema-de-frei-almir-em-curitiba.html"]}]},{"@type":"BreadcrumbList","@id":"https:\/\/franciscanos.org.br\/noticias\/em-torno-da-juventude-o-segundo-tema-de-frei-almir-em-curitiba.html#breadcrumb","itemListElement":[{"@type":"ListItem","position":1,"name":"Home","item":"https:\/\/franciscanos.org.br\/noticias"},{"@type":"ListItem","position":2,"name":"&#8220;Em torno da juventude&#8221;, o segundo tema de Frei Almir em Curitiba"}]},{"@type":"Person","@id":"https:\/\/franciscanos.org.br\/noticias\/#\/schema\/person\/b38fbf43118f02820bd932f2e4b14ad3","name":"admin","image":{"@type":"ImageObject","inLanguage":"pt-BR","@id":"https:\/\/franciscanos.org.br\/noticias\/#\/schema\/person\/image\/","url":"https:\/\/secure.gravatar.com\/avatar\/e8495742d34d0ba6448ea1c628263b3e?s=96&d=mm&r=g","contentUrl":"https:\/\/secure.gravatar.com\/avatar\/e8495742d34d0ba6448ea1c628263b3e?s=96&d=mm&r=g","caption":"admin"},"url":"https:\/\/franciscanos.org.br\/noticias\/author\/admin"}]}},"_links":{"self":[{"href":"https:\/\/franciscanos.org.br\/noticias\/wp-json\/wp\/v2\/posts\/19051"}],"collection":[{"href":"https:\/\/franciscanos.org.br\/noticias\/wp-json\/wp\/v2\/posts"}],"about":[{"href":"https:\/\/franciscanos.org.br\/noticias\/wp-json\/wp\/v2\/types\/post"}],"author":[{"embeddable":true,"href":"https:\/\/franciscanos.org.br\/noticias\/wp-json\/wp\/v2\/users\/1"}],"replies":[{"embeddable":true,"href":"https:\/\/franciscanos.org.br\/noticias\/wp-json\/wp\/v2\/comments?post=19051"}],"version-history":[{"count":0,"href":"https:\/\/franciscanos.org.br\/noticias\/wp-json\/wp\/v2\/posts\/19051\/revisions"}],"wp:featuredmedia":[{"embeddable":true,"href":"https:\/\/franciscanos.org.br\/noticias\/wp-json\/wp\/v2\/media\/211641"}],"wp:attachment":[{"href":"https:\/\/franciscanos.org.br\/noticias\/wp-json\/wp\/v2\/media?parent=19051"}],"wp:term":[{"taxonomy":"category","embeddable":true,"href":"https:\/\/franciscanos.org.br\/noticias\/wp-json\/wp\/v2\/categories?post=19051"},{"taxonomy":"post_tag","embeddable":true,"href":"https:\/\/franciscanos.org.br\/noticias\/wp-json\/wp\/v2\/tags?post=19051"}],"curies":[{"name":"wp","href":"https:\/\/api.w.org\/{rel}","templated":true}]}}