{"id":190276,"date":"2018-11-12T20:31:19","date_gmt":"2018-11-12T22:31:19","guid":{"rendered":"https:\/\/franciscanos.org.br\/noticias\/?p=190276"},"modified":"2020-06-06T16:38:58","modified_gmt":"2020-06-06T19:38:58","slug":"usf-realiza-o-4o-retiro-universitario","status":"publish","type":"post","link":"https:\/\/franciscanos.org.br\/noticias\/usf-realiza-o-4o-retiro-universitario.html","title":{"rendered":"USF realiza o 4\u00ba Retiro Universit\u00e1rio"},"content":{"rendered":"<p><img loading=\"lazy\" class=\"alignnone size-full wp-image-190277\" src=\"https:\/\/franciscanos.org.br\/noticias\/wp-content\/uploads\/2018\/11\/usf_131118_1.jpg\" alt=\"\" width=\"980\" height=\"504\" srcset=\"https:\/\/franciscanos.org.br\/noticias\/wp-content\/uploads\/2018\/11\/usf_131118_1.jpg 980w, https:\/\/franciscanos.org.br\/noticias\/wp-content\/uploads\/2018\/11\/usf_131118_1-450x231.jpg 450w, https:\/\/franciscanos.org.br\/noticias\/wp-content\/uploads\/2018\/11\/usf_131118_1-768x395.jpg 768w, https:\/\/franciscanos.org.br\/noticias\/wp-content\/uploads\/2018\/11\/usf_131118_1-150x77.jpg 150w\" sizes=\"(max-width: 980px) 100vw, 980px\" \/><\/p>\n<p><strong>Bragan\u00e7a Paulista (SP)<\/strong> &#8211; No s\u00e1bado, dia 10 de novembro, um grupo de alunos, colaboradores e professores da USF participou do 4\u00ba Retiro Universit\u00e1rio com o tema b\u00edblico: \u201cJos\u00e9 do Egito, \u00e9 preciso acreditar na verdade dos sonhos\u201d (Gn 37 e 50). O Retiro foi na Resid\u00eancia dos Frades em Bragan\u00e7a Paulista. O lugar, muito prop\u00edcio para o recolhimento, ajudou muito no bom clima do Retiro.<\/p>\n<p>Iniciamos \u00e0s 8h30 com o caf\u00e9 da manh\u00e3. \u00c0s 9 horas, o momento de ora\u00e7\u00e3o deu a t\u00f4nica motivacional do Retiro. Em seguida, todos receberam o texto b\u00edblico que era o tema do Retiro e tiveram uma hora de leitura e reflex\u00e3o individual. Depois de uma hora de sil\u00eancio, leitura e medita\u00e7\u00e3o do texto, todos se dirigiram ao sal\u00e3o, onde foram orientados no aprofundamento destes cap\u00edtulos do G\u00eanesis pela professora Patr\u00edcia de Moraes.<\/p>\n<p>Ela discorreu com muita seguran\u00e7a sobre a localiza\u00e7\u00e3o da narrativa, mostrou Jos\u00e9, filho de Jac\u00f3 na tradi\u00e7\u00e3o judaico-crist\u00e3, fez um resumo hist\u00f3rico do texto, explicou a import\u00e2ncia dos sonhos de Jos\u00e9 e destacou a sua fidelidade ao Deus \u00fanico e sua f\u00e9 na Provid\u00eancia de Deus. Em seguida fomos para o almo\u00e7o no quiosque que estava muito bem preparado.<\/p>\n<p><img loading=\"lazy\" class=\"alignnone size-full wp-image-190279\" src=\"https:\/\/franciscanos.org.br\/noticias\/wp-content\/uploads\/2018\/11\/usf_131118.jpg\" alt=\"\" width=\"980\" height=\"580\" srcset=\"https:\/\/franciscanos.org.br\/noticias\/wp-content\/uploads\/2018\/11\/usf_131118.jpg 980w, https:\/\/franciscanos.org.br\/noticias\/wp-content\/uploads\/2018\/11\/usf_131118-450x266.jpg 450w, https:\/\/franciscanos.org.br\/noticias\/wp-content\/uploads\/2018\/11\/usf_131118-768x455.jpg 768w, https:\/\/franciscanos.org.br\/noticias\/wp-content\/uploads\/2018\/11\/usf_131118-150x89.jpg 150w\" sizes=\"(max-width: 980px) 100vw, 980px\" \/><\/p>\n<p>Retornamos \u00e0s 14 horas com c\u00e2nticos e preces. Em seguida foi distribu\u00eddo para cada participante o livro da Paulus &#8211; \u201cO livro do G\u00eanesis, Origem da vida e da hist\u00f3ria\u201d -, de Ivo Storniolo e Euclides Balacin. A parte final do livro sobre a Hist\u00f3ria de Jos\u00e9 ocupou a reflex\u00e3o pessoal e silenciosa. \u00c0s 15 horas houve uma grande e participativa partilha muito enriquecedora e profunda. \u00c0s 16 horas, a celebra\u00e7\u00e3o de encerramento foi at\u00e9 17h30. O Retiro teve ainda a entrega dos certificados e de um ramo de trigo como s\u00edmbolo do retiro, a foto oficial e um lanche antes da partida dos participantes.<\/p>\n<p>Havia nos rostos e nas falas a alegria por mais um Retiro, a certeza de que valeu a pena a reflex\u00e3o que iluminou muito a vida e os relacionamentos. Foi um valioso aprendizado sobre a simbologia, personagens e inspira\u00e7\u00e3o da Palavra de Deus. Tudo fluiu com muita harmonia e seriedade. A participa\u00e7\u00e3o de todos foi muito expressiva e de muito interesse. Agora \u00e9 preparar-se para a quinta edi\u00e7\u00e3o no primeiro semestre de 2019 com muita surpresa e tema cativante! Agradecemos a todos os que participaram deste dia de gra\u00e7a e de b\u00ean\u00e7\u00e3os!<\/p>\n<p><strong>N\u00facleo de Pastoral Universit\u00e1ria da USF<\/strong><\/p>\n<p><img loading=\"lazy\" class=\"alignnone size-full wp-image-190280\" src=\"https:\/\/franciscanos.org.br\/noticias\/wp-content\/uploads\/2018\/11\/usf_131118_2.jpg\" alt=\"\" width=\"980\" height=\"513\" srcset=\"https:\/\/franciscanos.org.br\/noticias\/wp-content\/uploads\/2018\/11\/usf_131118_2.jpg 980w, https:\/\/franciscanos.org.br\/noticias\/wp-content\/uploads\/2018\/11\/usf_131118_2-450x236.jpg 450w, https:\/\/franciscanos.org.br\/noticias\/wp-content\/uploads\/2018\/11\/usf_131118_2-768x402.jpg 768w, https:\/\/franciscanos.org.br\/noticias\/wp-content\/uploads\/2018\/11\/usf_131118_2-150x79.jpg 150w\" sizes=\"(max-width: 980px) 100vw, 980px\" \/><\/p>\n","protected":false},"excerpt":{"rendered":"<p>Universidade S\u00e3o Francisco<\/p>\n","protected":false},"author":3,"featured_media":190278,"comment_status":"open","ping_status":"open","sticky":false,"template":"","format":"standard","meta":[],"categories":[1],"tags":[354],"acf":[],"yoast_head":"<!-- This site is optimized with the Yoast SEO plugin v19.2 - https:\/\/yoast.com\/wordpress\/plugins\/seo\/ -->\n<title>USF realiza o 4\u00ba Retiro Universit\u00e1rio - Not\u00edcias - Franciscanos<\/title>\n<meta name=\"robots\" content=\"index, follow, max-snippet:-1, max-image-preview:large, max-video-preview:-1\" \/>\n<link rel=\"canonical\" href=\"https:\/\/franciscanos.org.br\/noticias\/usf-realiza-o-4o-retiro-universitario.html\" \/>\n<meta property=\"og:locale\" content=\"pt_BR\" \/>\n<meta property=\"og:type\" content=\"article\" \/>\n<meta property=\"og:title\" content=\"USF realiza o 4\u00ba Retiro Universit\u00e1rio - Not\u00edcias - Franciscanos\" \/>\n<meta property=\"og:description\" content=\"Universidade S\u00e3o Francisco\" \/>\n<meta property=\"og:url\" content=\"https:\/\/franciscanos.org.br\/noticias\/usf-realiza-o-4o-retiro-universitario.html\" \/>\n<meta property=\"og:site_name\" content=\"Not\u00edcias - Franciscanos\" \/>\n<meta property=\"article:published_time\" content=\"2018-11-12T22:31:19+00:00\" \/>\n<meta property=\"article:modified_time\" content=\"2020-06-06T19:38:58+00:00\" \/>\n<meta property=\"og:image\" content=\"https:\/\/franciscanos.org.br\/noticias\/wp-content\/uploads\/2018\/11\/usf_131118_p.jpg\" \/>\n\t<meta property=\"og:image:width\" content=\"273\" \/>\n\t<meta property=\"og:image:height\" content=\"181\" \/>\n\t<meta property=\"og:image:type\" content=\"image\/jpeg\" \/>\n<meta name=\"author\" content=\"moacir\" \/>\n<meta name=\"twitter:card\" content=\"summary_large_image\" \/>\n<meta name=\"twitter:label1\" content=\"Escrito por\" \/>\n\t<meta name=\"twitter:data1\" content=\"moacir\" \/>\n\t<meta name=\"twitter:label2\" content=\"Est. tempo de leitura\" \/>\n\t<meta name=\"twitter:data2\" content=\"2 minutos\" \/>\n<script type=\"application\/ld+json\" class=\"yoast-schema-graph\">{\"@context\":\"https:\/\/schema.org\",\"@graph\":[{\"@type\":\"WebSite\",\"@id\":\"https:\/\/franciscanos.org.br\/noticias\/#website\",\"url\":\"https:\/\/franciscanos.org.br\/noticias\/\",\"name\":\"Not\u00edcias - Franciscanos\",\"description\":\"Prov\u00edncia Franciscana da Imaculada Concei\u00e7\u00e3o do Brasil - Ordem dos Frades Menores - OFM\",\"potentialAction\":[{\"@type\":\"SearchAction\",\"target\":{\"@type\":\"EntryPoint\",\"urlTemplate\":\"https:\/\/franciscanos.org.br\/noticias\/?s={search_term_string}\"},\"query-input\":\"required name=search_term_string\"}],\"inLanguage\":\"pt-BR\"},{\"@type\":\"ImageObject\",\"inLanguage\":\"pt-BR\",\"@id\":\"https:\/\/franciscanos.org.br\/noticias\/usf-realiza-o-4o-retiro-universitario.html#primaryimage\",\"url\":\"https:\/\/franciscanos.org.br\/noticias\/wp-content\/uploads\/2018\/11\/usf_131118_p.jpg\",\"contentUrl\":\"https:\/\/franciscanos.org.br\/noticias\/wp-content\/uploads\/2018\/11\/usf_131118_p.jpg\",\"width\":273,\"height\":181},{\"@type\":\"WebPage\",\"@id\":\"https:\/\/franciscanos.org.br\/noticias\/usf-realiza-o-4o-retiro-universitario.html#webpage\",\"url\":\"https:\/\/franciscanos.org.br\/noticias\/usf-realiza-o-4o-retiro-universitario.html\",\"name\":\"USF realiza o 4\u00ba Retiro Universit\u00e1rio - Not\u00edcias - Franciscanos\",\"isPartOf\":{\"@id\":\"https:\/\/franciscanos.org.br\/noticias\/#website\"},\"primaryImageOfPage\":{\"@id\":\"https:\/\/franciscanos.org.br\/noticias\/usf-realiza-o-4o-retiro-universitario.html#primaryimage\"},\"datePublished\":\"2018-11-12T22:31:19+00:00\",\"dateModified\":\"2020-06-06T19:38:58+00:00\",\"author\":{\"@id\":\"https:\/\/franciscanos.org.br\/noticias\/#\/schema\/person\/b5c8cba458c330ccff548b056e95a5d4\"},\"breadcrumb\":{\"@id\":\"https:\/\/franciscanos.org.br\/noticias\/usf-realiza-o-4o-retiro-universitario.html#breadcrumb\"},\"inLanguage\":\"pt-BR\",\"potentialAction\":[{\"@type\":\"ReadAction\",\"target\":[\"https:\/\/franciscanos.org.br\/noticias\/usf-realiza-o-4o-retiro-universitario.html\"]}]},{\"@type\":\"BreadcrumbList\",\"@id\":\"https:\/\/franciscanos.org.br\/noticias\/usf-realiza-o-4o-retiro-universitario.html#breadcrumb\",\"itemListElement\":[{\"@type\":\"ListItem\",\"position\":1,\"name\":\"Home\",\"item\":\"https:\/\/franciscanos.org.br\/noticias\"},{\"@type\":\"ListItem\",\"position\":2,\"name\":\"USF realiza o 4\u00ba Retiro Universit\u00e1rio\"}]},{\"@type\":\"Person\",\"@id\":\"https:\/\/franciscanos.org.br\/noticias\/#\/schema\/person\/b5c8cba458c330ccff548b056e95a5d4\",\"name\":\"moacir\",\"image\":{\"@type\":\"ImageObject\",\"inLanguage\":\"pt-BR\",\"@id\":\"https:\/\/franciscanos.org.br\/noticias\/#\/schema\/person\/image\/\",\"url\":\"https:\/\/secure.gravatar.com\/avatar\/d08aa2ce4c8dd416d4479aa8536fcf64?s=96&d=mm&r=g\",\"contentUrl\":\"https:\/\/secure.gravatar.com\/avatar\/d08aa2ce4c8dd416d4479aa8536fcf64?s=96&d=mm&r=g\",\"caption\":\"moacir\"},\"url\":\"https:\/\/franciscanos.org.br\/noticias\/author\/moacir\"}]}<\/script>\n<!-- \/ Yoast SEO plugin. -->","yoast_head_json":{"title":"USF realiza o 4\u00ba Retiro Universit\u00e1rio - Not\u00edcias - Franciscanos","robots":{"index":"index","follow":"follow","max-snippet":"max-snippet:-1","max-image-preview":"max-image-preview:large","max-video-preview":"max-video-preview:-1"},"canonical":"https:\/\/franciscanos.org.br\/noticias\/usf-realiza-o-4o-retiro-universitario.html","og_locale":"pt_BR","og_type":"article","og_title":"USF realiza o 4\u00ba Retiro Universit\u00e1rio - Not\u00edcias - Franciscanos","og_description":"Universidade S\u00e3o Francisco","og_url":"https:\/\/franciscanos.org.br\/noticias\/usf-realiza-o-4o-retiro-universitario.html","og_site_name":"Not\u00edcias - Franciscanos","article_published_time":"2018-11-12T22:31:19+00:00","article_modified_time":"2020-06-06T19:38:58+00:00","og_image":[{"width":273,"height":181,"url":"https:\/\/franciscanos.org.br\/noticias\/wp-content\/uploads\/2018\/11\/usf_131118_p.jpg","type":"image\/jpeg"}],"author":"moacir","twitter_card":"summary_large_image","twitter_misc":{"Escrito por":"moacir","Est. tempo de leitura":"2 minutos"},"schema":{"@context":"https:\/\/schema.org","@graph":[{"@type":"WebSite","@id":"https:\/\/franciscanos.org.br\/noticias\/#website","url":"https:\/\/franciscanos.org.br\/noticias\/","name":"Not\u00edcias - Franciscanos","description":"Prov\u00edncia Franciscana da Imaculada Concei\u00e7\u00e3o do Brasil - Ordem dos Frades Menores - OFM","potentialAction":[{"@type":"SearchAction","target":{"@type":"EntryPoint","urlTemplate":"https:\/\/franciscanos.org.br\/noticias\/?s={search_term_string}"},"query-input":"required name=search_term_string"}],"inLanguage":"pt-BR"},{"@type":"ImageObject","inLanguage":"pt-BR","@id":"https:\/\/franciscanos.org.br\/noticias\/usf-realiza-o-4o-retiro-universitario.html#primaryimage","url":"https:\/\/franciscanos.org.br\/noticias\/wp-content\/uploads\/2018\/11\/usf_131118_p.jpg","contentUrl":"https:\/\/franciscanos.org.br\/noticias\/wp-content\/uploads\/2018\/11\/usf_131118_p.jpg","width":273,"height":181},{"@type":"WebPage","@id":"https:\/\/franciscanos.org.br\/noticias\/usf-realiza-o-4o-retiro-universitario.html#webpage","url":"https:\/\/franciscanos.org.br\/noticias\/usf-realiza-o-4o-retiro-universitario.html","name":"USF realiza o 4\u00ba Retiro Universit\u00e1rio - Not\u00edcias - Franciscanos","isPartOf":{"@id":"https:\/\/franciscanos.org.br\/noticias\/#website"},"primaryImageOfPage":{"@id":"https:\/\/franciscanos.org.br\/noticias\/usf-realiza-o-4o-retiro-universitario.html#primaryimage"},"datePublished":"2018-11-12T22:31:19+00:00","dateModified":"2020-06-06T19:38:58+00:00","author":{"@id":"https:\/\/franciscanos.org.br\/noticias\/#\/schema\/person\/b5c8cba458c330ccff548b056e95a5d4"},"breadcrumb":{"@id":"https:\/\/franciscanos.org.br\/noticias\/usf-realiza-o-4o-retiro-universitario.html#breadcrumb"},"inLanguage":"pt-BR","potentialAction":[{"@type":"ReadAction","target":["https:\/\/franciscanos.org.br\/noticias\/usf-realiza-o-4o-retiro-universitario.html"]}]},{"@type":"BreadcrumbList","@id":"https:\/\/franciscanos.org.br\/noticias\/usf-realiza-o-4o-retiro-universitario.html#breadcrumb","itemListElement":[{"@type":"ListItem","position":1,"name":"Home","item":"https:\/\/franciscanos.org.br\/noticias"},{"@type":"ListItem","position":2,"name":"USF realiza o 4\u00ba Retiro Universit\u00e1rio"}]},{"@type":"Person","@id":"https:\/\/franciscanos.org.br\/noticias\/#\/schema\/person\/b5c8cba458c330ccff548b056e95a5d4","name":"moacir","image":{"@type":"ImageObject","inLanguage":"pt-BR","@id":"https:\/\/franciscanos.org.br\/noticias\/#\/schema\/person\/image\/","url":"https:\/\/secure.gravatar.com\/avatar\/d08aa2ce4c8dd416d4479aa8536fcf64?s=96&d=mm&r=g","contentUrl":"https:\/\/secure.gravatar.com\/avatar\/d08aa2ce4c8dd416d4479aa8536fcf64?s=96&d=mm&r=g","caption":"moacir"},"url":"https:\/\/franciscanos.org.br\/noticias\/author\/moacir"}]}},"_links":{"self":[{"href":"https:\/\/franciscanos.org.br\/noticias\/wp-json\/wp\/v2\/posts\/190276"}],"collection":[{"href":"https:\/\/franciscanos.org.br\/noticias\/wp-json\/wp\/v2\/posts"}],"about":[{"href":"https:\/\/franciscanos.org.br\/noticias\/wp-json\/wp\/v2\/types\/post"}],"author":[{"embeddable":true,"href":"https:\/\/franciscanos.org.br\/noticias\/wp-json\/wp\/v2\/users\/3"}],"replies":[{"embeddable":true,"href":"https:\/\/franciscanos.org.br\/noticias\/wp-json\/wp\/v2\/comments?post=190276"}],"version-history":[{"count":1,"href":"https:\/\/franciscanos.org.br\/noticias\/wp-json\/wp\/v2\/posts\/190276\/revisions"}],"predecessor-version":[{"id":224694,"href":"https:\/\/franciscanos.org.br\/noticias\/wp-json\/wp\/v2\/posts\/190276\/revisions\/224694"}],"wp:featuredmedia":[{"embeddable":true,"href":"https:\/\/franciscanos.org.br\/noticias\/wp-json\/wp\/v2\/media\/190278"}],"wp:attachment":[{"href":"https:\/\/franciscanos.org.br\/noticias\/wp-json\/wp\/v2\/media?parent=190276"}],"wp:term":[{"taxonomy":"category","embeddable":true,"href":"https:\/\/franciscanos.org.br\/noticias\/wp-json\/wp\/v2\/categories?post=190276"},{"taxonomy":"post_tag","embeddable":true,"href":"https:\/\/franciscanos.org.br\/noticias\/wp-json\/wp\/v2\/tags?post=190276"}],"curies":[{"name":"wp","href":"https:\/\/api.w.org\/{rel}","templated":true}]}}