{"id":190168,"date":"2018-11-12T17:00:50","date_gmt":"2018-11-12T19:00:50","guid":{"rendered":"http:\/\/franciscanos.org.br\/noticias\/?p=190168"},"modified":"2020-07-17T23:33:56","modified_gmt":"2020-07-18T02:33:56","slug":"provincia-da-imaculada-conceicao-lanca-novo-portal","status":"publish","type":"post","link":"https:\/\/franciscanos.org.br\/noticias\/provincia-da-imaculada-conceicao-lanca-novo-portal.html","title":{"rendered":"Prov\u00edncia da Imaculada Concei\u00e7\u00e3o lan\u00e7a novo Portal"},"content":{"rendered":"<p><img loading=\"lazy\" class=\"wp-image-190179  aligncenter\" src=\"http:\/\/franciscanos.org.br\/noticias\/wp-content\/uploads\/2018\/11\/chamada_lancamento.jpg\" alt=\"\" width=\"825\" height=\"337\" srcset=\"https:\/\/franciscanos.org.br\/noticias\/wp-content\/uploads\/2018\/11\/chamada_lancamento.jpg 858w, https:\/\/franciscanos.org.br\/noticias\/wp-content\/uploads\/2018\/11\/chamada_lancamento-450x184.jpg 450w, https:\/\/franciscanos.org.br\/noticias\/wp-content\/uploads\/2018\/11\/chamada_lancamento-768x313.jpg 768w, https:\/\/franciscanos.org.br\/noticias\/wp-content\/uploads\/2018\/11\/chamada_lancamento-150x61.jpg 150w\" sizes=\"(max-width: 825px) 100vw, 825px\" \/><\/p>\n<p style=\"font-weight: 400;\">Nossa Prov\u00edncia Franciscana da Imaculada Concei\u00e7\u00e3o do Brasil tem a alegria de apresentar este novo site. Trata-se de um canal de comunica\u00e7\u00e3o planejado com muito carinho para oferecer praticidade e facilidade na navega\u00e7\u00e3o, adequando-se a diferentes plataformas.\u00a0O projeto mais uma vez foi desenvolvido em parceria com a Ag\u00eancia Minha Par\u00f3quia com o objetivo de atualiz\u00e1-lo ao que h\u00e1 de mais moderno em tecnologia e apresenta\u00e7\u00e3o de conte\u00fado.<\/p>\n<p style=\"font-weight: 400;\">A organiza\u00e7\u00e3o da Prov\u00edncia em suas cinco frentes de Evangeliza\u00e7\u00e3o (Comunica\u00e7\u00e3o, Educa\u00e7\u00e3o, Miss\u00e3o, Par\u00f3quias e Santu\u00e1rios e Solidariedade com os empobrecidos) tamb\u00e9m est\u00e1 contemplada nesta nova apresenta\u00e7\u00e3o. Acompanhando as tend\u00eancias da linguagem multim\u00eddia, o novo site tamb\u00e9m privilegia o conte\u00fado audiovisual sem perder, no entanto, a relev\u00e2ncia e a profundidade dos textos que oferece.\u00a0E \u00e9 100% responsivo, adapt\u00e1vel a celulares e tablets.<\/p>\n<p style=\"font-weight: 400;\">Conscientes de que, mais do que um instrumento, a rede se destaca como verdadeiro ambiente, nosso desejo \u00e9 que voc\u00ea se sinta realmente em casa ao navegar em nosso site. Tudo foi preparado pensando em voc\u00ea e nosso desejo \u00e9 t\u00ea-lo como parceiro na busca de levar Paz e Bem a todos.<\/p>\n<p style=\"font-weight: 400;\"><strong>Frei Gustavo Medella e equipe<\/strong><\/p>\n<p><iframe loading=\"lazy\" src=\"https:\/\/www.youtube.com\/embed\/jMLnsliYGfc\" width=\"100%\" height=\"480\" frameborder=\"0\" allowfullscreen=\"allowfullscreen\"><span data-mce-type=\"bookmark\" style=\"display: inline-block; width: 0px; overflow: hidden; line-height: 0;\" class=\"mce_SELRES_start\">\ufeff<\/span><\/iframe><\/p>\n","protected":false},"excerpt":{"rendered":"<p>Franciscanos<\/p>\n","protected":false},"author":5,"featured_media":205071,"comment_status":"open","ping_status":"open","sticky":false,"template":"","format":"standard","meta":[],"categories":[1],"tags":[323,40],"acf":[],"yoast_head":"<!-- This site is optimized with the Yoast SEO plugin v19.2 - https:\/\/yoast.com\/wordpress\/plugins\/seo\/ -->\n<title>Prov\u00edncia da Imaculada Concei\u00e7\u00e3o lan\u00e7a novo Portal - Not\u00edcias - Franciscanos<\/title>\n<meta name=\"robots\" content=\"index, follow, max-snippet:-1, max-image-preview:large, max-video-preview:-1\" \/>\n<link rel=\"canonical\" href=\"https:\/\/franciscanos.org.br\/noticias\/provincia-da-imaculada-conceicao-lanca-novo-portal.html\" \/>\n<meta property=\"og:locale\" content=\"pt_BR\" \/>\n<meta property=\"og:type\" content=\"article\" \/>\n<meta property=\"og:title\" content=\"Prov\u00edncia da Imaculada Concei\u00e7\u00e3o lan\u00e7a novo Portal - Not\u00edcias - Franciscanos\" \/>\n<meta property=\"og:description\" content=\"Franciscanos\" \/>\n<meta property=\"og:url\" content=\"https:\/\/franciscanos.org.br\/noticias\/provincia-da-imaculada-conceicao-lanca-novo-portal.html\" \/>\n<meta property=\"og:site_name\" content=\"Not\u00edcias - Franciscanos\" \/>\n<meta property=\"article:published_time\" content=\"2018-11-12T19:00:50+00:00\" \/>\n<meta property=\"article:modified_time\" content=\"2020-07-18T02:33:56+00:00\" \/>\n<meta property=\"og:image\" content=\"https:\/\/franciscanos.org.br\/noticias\/wp-content\/uploads\/2018\/11\/chamada_lancamento-1.jpg\" \/>\n\t<meta property=\"og:image:width\" content=\"273\" \/>\n\t<meta property=\"og:image:height\" content=\"181\" \/>\n\t<meta property=\"og:image:type\" content=\"image\/jpeg\" \/>\n<meta name=\"author\" content=\"freiaugusto\" \/>\n<meta name=\"twitter:card\" content=\"summary_large_image\" \/>\n<meta name=\"twitter:label1\" content=\"Escrito por\" \/>\n\t<meta name=\"twitter:data1\" content=\"freiaugusto\" \/>\n\t<meta name=\"twitter:label2\" content=\"Est. tempo de leitura\" \/>\n\t<meta name=\"twitter:data2\" content=\"1 minuto\" \/>\n<script type=\"application\/ld+json\" class=\"yoast-schema-graph\">{\"@context\":\"https:\/\/schema.org\",\"@graph\":[{\"@type\":\"WebSite\",\"@id\":\"https:\/\/franciscanos.org.br\/noticias\/#website\",\"url\":\"https:\/\/franciscanos.org.br\/noticias\/\",\"name\":\"Not\u00edcias - Franciscanos\",\"description\":\"Prov\u00edncia Franciscana da Imaculada Concei\u00e7\u00e3o do Brasil - Ordem dos Frades Menores - OFM\",\"potentialAction\":[{\"@type\":\"SearchAction\",\"target\":{\"@type\":\"EntryPoint\",\"urlTemplate\":\"https:\/\/franciscanos.org.br\/noticias\/?s={search_term_string}\"},\"query-input\":\"required name=search_term_string\"}],\"inLanguage\":\"pt-BR\"},{\"@type\":\"ImageObject\",\"inLanguage\":\"pt-BR\",\"@id\":\"https:\/\/franciscanos.org.br\/noticias\/provincia-da-imaculada-conceicao-lanca-novo-portal.html#primaryimage\",\"url\":\"https:\/\/franciscanos.org.br\/noticias\/wp-content\/uploads\/2018\/11\/chamada_lancamento-1.jpg\",\"contentUrl\":\"https:\/\/franciscanos.org.br\/noticias\/wp-content\/uploads\/2018\/11\/chamada_lancamento-1.jpg\",\"width\":273,\"height\":181},{\"@type\":\"WebPage\",\"@id\":\"https:\/\/franciscanos.org.br\/noticias\/provincia-da-imaculada-conceicao-lanca-novo-portal.html#webpage\",\"url\":\"https:\/\/franciscanos.org.br\/noticias\/provincia-da-imaculada-conceicao-lanca-novo-portal.html\",\"name\":\"Prov\u00edncia da Imaculada Concei\u00e7\u00e3o lan\u00e7a novo Portal - Not\u00edcias - Franciscanos\",\"isPartOf\":{\"@id\":\"https:\/\/franciscanos.org.br\/noticias\/#website\"},\"primaryImageOfPage\":{\"@id\":\"https:\/\/franciscanos.org.br\/noticias\/provincia-da-imaculada-conceicao-lanca-novo-portal.html#primaryimage\"},\"datePublished\":\"2018-11-12T19:00:50+00:00\",\"dateModified\":\"2020-07-18T02:33:56+00:00\",\"author\":{\"@id\":\"https:\/\/franciscanos.org.br\/noticias\/#\/schema\/person\/37f88f0d111cd5358b12a6556a99eb91\"},\"breadcrumb\":{\"@id\":\"https:\/\/franciscanos.org.br\/noticias\/provincia-da-imaculada-conceicao-lanca-novo-portal.html#breadcrumb\"},\"inLanguage\":\"pt-BR\",\"potentialAction\":[{\"@type\":\"ReadAction\",\"target\":[\"https:\/\/franciscanos.org.br\/noticias\/provincia-da-imaculada-conceicao-lanca-novo-portal.html\"]}]},{\"@type\":\"BreadcrumbList\",\"@id\":\"https:\/\/franciscanos.org.br\/noticias\/provincia-da-imaculada-conceicao-lanca-novo-portal.html#breadcrumb\",\"itemListElement\":[{\"@type\":\"ListItem\",\"position\":1,\"name\":\"Home\",\"item\":\"https:\/\/franciscanos.org.br\/noticias\"},{\"@type\":\"ListItem\",\"position\":2,\"name\":\"Prov\u00edncia da Imaculada Concei\u00e7\u00e3o lan\u00e7a novo Portal\"}]},{\"@type\":\"Person\",\"@id\":\"https:\/\/franciscanos.org.br\/noticias\/#\/schema\/person\/37f88f0d111cd5358b12a6556a99eb91\",\"name\":\"freiaugusto\",\"image\":{\"@type\":\"ImageObject\",\"inLanguage\":\"pt-BR\",\"@id\":\"https:\/\/franciscanos.org.br\/noticias\/#\/schema\/person\/image\/\",\"url\":\"https:\/\/secure.gravatar.com\/avatar\/9840b940e621801b24f3e6b059efb4b7?s=96&d=mm&r=g\",\"contentUrl\":\"https:\/\/secure.gravatar.com\/avatar\/9840b940e621801b24f3e6b059efb4b7?s=96&d=mm&r=g\",\"caption\":\"freiaugusto\"},\"url\":\"https:\/\/franciscanos.org.br\/noticias\/author\/freiaugusto\"}]}<\/script>\n<!-- \/ Yoast SEO plugin. -->","yoast_head_json":{"title":"Prov\u00edncia da Imaculada Concei\u00e7\u00e3o lan\u00e7a novo Portal - Not\u00edcias - Franciscanos","robots":{"index":"index","follow":"follow","max-snippet":"max-snippet:-1","max-image-preview":"max-image-preview:large","max-video-preview":"max-video-preview:-1"},"canonical":"https:\/\/franciscanos.org.br\/noticias\/provincia-da-imaculada-conceicao-lanca-novo-portal.html","og_locale":"pt_BR","og_type":"article","og_title":"Prov\u00edncia da Imaculada Concei\u00e7\u00e3o lan\u00e7a novo Portal - Not\u00edcias - Franciscanos","og_description":"Franciscanos","og_url":"https:\/\/franciscanos.org.br\/noticias\/provincia-da-imaculada-conceicao-lanca-novo-portal.html","og_site_name":"Not\u00edcias - Franciscanos","article_published_time":"2018-11-12T19:00:50+00:00","article_modified_time":"2020-07-18T02:33:56+00:00","og_image":[{"width":273,"height":181,"url":"https:\/\/franciscanos.org.br\/noticias\/wp-content\/uploads\/2018\/11\/chamada_lancamento-1.jpg","type":"image\/jpeg"}],"author":"freiaugusto","twitter_card":"summary_large_image","twitter_misc":{"Escrito por":"freiaugusto","Est. tempo de leitura":"1 minuto"},"schema":{"@context":"https:\/\/schema.org","@graph":[{"@type":"WebSite","@id":"https:\/\/franciscanos.org.br\/noticias\/#website","url":"https:\/\/franciscanos.org.br\/noticias\/","name":"Not\u00edcias - Franciscanos","description":"Prov\u00edncia Franciscana da Imaculada Concei\u00e7\u00e3o do Brasil - Ordem dos Frades Menores - OFM","potentialAction":[{"@type":"SearchAction","target":{"@type":"EntryPoint","urlTemplate":"https:\/\/franciscanos.org.br\/noticias\/?s={search_term_string}"},"query-input":"required name=search_term_string"}],"inLanguage":"pt-BR"},{"@type":"ImageObject","inLanguage":"pt-BR","@id":"https:\/\/franciscanos.org.br\/noticias\/provincia-da-imaculada-conceicao-lanca-novo-portal.html#primaryimage","url":"https:\/\/franciscanos.org.br\/noticias\/wp-content\/uploads\/2018\/11\/chamada_lancamento-1.jpg","contentUrl":"https:\/\/franciscanos.org.br\/noticias\/wp-content\/uploads\/2018\/11\/chamada_lancamento-1.jpg","width":273,"height":181},{"@type":"WebPage","@id":"https:\/\/franciscanos.org.br\/noticias\/provincia-da-imaculada-conceicao-lanca-novo-portal.html#webpage","url":"https:\/\/franciscanos.org.br\/noticias\/provincia-da-imaculada-conceicao-lanca-novo-portal.html","name":"Prov\u00edncia da Imaculada Concei\u00e7\u00e3o lan\u00e7a novo Portal - Not\u00edcias - Franciscanos","isPartOf":{"@id":"https:\/\/franciscanos.org.br\/noticias\/#website"},"primaryImageOfPage":{"@id":"https:\/\/franciscanos.org.br\/noticias\/provincia-da-imaculada-conceicao-lanca-novo-portal.html#primaryimage"},"datePublished":"2018-11-12T19:00:50+00:00","dateModified":"2020-07-18T02:33:56+00:00","author":{"@id":"https:\/\/franciscanos.org.br\/noticias\/#\/schema\/person\/37f88f0d111cd5358b12a6556a99eb91"},"breadcrumb":{"@id":"https:\/\/franciscanos.org.br\/noticias\/provincia-da-imaculada-conceicao-lanca-novo-portal.html#breadcrumb"},"inLanguage":"pt-BR","potentialAction":[{"@type":"ReadAction","target":["https:\/\/franciscanos.org.br\/noticias\/provincia-da-imaculada-conceicao-lanca-novo-portal.html"]}]},{"@type":"BreadcrumbList","@id":"https:\/\/franciscanos.org.br\/noticias\/provincia-da-imaculada-conceicao-lanca-novo-portal.html#breadcrumb","itemListElement":[{"@type":"ListItem","position":1,"name":"Home","item":"https:\/\/franciscanos.org.br\/noticias"},{"@type":"ListItem","position":2,"name":"Prov\u00edncia da Imaculada Concei\u00e7\u00e3o lan\u00e7a novo Portal"}]},{"@type":"Person","@id":"https:\/\/franciscanos.org.br\/noticias\/#\/schema\/person\/37f88f0d111cd5358b12a6556a99eb91","name":"freiaugusto","image":{"@type":"ImageObject","inLanguage":"pt-BR","@id":"https:\/\/franciscanos.org.br\/noticias\/#\/schema\/person\/image\/","url":"https:\/\/secure.gravatar.com\/avatar\/9840b940e621801b24f3e6b059efb4b7?s=96&d=mm&r=g","contentUrl":"https:\/\/secure.gravatar.com\/avatar\/9840b940e621801b24f3e6b059efb4b7?s=96&d=mm&r=g","caption":"freiaugusto"},"url":"https:\/\/franciscanos.org.br\/noticias\/author\/freiaugusto"}]}},"_links":{"self":[{"href":"https:\/\/franciscanos.org.br\/noticias\/wp-json\/wp\/v2\/posts\/190168"}],"collection":[{"href":"https:\/\/franciscanos.org.br\/noticias\/wp-json\/wp\/v2\/posts"}],"about":[{"href":"https:\/\/franciscanos.org.br\/noticias\/wp-json\/wp\/v2\/types\/post"}],"author":[{"embeddable":true,"href":"https:\/\/franciscanos.org.br\/noticias\/wp-json\/wp\/v2\/users\/5"}],"replies":[{"embeddable":true,"href":"https:\/\/franciscanos.org.br\/noticias\/wp-json\/wp\/v2\/comments?post=190168"}],"version-history":[{"count":3,"href":"https:\/\/franciscanos.org.br\/noticias\/wp-json\/wp\/v2\/posts\/190168\/revisions"}],"predecessor-version":[{"id":227110,"href":"https:\/\/franciscanos.org.br\/noticias\/wp-json\/wp\/v2\/posts\/190168\/revisions\/227110"}],"wp:featuredmedia":[{"embeddable":true,"href":"https:\/\/franciscanos.org.br\/noticias\/wp-json\/wp\/v2\/media\/205071"}],"wp:attachment":[{"href":"https:\/\/franciscanos.org.br\/noticias\/wp-json\/wp\/v2\/media?parent=190168"}],"wp:term":[{"taxonomy":"category","embeddable":true,"href":"https:\/\/franciscanos.org.br\/noticias\/wp-json\/wp\/v2\/categories?post=190168"},{"taxonomy":"post_tag","embeddable":true,"href":"https:\/\/franciscanos.org.br\/noticias\/wp-json\/wp\/v2\/tags?post=190168"}],"curies":[{"name":"wp","href":"https:\/\/api.w.org\/{rel}","templated":true}]}}