{"id":19014,"date":"2012-06-12T07:34:05","date_gmt":"2012-06-12T10:34:05","guid":{"rendered":"http:\/\/new.franciscanos.org.br\/?p=19014"},"modified":"2020-11-09T16:13:14","modified_gmt":"2020-11-09T19:13:14","slug":"frei-almir-pergunta-que-familia-queremos-em-curitiba","status":"publish","type":"post","link":"https:\/\/franciscanos.org.br\/noticias\/frei-almir-pergunta-que-familia-queremos-em-curitiba.html","title":{"rendered":"Tr\u00edduo de Santo Ant\u00f4nio: Frei Almir pergunta &#8220;que fam\u00edlia queremos?&#8221;"},"content":{"rendered":"<p><a href=\"http:\/\/franciscanos.org.br\/wp-content\/uploads\/2012\/06\/2522_120612.jpg\"><img loading=\"lazy\" class=\"alignright size-full wp-image-19022\" title=\"2522_120612\" src=\"http:\/\/franciscanos.org.br\/wp-content\/uploads\/2012\/06\/2522_120612.jpg\" alt=\"\" width=\"400\" height=\"533\" \/><\/a>\u201cQue fam\u00edlia queremos?\u201d foi o tema escolhido pelo pregador Frei Almir Ribeiro Guimar\u00e3es no Tr\u00edduo de Santo Ant\u00f4nio na Igreja Bom Jesus dos Perd\u00f5es, em Curitiba (PR), nesta segunda-feira (11\/06).\u00a0 Confira esta prega\u00e7\u00e3o na \u00edntegra:<\/p>\n<p><strong>QUE FAM\u00cdLIA QUEREMOS?<\/strong><\/p>\n<p>Neste dias, em prepara\u00e7\u00e3o para a festa de Santo Ant\u00f4nio, queremos fazer algumas\u00a0 reflex\u00f5es a respeito da fam\u00edlia. O tema \u00e9 delicado e complexo. Santo Ant\u00f4nio, padroeiro dos namorados, certamente protege tamb\u00e9m nossas fam\u00edlias.<\/p>\n<p><strong>1.<\/strong> Acreditamos na fam\u00edlia. Temos a mais profunda convic\u00e7\u00e3o de que ela \u00e9 \u00a0ber\u00e7o da humanidade, escola de solidariedade, lugar de encontro de pessoas, espa\u00e7o de aprendizado das realidades elementares da vida,\u00a0 lugar onde podemos encontrar o rosto de Deus. Jo\u00e3o Paulo II dizia, com toda raz\u00e3o, que \u201co futuro da humanidade passa pela fam\u00edlia\u201d.<\/p>\n<p><strong>2.<\/strong> Mas que fam\u00edlia queremos? N\u00e3o defendemos qualquer contrato ou cons\u00f3rcio.\u00a0 A fam\u00edlia n\u00e3o \u00e9 uma fatalidade, nem camisa de for\u00e7a. Os que se casam respondem a um chamamento da vida e de Deus para serem esposos e pais. H\u00e1 uma voca\u00e7\u00e3o para ser marido e mulher, pai e m\u00e3e.\u00a0 A fam\u00edlia \u00e9 comunidade de vida e de amor, espa\u00e7o de comunh\u00e3o de pessoas, \u00e2mbito de profundo e efetivo bem-querer.\u00a0 A fam\u00edlia nasce e se funda no encontro de um homem e de uma mulher relativamente\u00a0 maduros, na indiz\u00edvel experi\u00eancia de um amor n\u00e3o interesseiro, homem e mulher conscientes da grandeza e do mist\u00e9rio de sua uni\u00e3o e da fam\u00edlia que fundam. A fam\u00edlia \u00e9 toda humana e tem cores divinas.<\/p>\n<p><strong>3.<\/strong> \u201cN\u00e3o \u00e9 bom que o homem viva s\u00f3\u201d. Essa afirma\u00e7\u00e3o das primeiras p\u00e1ginas da B\u00edblia \u00e9 fundamental. \u00a0O ser humano masculino busca o ser humano feminino. Os dois se encontram e come\u00e7am a viver a aventura do\u00a0 casamento e da fam\u00edlia.\u00a0 Ningu\u00e9m se casa para ser feliz, mas para viver a aventura do amor. Pai e m\u00e3e, esposo e esposa, av\u00f4 e av\u00f3, tios e primos, doentes e sadios, novos e idosos\u00a0 constituem esta c\u00e9lula b\u00e1sica da sociedade e primeira Igreja, a Igreja do lar.<\/p>\n<p><strong>4.<\/strong> Os que se casam tra\u00e7am em grandes linhas um projeto de vida. N\u00e3o se unem de qualquer modo, sem len\u00e7o, sem documento, sem compromisso. Os que unem se escolhem e dizem um sim decidido,\u00a0 generoso, pensado e sincero. N\u00e3o se trata de uma empreitada fugaz, mas uma escolha de vida que envolve outras vidas e outras hist\u00f3rias, por isso marcada com\u00a0 tintas de perpetuidade. Tudo \u00e9 inaugurado com um <em>quero<\/em> que colorir\u00e1 toda a vida conjugal e familiar. Os que se casam s\u00e3o pessoas fortemente empenhadas na fidelidade.<\/p>\n<p><strong>5.<\/strong> H\u00e1 um projeto conjugal. S\u00e3o pensadas e tra\u00e7adas as linhas de aten\u00e7\u00e3o e de profunda estima pelo c\u00f4njuge. Tal projeto pede amor, por vezes ren\u00fancia, desdobramentos de m\u00fatuas aten\u00e7\u00f5es. N\u00e3o se coloca no projeto a separa\u00e7\u00e3o. Ningu\u00e9m se casa na eventualidade da separa\u00e7\u00e3o. N\u00e3o se descarta uma pessoa como algu\u00e9m se livra de um par de chinelos.\u00a0 O projeto conjugal comporta revis\u00f5es e requer reorienta\u00e7\u00f5es de rota, sempre tendo como pano de fundo um profundo bem-querer.\u00a0 Este pode se resumir na ausculta\u00e7\u00e3o dos desejos mais profundos de um ser que resolveu partilhar a vida com um e outro. Esse outro \u00e9 cidad\u00e3o da terra e peregrino para a gl\u00f3ria.<\/p>\n<p><strong>6.<\/strong> H\u00e1 o projeto dos filhos.\u00a0 Os que se casam s\u00e3o administradores da vida, colaboradores da cria\u00e7\u00e3o de Deus.\u00a0 Resolvem colocar filhos no mundo e cuidar deles com pertin\u00e1cia, dilig\u00eancia e um grande bem-querer. Os filhos n\u00e3o s\u00e3o coisas, mas dom de Deus aos pais e ao mundo.\u00a0 Nossas crian\u00e7as n\u00e3o podem ficar entregues a si mesmas, formadas apenas pela televis\u00e3o e pelas salas de bate-papo. N\u00e3o podem ser restos e trapos humanos. Os pais s\u00e3o os primeiros e fundamentais educadores dos filhos. A escola n\u00e3o substitui os pais. No momento atual de fragiliza\u00e7\u00e3o das\u00a0 fam\u00edlias,\u00a0 nossas escolas precisariam ser espa\u00e7os de forma\u00e7\u00e3o de homens de car\u00e1ter.<\/p>\n<p><strong>7.<\/strong> H\u00e1 um projeto conjugal e familiar pautado na f\u00e9 crist\u00e3. A vida conjugal come\u00e7a com o sacramento do matrim\u00f4nio. Cristo, esposo suspenso entre o c\u00e9u e a terra, se imiscui no amor de um homem e de uma mulher. A alian\u00e7a de Cristo se concretiza na alian\u00e7a dos esposos. Os que se casam e colocam os filhos no mundo iluminam suas vidas, seus dias com a claridade que v\u00eam do mist\u00e9rio de Cristo Jesus. H\u00e1 uma espiritualidade conjugal e familiar que precisa ser cuidadosamente desenvolvida. A fam\u00edlia n\u00e3o \u00e9 pens\u00e3o, nem hotel,\u00a0 mas Igreja dom\u00e9stica.<\/p>\n<p><strong>8.<\/strong> Queremos fam\u00edlias que n\u00e3o se deixem entorpecer pelo consumismo, pelo desejo de posse, sempre de novas posses, carro novo, roupa nova, tudo descart\u00e1vel. Queremos uma fam\u00edlia que tenha senso cr\u00edtico, que questione o mundo presente \u00e0 sua volta, mundo de indiferen\u00e7a, mundo alienado, mundo sem metas e ideais, mundo que defende o desfrutar ego\u00edsta de tudo e que se desinteressa por todos os gritos e anseios dos cora\u00e7\u00f5es dos outros, mundo louco que n\u00e3o tem escr\u00fapulos de aliciar adolescentes e jovens para o t\u00e9trico mundo da depend\u00eancia qu\u00edmica. Queremos uma fam\u00edlia que permita que seus filhos sejam gente, pessoas de p\u00e9 e n\u00e3o meros rob\u00f4s de uma sociedade doente.<\/p>\n<p><strong>9.<\/strong> Desejamos fam\u00edlias abertas ao mundo e a outras fam\u00edlias. N\u00e3o basta que casais se encontrem com casais para falar de coisas quase banais. H\u00e1 uma interpend\u00eancia entre as fam\u00edlias que precisa ser cultivada em encontros s\u00e9rios, s\u00f3lidos, cheios de discernimento e iluminados pelo Esp\u00edrito Santo, que mostra caminhos novos para o mundo.<\/p>\n<p><strong>10.<\/strong> Queremos uma fam\u00edlia que tenha a delicadeza de buscar a Deus, que se re\u00fana em torno da mesa das refei\u00e7\u00f5es e da Palavra do Senhor, pessoas que, aos poucos, v\u00e3o aprendendo a se vestir das virtudes da ajuda m\u00fatua, do servi\u00e7o, da aten\u00e7\u00e3o e do carinho de uns pelos outros.\u00a0 Queremos fam\u00edlias que ofere\u00e7am a hospitalidade do cora\u00e7\u00e3o.]<\/p>\n<p><strong>11.<\/strong> Pensamos numa fam\u00edlia que tenha respeito pela vida muito especial pelas crian\u00e7as que ainda n\u00e3o nasceram, respeito pela pureza das crian\u00e7as que n\u00e3o podem ser abusadas sexualmente, respeito pelos idosos.<\/p>\n<p><strong>12.<\/strong> H\u00e1 muitos que sofrem no seio de nossas fam\u00edlias. H\u00e1 casamentos que come\u00e7aram mal e mal continuaram. H\u00e1 paix\u00f5es secretas eternamente ocultadas. H\u00e1 arranh\u00f5es que ardem e feridas que se recusam a cicatrizar. H\u00e1 crian\u00e7as sozinhas esperando um olhar de ternura, um meio e suave afago que n\u00e3o lhes podem ser negado. H\u00e1 casais profundamente unidos no sol e na chuva, na alegria e na tristeza, no seio de uma fam\u00edlia que \u00e9 tamb\u00e9m hospedaria\u00a0 de Deus que sonhou com o casal e a fam\u00edlia.<\/p>\n<p><strong>Por Frei Almir Ribeiro Guimar\u00e3es<\/strong><\/p>\n","protected":false},"excerpt":{"rendered":"<p>Tr\u00edduo de Santo Ant\u00f4nio<\/p>\n","protected":false},"author":1,"featured_media":204315,"comment_status":"open","ping_status":"open","sticky":false,"template":"","format":"standard","meta":[],"categories":[1],"tags":[58,640],"acf":[],"yoast_head":"<!-- This site is optimized with the Yoast SEO plugin v19.2 - https:\/\/yoast.com\/wordpress\/plugins\/seo\/ -->\n<title>Tr\u00edduo de Santo Ant\u00f4nio: Frei Almir pergunta &quot;que fam\u00edlia queremos?&quot; - Not\u00edcias - Franciscanos<\/title>\n<meta name=\"robots\" content=\"index, follow, max-snippet:-1, max-image-preview:large, max-video-preview:-1\" \/>\n<link rel=\"canonical\" href=\"https:\/\/franciscanos.org.br\/noticias\/frei-almir-pergunta-que-familia-queremos-em-curitiba.html\" \/>\n<meta property=\"og:locale\" content=\"pt_BR\" \/>\n<meta property=\"og:type\" content=\"article\" \/>\n<meta property=\"og:title\" content=\"Tr\u00edduo de Santo Ant\u00f4nio: Frei Almir pergunta &quot;que fam\u00edlia queremos?&quot; - Not\u00edcias - Franciscanos\" \/>\n<meta property=\"og:description\" content=\"Tr\u00edduo de Santo Ant\u00f4nio\" \/>\n<meta property=\"og:url\" content=\"https:\/\/franciscanos.org.br\/noticias\/frei-almir-pergunta-que-familia-queremos-em-curitiba.html\" \/>\n<meta property=\"og:site_name\" content=\"Not\u00edcias - Franciscanos\" \/>\n<meta property=\"article:published_time\" content=\"2012-06-12T10:34:05+00:00\" \/>\n<meta property=\"article:modified_time\" content=\"2020-11-09T19:13:14+00:00\" \/>\n<meta property=\"og:image\" content=\"https:\/\/franciscanos.org.br\/noticias\/wp-content\/uploads\/2012\/06\/2522_120612.jpg\" \/>\n\t<meta property=\"og:image:width\" content=\"273\" \/>\n\t<meta property=\"og:image:height\" content=\"181\" \/>\n\t<meta property=\"og:image:type\" content=\"image\/jpeg\" \/>\n<meta name=\"author\" content=\"admin\" \/>\n<meta name=\"twitter:card\" content=\"summary_large_image\" \/>\n<meta name=\"twitter:label1\" content=\"Escrito por\" \/>\n\t<meta name=\"twitter:data1\" content=\"admin\" \/>\n\t<meta name=\"twitter:label2\" content=\"Est. tempo de leitura\" \/>\n\t<meta name=\"twitter:data2\" content=\"6 minutos\" \/>\n<script type=\"application\/ld+json\" class=\"yoast-schema-graph\">{\"@context\":\"https:\/\/schema.org\",\"@graph\":[{\"@type\":\"WebSite\",\"@id\":\"https:\/\/franciscanos.org.br\/noticias\/#website\",\"url\":\"https:\/\/franciscanos.org.br\/noticias\/\",\"name\":\"Not\u00edcias - Franciscanos\",\"description\":\"Prov\u00edncia Franciscana da Imaculada Concei\u00e7\u00e3o do Brasil - Ordem dos Frades Menores - OFM\",\"potentialAction\":[{\"@type\":\"SearchAction\",\"target\":{\"@type\":\"EntryPoint\",\"urlTemplate\":\"https:\/\/franciscanos.org.br\/noticias\/?s={search_term_string}\"},\"query-input\":\"required name=search_term_string\"}],\"inLanguage\":\"pt-BR\"},{\"@type\":\"ImageObject\",\"inLanguage\":\"pt-BR\",\"@id\":\"https:\/\/franciscanos.org.br\/noticias\/frei-almir-pergunta-que-familia-queremos-em-curitiba.html#primaryimage\",\"url\":\"https:\/\/franciscanos.org.br\/noticias\/wp-content\/uploads\/2012\/06\/2522_120612.jpg\",\"contentUrl\":\"https:\/\/franciscanos.org.br\/noticias\/wp-content\/uploads\/2012\/06\/2522_120612.jpg\",\"width\":273,\"height\":181},{\"@type\":\"WebPage\",\"@id\":\"https:\/\/franciscanos.org.br\/noticias\/frei-almir-pergunta-que-familia-queremos-em-curitiba.html#webpage\",\"url\":\"https:\/\/franciscanos.org.br\/noticias\/frei-almir-pergunta-que-familia-queremos-em-curitiba.html\",\"name\":\"Tr\u00edduo de Santo Ant\u00f4nio: Frei Almir pergunta \\\"que fam\u00edlia queremos?\\\" - Not\u00edcias - Franciscanos\",\"isPartOf\":{\"@id\":\"https:\/\/franciscanos.org.br\/noticias\/#website\"},\"primaryImageOfPage\":{\"@id\":\"https:\/\/franciscanos.org.br\/noticias\/frei-almir-pergunta-que-familia-queremos-em-curitiba.html#primaryimage\"},\"datePublished\":\"2012-06-12T10:34:05+00:00\",\"dateModified\":\"2020-11-09T19:13:14+00:00\",\"author\":{\"@id\":\"https:\/\/franciscanos.org.br\/noticias\/#\/schema\/person\/b38fbf43118f02820bd932f2e4b14ad3\"},\"breadcrumb\":{\"@id\":\"https:\/\/franciscanos.org.br\/noticias\/frei-almir-pergunta-que-familia-queremos-em-curitiba.html#breadcrumb\"},\"inLanguage\":\"pt-BR\",\"potentialAction\":[{\"@type\":\"ReadAction\",\"target\":[\"https:\/\/franciscanos.org.br\/noticias\/frei-almir-pergunta-que-familia-queremos-em-curitiba.html\"]}]},{\"@type\":\"BreadcrumbList\",\"@id\":\"https:\/\/franciscanos.org.br\/noticias\/frei-almir-pergunta-que-familia-queremos-em-curitiba.html#breadcrumb\",\"itemListElement\":[{\"@type\":\"ListItem\",\"position\":1,\"name\":\"Home\",\"item\":\"https:\/\/franciscanos.org.br\/noticias\"},{\"@type\":\"ListItem\",\"position\":2,\"name\":\"Tr\u00edduo de Santo Ant\u00f4nio: Frei Almir pergunta &#8220;que fam\u00edlia queremos?&#8221;\"}]},{\"@type\":\"Person\",\"@id\":\"https:\/\/franciscanos.org.br\/noticias\/#\/schema\/person\/b38fbf43118f02820bd932f2e4b14ad3\",\"name\":\"admin\",\"image\":{\"@type\":\"ImageObject\",\"inLanguage\":\"pt-BR\",\"@id\":\"https:\/\/franciscanos.org.br\/noticias\/#\/schema\/person\/image\/\",\"url\":\"https:\/\/secure.gravatar.com\/avatar\/e8495742d34d0ba6448ea1c628263b3e?s=96&d=mm&r=g\",\"contentUrl\":\"https:\/\/secure.gravatar.com\/avatar\/e8495742d34d0ba6448ea1c628263b3e?s=96&d=mm&r=g\",\"caption\":\"admin\"},\"url\":\"https:\/\/franciscanos.org.br\/noticias\/author\/admin\"}]}<\/script>\n<!-- \/ Yoast SEO plugin. -->","yoast_head_json":{"title":"Tr\u00edduo de Santo Ant\u00f4nio: Frei Almir pergunta \"que fam\u00edlia queremos?\" - Not\u00edcias - Franciscanos","robots":{"index":"index","follow":"follow","max-snippet":"max-snippet:-1","max-image-preview":"max-image-preview:large","max-video-preview":"max-video-preview:-1"},"canonical":"https:\/\/franciscanos.org.br\/noticias\/frei-almir-pergunta-que-familia-queremos-em-curitiba.html","og_locale":"pt_BR","og_type":"article","og_title":"Tr\u00edduo de Santo Ant\u00f4nio: Frei Almir pergunta \"que fam\u00edlia queremos?\" - Not\u00edcias - Franciscanos","og_description":"Tr\u00edduo de Santo Ant\u00f4nio","og_url":"https:\/\/franciscanos.org.br\/noticias\/frei-almir-pergunta-que-familia-queremos-em-curitiba.html","og_site_name":"Not\u00edcias - Franciscanos","article_published_time":"2012-06-12T10:34:05+00:00","article_modified_time":"2020-11-09T19:13:14+00:00","og_image":[{"width":273,"height":181,"url":"https:\/\/franciscanos.org.br\/noticias\/wp-content\/uploads\/2012\/06\/2522_120612.jpg","type":"image\/jpeg"}],"author":"admin","twitter_card":"summary_large_image","twitter_misc":{"Escrito por":"admin","Est. tempo de leitura":"6 minutos"},"schema":{"@context":"https:\/\/schema.org","@graph":[{"@type":"WebSite","@id":"https:\/\/franciscanos.org.br\/noticias\/#website","url":"https:\/\/franciscanos.org.br\/noticias\/","name":"Not\u00edcias - Franciscanos","description":"Prov\u00edncia Franciscana da Imaculada Concei\u00e7\u00e3o do Brasil - Ordem dos Frades Menores - OFM","potentialAction":[{"@type":"SearchAction","target":{"@type":"EntryPoint","urlTemplate":"https:\/\/franciscanos.org.br\/noticias\/?s={search_term_string}"},"query-input":"required name=search_term_string"}],"inLanguage":"pt-BR"},{"@type":"ImageObject","inLanguage":"pt-BR","@id":"https:\/\/franciscanos.org.br\/noticias\/frei-almir-pergunta-que-familia-queremos-em-curitiba.html#primaryimage","url":"https:\/\/franciscanos.org.br\/noticias\/wp-content\/uploads\/2012\/06\/2522_120612.jpg","contentUrl":"https:\/\/franciscanos.org.br\/noticias\/wp-content\/uploads\/2012\/06\/2522_120612.jpg","width":273,"height":181},{"@type":"WebPage","@id":"https:\/\/franciscanos.org.br\/noticias\/frei-almir-pergunta-que-familia-queremos-em-curitiba.html#webpage","url":"https:\/\/franciscanos.org.br\/noticias\/frei-almir-pergunta-que-familia-queremos-em-curitiba.html","name":"Tr\u00edduo de Santo Ant\u00f4nio: Frei Almir pergunta \"que fam\u00edlia queremos?\" - Not\u00edcias - Franciscanos","isPartOf":{"@id":"https:\/\/franciscanos.org.br\/noticias\/#website"},"primaryImageOfPage":{"@id":"https:\/\/franciscanos.org.br\/noticias\/frei-almir-pergunta-que-familia-queremos-em-curitiba.html#primaryimage"},"datePublished":"2012-06-12T10:34:05+00:00","dateModified":"2020-11-09T19:13:14+00:00","author":{"@id":"https:\/\/franciscanos.org.br\/noticias\/#\/schema\/person\/b38fbf43118f02820bd932f2e4b14ad3"},"breadcrumb":{"@id":"https:\/\/franciscanos.org.br\/noticias\/frei-almir-pergunta-que-familia-queremos-em-curitiba.html#breadcrumb"},"inLanguage":"pt-BR","potentialAction":[{"@type":"ReadAction","target":["https:\/\/franciscanos.org.br\/noticias\/frei-almir-pergunta-que-familia-queremos-em-curitiba.html"]}]},{"@type":"BreadcrumbList","@id":"https:\/\/franciscanos.org.br\/noticias\/frei-almir-pergunta-que-familia-queremos-em-curitiba.html#breadcrumb","itemListElement":[{"@type":"ListItem","position":1,"name":"Home","item":"https:\/\/franciscanos.org.br\/noticias"},{"@type":"ListItem","position":2,"name":"Tr\u00edduo de Santo Ant\u00f4nio: Frei Almir pergunta &#8220;que fam\u00edlia queremos?&#8221;"}]},{"@type":"Person","@id":"https:\/\/franciscanos.org.br\/noticias\/#\/schema\/person\/b38fbf43118f02820bd932f2e4b14ad3","name":"admin","image":{"@type":"ImageObject","inLanguage":"pt-BR","@id":"https:\/\/franciscanos.org.br\/noticias\/#\/schema\/person\/image\/","url":"https:\/\/secure.gravatar.com\/avatar\/e8495742d34d0ba6448ea1c628263b3e?s=96&d=mm&r=g","contentUrl":"https:\/\/secure.gravatar.com\/avatar\/e8495742d34d0ba6448ea1c628263b3e?s=96&d=mm&r=g","caption":"admin"},"url":"https:\/\/franciscanos.org.br\/noticias\/author\/admin"}]}},"_links":{"self":[{"href":"https:\/\/franciscanos.org.br\/noticias\/wp-json\/wp\/v2\/posts\/19014"}],"collection":[{"href":"https:\/\/franciscanos.org.br\/noticias\/wp-json\/wp\/v2\/posts"}],"about":[{"href":"https:\/\/franciscanos.org.br\/noticias\/wp-json\/wp\/v2\/types\/post"}],"author":[{"embeddable":true,"href":"https:\/\/franciscanos.org.br\/noticias\/wp-json\/wp\/v2\/users\/1"}],"replies":[{"embeddable":true,"href":"https:\/\/franciscanos.org.br\/noticias\/wp-json\/wp\/v2\/comments?post=19014"}],"version-history":[{"count":2,"href":"https:\/\/franciscanos.org.br\/noticias\/wp-json\/wp\/v2\/posts\/19014\/revisions"}],"predecessor-version":[{"id":229121,"href":"https:\/\/franciscanos.org.br\/noticias\/wp-json\/wp\/v2\/posts\/19014\/revisions\/229121"}],"wp:featuredmedia":[{"embeddable":true,"href":"https:\/\/franciscanos.org.br\/noticias\/wp-json\/wp\/v2\/media\/204315"}],"wp:attachment":[{"href":"https:\/\/franciscanos.org.br\/noticias\/wp-json\/wp\/v2\/media?parent=19014"}],"wp:term":[{"taxonomy":"category","embeddable":true,"href":"https:\/\/franciscanos.org.br\/noticias\/wp-json\/wp\/v2\/categories?post=19014"},{"taxonomy":"post_tag","embeddable":true,"href":"https:\/\/franciscanos.org.br\/noticias\/wp-json\/wp\/v2\/tags?post=19014"}],"curies":[{"name":"wp","href":"https:\/\/api.w.org\/{rel}","templated":true}]}}