{"id":190131,"date":"2018-11-11T10:52:04","date_gmt":"2018-11-11T12:52:04","guid":{"rendered":"http:\/\/franciscanos.org.br\/noticias\/?p=190131"},"modified":"2020-06-06T16:42:20","modified_gmt":"2020-06-06T19:42:20","slug":"papa-francisco-deus-esta-do-lado-dos-ultimos","status":"publish","type":"post","link":"https:\/\/franciscanos.org.br\/noticias\/papa-francisco-deus-esta-do-lado-dos-ultimos.html","title":{"rendered":"Papa Francisco: \u201cDeus est\u00e1 do lado dos \u00faltimos\u201d"},"content":{"rendered":"<p><img loading=\"lazy\" class=\"wp-image-190132 size-full alignleft\" src=\"http:\/\/franciscanos.org.br\/noticias\/wp-content\/uploads\/2018\/11\/papa_angelus_111118_2.jpg\" alt=\"\" width=\"840\" height=\"400\" srcset=\"https:\/\/franciscanos.org.br\/noticias\/wp-content\/uploads\/2018\/11\/papa_angelus_111118_2.jpg 840w, https:\/\/franciscanos.org.br\/noticias\/wp-content\/uploads\/2018\/11\/papa_angelus_111118_2-450x214.jpg 450w, https:\/\/franciscanos.org.br\/noticias\/wp-content\/uploads\/2018\/11\/papa_angelus_111118_2-768x366.jpg 768w, https:\/\/franciscanos.org.br\/noticias\/wp-content\/uploads\/2018\/11\/papa_angelus_111118_2-150x71.jpg 150w\" sizes=\"(max-width: 840px) 100vw, 840px\" \/><\/p>\n<p><b>Cidade do Vaticano \u2013\u00a0<\/b>Neste 32\u00b0 Domingo do Tempo Comum, o Papa Francisco prop\u00f4s uma reflex\u00e3o inspirada no Evangelho de S\u00e3o Marcos 12, 38-44. Eis a \u00edntegra de sua alocu\u00e7\u00e3o, antes de rezar o\u00a0<i>Angelus<\/i>:<\/p>\n<p><em>Queridos irm\u00e3os e irm\u00e3s, bom dia!<\/em><\/p>\n<p><em>O epis\u00f3dio de hoje do Evangelho encerra a s\u00e9rie de ensinamentos dados por Jesus no templo de Jerusal\u00e9m e ressalta duas figuras opostas: o escriba e a vi\u00fava. Mas por que s\u00e3o contrapostas? O escriba representa as pessoas importantes, ricas e influentes; a outra \u2013 a vi\u00fava \u2013 representa os \u00faltimos, os pobres, os fracos.<\/em><\/p>\n<p><em>Na realidade, o julgamento firme de Jesus em rela\u00e7\u00e3o aos escribas n\u00e3o diz respeito a toda a categoria, mas refere-se \u00e0queles entre eles que se vangloriam da pr\u00f3pria condi\u00e7\u00e3o social, com o t\u00edtulo \u201crabi\u201d, ou seja, mestre, gostam de ser reverenciados e ocupar os primeiros lugares.<\/em><\/p>\n<p><em>O que \u00e9 pior \u00e9 que a sua ostenta\u00e7\u00e3o \u00e9 sobretudo de natureza religiosa, porque eles fazem longas ora\u00e7\u00f5es \u2013 diz Jesus \u2013\u00a0 \u201cpara serem vistos\u201d e se servem de Deus para se credenciarem como defensores de sua lei. E essa atitude de superioridade e de vaidade os leva ao desprezo daqueles que contam pouco ou se encontram em uma posi\u00e7\u00e3o econ\u00f4mica desvantajosa, como o caso das vi\u00favas.<\/em><\/p>\n<p><em>Jesus desmascara esse mecanismo perverso: denuncia a opress\u00e3o dos fracos feita instrumentalmente, com base em motiva\u00e7\u00f5es religiosas, dizendo claramente que Deus est\u00e1 do lado dos \u00faltimos. E para fixar bem esta li\u00e7\u00e3o na mente dos disc\u00edpulos, oferece a eles um exemplo vivo: uma pobre vi\u00fava, cuja posi\u00e7\u00e3o social era irrelevante, porque ela n\u00e3o tinha um marido que pudesse defender os seus direitos, e que por isso torna-se presa f\u00e1cil de algum credor sem escr\u00fapulos, porque estes credores perseguiam os fracos para que pagassem a eles..<\/em><\/p>\n<p><em>Essa mulher, que vai depositar somente duas moedinhas no tesouro do templo, tudo o que lhe restava, e faz a sua oferta procurando passar despercebida, quase envergonhando-se. Mas, precisamente nesta humildade, ela realiza um ato carregado de grande significado religioso e espiritual. Aquele gesto repleto de sacrif\u00edcio n\u00e3o escapa ao olhar de Jesus, que de fato v\u00ea nele o dom total de si a quem deseja educar seus disc\u00edpulos.<\/em><\/p>\n<p><em>O ensinamento que Jesus nos oferece hoje nos ajuda a recuperar o que \u00e9 essencial em nossa vida e favorece um concreto e cotidiano relacionamento com Deus. Irm\u00e3s e irm\u00e3s, as medidas do Senhor s\u00e3o diferentes das nossas. Ele pesa as pessoas e suas a\u00e7\u00f5es de maneira diferente. Deus n\u00e3o mede a quantidade, mas a qualidade, perscruta o cora\u00e7\u00e3o e olha para a pureza das inten\u00e7\u00f5es.<\/em><\/p>\n<p><em>Isto significa que o nosso \u201cdar\u201d a Deus na ora\u00e7\u00e3o e aos outros na caridade deveria sempre fugir do ritualismo e formalismo, bem como da l\u00f3gica do c\u00e1lculo,\u00a0 ser uma express\u00e3o de gratuidade, como fez Jesus conosco: nos salvou gratuitamente; n\u00e3o nos fez pagar a reden\u00e7\u00e3o. Nos salvou gratuitamente. E n\u00f3s devemos fazer as coisas como express\u00e3o de gratuidade.<\/em><\/p>\n<p><em>Eis porque Jesus indica aquela vi\u00fava pobre e generosa como modelo de vida crist\u00e3 a ser imitada. Dela n\u00e3o sabemos o nome, mas conhecemos o cora\u00e7\u00e3o \u2013 a encontraremos no C\u00e9u e iremos saud\u00e1-la, certamente; e \u00e9 isso que conta diante de Deus. Quando somos tentados pelo desejo de aparecer e de contabilizar os nossos gestos de altru\u00edsmo, quando estamos muito interessados \u00a0no olhar dos outros e \u2013 permitam-me a palavra \u2013 quando fazemos \u201cos pav\u00f5es\u201d, pensemos nessa mulher. Nos far\u00e1 bem: nos ajudar\u00e1 a nos despojarmos do sup\u00e9rfluo para ir ao que realmente importa e a permanecermos humildes.<\/em><\/p>\n<p><em>Que a Virgem Maria, mulher pobre que se entregou totalmente a Deus, sustente-nos no prop\u00f3sito de dar ao Senhor e aos irm\u00e3os n\u00e3o algo de n\u00f3s mesmos, mas n\u00f3s mesmos, em uma oferta humilde e generosa.<\/em><\/p>\n<p><a href=\"https:\/\/www.vaticannews.va\/pt\/papa\/news\/2018-11\/papa-francisco-angelus-11-novembro-2018.html\"><strong>FONTE: Vatican News<\/strong><\/a><\/p>\n","protected":false},"excerpt":{"rendered":"<p>Angelus<\/p>\n","protected":false},"author":5,"featured_media":190985,"comment_status":"open","ping_status":"open","sticky":false,"template":"","format":"standard","meta":[],"categories":[1428],"tags":[403],"acf":[],"yoast_head":"<!-- This site is optimized with the Yoast SEO plugin v19.2 - https:\/\/yoast.com\/wordpress\/plugins\/seo\/ -->\n<title>Papa Francisco: \u201cDeus est\u00e1 do lado dos \u00faltimos\u201d - Not\u00edcias - Franciscanos<\/title>\n<meta name=\"robots\" content=\"index, follow, max-snippet:-1, max-image-preview:large, max-video-preview:-1\" \/>\n<link rel=\"canonical\" href=\"https:\/\/franciscanos.org.br\/noticias\/papa-francisco-deus-esta-do-lado-dos-ultimos.html\" \/>\n<meta property=\"og:locale\" content=\"pt_BR\" \/>\n<meta property=\"og:type\" content=\"article\" \/>\n<meta property=\"og:title\" content=\"Papa Francisco: \u201cDeus est\u00e1 do lado dos \u00faltimos\u201d - Not\u00edcias - Franciscanos\" \/>\n<meta property=\"og:description\" content=\"Angelus\" \/>\n<meta property=\"og:url\" content=\"https:\/\/franciscanos.org.br\/noticias\/papa-francisco-deus-esta-do-lado-dos-ultimos.html\" \/>\n<meta property=\"og:site_name\" content=\"Not\u00edcias - Franciscanos\" \/>\n<meta property=\"article:published_time\" content=\"2018-11-11T12:52:04+00:00\" \/>\n<meta property=\"article:modified_time\" content=\"2020-06-06T19:42:20+00:00\" \/>\n<meta property=\"og:image\" content=\"https:\/\/franciscanos.org.br\/noticias\/wp-content\/uploads\/2018\/11\/papa_angelus_111118_2-1.jpg\" \/>\n\t<meta property=\"og:image:width\" content=\"273\" \/>\n\t<meta property=\"og:image:height\" content=\"181\" \/>\n\t<meta property=\"og:image:type\" content=\"image\/jpeg\" \/>\n<meta name=\"author\" content=\"freiaugusto\" \/>\n<meta name=\"twitter:card\" content=\"summary_large_image\" \/>\n<meta name=\"twitter:label1\" content=\"Escrito por\" \/>\n\t<meta name=\"twitter:data1\" content=\"freiaugusto\" \/>\n\t<meta name=\"twitter:label2\" content=\"Est. tempo de leitura\" \/>\n\t<meta name=\"twitter:data2\" content=\"3 minutos\" \/>\n<script type=\"application\/ld+json\" class=\"yoast-schema-graph\">{\"@context\":\"https:\/\/schema.org\",\"@graph\":[{\"@type\":\"WebSite\",\"@id\":\"https:\/\/franciscanos.org.br\/noticias\/#website\",\"url\":\"https:\/\/franciscanos.org.br\/noticias\/\",\"name\":\"Not\u00edcias - Franciscanos\",\"description\":\"Prov\u00edncia Franciscana da Imaculada Concei\u00e7\u00e3o do Brasil - Ordem dos Frades Menores - OFM\",\"potentialAction\":[{\"@type\":\"SearchAction\",\"target\":{\"@type\":\"EntryPoint\",\"urlTemplate\":\"https:\/\/franciscanos.org.br\/noticias\/?s={search_term_string}\"},\"query-input\":\"required name=search_term_string\"}],\"inLanguage\":\"pt-BR\"},{\"@type\":\"ImageObject\",\"inLanguage\":\"pt-BR\",\"@id\":\"https:\/\/franciscanos.org.br\/noticias\/papa-francisco-deus-esta-do-lado-dos-ultimos.html#primaryimage\",\"url\":\"https:\/\/franciscanos.org.br\/noticias\/wp-content\/uploads\/2018\/11\/papa_angelus_111118_2-1.jpg\",\"contentUrl\":\"https:\/\/franciscanos.org.br\/noticias\/wp-content\/uploads\/2018\/11\/papa_angelus_111118_2-1.jpg\",\"width\":273,\"height\":181},{\"@type\":\"WebPage\",\"@id\":\"https:\/\/franciscanos.org.br\/noticias\/papa-francisco-deus-esta-do-lado-dos-ultimos.html#webpage\",\"url\":\"https:\/\/franciscanos.org.br\/noticias\/papa-francisco-deus-esta-do-lado-dos-ultimos.html\",\"name\":\"Papa Francisco: \u201cDeus est\u00e1 do lado dos \u00faltimos\u201d - Not\u00edcias - Franciscanos\",\"isPartOf\":{\"@id\":\"https:\/\/franciscanos.org.br\/noticias\/#website\"},\"primaryImageOfPage\":{\"@id\":\"https:\/\/franciscanos.org.br\/noticias\/papa-francisco-deus-esta-do-lado-dos-ultimos.html#primaryimage\"},\"datePublished\":\"2018-11-11T12:52:04+00:00\",\"dateModified\":\"2020-06-06T19:42:20+00:00\",\"author\":{\"@id\":\"https:\/\/franciscanos.org.br\/noticias\/#\/schema\/person\/37f88f0d111cd5358b12a6556a99eb91\"},\"breadcrumb\":{\"@id\":\"https:\/\/franciscanos.org.br\/noticias\/papa-francisco-deus-esta-do-lado-dos-ultimos.html#breadcrumb\"},\"inLanguage\":\"pt-BR\",\"potentialAction\":[{\"@type\":\"ReadAction\",\"target\":[\"https:\/\/franciscanos.org.br\/noticias\/papa-francisco-deus-esta-do-lado-dos-ultimos.html\"]}]},{\"@type\":\"BreadcrumbList\",\"@id\":\"https:\/\/franciscanos.org.br\/noticias\/papa-francisco-deus-esta-do-lado-dos-ultimos.html#breadcrumb\",\"itemListElement\":[{\"@type\":\"ListItem\",\"position\":1,\"name\":\"Home\",\"item\":\"https:\/\/franciscanos.org.br\/noticias\"},{\"@type\":\"ListItem\",\"position\":2,\"name\":\"Papa Francisco: \u201cDeus est\u00e1 do lado dos \u00faltimos\u201d\"}]},{\"@type\":\"Person\",\"@id\":\"https:\/\/franciscanos.org.br\/noticias\/#\/schema\/person\/37f88f0d111cd5358b12a6556a99eb91\",\"name\":\"freiaugusto\",\"image\":{\"@type\":\"ImageObject\",\"inLanguage\":\"pt-BR\",\"@id\":\"https:\/\/franciscanos.org.br\/noticias\/#\/schema\/person\/image\/\",\"url\":\"https:\/\/secure.gravatar.com\/avatar\/9840b940e621801b24f3e6b059efb4b7?s=96&d=mm&r=g\",\"contentUrl\":\"https:\/\/secure.gravatar.com\/avatar\/9840b940e621801b24f3e6b059efb4b7?s=96&d=mm&r=g\",\"caption\":\"freiaugusto\"},\"url\":\"https:\/\/franciscanos.org.br\/noticias\/author\/freiaugusto\"}]}<\/script>\n<!-- \/ Yoast SEO plugin. -->","yoast_head_json":{"title":"Papa Francisco: \u201cDeus est\u00e1 do lado dos \u00faltimos\u201d - Not\u00edcias - Franciscanos","robots":{"index":"index","follow":"follow","max-snippet":"max-snippet:-1","max-image-preview":"max-image-preview:large","max-video-preview":"max-video-preview:-1"},"canonical":"https:\/\/franciscanos.org.br\/noticias\/papa-francisco-deus-esta-do-lado-dos-ultimos.html","og_locale":"pt_BR","og_type":"article","og_title":"Papa Francisco: \u201cDeus est\u00e1 do lado dos \u00faltimos\u201d - Not\u00edcias - Franciscanos","og_description":"Angelus","og_url":"https:\/\/franciscanos.org.br\/noticias\/papa-francisco-deus-esta-do-lado-dos-ultimos.html","og_site_name":"Not\u00edcias - Franciscanos","article_published_time":"2018-11-11T12:52:04+00:00","article_modified_time":"2020-06-06T19:42:20+00:00","og_image":[{"width":273,"height":181,"url":"https:\/\/franciscanos.org.br\/noticias\/wp-content\/uploads\/2018\/11\/papa_angelus_111118_2-1.jpg","type":"image\/jpeg"}],"author":"freiaugusto","twitter_card":"summary_large_image","twitter_misc":{"Escrito por":"freiaugusto","Est. tempo de leitura":"3 minutos"},"schema":{"@context":"https:\/\/schema.org","@graph":[{"@type":"WebSite","@id":"https:\/\/franciscanos.org.br\/noticias\/#website","url":"https:\/\/franciscanos.org.br\/noticias\/","name":"Not\u00edcias - Franciscanos","description":"Prov\u00edncia Franciscana da Imaculada Concei\u00e7\u00e3o do Brasil - Ordem dos Frades Menores - OFM","potentialAction":[{"@type":"SearchAction","target":{"@type":"EntryPoint","urlTemplate":"https:\/\/franciscanos.org.br\/noticias\/?s={search_term_string}"},"query-input":"required name=search_term_string"}],"inLanguage":"pt-BR"},{"@type":"ImageObject","inLanguage":"pt-BR","@id":"https:\/\/franciscanos.org.br\/noticias\/papa-francisco-deus-esta-do-lado-dos-ultimos.html#primaryimage","url":"https:\/\/franciscanos.org.br\/noticias\/wp-content\/uploads\/2018\/11\/papa_angelus_111118_2-1.jpg","contentUrl":"https:\/\/franciscanos.org.br\/noticias\/wp-content\/uploads\/2018\/11\/papa_angelus_111118_2-1.jpg","width":273,"height":181},{"@type":"WebPage","@id":"https:\/\/franciscanos.org.br\/noticias\/papa-francisco-deus-esta-do-lado-dos-ultimos.html#webpage","url":"https:\/\/franciscanos.org.br\/noticias\/papa-francisco-deus-esta-do-lado-dos-ultimos.html","name":"Papa Francisco: \u201cDeus est\u00e1 do lado dos \u00faltimos\u201d - Not\u00edcias - Franciscanos","isPartOf":{"@id":"https:\/\/franciscanos.org.br\/noticias\/#website"},"primaryImageOfPage":{"@id":"https:\/\/franciscanos.org.br\/noticias\/papa-francisco-deus-esta-do-lado-dos-ultimos.html#primaryimage"},"datePublished":"2018-11-11T12:52:04+00:00","dateModified":"2020-06-06T19:42:20+00:00","author":{"@id":"https:\/\/franciscanos.org.br\/noticias\/#\/schema\/person\/37f88f0d111cd5358b12a6556a99eb91"},"breadcrumb":{"@id":"https:\/\/franciscanos.org.br\/noticias\/papa-francisco-deus-esta-do-lado-dos-ultimos.html#breadcrumb"},"inLanguage":"pt-BR","potentialAction":[{"@type":"ReadAction","target":["https:\/\/franciscanos.org.br\/noticias\/papa-francisco-deus-esta-do-lado-dos-ultimos.html"]}]},{"@type":"BreadcrumbList","@id":"https:\/\/franciscanos.org.br\/noticias\/papa-francisco-deus-esta-do-lado-dos-ultimos.html#breadcrumb","itemListElement":[{"@type":"ListItem","position":1,"name":"Home","item":"https:\/\/franciscanos.org.br\/noticias"},{"@type":"ListItem","position":2,"name":"Papa Francisco: \u201cDeus est\u00e1 do lado dos \u00faltimos\u201d"}]},{"@type":"Person","@id":"https:\/\/franciscanos.org.br\/noticias\/#\/schema\/person\/37f88f0d111cd5358b12a6556a99eb91","name":"freiaugusto","image":{"@type":"ImageObject","inLanguage":"pt-BR","@id":"https:\/\/franciscanos.org.br\/noticias\/#\/schema\/person\/image\/","url":"https:\/\/secure.gravatar.com\/avatar\/9840b940e621801b24f3e6b059efb4b7?s=96&d=mm&r=g","contentUrl":"https:\/\/secure.gravatar.com\/avatar\/9840b940e621801b24f3e6b059efb4b7?s=96&d=mm&r=g","caption":"freiaugusto"},"url":"https:\/\/franciscanos.org.br\/noticias\/author\/freiaugusto"}]}},"_links":{"self":[{"href":"https:\/\/franciscanos.org.br\/noticias\/wp-json\/wp\/v2\/posts\/190131"}],"collection":[{"href":"https:\/\/franciscanos.org.br\/noticias\/wp-json\/wp\/v2\/posts"}],"about":[{"href":"https:\/\/franciscanos.org.br\/noticias\/wp-json\/wp\/v2\/types\/post"}],"author":[{"embeddable":true,"href":"https:\/\/franciscanos.org.br\/noticias\/wp-json\/wp\/v2\/users\/5"}],"replies":[{"embeddable":true,"href":"https:\/\/franciscanos.org.br\/noticias\/wp-json\/wp\/v2\/comments?post=190131"}],"version-history":[{"count":1,"href":"https:\/\/franciscanos.org.br\/noticias\/wp-json\/wp\/v2\/posts\/190131\/revisions"}],"predecessor-version":[{"id":224699,"href":"https:\/\/franciscanos.org.br\/noticias\/wp-json\/wp\/v2\/posts\/190131\/revisions\/224699"}],"wp:featuredmedia":[{"embeddable":true,"href":"https:\/\/franciscanos.org.br\/noticias\/wp-json\/wp\/v2\/media\/190985"}],"wp:attachment":[{"href":"https:\/\/franciscanos.org.br\/noticias\/wp-json\/wp\/v2\/media?parent=190131"}],"wp:term":[{"taxonomy":"category","embeddable":true,"href":"https:\/\/franciscanos.org.br\/noticias\/wp-json\/wp\/v2\/categories?post=190131"},{"taxonomy":"post_tag","embeddable":true,"href":"https:\/\/franciscanos.org.br\/noticias\/wp-json\/wp\/v2\/tags?post=190131"}],"curies":[{"name":"wp","href":"https:\/\/api.w.org\/{rel}","templated":true}]}}