{"id":190080,"date":"2018-11-08T08:14:35","date_gmt":"2018-11-08T10:14:35","guid":{"rendered":"http:\/\/franciscanos.org.br\/?p=176708"},"modified":"2020-06-06T16:44:30","modified_gmt":"2020-06-06T19:44:30","slug":"testemunhar-e-romper-um-costume-uma-maneira-de-ser","status":"publish","type":"post","link":"https:\/\/franciscanos.org.br\/noticias\/testemunhar-e-romper-um-costume-uma-maneira-de-ser.html","title":{"rendered":"Testemunhar \u00e9 romper um costume, uma maneira de ser"},"content":{"rendered":"<p><img loading=\"lazy\" class=\"alignleft\" src=\"http:\/\/franciscanos.org.br\/wp-content\/uploads\/2018\/10\/marta_231018.jpg\" alt=\"marta_231018\" width=\"820\" height=\"461\" \/><strong>Cidade do Vaticano<\/strong> &#8211; O Papa Francisco celebrou a missa nesta quinta-feira (08\/11), na Casa Santa Marta, e em sua homilia destacou tr\u00eas palavras: testemunho, murmura\u00e7\u00e3o e pergunta.<br \/>\nA reflex\u00e3o se desenvolveu a partir do Evangelho de Lucas, da liturgia do dia: \u201cOs publicanos e pecadores aproximavam-se de Jesus para o escutar. Os fariseus, por\u00e9m, e os mestres da Lei criticavam Jesus. &#8216;Este homem acolhe os pecadores e faz refei\u00e7\u00e3o com eles.&#8217;\u201d<\/p>\n<p><strong>O testemunho faz a Igreja crescer<\/strong><br \/>\nPrimeiramente, h\u00e1 o testemunho de Jesus: \u201cUma coisa nova para aquele tempo\u201d, ressaltou o Papa, \u201cporque encontrar os pecadores tornava a pessoa impura, assim como tocar um leproso\u201d. Por isso, os doutores da lei se distanciavam. Francisco observou que \u201cnunca na hist\u00f3ria o testemunho foi algo confort\u00e1vel para as testemunhas, que muitas vezes pagam com o mart\u00edrio, e para os poderosos\u201d.<\/p>\n<p>\u201cTestemunhar \u00e9 romper um costume, uma maneira de ser. Romper para melhorar, para mudar. Por isso, a Igreja vai adiante para testemunhar. O que atrai \u00e9 o testemunho, n\u00e3o as palavras, que certamente ajudam, mas o testemunho \u00e9 o que atrai e faz a Igreja crescer. Jesus testemunha. \u00c9 algo novo, mas n\u00e3o muito novo, porque a miseric\u00f3rdia de Deus existe desde o Antigo Testamento. Os doutores da lei nunca entenderam isso: \u2018Eu quero miseric\u00f3rdia e n\u00e3o sacrif\u00edcios\u2019. Eles liam, mas n\u00e3o entendiam o significado da miseric\u00f3rdia. Jesus com sua maneira de agir, proclama essa miseric\u00f3rdia com o testemunho.\u201d<br \/>\nO testemunho \u201csempre quebra um costume e coloca a pessoa em risco\u201d, disse o Papa.<\/p>\n<p><strong>Testemunho de Jesus provoca murmura\u00e7\u00e3o<\/strong><\/p>\n<p>O testemunho de Jesus provoca murmura\u00e7\u00e3o. Os fariseus, os escribas, os doutores da lei diziam: \u2018Este homem acolhe os pecadores e faz refei\u00e7\u00e3o com eles\u2019. N\u00e3o diziam: \u2018Mas, olha, este homem parece ser bom, pois busca converter os pecadores\u2019. Um comportamento que consiste em fazer sempre \u201cum coment\u00e1rio negativo para destruir o testemunho\u201d. \u201cEste pecado da murmura\u00e7\u00e3o \u00e9 cotidiano, tanto no pequeno quanto no grande\u201d, observou Francisco, ressaltando que na vida, n\u00f3s murmuramos \u201cporque n\u00e3o gostamos disso e daquilo\u201d, e ao inv\u00e9s de dialogar ou \u201ctentar resolver uma situa\u00e7\u00e3o conflituosa, murmuramos escondido, sempre em voz baixa, pois n\u00e3o temos a coragem de falar claramente\u201d.<\/p>\n<p>Assim, acontece tamb\u00e9m \u201cnas pequenas sociedades\u201d, \u201cnas par\u00f3quias\u201d. \u201cQuanto se murmura nas par\u00f3quias? Por muitas coisas\u201d, disse o Papa, evidenciando que se h\u00e1 \u201cum testemunho que eu n\u00e3o gosto ou uma pessoa que eu n\u00e3o gosto, logo se desencadeia a fala\u00e7\u00e3o\u201d:\u00a0\u201cE na diocese? As lutas dentro das dioceses. As lutas internas nas dioceses! Voc\u00eas sabem disso. E tamb\u00e9m na pol\u00edtica. Isso \u00e9 feio. Quando um governo n\u00e3o \u00e9 honesto, procura sujar os advers\u00e1rios com a murmura\u00e7\u00e3o. Que seja difama\u00e7\u00e3o, cal\u00fania, procura sempre. Voc\u00eas conhecem bem os governos ditadores, pois viveram isso. O que faz um governo ditador? Primeiro, toma os meios de comunica\u00e7\u00e3o com uma lei e dali come\u00e7a a murmurar, a menosprezar todos aqueles que s\u00e3o um perigo para o governo. O murm\u00fario \u00e9 o nosso p\u00e3o cotidiano no \u00e2mbito pessoal, familiar, paroquial, diocesano, social &#8230;\u201d<\/p>\n<p><strong>A pergunta de Jesus<\/strong><\/p>\n<p>\u201cTrata-se de um subterf\u00fagio para n\u00e3o olhar a realidade, para n\u00e3o permitir que pensemos\u201d. Jesus sabe, mas \u00e9 bom e ao inv\u00e9s de conden\u00e1-los pela murmura\u00e7\u00e3o, faz uma pergunta. \u201cUsa o mesmo m\u00e9todo que eles usam\u201d, ou seja, o de fazer perguntas. Eles fazem perguntas para colocar Jesus em dificuldade, \u201ccom m\u00e1 inten\u00e7\u00e3o\u201d, \u201cpara faz\u00ea-lo cair\u201d: por exemplo, com uma pergunta sobre os impostos a serem pagos ao imp\u00e9rio ou sobre repudiar a pr\u00f3pria esposa. Jesus usa o mesmo m\u00e9todo, \u201cmas depois vemos a diferen\u00e7a\u201d. Jesus lhes diz:\u00a0\u201cSe um de v\u00f3s tem cem ovelhas e perde uma, n\u00e3o deixa as noventa e nove no deserto, e vai atr\u00e1s daquela que se perdeu, at\u00e9 encontr\u00e1-la?, como recorda o Evangelho de hoje. \u201cO normal seria que eles entendessem\u201d, ao inv\u00e9s disso, eles fazem o c\u00e1lculo: \u201cEu tenho 99\u201d, uma se perdeu, \u201cest\u00e1 chegando o p\u00f4r do sol. Come\u00e7a a escurecer\u201d:\u00a0\u201cDeixemos pra l\u00e1 aquela perdida e entre perdas e ganhos teremos lucro. Salvemos estas\u201d. Essa \u00e9 a l\u00f3gica farisaica. Essa \u00e9 a l\u00f3gica dos doutores da lei. \u201cQual de voc\u00eas? E eles escolhem o contr\u00e1rio de Jesus. Por isso, n\u00e3o conversam com os pecadores, com os publicanos, n\u00e3o v\u00e3o at\u00e9 eles porque: \u201c\u00c9 melhor n\u00e3o se sujar com essa gente, \u00e9 um risco. Conservemos os nossos\u201d. Jesus \u00e9 inteligente em lhes faz essa pergunta: entra na sua casu\u00edstica, mas os deixa numa posi\u00e7\u00e3o diferente em rela\u00e7\u00e3o \u00e0quela justa. \u201cQual de voc\u00eas? Ningu\u00e9m diz: \u201cSim, \u00e9 verdade\u201d, mas todos: \u201cN\u00e3o, n\u00e3o o farei\u201d. Por isso, s\u00e3o incapazes de perdoar, de serem misericordiosos, de receber.<\/p>\n<p><strong>A l\u00f3gica do Evangelho contr\u00e1ria \u00e0 l\u00f3gica do mundo<\/strong><\/p>\n<p>Por fim, o Papa recordou mais uma vez as tr\u00eas palavras de sua reflex\u00e3o: \u201ctestemunho\u201d, que \u00e9 provocador, \u201cque faz a Igreja crescer\u201d, \u201cmurmura\u00e7\u00e3o\u201d que \u00e9 \u201ccomo uma guarda do meu interior para que o testemunho n\u00e3o me fira\u201d, e \u201ca pergunta\u201d de Jesus. Francisco tamb\u00e9m recordou as palavras alegria e festa, que essas pessoas n\u00e3o conhecem: \u201cTodos aqueles que seguem o caminho dos doutores da lei n\u00e3o conhecem a alegria do Evangelho\u201d, sublinhou o Pont\u00edfice, que concluiu com a seguinte frase: \u201cQue o Senhor nos fa\u00e7a entender essa l\u00f3gica do Evangelho contr\u00e1ria \u00e0 l\u00f3gica do mundo\u201d.<\/p>\n<hr \/>\n<p><em>Fonte: Vatican News<\/em><\/p>\n","protected":false},"excerpt":{"rendered":"<p>Missa em Santa Marta<\/p>\n","protected":false},"author":1,"featured_media":191002,"comment_status":"open","ping_status":"open","sticky":false,"template":"","format":"standard","meta":[],"categories":[1428],"tags":[1586],"acf":[],"yoast_head":"<!-- This site is optimized with the Yoast SEO plugin v19.2 - https:\/\/yoast.com\/wordpress\/plugins\/seo\/ -->\n<title>Testemunhar \u00e9 romper um costume, uma maneira de ser - Not\u00edcias - Franciscanos<\/title>\n<meta name=\"robots\" content=\"index, follow, max-snippet:-1, max-image-preview:large, max-video-preview:-1\" \/>\n<link rel=\"canonical\" href=\"https:\/\/franciscanos.org.br\/noticias\/testemunhar-e-romper-um-costume-uma-maneira-de-ser.html\" \/>\n<meta property=\"og:locale\" content=\"pt_BR\" \/>\n<meta property=\"og:type\" content=\"article\" \/>\n<meta property=\"og:title\" content=\"Testemunhar \u00e9 romper um costume, uma maneira de ser - Not\u00edcias - Franciscanos\" \/>\n<meta property=\"og:description\" content=\"Missa em Santa Marta\" \/>\n<meta property=\"og:url\" content=\"https:\/\/franciscanos.org.br\/noticias\/testemunhar-e-romper-um-costume-uma-maneira-de-ser.html\" \/>\n<meta property=\"og:site_name\" content=\"Not\u00edcias - Franciscanos\" \/>\n<meta property=\"article:published_time\" content=\"2018-11-08T10:14:35+00:00\" \/>\n<meta property=\"article:modified_time\" content=\"2020-06-06T19:44:30+00:00\" \/>\n<meta property=\"og:image\" content=\"https:\/\/franciscanos.org.br\/noticias\/wp-content\/uploads\/2018\/11\/marta_231018-3.jpg\" \/>\n\t<meta property=\"og:image:width\" content=\"273\" \/>\n\t<meta property=\"og:image:height\" content=\"181\" \/>\n\t<meta property=\"og:image:type\" content=\"image\/jpeg\" \/>\n<meta name=\"author\" content=\"admin\" \/>\n<meta name=\"twitter:card\" content=\"summary_large_image\" \/>\n<meta name=\"twitter:label1\" content=\"Escrito por\" \/>\n\t<meta name=\"twitter:data1\" content=\"admin\" \/>\n\t<meta name=\"twitter:label2\" content=\"Est. tempo de leitura\" \/>\n\t<meta name=\"twitter:data2\" content=\"5 minutos\" \/>\n<script type=\"application\/ld+json\" class=\"yoast-schema-graph\">{\"@context\":\"https:\/\/schema.org\",\"@graph\":[{\"@type\":\"WebSite\",\"@id\":\"https:\/\/franciscanos.org.br\/noticias\/#website\",\"url\":\"https:\/\/franciscanos.org.br\/noticias\/\",\"name\":\"Not\u00edcias - Franciscanos\",\"description\":\"Prov\u00edncia Franciscana da Imaculada Concei\u00e7\u00e3o do Brasil - Ordem dos Frades Menores - OFM\",\"potentialAction\":[{\"@type\":\"SearchAction\",\"target\":{\"@type\":\"EntryPoint\",\"urlTemplate\":\"https:\/\/franciscanos.org.br\/noticias\/?s={search_term_string}\"},\"query-input\":\"required name=search_term_string\"}],\"inLanguage\":\"pt-BR\"},{\"@type\":\"ImageObject\",\"inLanguage\":\"pt-BR\",\"@id\":\"https:\/\/franciscanos.org.br\/noticias\/testemunhar-e-romper-um-costume-uma-maneira-de-ser.html#primaryimage\",\"url\":\"https:\/\/franciscanos.org.br\/noticias\/wp-content\/uploads\/2018\/11\/marta_231018-3.jpg\",\"contentUrl\":\"https:\/\/franciscanos.org.br\/noticias\/wp-content\/uploads\/2018\/11\/marta_231018-3.jpg\",\"width\":273,\"height\":181},{\"@type\":\"WebPage\",\"@id\":\"https:\/\/franciscanos.org.br\/noticias\/testemunhar-e-romper-um-costume-uma-maneira-de-ser.html#webpage\",\"url\":\"https:\/\/franciscanos.org.br\/noticias\/testemunhar-e-romper-um-costume-uma-maneira-de-ser.html\",\"name\":\"Testemunhar \u00e9 romper um costume, uma maneira de ser - Not\u00edcias - Franciscanos\",\"isPartOf\":{\"@id\":\"https:\/\/franciscanos.org.br\/noticias\/#website\"},\"primaryImageOfPage\":{\"@id\":\"https:\/\/franciscanos.org.br\/noticias\/testemunhar-e-romper-um-costume-uma-maneira-de-ser.html#primaryimage\"},\"datePublished\":\"2018-11-08T10:14:35+00:00\",\"dateModified\":\"2020-06-06T19:44:30+00:00\",\"author\":{\"@id\":\"https:\/\/franciscanos.org.br\/noticias\/#\/schema\/person\/b38fbf43118f02820bd932f2e4b14ad3\"},\"breadcrumb\":{\"@id\":\"https:\/\/franciscanos.org.br\/noticias\/testemunhar-e-romper-um-costume-uma-maneira-de-ser.html#breadcrumb\"},\"inLanguage\":\"pt-BR\",\"potentialAction\":[{\"@type\":\"ReadAction\",\"target\":[\"https:\/\/franciscanos.org.br\/noticias\/testemunhar-e-romper-um-costume-uma-maneira-de-ser.html\"]}]},{\"@type\":\"BreadcrumbList\",\"@id\":\"https:\/\/franciscanos.org.br\/noticias\/testemunhar-e-romper-um-costume-uma-maneira-de-ser.html#breadcrumb\",\"itemListElement\":[{\"@type\":\"ListItem\",\"position\":1,\"name\":\"Home\",\"item\":\"https:\/\/franciscanos.org.br\/noticias\"},{\"@type\":\"ListItem\",\"position\":2,\"name\":\"Testemunhar \u00e9 romper um costume, uma maneira de ser\"}]},{\"@type\":\"Person\",\"@id\":\"https:\/\/franciscanos.org.br\/noticias\/#\/schema\/person\/b38fbf43118f02820bd932f2e4b14ad3\",\"name\":\"admin\",\"image\":{\"@type\":\"ImageObject\",\"inLanguage\":\"pt-BR\",\"@id\":\"https:\/\/franciscanos.org.br\/noticias\/#\/schema\/person\/image\/\",\"url\":\"https:\/\/secure.gravatar.com\/avatar\/e8495742d34d0ba6448ea1c628263b3e?s=96&d=mm&r=g\",\"contentUrl\":\"https:\/\/secure.gravatar.com\/avatar\/e8495742d34d0ba6448ea1c628263b3e?s=96&d=mm&r=g\",\"caption\":\"admin\"},\"url\":\"https:\/\/franciscanos.org.br\/noticias\/author\/admin\"}]}<\/script>\n<!-- \/ Yoast SEO plugin. -->","yoast_head_json":{"title":"Testemunhar \u00e9 romper um costume, uma maneira de ser - Not\u00edcias - Franciscanos","robots":{"index":"index","follow":"follow","max-snippet":"max-snippet:-1","max-image-preview":"max-image-preview:large","max-video-preview":"max-video-preview:-1"},"canonical":"https:\/\/franciscanos.org.br\/noticias\/testemunhar-e-romper-um-costume-uma-maneira-de-ser.html","og_locale":"pt_BR","og_type":"article","og_title":"Testemunhar \u00e9 romper um costume, uma maneira de ser - Not\u00edcias - Franciscanos","og_description":"Missa em Santa Marta","og_url":"https:\/\/franciscanos.org.br\/noticias\/testemunhar-e-romper-um-costume-uma-maneira-de-ser.html","og_site_name":"Not\u00edcias - Franciscanos","article_published_time":"2018-11-08T10:14:35+00:00","article_modified_time":"2020-06-06T19:44:30+00:00","og_image":[{"width":273,"height":181,"url":"https:\/\/franciscanos.org.br\/noticias\/wp-content\/uploads\/2018\/11\/marta_231018-3.jpg","type":"image\/jpeg"}],"author":"admin","twitter_card":"summary_large_image","twitter_misc":{"Escrito por":"admin","Est. tempo de leitura":"5 minutos"},"schema":{"@context":"https:\/\/schema.org","@graph":[{"@type":"WebSite","@id":"https:\/\/franciscanos.org.br\/noticias\/#website","url":"https:\/\/franciscanos.org.br\/noticias\/","name":"Not\u00edcias - Franciscanos","description":"Prov\u00edncia Franciscana da Imaculada Concei\u00e7\u00e3o do Brasil - Ordem dos Frades Menores - OFM","potentialAction":[{"@type":"SearchAction","target":{"@type":"EntryPoint","urlTemplate":"https:\/\/franciscanos.org.br\/noticias\/?s={search_term_string}"},"query-input":"required name=search_term_string"}],"inLanguage":"pt-BR"},{"@type":"ImageObject","inLanguage":"pt-BR","@id":"https:\/\/franciscanos.org.br\/noticias\/testemunhar-e-romper-um-costume-uma-maneira-de-ser.html#primaryimage","url":"https:\/\/franciscanos.org.br\/noticias\/wp-content\/uploads\/2018\/11\/marta_231018-3.jpg","contentUrl":"https:\/\/franciscanos.org.br\/noticias\/wp-content\/uploads\/2018\/11\/marta_231018-3.jpg","width":273,"height":181},{"@type":"WebPage","@id":"https:\/\/franciscanos.org.br\/noticias\/testemunhar-e-romper-um-costume-uma-maneira-de-ser.html#webpage","url":"https:\/\/franciscanos.org.br\/noticias\/testemunhar-e-romper-um-costume-uma-maneira-de-ser.html","name":"Testemunhar \u00e9 romper um costume, uma maneira de ser - Not\u00edcias - Franciscanos","isPartOf":{"@id":"https:\/\/franciscanos.org.br\/noticias\/#website"},"primaryImageOfPage":{"@id":"https:\/\/franciscanos.org.br\/noticias\/testemunhar-e-romper-um-costume-uma-maneira-de-ser.html#primaryimage"},"datePublished":"2018-11-08T10:14:35+00:00","dateModified":"2020-06-06T19:44:30+00:00","author":{"@id":"https:\/\/franciscanos.org.br\/noticias\/#\/schema\/person\/b38fbf43118f02820bd932f2e4b14ad3"},"breadcrumb":{"@id":"https:\/\/franciscanos.org.br\/noticias\/testemunhar-e-romper-um-costume-uma-maneira-de-ser.html#breadcrumb"},"inLanguage":"pt-BR","potentialAction":[{"@type":"ReadAction","target":["https:\/\/franciscanos.org.br\/noticias\/testemunhar-e-romper-um-costume-uma-maneira-de-ser.html"]}]},{"@type":"BreadcrumbList","@id":"https:\/\/franciscanos.org.br\/noticias\/testemunhar-e-romper-um-costume-uma-maneira-de-ser.html#breadcrumb","itemListElement":[{"@type":"ListItem","position":1,"name":"Home","item":"https:\/\/franciscanos.org.br\/noticias"},{"@type":"ListItem","position":2,"name":"Testemunhar \u00e9 romper um costume, uma maneira de ser"}]},{"@type":"Person","@id":"https:\/\/franciscanos.org.br\/noticias\/#\/schema\/person\/b38fbf43118f02820bd932f2e4b14ad3","name":"admin","image":{"@type":"ImageObject","inLanguage":"pt-BR","@id":"https:\/\/franciscanos.org.br\/noticias\/#\/schema\/person\/image\/","url":"https:\/\/secure.gravatar.com\/avatar\/e8495742d34d0ba6448ea1c628263b3e?s=96&d=mm&r=g","contentUrl":"https:\/\/secure.gravatar.com\/avatar\/e8495742d34d0ba6448ea1c628263b3e?s=96&d=mm&r=g","caption":"admin"},"url":"https:\/\/franciscanos.org.br\/noticias\/author\/admin"}]}},"_links":{"self":[{"href":"https:\/\/franciscanos.org.br\/noticias\/wp-json\/wp\/v2\/posts\/190080"}],"collection":[{"href":"https:\/\/franciscanos.org.br\/noticias\/wp-json\/wp\/v2\/posts"}],"about":[{"href":"https:\/\/franciscanos.org.br\/noticias\/wp-json\/wp\/v2\/types\/post"}],"author":[{"embeddable":true,"href":"https:\/\/franciscanos.org.br\/noticias\/wp-json\/wp\/v2\/users\/1"}],"replies":[{"embeddable":true,"href":"https:\/\/franciscanos.org.br\/noticias\/wp-json\/wp\/v2\/comments?post=190080"}],"version-history":[{"count":1,"href":"https:\/\/franciscanos.org.br\/noticias\/wp-json\/wp\/v2\/posts\/190080\/revisions"}],"predecessor-version":[{"id":224701,"href":"https:\/\/franciscanos.org.br\/noticias\/wp-json\/wp\/v2\/posts\/190080\/revisions\/224701"}],"wp:featuredmedia":[{"embeddable":true,"href":"https:\/\/franciscanos.org.br\/noticias\/wp-json\/wp\/v2\/media\/191002"}],"wp:attachment":[{"href":"https:\/\/franciscanos.org.br\/noticias\/wp-json\/wp\/v2\/media?parent=190080"}],"wp:term":[{"taxonomy":"category","embeddable":true,"href":"https:\/\/franciscanos.org.br\/noticias\/wp-json\/wp\/v2\/categories?post=190080"},{"taxonomy":"post_tag","embeddable":true,"href":"https:\/\/franciscanos.org.br\/noticias\/wp-json\/wp\/v2\/tags?post=190080"}],"curies":[{"name":"wp","href":"https:\/\/api.w.org\/{rel}","templated":true}]}}