{"id":190071,"date":"2018-11-05T15:35:09","date_gmt":"2018-11-05T17:35:09","guid":{"rendered":"http:\/\/franciscanos.org.br\/?p=176574"},"modified":"2018-11-23T11:10:56","modified_gmt":"2018-11-23T13:10:56","slug":"caritas-divulga-cartilha-para-dia-mundial-dos-pobres","status":"publish","type":"post","link":"https:\/\/franciscanos.org.br\/noticias\/caritas-divulga-cartilha-para-dia-mundial-dos-pobres.html","title":{"rendered":"C\u00e1ritas divulga cartilha para 2\u00aa Jornada Mundial dos Pobres"},"content":{"rendered":"<p><img loading=\"lazy\" class=\"alignright wp-image-176577\" src=\"http:\/\/franciscanos.org.br\/wp-content\/uploads\/2018\/11\/jmp2018.jpg\" alt=\"jmp2018\" width=\"340\" height=\"145\" \/>A C\u00e1ritas Brasileira libera o material para a 2\u00aa Jornada Mundial dos Pobres \u2013 Semana da Solidariedade. O tema escolhido este ano pelo Papa Francisco para a II Jornada Mundial dos Pobres (JMP) traz a inspira\u00e7\u00e3o do Salmo 34: \u201cEste pobre grita e o Senhor o escuta\u201d (Sl 34,7). Na mensagem divulgada para mobilizar esta jornada, o Pont\u00edfice diz: \u201cAs palavras do salmista tornam-se tamb\u00e9m as nossas no momento em que somos chamados a encontrar-nos com as diversas condi\u00e7\u00f5es de sofrimento e marginaliza\u00e7\u00e3o em que vivem tantos irm\u00e3os e irm\u00e3s nossos que estamos habituados a designar com o termo gen\u00e9rico de \u2018pobres\u2019\u201d.<\/p>\n<p>Um organismo da Confer\u00eancia Nacional dos Bispos do Brasil (CNBB), a C\u00e1ritas Brasileira \u00e9 a respons\u00e1vel pela anima\u00e7\u00e3o da Jornada Mundial dos Pobres \u2013 Semana da Solidariedade. Em 2018, a anima\u00e7\u00e3o foi refor\u00e7ada tamb\u00e9m com a contribui\u00e7\u00e3o da equipe da Campanha da Fraternidade, da Comiss\u00e3o Episcopal Pastoral para o Laicato, do Conselho Nacional do Laicato e da Comiss\u00e3o Episcopal Pastoral para A\u00e7\u00e3o Social Transformadora.<\/p>\n<p>A campanha convida a todas as pessoas, grupos, comunidades, institui\u00e7\u00f5es e pessoas de boa vontade para que participem da Jornada Mundial dos Pobres \u2013 Semana da Solidariedade organizando momentos de encontros fraternos, celebra\u00e7\u00f5es ou mobiliza\u00e7\u00f5es p\u00fablicas entre os dias 11 e 18 de novembro de 2018. O material j\u00e1 foi enviado \u00e0s dioceses de todo Brasil. A ideia \u00e9 que as Igrejas locais, comunidades, pastorais, ruas e locais onde se encontram as pessoas empobrecidas, organizem gestos concretos de solidariedade e acolhida com as pessoas em situa\u00e7\u00e3o de vulnerabilidades extremas.<\/p>\n<p>O subs\u00eddio elaborado para ajudar a mobilizar encontros e celebra\u00e7\u00f5es traz a s\u00edntese da carta do Papa Francisco; propostas de atividades mobilizadoras; e tr\u00eas c\u00edrculos b\u00edblicos com os verbos propostos pelo Papa \u2014 gritar, Responder e Lutar. O material est\u00e1 dispon\u00edvel para que os grupos possam dispor dos arquivos para divulga\u00e7\u00e3o e impress\u00e3o, caso seja necess\u00e1rio.<\/p>\n<p><strong>Hist\u00f3rico<\/strong><\/p>\n<p>Em 2017, o Papa Francisco convocou cat\u00f3licos e pessoas de boa vontade para uma jornada de solidariedade e proximidade com as pessoas empobrecidas. A grande convoca\u00e7\u00e3o trouxe como lema o imperativo: \u201cN\u00e3o amemos com palavras, mas com obras\u201d. Desde ent\u00e3o a Jornada Mundial dos Pobres entrou para o calend\u00e1rio anual das iniciativas da Igreja. A convoca\u00e7\u00e3o para a Jornada Mundial dos Pobres fez parte da agenda de a\u00e7\u00f5es mobilizadas no \u00e2mbito do encerramento do Ano Santo da Miseric\u00f3rdia, realizado em 2016-2017.<\/p>\n<p style=\"font-size: 20px;\"><a href=\"http:\/\/franciscanos.org.br\/wp-content\/uploads\/2018\/11\/Cartilha-JMP.pdf\" target=\"_blank\" rel=\"noopener\">BAIXE AQUI A CARTILHA<\/a><\/p>\n<p>Fonte: <a href=\"https:\/\/noticias.cancaonova.com\/mundo\/caritas-libera-o-material-para-2a-jornada-mundial-dos-pobres\/\" target=\"_blank\" rel=\"noopener\">Can\u00e7\u00e3o Nova<\/a><\/p>\n","protected":false},"excerpt":{"rendered":"<p>Dia Mundial dos Pobres<\/p>\n","protected":false},"author":1,"featured_media":191038,"comment_status":"open","ping_status":"open","sticky":false,"template":"","format":"standard","meta":[],"categories":[1],"tags":[1114,55],"acf":[],"yoast_head":"<!-- This site is optimized with the Yoast SEO plugin v19.2 - https:\/\/yoast.com\/wordpress\/plugins\/seo\/ -->\n<title>C\u00e1ritas divulga cartilha para 2\u00aa Jornada Mundial dos Pobres - Not\u00edcias - Franciscanos<\/title>\n<meta name=\"robots\" content=\"index, follow, max-snippet:-1, max-image-preview:large, max-video-preview:-1\" \/>\n<link rel=\"canonical\" href=\"https:\/\/franciscanos.org.br\/noticias\/caritas-divulga-cartilha-para-dia-mundial-dos-pobres.html\" \/>\n<meta property=\"og:locale\" content=\"pt_BR\" \/>\n<meta property=\"og:type\" content=\"article\" \/>\n<meta property=\"og:title\" content=\"C\u00e1ritas divulga cartilha para 2\u00aa Jornada Mundial dos Pobres - Not\u00edcias - Franciscanos\" \/>\n<meta property=\"og:description\" content=\"Dia Mundial dos Pobres\" \/>\n<meta property=\"og:url\" content=\"https:\/\/franciscanos.org.br\/noticias\/caritas-divulga-cartilha-para-dia-mundial-dos-pobres.html\" \/>\n<meta property=\"og:site_name\" content=\"Not\u00edcias - Franciscanos\" \/>\n<meta property=\"article:published_time\" content=\"2018-11-05T17:35:09+00:00\" \/>\n<meta property=\"article:modified_time\" content=\"2018-11-23T13:10:56+00:00\" \/>\n<meta property=\"og:image\" content=\"https:\/\/franciscanos.org.br\/noticias\/wp-content\/uploads\/2018\/11\/caritas_jornada.jpg\" \/>\n\t<meta property=\"og:image:width\" content=\"273\" \/>\n\t<meta property=\"og:image:height\" content=\"181\" \/>\n\t<meta property=\"og:image:type\" content=\"image\/jpeg\" \/>\n<meta name=\"author\" content=\"admin\" \/>\n<meta name=\"twitter:card\" content=\"summary_large_image\" \/>\n<meta name=\"twitter:label1\" content=\"Escrito por\" \/>\n\t<meta name=\"twitter:data1\" content=\"admin\" \/>\n\t<meta name=\"twitter:label2\" content=\"Est. tempo de leitura\" \/>\n\t<meta name=\"twitter:data2\" content=\"2 minutos\" \/>\n<script type=\"application\/ld+json\" class=\"yoast-schema-graph\">{\"@context\":\"https:\/\/schema.org\",\"@graph\":[{\"@type\":\"WebSite\",\"@id\":\"https:\/\/franciscanos.org.br\/noticias\/#website\",\"url\":\"https:\/\/franciscanos.org.br\/noticias\/\",\"name\":\"Not\u00edcias - Franciscanos\",\"description\":\"Prov\u00edncia Franciscana da Imaculada Concei\u00e7\u00e3o do Brasil - Ordem dos Frades Menores - OFM\",\"potentialAction\":[{\"@type\":\"SearchAction\",\"target\":{\"@type\":\"EntryPoint\",\"urlTemplate\":\"https:\/\/franciscanos.org.br\/noticias\/?s={search_term_string}\"},\"query-input\":\"required name=search_term_string\"}],\"inLanguage\":\"pt-BR\"},{\"@type\":\"ImageObject\",\"inLanguage\":\"pt-BR\",\"@id\":\"https:\/\/franciscanos.org.br\/noticias\/caritas-divulga-cartilha-para-dia-mundial-dos-pobres.html#primaryimage\",\"url\":\"https:\/\/franciscanos.org.br\/noticias\/wp-content\/uploads\/2018\/11\/caritas_jornada.jpg\",\"contentUrl\":\"https:\/\/franciscanos.org.br\/noticias\/wp-content\/uploads\/2018\/11\/caritas_jornada.jpg\",\"width\":273,\"height\":181},{\"@type\":\"WebPage\",\"@id\":\"https:\/\/franciscanos.org.br\/noticias\/caritas-divulga-cartilha-para-dia-mundial-dos-pobres.html#webpage\",\"url\":\"https:\/\/franciscanos.org.br\/noticias\/caritas-divulga-cartilha-para-dia-mundial-dos-pobres.html\",\"name\":\"C\u00e1ritas divulga cartilha para 2\u00aa Jornada Mundial dos Pobres - Not\u00edcias - Franciscanos\",\"isPartOf\":{\"@id\":\"https:\/\/franciscanos.org.br\/noticias\/#website\"},\"primaryImageOfPage\":{\"@id\":\"https:\/\/franciscanos.org.br\/noticias\/caritas-divulga-cartilha-para-dia-mundial-dos-pobres.html#primaryimage\"},\"datePublished\":\"2018-11-05T17:35:09+00:00\",\"dateModified\":\"2018-11-23T13:10:56+00:00\",\"author\":{\"@id\":\"https:\/\/franciscanos.org.br\/noticias\/#\/schema\/person\/b38fbf43118f02820bd932f2e4b14ad3\"},\"breadcrumb\":{\"@id\":\"https:\/\/franciscanos.org.br\/noticias\/caritas-divulga-cartilha-para-dia-mundial-dos-pobres.html#breadcrumb\"},\"inLanguage\":\"pt-BR\",\"potentialAction\":[{\"@type\":\"ReadAction\",\"target\":[\"https:\/\/franciscanos.org.br\/noticias\/caritas-divulga-cartilha-para-dia-mundial-dos-pobres.html\"]}]},{\"@type\":\"BreadcrumbList\",\"@id\":\"https:\/\/franciscanos.org.br\/noticias\/caritas-divulga-cartilha-para-dia-mundial-dos-pobres.html#breadcrumb\",\"itemListElement\":[{\"@type\":\"ListItem\",\"position\":1,\"name\":\"Home\",\"item\":\"https:\/\/franciscanos.org.br\/noticias\"},{\"@type\":\"ListItem\",\"position\":2,\"name\":\"C\u00e1ritas divulga cartilha para 2\u00aa Jornada Mundial dos Pobres\"}]},{\"@type\":\"Person\",\"@id\":\"https:\/\/franciscanos.org.br\/noticias\/#\/schema\/person\/b38fbf43118f02820bd932f2e4b14ad3\",\"name\":\"admin\",\"image\":{\"@type\":\"ImageObject\",\"inLanguage\":\"pt-BR\",\"@id\":\"https:\/\/franciscanos.org.br\/noticias\/#\/schema\/person\/image\/\",\"url\":\"https:\/\/secure.gravatar.com\/avatar\/e8495742d34d0ba6448ea1c628263b3e?s=96&d=mm&r=g\",\"contentUrl\":\"https:\/\/secure.gravatar.com\/avatar\/e8495742d34d0ba6448ea1c628263b3e?s=96&d=mm&r=g\",\"caption\":\"admin\"},\"url\":\"https:\/\/franciscanos.org.br\/noticias\/author\/admin\"}]}<\/script>\n<!-- \/ Yoast SEO plugin. -->","yoast_head_json":{"title":"C\u00e1ritas divulga cartilha para 2\u00aa Jornada Mundial dos Pobres - Not\u00edcias - Franciscanos","robots":{"index":"index","follow":"follow","max-snippet":"max-snippet:-1","max-image-preview":"max-image-preview:large","max-video-preview":"max-video-preview:-1"},"canonical":"https:\/\/franciscanos.org.br\/noticias\/caritas-divulga-cartilha-para-dia-mundial-dos-pobres.html","og_locale":"pt_BR","og_type":"article","og_title":"C\u00e1ritas divulga cartilha para 2\u00aa Jornada Mundial dos Pobres - Not\u00edcias - Franciscanos","og_description":"Dia Mundial dos Pobres","og_url":"https:\/\/franciscanos.org.br\/noticias\/caritas-divulga-cartilha-para-dia-mundial-dos-pobres.html","og_site_name":"Not\u00edcias - Franciscanos","article_published_time":"2018-11-05T17:35:09+00:00","article_modified_time":"2018-11-23T13:10:56+00:00","og_image":[{"width":273,"height":181,"url":"https:\/\/franciscanos.org.br\/noticias\/wp-content\/uploads\/2018\/11\/caritas_jornada.jpg","type":"image\/jpeg"}],"author":"admin","twitter_card":"summary_large_image","twitter_misc":{"Escrito por":"admin","Est. tempo de leitura":"2 minutos"},"schema":{"@context":"https:\/\/schema.org","@graph":[{"@type":"WebSite","@id":"https:\/\/franciscanos.org.br\/noticias\/#website","url":"https:\/\/franciscanos.org.br\/noticias\/","name":"Not\u00edcias - Franciscanos","description":"Prov\u00edncia Franciscana da Imaculada Concei\u00e7\u00e3o do Brasil - Ordem dos Frades Menores - OFM","potentialAction":[{"@type":"SearchAction","target":{"@type":"EntryPoint","urlTemplate":"https:\/\/franciscanos.org.br\/noticias\/?s={search_term_string}"},"query-input":"required name=search_term_string"}],"inLanguage":"pt-BR"},{"@type":"ImageObject","inLanguage":"pt-BR","@id":"https:\/\/franciscanos.org.br\/noticias\/caritas-divulga-cartilha-para-dia-mundial-dos-pobres.html#primaryimage","url":"https:\/\/franciscanos.org.br\/noticias\/wp-content\/uploads\/2018\/11\/caritas_jornada.jpg","contentUrl":"https:\/\/franciscanos.org.br\/noticias\/wp-content\/uploads\/2018\/11\/caritas_jornada.jpg","width":273,"height":181},{"@type":"WebPage","@id":"https:\/\/franciscanos.org.br\/noticias\/caritas-divulga-cartilha-para-dia-mundial-dos-pobres.html#webpage","url":"https:\/\/franciscanos.org.br\/noticias\/caritas-divulga-cartilha-para-dia-mundial-dos-pobres.html","name":"C\u00e1ritas divulga cartilha para 2\u00aa Jornada Mundial dos Pobres - Not\u00edcias - Franciscanos","isPartOf":{"@id":"https:\/\/franciscanos.org.br\/noticias\/#website"},"primaryImageOfPage":{"@id":"https:\/\/franciscanos.org.br\/noticias\/caritas-divulga-cartilha-para-dia-mundial-dos-pobres.html#primaryimage"},"datePublished":"2018-11-05T17:35:09+00:00","dateModified":"2018-11-23T13:10:56+00:00","author":{"@id":"https:\/\/franciscanos.org.br\/noticias\/#\/schema\/person\/b38fbf43118f02820bd932f2e4b14ad3"},"breadcrumb":{"@id":"https:\/\/franciscanos.org.br\/noticias\/caritas-divulga-cartilha-para-dia-mundial-dos-pobres.html#breadcrumb"},"inLanguage":"pt-BR","potentialAction":[{"@type":"ReadAction","target":["https:\/\/franciscanos.org.br\/noticias\/caritas-divulga-cartilha-para-dia-mundial-dos-pobres.html"]}]},{"@type":"BreadcrumbList","@id":"https:\/\/franciscanos.org.br\/noticias\/caritas-divulga-cartilha-para-dia-mundial-dos-pobres.html#breadcrumb","itemListElement":[{"@type":"ListItem","position":1,"name":"Home","item":"https:\/\/franciscanos.org.br\/noticias"},{"@type":"ListItem","position":2,"name":"C\u00e1ritas divulga cartilha para 2\u00aa Jornada Mundial dos Pobres"}]},{"@type":"Person","@id":"https:\/\/franciscanos.org.br\/noticias\/#\/schema\/person\/b38fbf43118f02820bd932f2e4b14ad3","name":"admin","image":{"@type":"ImageObject","inLanguage":"pt-BR","@id":"https:\/\/franciscanos.org.br\/noticias\/#\/schema\/person\/image\/","url":"https:\/\/secure.gravatar.com\/avatar\/e8495742d34d0ba6448ea1c628263b3e?s=96&d=mm&r=g","contentUrl":"https:\/\/secure.gravatar.com\/avatar\/e8495742d34d0ba6448ea1c628263b3e?s=96&d=mm&r=g","caption":"admin"},"url":"https:\/\/franciscanos.org.br\/noticias\/author\/admin"}]}},"_links":{"self":[{"href":"https:\/\/franciscanos.org.br\/noticias\/wp-json\/wp\/v2\/posts\/190071"}],"collection":[{"href":"https:\/\/franciscanos.org.br\/noticias\/wp-json\/wp\/v2\/posts"}],"about":[{"href":"https:\/\/franciscanos.org.br\/noticias\/wp-json\/wp\/v2\/types\/post"}],"author":[{"embeddable":true,"href":"https:\/\/franciscanos.org.br\/noticias\/wp-json\/wp\/v2\/users\/1"}],"replies":[{"embeddable":true,"href":"https:\/\/franciscanos.org.br\/noticias\/wp-json\/wp\/v2\/comments?post=190071"}],"version-history":[{"count":0,"href":"https:\/\/franciscanos.org.br\/noticias\/wp-json\/wp\/v2\/posts\/190071\/revisions"}],"wp:featuredmedia":[{"embeddable":true,"href":"https:\/\/franciscanos.org.br\/noticias\/wp-json\/wp\/v2\/media\/191038"}],"wp:attachment":[{"href":"https:\/\/franciscanos.org.br\/noticias\/wp-json\/wp\/v2\/media?parent=190071"}],"wp:term":[{"taxonomy":"category","embeddable":true,"href":"https:\/\/franciscanos.org.br\/noticias\/wp-json\/wp\/v2\/categories?post=190071"},{"taxonomy":"post_tag","embeddable":true,"href":"https:\/\/franciscanos.org.br\/noticias\/wp-json\/wp\/v2\/tags?post=190071"}],"curies":[{"name":"wp","href":"https:\/\/api.w.org\/{rel}","templated":true}]}}