{"id":190067,"date":"2018-11-01T10:41:20","date_gmt":"2018-11-01T13:41:20","guid":{"rendered":"http:\/\/franciscanos.org.br\/?p=176042"},"modified":"2019-09-12T09:50:19","modified_gmt":"2019-09-12T12:50:19","slug":"frades-celebram-os-frutos-do-evangelho-na-asia","status":"publish","type":"post","link":"https:\/\/franciscanos.org.br\/noticias\/frades-celebram-os-frutos-do-evangelho-na-asia.html","title":{"rendered":"Frades celebram os frutos do Evangelho na \u00c1sia"},"content":{"rendered":"<p><img loading=\"lazy\" class=\"alignleft\" src=\"http:\/\/franciscanos.org.br\/wp-content\/uploads\/2018\/11\/ofm_011118-830.jpg\" alt=\"ofm_011118 830\" width=\"830\" height=\"340\" \/>Os Ministros da Confer\u00eancia da \u00c1sia do Leste (EAC) se reuniram no Jap\u00e3o para escutar os frutos do Conselho Plen\u00e1rio da Ordem (CPO), para fortalecer o v\u00ednculo fraterno entre os membros da EAC e para abrir espa\u00e7os para colabora\u00e7\u00e3o m\u00fatua.<\/p>\n<p>A Assembleia Geral foi celebrada de 22 a 26 de outubro na Prov\u00edncia dos Frades Menores dos Santos M\u00e1rtires do Jap\u00e3o, em Mihara, Nagasaki. O tema do encontro foi: \u201cCelebrar os frutos do Evangelho na \u00c1sia\u201d.<\/p>\n<p>Estiveram presentes no encontro os Ministros Provinciais; Cust\u00f3dios; presidentes da Funda\u00e7\u00e3o e secret\u00e1rios para forma\u00e7\u00e3o e estudos, miss\u00e3o e evangeliza\u00e7\u00e3o e Justi\u00e7a, Paz e Integridade da Cria\u00e7\u00e3o\u00a0(JPIC) da Confer\u00eancia da \u00c1sia Leste. Todos manifestaram alegria em escutar as observa\u00e7\u00f5es dos frades que participaram do Conselho Plen\u00e1rio da Ordem, que foi realizado no Qu\u00eania durante o m\u00eas de junho.<\/p>\n<p>Os frades tamb\u00e9m fizeram um ensaio de verifica\u00e7\u00e3o do processo chamado \u201cWorld Caf\u00e9\u201d, que foi aplicado na reuni\u00e3o do CPO. O processo demonstrou ser um lugar extraordin\u00e1rio para a poliniza\u00e7\u00e3o de ideias que podem servir de inspira\u00e7\u00e3o para todas as Entidades. Os frades prometeram proporcionar mais lugares para troca de ideias similares ao \u201cWorld Caf\u00e9\u201d, especialmente nesta regi\u00e3o asi\u00e1tica caracterizada por uma ampla gama de culturas e tradi\u00e7\u00f5es.<\/p>\n<p>Os frades tamb\u00e9m discutiram o programa para o Centro Franciscano de Estudos na \u00c1sia (FCSA), que pode servir como Centro para Estudos Franciscanos, a prepara\u00e7\u00e3o para miss\u00e3o e forma\u00e7\u00e3o permanente, n\u00e3o s\u00f3 para os asi\u00e1ticos, mas para todos.<br \/>\nFrei Greg Redoblado, Definidor Geral para \u00c1sia e Oceania, desafiou os frades a manterem-se fi\u00e9is \u00e0 sua voca\u00e7\u00e3o. \u201cNossos valores franciscanos de consagra\u00e7\u00e3o, fraternidade, minoridade, proximidade com os pobres e cuidado do meio ambiente continuam sendo relevantes. O mundo est\u00e1 buscando testemunhas atrevidas. Aceitemos o desafio\u201d, disse.<\/p>\n<p>Fonte: <a href=\"http:\/\/www.ofm.org\" target=\"_blank\" rel=\"noopener noreferrer\">ofm.org<\/a> | Tradu\u00e7\u00e3o: <a href=\"http:\/\/franciscanos.org.br\" target=\"_blank\" rel=\"noopener noreferrer\">franciscanos.org.br<\/a><\/p>\n","protected":false},"excerpt":{"rendered":"<p>OFM<\/p>\n","protected":false},"author":1,"featured_media":191078,"comment_status":"open","ping_status":"open","sticky":false,"template":"","format":"standard","meta":[],"categories":[1],"tags":[397],"acf":[],"yoast_head":"<!-- This site is optimized with the Yoast SEO plugin v19.2 - https:\/\/yoast.com\/wordpress\/plugins\/seo\/ -->\n<title>Frades celebram os frutos do Evangelho na \u00c1sia - Not\u00edcias - Franciscanos<\/title>\n<meta name=\"robots\" content=\"index, follow, max-snippet:-1, max-image-preview:large, max-video-preview:-1\" \/>\n<link rel=\"canonical\" href=\"https:\/\/franciscanos.org.br\/noticias\/frades-celebram-os-frutos-do-evangelho-na-asia.html\" \/>\n<meta property=\"og:locale\" content=\"pt_BR\" \/>\n<meta property=\"og:type\" content=\"article\" \/>\n<meta property=\"og:title\" content=\"Frades celebram os frutos do Evangelho na \u00c1sia - Not\u00edcias - Franciscanos\" \/>\n<meta property=\"og:description\" content=\"OFM\" \/>\n<meta property=\"og:url\" content=\"https:\/\/franciscanos.org.br\/noticias\/frades-celebram-os-frutos-do-evangelho-na-asia.html\" \/>\n<meta property=\"og:site_name\" content=\"Not\u00edcias - Franciscanos\" \/>\n<meta property=\"article:published_time\" content=\"2018-11-01T13:41:20+00:00\" \/>\n<meta property=\"article:modified_time\" content=\"2019-09-12T12:50:19+00:00\" \/>\n<meta property=\"og:image\" content=\"https:\/\/franciscanos.org.br\/noticias\/wp-content\/uploads\/2018\/11\/EAC_OFM_2.jpg\" \/>\n\t<meta property=\"og:image:width\" content=\"273\" \/>\n\t<meta property=\"og:image:height\" content=\"181\" \/>\n\t<meta property=\"og:image:type\" content=\"image\/jpeg\" \/>\n<meta name=\"author\" content=\"admin\" \/>\n<meta name=\"twitter:card\" content=\"summary_large_image\" \/>\n<meta name=\"twitter:label1\" content=\"Escrito por\" \/>\n\t<meta name=\"twitter:data1\" content=\"admin\" \/>\n\t<meta name=\"twitter:label2\" content=\"Est. tempo de leitura\" \/>\n\t<meta name=\"twitter:data2\" content=\"2 minutos\" \/>\n<script type=\"application\/ld+json\" class=\"yoast-schema-graph\">{\"@context\":\"https:\/\/schema.org\",\"@graph\":[{\"@type\":\"WebSite\",\"@id\":\"https:\/\/franciscanos.org.br\/noticias\/#website\",\"url\":\"https:\/\/franciscanos.org.br\/noticias\/\",\"name\":\"Not\u00edcias - Franciscanos\",\"description\":\"Prov\u00edncia Franciscana da Imaculada Concei\u00e7\u00e3o do Brasil - Ordem dos Frades Menores - OFM\",\"potentialAction\":[{\"@type\":\"SearchAction\",\"target\":{\"@type\":\"EntryPoint\",\"urlTemplate\":\"https:\/\/franciscanos.org.br\/noticias\/?s={search_term_string}\"},\"query-input\":\"required name=search_term_string\"}],\"inLanguage\":\"pt-BR\"},{\"@type\":\"ImageObject\",\"inLanguage\":\"pt-BR\",\"@id\":\"https:\/\/franciscanos.org.br\/noticias\/frades-celebram-os-frutos-do-evangelho-na-asia.html#primaryimage\",\"url\":\"https:\/\/franciscanos.org.br\/noticias\/wp-content\/uploads\/2018\/11\/EAC_OFM_2.jpg\",\"contentUrl\":\"https:\/\/franciscanos.org.br\/noticias\/wp-content\/uploads\/2018\/11\/EAC_OFM_2.jpg\",\"width\":273,\"height\":181},{\"@type\":\"WebPage\",\"@id\":\"https:\/\/franciscanos.org.br\/noticias\/frades-celebram-os-frutos-do-evangelho-na-asia.html#webpage\",\"url\":\"https:\/\/franciscanos.org.br\/noticias\/frades-celebram-os-frutos-do-evangelho-na-asia.html\",\"name\":\"Frades celebram os frutos do Evangelho na \u00c1sia - Not\u00edcias - Franciscanos\",\"isPartOf\":{\"@id\":\"https:\/\/franciscanos.org.br\/noticias\/#website\"},\"primaryImageOfPage\":{\"@id\":\"https:\/\/franciscanos.org.br\/noticias\/frades-celebram-os-frutos-do-evangelho-na-asia.html#primaryimage\"},\"datePublished\":\"2018-11-01T13:41:20+00:00\",\"dateModified\":\"2019-09-12T12:50:19+00:00\",\"author\":{\"@id\":\"https:\/\/franciscanos.org.br\/noticias\/#\/schema\/person\/b38fbf43118f02820bd932f2e4b14ad3\"},\"breadcrumb\":{\"@id\":\"https:\/\/franciscanos.org.br\/noticias\/frades-celebram-os-frutos-do-evangelho-na-asia.html#breadcrumb\"},\"inLanguage\":\"pt-BR\",\"potentialAction\":[{\"@type\":\"ReadAction\",\"target\":[\"https:\/\/franciscanos.org.br\/noticias\/frades-celebram-os-frutos-do-evangelho-na-asia.html\"]}]},{\"@type\":\"BreadcrumbList\",\"@id\":\"https:\/\/franciscanos.org.br\/noticias\/frades-celebram-os-frutos-do-evangelho-na-asia.html#breadcrumb\",\"itemListElement\":[{\"@type\":\"ListItem\",\"position\":1,\"name\":\"Home\",\"item\":\"https:\/\/franciscanos.org.br\/noticias\"},{\"@type\":\"ListItem\",\"position\":2,\"name\":\"Frades celebram os frutos do Evangelho na \u00c1sia\"}]},{\"@type\":\"Person\",\"@id\":\"https:\/\/franciscanos.org.br\/noticias\/#\/schema\/person\/b38fbf43118f02820bd932f2e4b14ad3\",\"name\":\"admin\",\"image\":{\"@type\":\"ImageObject\",\"inLanguage\":\"pt-BR\",\"@id\":\"https:\/\/franciscanos.org.br\/noticias\/#\/schema\/person\/image\/\",\"url\":\"https:\/\/secure.gravatar.com\/avatar\/e8495742d34d0ba6448ea1c628263b3e?s=96&d=mm&r=g\",\"contentUrl\":\"https:\/\/secure.gravatar.com\/avatar\/e8495742d34d0ba6448ea1c628263b3e?s=96&d=mm&r=g\",\"caption\":\"admin\"},\"url\":\"https:\/\/franciscanos.org.br\/noticias\/author\/admin\"}]}<\/script>\n<!-- \/ Yoast SEO plugin. -->","yoast_head_json":{"title":"Frades celebram os frutos do Evangelho na \u00c1sia - Not\u00edcias - Franciscanos","robots":{"index":"index","follow":"follow","max-snippet":"max-snippet:-1","max-image-preview":"max-image-preview:large","max-video-preview":"max-video-preview:-1"},"canonical":"https:\/\/franciscanos.org.br\/noticias\/frades-celebram-os-frutos-do-evangelho-na-asia.html","og_locale":"pt_BR","og_type":"article","og_title":"Frades celebram os frutos do Evangelho na \u00c1sia - Not\u00edcias - Franciscanos","og_description":"OFM","og_url":"https:\/\/franciscanos.org.br\/noticias\/frades-celebram-os-frutos-do-evangelho-na-asia.html","og_site_name":"Not\u00edcias - Franciscanos","article_published_time":"2018-11-01T13:41:20+00:00","article_modified_time":"2019-09-12T12:50:19+00:00","og_image":[{"width":273,"height":181,"url":"https:\/\/franciscanos.org.br\/noticias\/wp-content\/uploads\/2018\/11\/EAC_OFM_2.jpg","type":"image\/jpeg"}],"author":"admin","twitter_card":"summary_large_image","twitter_misc":{"Escrito por":"admin","Est. tempo de leitura":"2 minutos"},"schema":{"@context":"https:\/\/schema.org","@graph":[{"@type":"WebSite","@id":"https:\/\/franciscanos.org.br\/noticias\/#website","url":"https:\/\/franciscanos.org.br\/noticias\/","name":"Not\u00edcias - Franciscanos","description":"Prov\u00edncia Franciscana da Imaculada Concei\u00e7\u00e3o do Brasil - Ordem dos Frades Menores - OFM","potentialAction":[{"@type":"SearchAction","target":{"@type":"EntryPoint","urlTemplate":"https:\/\/franciscanos.org.br\/noticias\/?s={search_term_string}"},"query-input":"required name=search_term_string"}],"inLanguage":"pt-BR"},{"@type":"ImageObject","inLanguage":"pt-BR","@id":"https:\/\/franciscanos.org.br\/noticias\/frades-celebram-os-frutos-do-evangelho-na-asia.html#primaryimage","url":"https:\/\/franciscanos.org.br\/noticias\/wp-content\/uploads\/2018\/11\/EAC_OFM_2.jpg","contentUrl":"https:\/\/franciscanos.org.br\/noticias\/wp-content\/uploads\/2018\/11\/EAC_OFM_2.jpg","width":273,"height":181},{"@type":"WebPage","@id":"https:\/\/franciscanos.org.br\/noticias\/frades-celebram-os-frutos-do-evangelho-na-asia.html#webpage","url":"https:\/\/franciscanos.org.br\/noticias\/frades-celebram-os-frutos-do-evangelho-na-asia.html","name":"Frades celebram os frutos do Evangelho na \u00c1sia - Not\u00edcias - Franciscanos","isPartOf":{"@id":"https:\/\/franciscanos.org.br\/noticias\/#website"},"primaryImageOfPage":{"@id":"https:\/\/franciscanos.org.br\/noticias\/frades-celebram-os-frutos-do-evangelho-na-asia.html#primaryimage"},"datePublished":"2018-11-01T13:41:20+00:00","dateModified":"2019-09-12T12:50:19+00:00","author":{"@id":"https:\/\/franciscanos.org.br\/noticias\/#\/schema\/person\/b38fbf43118f02820bd932f2e4b14ad3"},"breadcrumb":{"@id":"https:\/\/franciscanos.org.br\/noticias\/frades-celebram-os-frutos-do-evangelho-na-asia.html#breadcrumb"},"inLanguage":"pt-BR","potentialAction":[{"@type":"ReadAction","target":["https:\/\/franciscanos.org.br\/noticias\/frades-celebram-os-frutos-do-evangelho-na-asia.html"]}]},{"@type":"BreadcrumbList","@id":"https:\/\/franciscanos.org.br\/noticias\/frades-celebram-os-frutos-do-evangelho-na-asia.html#breadcrumb","itemListElement":[{"@type":"ListItem","position":1,"name":"Home","item":"https:\/\/franciscanos.org.br\/noticias"},{"@type":"ListItem","position":2,"name":"Frades celebram os frutos do Evangelho na \u00c1sia"}]},{"@type":"Person","@id":"https:\/\/franciscanos.org.br\/noticias\/#\/schema\/person\/b38fbf43118f02820bd932f2e4b14ad3","name":"admin","image":{"@type":"ImageObject","inLanguage":"pt-BR","@id":"https:\/\/franciscanos.org.br\/noticias\/#\/schema\/person\/image\/","url":"https:\/\/secure.gravatar.com\/avatar\/e8495742d34d0ba6448ea1c628263b3e?s=96&d=mm&r=g","contentUrl":"https:\/\/secure.gravatar.com\/avatar\/e8495742d34d0ba6448ea1c628263b3e?s=96&d=mm&r=g","caption":"admin"},"url":"https:\/\/franciscanos.org.br\/noticias\/author\/admin"}]}},"_links":{"self":[{"href":"https:\/\/franciscanos.org.br\/noticias\/wp-json\/wp\/v2\/posts\/190067"}],"collection":[{"href":"https:\/\/franciscanos.org.br\/noticias\/wp-json\/wp\/v2\/posts"}],"about":[{"href":"https:\/\/franciscanos.org.br\/noticias\/wp-json\/wp\/v2\/types\/post"}],"author":[{"embeddable":true,"href":"https:\/\/franciscanos.org.br\/noticias\/wp-json\/wp\/v2\/users\/1"}],"replies":[{"embeddable":true,"href":"https:\/\/franciscanos.org.br\/noticias\/wp-json\/wp\/v2\/comments?post=190067"}],"version-history":[{"count":0,"href":"https:\/\/franciscanos.org.br\/noticias\/wp-json\/wp\/v2\/posts\/190067\/revisions"}],"wp:featuredmedia":[{"embeddable":true,"href":"https:\/\/franciscanos.org.br\/noticias\/wp-json\/wp\/v2\/media\/191078"}],"wp:attachment":[{"href":"https:\/\/franciscanos.org.br\/noticias\/wp-json\/wp\/v2\/media?parent=190067"}],"wp:term":[{"taxonomy":"category","embeddable":true,"href":"https:\/\/franciscanos.org.br\/noticias\/wp-json\/wp\/v2\/categories?post=190067"},{"taxonomy":"post_tag","embeddable":true,"href":"https:\/\/franciscanos.org.br\/noticias\/wp-json\/wp\/v2\/tags?post=190067"}],"curies":[{"name":"wp","href":"https:\/\/api.w.org\/{rel}","templated":true}]}}