{"id":190065,"date":"2018-11-01T10:27:34","date_gmt":"2018-11-01T13:27:34","guid":{"rendered":"http:\/\/franciscanos.org.br\/?p=176035"},"modified":"2020-06-06T17:54:56","modified_gmt":"2020-06-06T20:54:56","slug":"papa-no-angelus-escolher-o-caminho-das-bem-aventurancas","status":"publish","type":"post","link":"https:\/\/franciscanos.org.br\/noticias\/papa-no-angelus-escolher-o-caminho-das-bem-aventurancas.html","title":{"rendered":"Escolher o caminho das Bem-aventuran\u00e7as"},"content":{"rendered":"<p><img loading=\"lazy\" class=\"alignleft\" src=\"http:\/\/franciscanos.org.br\/wp-content\/uploads\/2018\/11\/angelus_011118-830.jpg\" alt=\"angelus_011118 830\" width=\"830\" height=\"400\" \/><strong>Cidade do Vaticano &#8211;<\/strong> O Papa Francisco rezou a ora\u00e7\u00e3o mariana do Angelus, nesta quinta-feira (1\u00ba\/11), Solenidade de Todos os Santos que ser\u00e1 celebrada pela Igreja no Brasil, no pr\u00f3ximo domingo.<\/p>\n<p>Na alocu\u00e7\u00e3o que precedeu a ora\u00e7\u00e3o, o Pont\u00edfice sublinhou que a Primeira Leitura da liturgia de hoje, extra\u00edda do Livro do Apocalipse, \u201cnos fala do c\u00e9u e nos coloca diante de uma grande multid\u00e3o, incalcul\u00e1vel, de na\u00e7\u00f5es, tribos, povos e l\u00ednguas\u201d.<\/p>\n<p><strong>Estamos unidos a todos os santos<\/strong><\/p>\n<p>\u201cS\u00e3o os santos. O que fazem l\u00e1 em cima? Cantam juntos, louvam a Deus com alegria. Seria bonito ouvir o canto deles! Podemos imagin\u00e1-lo: sabem quando? Durante a missa, quando cantamos \u00abSanto, Santo, Santo, Senhor Deus do universo&#8230;\u00bb. \u00c9 um hino, diz a B\u00edblia, que vem do c\u00e9u, que se canta l\u00e1: um hino de louvor. Ent\u00e3o, cantando o \u201cSanto\u201d, n\u00e3o somente pensamos nos santos, mas fazemos o que eles fazem: naquele momento, na missa, estamos unidos a eles mais do que nunca.\u201d<\/p>\n<p>Segundo o Papa, \u201cestamos unidos a todos os santos, n\u00e3o somente aos mais conhecidos, do calend\u00e1rio, mas tamb\u00e9m aos \u201cda porta ao lado\u201d, aos nossos familiares e conhecidos que agora fazem parte daquela grande multid\u00e3o\u201d.<\/p>\n<p>\u201cHoje, ent\u00e3o, \u00e9 a festa da fam\u00edlia\u201d, sublinhou Francisco. \u201cOs santos est\u00e3o pr\u00f3ximos a n\u00f3s, ali\u00e1s, s\u00e3o os nossos verdadeiros irm\u00e3os e irm\u00e3s. Eles nos entendem, nos amam, sabem qual \u00e9 o nosso verdadeiro bem, nos ajudam e esperam por n\u00f3s. S\u00e3o felizes e nos querem felizes com eles no para\u00edso.\u201d<\/p>\n<p><strong>Caminho das Bem-aventuran\u00e7as<\/strong><\/p>\n<p>O Papa disse que os santos \u201cnos convidam para o caminho da felicidade, indicada no Evangelho de hoje, t\u00e3o bonito e conhecido: \u00abFelizes os pobres em esp\u00edrito (&#8230;). Felizes os mansos (&#8230;). Felizes os puros de cora\u00e7\u00e3o &#8230;\u00bb. Mas como? O Evangelho diz: felizes os pobres, enquanto o mundo diz: felizes os ricos. O Evangelho diz: felizes os mansos, e o mundo diz: felizes os prepotentes. O Evangelho diz: felizes os puros, e o mundo: felizes os espertos e os que buscam prazer\u201d.<\/p>\n<p>\u201cEste caminho das bem-aventuran\u00e7as, da santidade, parece conduzir \u00e0 derrota. Por\u00e9m, nos recorda novamente a primeira leitura, os santos trazem \u201cpalmas nas m\u00e3os\u201d, isto \u00e9, os s\u00edmbolos da vit\u00f3ria. Eles venceram, n\u00e3o o mundo e nos exortam a escolher a sua parte, a de Deus que \u00e9 Santo.\u201d<\/p>\n<p>O Papa nos convidou a fazer as seguintes perguntas: \u201cDe que lado estamos? Do lado c\u00e9u ou da terra? Vivemos para o Senhor ou para n\u00f3s mesmos, para a felicidade eterna ou para alguma satisfa\u00e7\u00e3o imediata? Perguntemo-nos: queremos realmente a santidade? Ou nos contentamos em ser crist\u00e3os sem inf\u00e2mia e sem louvores, que acreditam em Deus e estimam os outros sem exagerar?\u201d<\/p>\n<p>O Senhor \u201cpede tudo, e o que Ele oferece \u00e9 a vida verdadeira. Oferece tudo, oferece a felicidade para a qual fomos criados\u201d. \u201cEm s\u00edntese, ou a santidade ou nada! Faz-nos bem nos deixarmos ser provocados pelos santos, que aqui n\u00e3o tiveram meias medidas e do al\u00e9m \u201ctorcem\u201d por n\u00f3s, para que escolhamos Deus, a humildade, a mansid\u00e3o, a miseric\u00f3rdia, a pureza, para que nos apaixonemos pelo c\u00e9u antes que pela terra.\u201d<\/p>\n<p><strong>Desfrutar da felicidade de Deus<\/strong><\/p>\n<p>Francisco concluiu, dizendo que \u201choje, nossos irm\u00e3os e irm\u00e3s n\u00e3o nos pedem para ouvir de novo um belo Evangelho, mas para coloc\u00e1-lo em pr\u00e1tica, para seguir o caminho das bem-aventuran\u00e7as\u201d.<\/p>\n<p>\u201cN\u00e3o se trata de fazer coisas extraordin\u00e1rias, mas de seguir esse caminho todos os dias que nos leva ao c\u00e9u, para a fam\u00edlia e para casa. Hoje, n\u00f3s entrevemos o nosso futuro e celebramos aquilo para o qual nascemos: nascemos para nunca mais morrer, nascemos para desfrutar da felicidade de Deus!\u201d<\/p>\n<p>\u201cO Senhor nos encoraja e a quem segue o caminho das bem-aventuran\u00e7as diz: \u00abFiquem alegres e contentes, porque ser\u00e1 grande para voc\u00eas a recompensa no c\u00e9u\u00bb. Que a Santa M\u00e3e de Deus, Rainha dos Santos, nos ajude a caminhar com decis\u00e3o pela estrada da santidade. Ela, que \u00e9 a Porta do C\u00e9u, introduza os nossos amados defuntos na fam\u00edlia celeste\u201d, concluiu o Papa.<\/p>\n<p><strong>Corrida dos Santos<\/strong><\/p>\n<p>Ap\u00f3s a ora\u00e7\u00e3o mariana do Angelus, Francisco saudou com afeto os peregrinos provenientes da It\u00e1lia e demais pa\u00edses, fam\u00edlias, grupos paroquiais, associa\u00e7\u00f5es e grupos escolares.<\/p>\n<p>Saudou especialmente os participantes da \u201cCorrida dos Santos\u201d, promovida pela Funda\u00e7\u00e3o Miss\u00e3o Dom Bosco, para viver numa dimens\u00e3o de festa popular a Solenidade de Todos os Santos. \u201cObrigado por esta bela iniciativa e pela sua presen\u00e7a\u201d, disse.<\/p>\n<p>A seguir, o Papa recordou que nesta sexta-feira (02\/11), Comemora\u00e7\u00e3o de todos os fi\u00e9is defuntos, Dia de Finados, ir\u00e1 ao Cemit\u00e9rio Laurentino, em Roma. \u201cPe\u00e7o a todos voc\u00eas para me acompanharem com a ora\u00e7\u00e3o neste dia de sufr\u00e1gio por aqueles que nos precederam na f\u00e9 e dormem o sono da paz.\u201d<\/p>\n<p>Por fim, desejou a todos uma boa festa na companhia espiritual dos santos e pediu aos fi\u00e9is para n\u00e3o se esquecerem de rezar por ele.<\/p>\n<hr \/>\n<p><em>Fonte: Vatican News<\/em><\/p>\n","protected":false},"excerpt":{"rendered":"<p>Angelus<\/p>\n","protected":false},"author":1,"featured_media":191081,"comment_status":"open","ping_status":"open","sticky":false,"template":"","format":"standard","meta":[],"categories":[1428],"tags":[403],"acf":[],"yoast_head":"<!-- This site is optimized with the Yoast SEO plugin v19.2 - https:\/\/yoast.com\/wordpress\/plugins\/seo\/ -->\n<title>Escolher o caminho das Bem-aventuran\u00e7as - Not\u00edcias - Franciscanos<\/title>\n<meta name=\"robots\" content=\"index, follow, max-snippet:-1, max-image-preview:large, max-video-preview:-1\" \/>\n<link rel=\"canonical\" href=\"https:\/\/franciscanos.org.br\/noticias\/papa-no-angelus-escolher-o-caminho-das-bem-aventurancas.html\" \/>\n<meta property=\"og:locale\" content=\"pt_BR\" \/>\n<meta property=\"og:type\" content=\"article\" \/>\n<meta property=\"og:title\" content=\"Escolher o caminho das Bem-aventuran\u00e7as - Not\u00edcias - Franciscanos\" \/>\n<meta property=\"og:description\" content=\"Angelus\" \/>\n<meta property=\"og:url\" content=\"https:\/\/franciscanos.org.br\/noticias\/papa-no-angelus-escolher-o-caminho-das-bem-aventurancas.html\" \/>\n<meta property=\"og:site_name\" content=\"Not\u00edcias - Franciscanos\" \/>\n<meta property=\"article:published_time\" content=\"2018-11-01T13:27:34+00:00\" \/>\n<meta property=\"article:modified_time\" content=\"2020-06-06T20:54:56+00:00\" \/>\n<meta property=\"og:image\" content=\"https:\/\/franciscanos.org.br\/noticias\/wp-content\/uploads\/2018\/11\/angelus_011118-830-2.jpg\" \/>\n\t<meta property=\"og:image:width\" content=\"273\" \/>\n\t<meta property=\"og:image:height\" content=\"181\" \/>\n\t<meta property=\"og:image:type\" content=\"image\/jpeg\" \/>\n<meta name=\"author\" content=\"admin\" \/>\n<meta name=\"twitter:card\" content=\"summary_large_image\" \/>\n<meta name=\"twitter:label1\" content=\"Escrito por\" \/>\n\t<meta name=\"twitter:data1\" content=\"admin\" \/>\n\t<meta name=\"twitter:label2\" content=\"Est. tempo de leitura\" \/>\n\t<meta name=\"twitter:data2\" content=\"4 minutos\" \/>\n<script type=\"application\/ld+json\" class=\"yoast-schema-graph\">{\"@context\":\"https:\/\/schema.org\",\"@graph\":[{\"@type\":\"WebSite\",\"@id\":\"https:\/\/franciscanos.org.br\/noticias\/#website\",\"url\":\"https:\/\/franciscanos.org.br\/noticias\/\",\"name\":\"Not\u00edcias - Franciscanos\",\"description\":\"Prov\u00edncia Franciscana da Imaculada Concei\u00e7\u00e3o do Brasil - Ordem dos Frades Menores - OFM\",\"potentialAction\":[{\"@type\":\"SearchAction\",\"target\":{\"@type\":\"EntryPoint\",\"urlTemplate\":\"https:\/\/franciscanos.org.br\/noticias\/?s={search_term_string}\"},\"query-input\":\"required name=search_term_string\"}],\"inLanguage\":\"pt-BR\"},{\"@type\":\"ImageObject\",\"inLanguage\":\"pt-BR\",\"@id\":\"https:\/\/franciscanos.org.br\/noticias\/papa-no-angelus-escolher-o-caminho-das-bem-aventurancas.html#primaryimage\",\"url\":\"https:\/\/franciscanos.org.br\/noticias\/wp-content\/uploads\/2018\/11\/angelus_011118-830-2.jpg\",\"contentUrl\":\"https:\/\/franciscanos.org.br\/noticias\/wp-content\/uploads\/2018\/11\/angelus_011118-830-2.jpg\",\"width\":273,\"height\":181},{\"@type\":\"WebPage\",\"@id\":\"https:\/\/franciscanos.org.br\/noticias\/papa-no-angelus-escolher-o-caminho-das-bem-aventurancas.html#webpage\",\"url\":\"https:\/\/franciscanos.org.br\/noticias\/papa-no-angelus-escolher-o-caminho-das-bem-aventurancas.html\",\"name\":\"Escolher o caminho das Bem-aventuran\u00e7as - Not\u00edcias - Franciscanos\",\"isPartOf\":{\"@id\":\"https:\/\/franciscanos.org.br\/noticias\/#website\"},\"primaryImageOfPage\":{\"@id\":\"https:\/\/franciscanos.org.br\/noticias\/papa-no-angelus-escolher-o-caminho-das-bem-aventurancas.html#primaryimage\"},\"datePublished\":\"2018-11-01T13:27:34+00:00\",\"dateModified\":\"2020-06-06T20:54:56+00:00\",\"author\":{\"@id\":\"https:\/\/franciscanos.org.br\/noticias\/#\/schema\/person\/b38fbf43118f02820bd932f2e4b14ad3\"},\"breadcrumb\":{\"@id\":\"https:\/\/franciscanos.org.br\/noticias\/papa-no-angelus-escolher-o-caminho-das-bem-aventurancas.html#breadcrumb\"},\"inLanguage\":\"pt-BR\",\"potentialAction\":[{\"@type\":\"ReadAction\",\"target\":[\"https:\/\/franciscanos.org.br\/noticias\/papa-no-angelus-escolher-o-caminho-das-bem-aventurancas.html\"]}]},{\"@type\":\"BreadcrumbList\",\"@id\":\"https:\/\/franciscanos.org.br\/noticias\/papa-no-angelus-escolher-o-caminho-das-bem-aventurancas.html#breadcrumb\",\"itemListElement\":[{\"@type\":\"ListItem\",\"position\":1,\"name\":\"Home\",\"item\":\"https:\/\/franciscanos.org.br\/noticias\"},{\"@type\":\"ListItem\",\"position\":2,\"name\":\"Escolher o caminho das Bem-aventuran\u00e7as\"}]},{\"@type\":\"Person\",\"@id\":\"https:\/\/franciscanos.org.br\/noticias\/#\/schema\/person\/b38fbf43118f02820bd932f2e4b14ad3\",\"name\":\"admin\",\"image\":{\"@type\":\"ImageObject\",\"inLanguage\":\"pt-BR\",\"@id\":\"https:\/\/franciscanos.org.br\/noticias\/#\/schema\/person\/image\/\",\"url\":\"https:\/\/secure.gravatar.com\/avatar\/e8495742d34d0ba6448ea1c628263b3e?s=96&d=mm&r=g\",\"contentUrl\":\"https:\/\/secure.gravatar.com\/avatar\/e8495742d34d0ba6448ea1c628263b3e?s=96&d=mm&r=g\",\"caption\":\"admin\"},\"url\":\"https:\/\/franciscanos.org.br\/noticias\/author\/admin\"}]}<\/script>\n<!-- \/ Yoast SEO plugin. -->","yoast_head_json":{"title":"Escolher o caminho das Bem-aventuran\u00e7as - Not\u00edcias - Franciscanos","robots":{"index":"index","follow":"follow","max-snippet":"max-snippet:-1","max-image-preview":"max-image-preview:large","max-video-preview":"max-video-preview:-1"},"canonical":"https:\/\/franciscanos.org.br\/noticias\/papa-no-angelus-escolher-o-caminho-das-bem-aventurancas.html","og_locale":"pt_BR","og_type":"article","og_title":"Escolher o caminho das Bem-aventuran\u00e7as - Not\u00edcias - Franciscanos","og_description":"Angelus","og_url":"https:\/\/franciscanos.org.br\/noticias\/papa-no-angelus-escolher-o-caminho-das-bem-aventurancas.html","og_site_name":"Not\u00edcias - Franciscanos","article_published_time":"2018-11-01T13:27:34+00:00","article_modified_time":"2020-06-06T20:54:56+00:00","og_image":[{"width":273,"height":181,"url":"https:\/\/franciscanos.org.br\/noticias\/wp-content\/uploads\/2018\/11\/angelus_011118-830-2.jpg","type":"image\/jpeg"}],"author":"admin","twitter_card":"summary_large_image","twitter_misc":{"Escrito por":"admin","Est. tempo de leitura":"4 minutos"},"schema":{"@context":"https:\/\/schema.org","@graph":[{"@type":"WebSite","@id":"https:\/\/franciscanos.org.br\/noticias\/#website","url":"https:\/\/franciscanos.org.br\/noticias\/","name":"Not\u00edcias - Franciscanos","description":"Prov\u00edncia Franciscana da Imaculada Concei\u00e7\u00e3o do Brasil - Ordem dos Frades Menores - OFM","potentialAction":[{"@type":"SearchAction","target":{"@type":"EntryPoint","urlTemplate":"https:\/\/franciscanos.org.br\/noticias\/?s={search_term_string}"},"query-input":"required name=search_term_string"}],"inLanguage":"pt-BR"},{"@type":"ImageObject","inLanguage":"pt-BR","@id":"https:\/\/franciscanos.org.br\/noticias\/papa-no-angelus-escolher-o-caminho-das-bem-aventurancas.html#primaryimage","url":"https:\/\/franciscanos.org.br\/noticias\/wp-content\/uploads\/2018\/11\/angelus_011118-830-2.jpg","contentUrl":"https:\/\/franciscanos.org.br\/noticias\/wp-content\/uploads\/2018\/11\/angelus_011118-830-2.jpg","width":273,"height":181},{"@type":"WebPage","@id":"https:\/\/franciscanos.org.br\/noticias\/papa-no-angelus-escolher-o-caminho-das-bem-aventurancas.html#webpage","url":"https:\/\/franciscanos.org.br\/noticias\/papa-no-angelus-escolher-o-caminho-das-bem-aventurancas.html","name":"Escolher o caminho das Bem-aventuran\u00e7as - Not\u00edcias - Franciscanos","isPartOf":{"@id":"https:\/\/franciscanos.org.br\/noticias\/#website"},"primaryImageOfPage":{"@id":"https:\/\/franciscanos.org.br\/noticias\/papa-no-angelus-escolher-o-caminho-das-bem-aventurancas.html#primaryimage"},"datePublished":"2018-11-01T13:27:34+00:00","dateModified":"2020-06-06T20:54:56+00:00","author":{"@id":"https:\/\/franciscanos.org.br\/noticias\/#\/schema\/person\/b38fbf43118f02820bd932f2e4b14ad3"},"breadcrumb":{"@id":"https:\/\/franciscanos.org.br\/noticias\/papa-no-angelus-escolher-o-caminho-das-bem-aventurancas.html#breadcrumb"},"inLanguage":"pt-BR","potentialAction":[{"@type":"ReadAction","target":["https:\/\/franciscanos.org.br\/noticias\/papa-no-angelus-escolher-o-caminho-das-bem-aventurancas.html"]}]},{"@type":"BreadcrumbList","@id":"https:\/\/franciscanos.org.br\/noticias\/papa-no-angelus-escolher-o-caminho-das-bem-aventurancas.html#breadcrumb","itemListElement":[{"@type":"ListItem","position":1,"name":"Home","item":"https:\/\/franciscanos.org.br\/noticias"},{"@type":"ListItem","position":2,"name":"Escolher o caminho das Bem-aventuran\u00e7as"}]},{"@type":"Person","@id":"https:\/\/franciscanos.org.br\/noticias\/#\/schema\/person\/b38fbf43118f02820bd932f2e4b14ad3","name":"admin","image":{"@type":"ImageObject","inLanguage":"pt-BR","@id":"https:\/\/franciscanos.org.br\/noticias\/#\/schema\/person\/image\/","url":"https:\/\/secure.gravatar.com\/avatar\/e8495742d34d0ba6448ea1c628263b3e?s=96&d=mm&r=g","contentUrl":"https:\/\/secure.gravatar.com\/avatar\/e8495742d34d0ba6448ea1c628263b3e?s=96&d=mm&r=g","caption":"admin"},"url":"https:\/\/franciscanos.org.br\/noticias\/author\/admin"}]}},"_links":{"self":[{"href":"https:\/\/franciscanos.org.br\/noticias\/wp-json\/wp\/v2\/posts\/190065"}],"collection":[{"href":"https:\/\/franciscanos.org.br\/noticias\/wp-json\/wp\/v2\/posts"}],"about":[{"href":"https:\/\/franciscanos.org.br\/noticias\/wp-json\/wp\/v2\/types\/post"}],"author":[{"embeddable":true,"href":"https:\/\/franciscanos.org.br\/noticias\/wp-json\/wp\/v2\/users\/1"}],"replies":[{"embeddable":true,"href":"https:\/\/franciscanos.org.br\/noticias\/wp-json\/wp\/v2\/comments?post=190065"}],"version-history":[{"count":2,"href":"https:\/\/franciscanos.org.br\/noticias\/wp-json\/wp\/v2\/posts\/190065\/revisions"}],"predecessor-version":[{"id":224717,"href":"https:\/\/franciscanos.org.br\/noticias\/wp-json\/wp\/v2\/posts\/190065\/revisions\/224717"}],"wp:featuredmedia":[{"embeddable":true,"href":"https:\/\/franciscanos.org.br\/noticias\/wp-json\/wp\/v2\/media\/191081"}],"wp:attachment":[{"href":"https:\/\/franciscanos.org.br\/noticias\/wp-json\/wp\/v2\/media?parent=190065"}],"wp:term":[{"taxonomy":"category","embeddable":true,"href":"https:\/\/franciscanos.org.br\/noticias\/wp-json\/wp\/v2\/categories?post=190065"},{"taxonomy":"post_tag","embeddable":true,"href":"https:\/\/franciscanos.org.br\/noticias\/wp-json\/wp\/v2\/tags?post=190065"}],"curies":[{"name":"wp","href":"https:\/\/api.w.org\/{rel}","templated":true}]}}