{"id":190059,"date":"2018-10-25T10:35:48","date_gmt":"2018-10-25T13:35:48","guid":{"rendered":"http:\/\/franciscanos.org.br\/?p=175553"},"modified":"2020-06-06T18:04:02","modified_gmt":"2020-06-06T21:04:02","slug":"papa-convida-a-renovar-profissao-de-fe-em-jesus-cristo","status":"publish","type":"post","link":"https:\/\/franciscanos.org.br\/noticias\/papa-convida-a-renovar-profissao-de-fe-em-jesus-cristo.html","title":{"rendered":"Papa convida a renovar profiss\u00e3o de f\u00e9 em Jesus Cristo"},"content":{"rendered":"<p><img loading=\"lazy\" class=\"alignleft size-full wp-image-191174\" src=\"https:\/\/franciscanos.org.br\/noticias\/wp-content\/uploads\/2018\/10\/papa_renova2.jpeg\" alt=\"\" width=\"980\" height=\"550\" srcset=\"https:\/\/franciscanos.org.br\/noticias\/wp-content\/uploads\/2018\/10\/papa_renova2.jpeg 980w, https:\/\/franciscanos.org.br\/noticias\/wp-content\/uploads\/2018\/10\/papa_renova2-450x253.jpeg 450w, https:\/\/franciscanos.org.br\/noticias\/wp-content\/uploads\/2018\/10\/papa_renova2-768x431.jpeg 768w, https:\/\/franciscanos.org.br\/noticias\/wp-content\/uploads\/2018\/10\/papa_renova2-150x84.jpeg 150w\" sizes=\"(max-width: 980px) 100vw, 980px\" \/><\/p>\n<p><strong>Cidade do Vaticano<\/strong> &#8211; O Papa Francisco fez um convite a renovar a profiss\u00e3o de f\u00e9 \u201cno lugar em que o Ap\u00f3stolo Pedro, com o testemunho de vida, confessou sua f\u00e9 no Senhor Jesus, morto e ressuscitado\u201d.<\/p>\n<p>A solicita\u00e7\u00e3o foi feita pelo Pont\u00edfice, nesta quinta-feira (25\/10), na Bas\u00edlica de S\u00e3o Pedro, aos participantes da peregrina\u00e7\u00e3o ao t\u00famulo de S\u00e3o Pedro, atrav\u00e9s da Via Francigena, organizada pelo Pontif\u00edcio Conselho para a Promo\u00e7\u00e3o da Nova Evangeliza\u00e7\u00e3o para os participantes do S\u00ednodo dedicado aos jovens, em andamento no Vaticano, sobre o tema \u201cOs jovens, a f\u00e9 e o discernimento vocacional\u201d.<\/p>\n<p>No final da peregrina\u00e7\u00e3o, que se concluiu no t\u00famulo de S\u00e3o Pedro, os Padres sinodais e os jovens participaram da missa presidida pelo secret\u00e1rio-geral do S\u00ednodo dos Bispos, cardeal Lorenzo Baldisseri, no Altar da C\u00e1tedra da Bas\u00edlica Vaticana.<\/p>\n<p>A homilia foi feita pelo presidente do Pontif\u00edcio Conselho para a Promo\u00e7\u00e3o da Nova Evangeliza\u00e7\u00e3o, Dom Rino Fisichella, dicast\u00e9rio vaticano promotor da peregrina\u00e7\u00e3o. O prelado fez uma ora\u00e7\u00e3o a fim de que a \u201cprofiss\u00e3o de f\u00e9\u201d de Pedro se torne \u201ctamb\u00e9m nossa\u201d, ou seja, \u201cdoar a nossa vida ao Senhor Jesus\u201d.<\/p>\n<p><strong>Significado da vida e voca\u00e7\u00e3o de Pedro<\/strong><\/p>\n<p>Dom Fisichella explicou como acolher em \u201cnossa vida o significado de Pedro, de sua vida e sua voca\u00e7\u00e3o\u201d. Jesus diz a Pedro para lan\u00e7ar as redes e o pescador obedece: \u201cNa sua palavra eu jogarei a rede\u201d.<\/p>\n<p>Pedro lentamente entende que deve confiar, que precisa da gra\u00e7a de Deus. Sem Ele n\u00e3o podemos fazer nada. Repetimos essa frase v\u00e1rias vezes quando invocamos o Esp\u00edrito. \u201c<em>Sine tuo numine nihil est in homine<\/em>\u201d, sem a sua presen\u00e7a, sem a sua luz n\u00e3o h\u00e1 nada em n\u00f3s.<\/p>\n<p>\u201cJesus nos ensina que quando se est\u00e1 Nele, pensa-se diferente. Quando pergunta: \u201cPedro, voc\u00ea me ama?\u201d, Pedro responde: \u201cEu te amo\u201d. O amor \u00e9 entendido como capacidade de doar a vida ao Senhor. Jesus entende que \u201cPedro ainda n\u00e3o \u00e9 capaz. Precisa ter paci\u00eancia\u201d. Ent\u00e3o lhe diz: \u201cSegue-me!\u201d. \u201cEste segundo chamado\u201d, frisou dom Fisichella, \u201c\u00e9 o chamado ao amor, ao doar tudo, n\u00e3o s\u00f3 a sair, mas doar-se inteiramente\u201d. \u201cTrinta anos se passar\u00e3o\u201d e Pedro \u201cdobrar\u00e1 os joelhos diante de Deus\u201d, porque est\u00e1 finalmente \u201cpronto e capaz de doar-se totalmente\u201d.<\/p>\n<p>Este \u00e9 o dom do mart\u00edrio: ningu\u00e9m tira a sua vida. Eu a ofere\u00e7o por mim mesmo. Aqui, Pedro cumpre sua voca\u00e7\u00e3o. Passar\u00e3o 30 anos: n\u00e3o importa. Deus tem paci\u00eancia conosco. Seus tempos n\u00e3o s\u00e3o nossos tempos. Ele vem ao nosso encontro quando decide vir nos encontrar. Deve encontrar um cora\u00e7\u00e3o aberto. Ent\u00e3o, Pedro dir\u00e1 como Paulo aos primeiros crist\u00e3os de Tessal\u00f4nica: \u201cQuer\u00edamos dar a voc\u00eas n\u00e3o apenas o Evangelho, mas nossa pr\u00f3pria vida\u201d, concluiu dom Fisichella.<\/p>\n","protected":false},"excerpt":{"rendered":"<p>S\u00ednodo dos Jovens<\/p>\n","protected":false},"author":1,"featured_media":191176,"comment_status":"open","ping_status":"open","sticky":false,"template":"","format":"standard","meta":[],"categories":[1428],"tags":[839],"acf":[],"yoast_head":"<!-- This site is optimized with the Yoast SEO plugin v19.2 - https:\/\/yoast.com\/wordpress\/plugins\/seo\/ -->\n<title>Papa convida a renovar profiss\u00e3o de f\u00e9 em Jesus Cristo - Not\u00edcias - Franciscanos<\/title>\n<meta name=\"robots\" content=\"index, follow, max-snippet:-1, max-image-preview:large, max-video-preview:-1\" \/>\n<link rel=\"canonical\" href=\"https:\/\/franciscanos.org.br\/noticias\/papa-convida-a-renovar-profissao-de-fe-em-jesus-cristo.html\" \/>\n<meta property=\"og:locale\" content=\"pt_BR\" \/>\n<meta property=\"og:type\" content=\"article\" \/>\n<meta property=\"og:title\" content=\"Papa convida a renovar profiss\u00e3o de f\u00e9 em Jesus Cristo - Not\u00edcias - Franciscanos\" \/>\n<meta property=\"og:description\" content=\"S\u00ednodo dos Jovens\" \/>\n<meta property=\"og:url\" content=\"https:\/\/franciscanos.org.br\/noticias\/papa-convida-a-renovar-profissao-de-fe-em-jesus-cristo.html\" \/>\n<meta property=\"og:site_name\" content=\"Not\u00edcias - Franciscanos\" \/>\n<meta property=\"article:published_time\" content=\"2018-10-25T13:35:48+00:00\" \/>\n<meta property=\"article:modified_time\" content=\"2020-06-06T21:04:02+00:00\" \/>\n<meta property=\"og:image\" content=\"https:\/\/franciscanos.org.br\/noticias\/wp-content\/uploads\/2018\/10\/papa_renova.jpeg\" \/>\n\t<meta property=\"og:image:width\" content=\"273\" \/>\n\t<meta property=\"og:image:height\" content=\"181\" \/>\n\t<meta property=\"og:image:type\" content=\"image\/jpeg\" \/>\n<meta name=\"author\" content=\"admin\" \/>\n<meta name=\"twitter:card\" content=\"summary_large_image\" \/>\n<meta name=\"twitter:label1\" content=\"Escrito por\" \/>\n\t<meta name=\"twitter:data1\" content=\"admin\" \/>\n\t<meta name=\"twitter:label2\" content=\"Est. tempo de leitura\" \/>\n\t<meta name=\"twitter:data2\" content=\"2 minutos\" \/>\n<script type=\"application\/ld+json\" class=\"yoast-schema-graph\">{\"@context\":\"https:\/\/schema.org\",\"@graph\":[{\"@type\":\"WebSite\",\"@id\":\"https:\/\/franciscanos.org.br\/noticias\/#website\",\"url\":\"https:\/\/franciscanos.org.br\/noticias\/\",\"name\":\"Not\u00edcias - Franciscanos\",\"description\":\"Prov\u00edncia Franciscana da Imaculada Concei\u00e7\u00e3o do Brasil - Ordem dos Frades Menores - OFM\",\"potentialAction\":[{\"@type\":\"SearchAction\",\"target\":{\"@type\":\"EntryPoint\",\"urlTemplate\":\"https:\/\/franciscanos.org.br\/noticias\/?s={search_term_string}\"},\"query-input\":\"required name=search_term_string\"}],\"inLanguage\":\"pt-BR\"},{\"@type\":\"ImageObject\",\"inLanguage\":\"pt-BR\",\"@id\":\"https:\/\/franciscanos.org.br\/noticias\/papa-convida-a-renovar-profissao-de-fe-em-jesus-cristo.html#primaryimage\",\"url\":\"https:\/\/franciscanos.org.br\/noticias\/wp-content\/uploads\/2018\/10\/papa_renova.jpeg\",\"contentUrl\":\"https:\/\/franciscanos.org.br\/noticias\/wp-content\/uploads\/2018\/10\/papa_renova.jpeg\",\"width\":273,\"height\":181},{\"@type\":\"WebPage\",\"@id\":\"https:\/\/franciscanos.org.br\/noticias\/papa-convida-a-renovar-profissao-de-fe-em-jesus-cristo.html#webpage\",\"url\":\"https:\/\/franciscanos.org.br\/noticias\/papa-convida-a-renovar-profissao-de-fe-em-jesus-cristo.html\",\"name\":\"Papa convida a renovar profiss\u00e3o de f\u00e9 em Jesus Cristo - Not\u00edcias - Franciscanos\",\"isPartOf\":{\"@id\":\"https:\/\/franciscanos.org.br\/noticias\/#website\"},\"primaryImageOfPage\":{\"@id\":\"https:\/\/franciscanos.org.br\/noticias\/papa-convida-a-renovar-profissao-de-fe-em-jesus-cristo.html#primaryimage\"},\"datePublished\":\"2018-10-25T13:35:48+00:00\",\"dateModified\":\"2020-06-06T21:04:02+00:00\",\"author\":{\"@id\":\"https:\/\/franciscanos.org.br\/noticias\/#\/schema\/person\/b38fbf43118f02820bd932f2e4b14ad3\"},\"breadcrumb\":{\"@id\":\"https:\/\/franciscanos.org.br\/noticias\/papa-convida-a-renovar-profissao-de-fe-em-jesus-cristo.html#breadcrumb\"},\"inLanguage\":\"pt-BR\",\"potentialAction\":[{\"@type\":\"ReadAction\",\"target\":[\"https:\/\/franciscanos.org.br\/noticias\/papa-convida-a-renovar-profissao-de-fe-em-jesus-cristo.html\"]}]},{\"@type\":\"BreadcrumbList\",\"@id\":\"https:\/\/franciscanos.org.br\/noticias\/papa-convida-a-renovar-profissao-de-fe-em-jesus-cristo.html#breadcrumb\",\"itemListElement\":[{\"@type\":\"ListItem\",\"position\":1,\"name\":\"Home\",\"item\":\"https:\/\/franciscanos.org.br\/noticias\"},{\"@type\":\"ListItem\",\"position\":2,\"name\":\"Papa convida a renovar profiss\u00e3o de f\u00e9 em Jesus Cristo\"}]},{\"@type\":\"Person\",\"@id\":\"https:\/\/franciscanos.org.br\/noticias\/#\/schema\/person\/b38fbf43118f02820bd932f2e4b14ad3\",\"name\":\"admin\",\"image\":{\"@type\":\"ImageObject\",\"inLanguage\":\"pt-BR\",\"@id\":\"https:\/\/franciscanos.org.br\/noticias\/#\/schema\/person\/image\/\",\"url\":\"https:\/\/secure.gravatar.com\/avatar\/e8495742d34d0ba6448ea1c628263b3e?s=96&d=mm&r=g\",\"contentUrl\":\"https:\/\/secure.gravatar.com\/avatar\/e8495742d34d0ba6448ea1c628263b3e?s=96&d=mm&r=g\",\"caption\":\"admin\"},\"url\":\"https:\/\/franciscanos.org.br\/noticias\/author\/admin\"}]}<\/script>\n<!-- \/ Yoast SEO plugin. -->","yoast_head_json":{"title":"Papa convida a renovar profiss\u00e3o de f\u00e9 em Jesus Cristo - Not\u00edcias - Franciscanos","robots":{"index":"index","follow":"follow","max-snippet":"max-snippet:-1","max-image-preview":"max-image-preview:large","max-video-preview":"max-video-preview:-1"},"canonical":"https:\/\/franciscanos.org.br\/noticias\/papa-convida-a-renovar-profissao-de-fe-em-jesus-cristo.html","og_locale":"pt_BR","og_type":"article","og_title":"Papa convida a renovar profiss\u00e3o de f\u00e9 em Jesus Cristo - Not\u00edcias - Franciscanos","og_description":"S\u00ednodo dos Jovens","og_url":"https:\/\/franciscanos.org.br\/noticias\/papa-convida-a-renovar-profissao-de-fe-em-jesus-cristo.html","og_site_name":"Not\u00edcias - Franciscanos","article_published_time":"2018-10-25T13:35:48+00:00","article_modified_time":"2020-06-06T21:04:02+00:00","og_image":[{"width":273,"height":181,"url":"https:\/\/franciscanos.org.br\/noticias\/wp-content\/uploads\/2018\/10\/papa_renova.jpeg","type":"image\/jpeg"}],"author":"admin","twitter_card":"summary_large_image","twitter_misc":{"Escrito por":"admin","Est. tempo de leitura":"2 minutos"},"schema":{"@context":"https:\/\/schema.org","@graph":[{"@type":"WebSite","@id":"https:\/\/franciscanos.org.br\/noticias\/#website","url":"https:\/\/franciscanos.org.br\/noticias\/","name":"Not\u00edcias - Franciscanos","description":"Prov\u00edncia Franciscana da Imaculada Concei\u00e7\u00e3o do Brasil - Ordem dos Frades Menores - OFM","potentialAction":[{"@type":"SearchAction","target":{"@type":"EntryPoint","urlTemplate":"https:\/\/franciscanos.org.br\/noticias\/?s={search_term_string}"},"query-input":"required name=search_term_string"}],"inLanguage":"pt-BR"},{"@type":"ImageObject","inLanguage":"pt-BR","@id":"https:\/\/franciscanos.org.br\/noticias\/papa-convida-a-renovar-profissao-de-fe-em-jesus-cristo.html#primaryimage","url":"https:\/\/franciscanos.org.br\/noticias\/wp-content\/uploads\/2018\/10\/papa_renova.jpeg","contentUrl":"https:\/\/franciscanos.org.br\/noticias\/wp-content\/uploads\/2018\/10\/papa_renova.jpeg","width":273,"height":181},{"@type":"WebPage","@id":"https:\/\/franciscanos.org.br\/noticias\/papa-convida-a-renovar-profissao-de-fe-em-jesus-cristo.html#webpage","url":"https:\/\/franciscanos.org.br\/noticias\/papa-convida-a-renovar-profissao-de-fe-em-jesus-cristo.html","name":"Papa convida a renovar profiss\u00e3o de f\u00e9 em Jesus Cristo - Not\u00edcias - Franciscanos","isPartOf":{"@id":"https:\/\/franciscanos.org.br\/noticias\/#website"},"primaryImageOfPage":{"@id":"https:\/\/franciscanos.org.br\/noticias\/papa-convida-a-renovar-profissao-de-fe-em-jesus-cristo.html#primaryimage"},"datePublished":"2018-10-25T13:35:48+00:00","dateModified":"2020-06-06T21:04:02+00:00","author":{"@id":"https:\/\/franciscanos.org.br\/noticias\/#\/schema\/person\/b38fbf43118f02820bd932f2e4b14ad3"},"breadcrumb":{"@id":"https:\/\/franciscanos.org.br\/noticias\/papa-convida-a-renovar-profissao-de-fe-em-jesus-cristo.html#breadcrumb"},"inLanguage":"pt-BR","potentialAction":[{"@type":"ReadAction","target":["https:\/\/franciscanos.org.br\/noticias\/papa-convida-a-renovar-profissao-de-fe-em-jesus-cristo.html"]}]},{"@type":"BreadcrumbList","@id":"https:\/\/franciscanos.org.br\/noticias\/papa-convida-a-renovar-profissao-de-fe-em-jesus-cristo.html#breadcrumb","itemListElement":[{"@type":"ListItem","position":1,"name":"Home","item":"https:\/\/franciscanos.org.br\/noticias"},{"@type":"ListItem","position":2,"name":"Papa convida a renovar profiss\u00e3o de f\u00e9 em Jesus Cristo"}]},{"@type":"Person","@id":"https:\/\/franciscanos.org.br\/noticias\/#\/schema\/person\/b38fbf43118f02820bd932f2e4b14ad3","name":"admin","image":{"@type":"ImageObject","inLanguage":"pt-BR","@id":"https:\/\/franciscanos.org.br\/noticias\/#\/schema\/person\/image\/","url":"https:\/\/secure.gravatar.com\/avatar\/e8495742d34d0ba6448ea1c628263b3e?s=96&d=mm&r=g","contentUrl":"https:\/\/secure.gravatar.com\/avatar\/e8495742d34d0ba6448ea1c628263b3e?s=96&d=mm&r=g","caption":"admin"},"url":"https:\/\/franciscanos.org.br\/noticias\/author\/admin"}]}},"_links":{"self":[{"href":"https:\/\/franciscanos.org.br\/noticias\/wp-json\/wp\/v2\/posts\/190059"}],"collection":[{"href":"https:\/\/franciscanos.org.br\/noticias\/wp-json\/wp\/v2\/posts"}],"about":[{"href":"https:\/\/franciscanos.org.br\/noticias\/wp-json\/wp\/v2\/types\/post"}],"author":[{"embeddable":true,"href":"https:\/\/franciscanos.org.br\/noticias\/wp-json\/wp\/v2\/users\/1"}],"replies":[{"embeddable":true,"href":"https:\/\/franciscanos.org.br\/noticias\/wp-json\/wp\/v2\/comments?post=190059"}],"version-history":[{"count":1,"href":"https:\/\/franciscanos.org.br\/noticias\/wp-json\/wp\/v2\/posts\/190059\/revisions"}],"predecessor-version":[{"id":224725,"href":"https:\/\/franciscanos.org.br\/noticias\/wp-json\/wp\/v2\/posts\/190059\/revisions\/224725"}],"wp:featuredmedia":[{"embeddable":true,"href":"https:\/\/franciscanos.org.br\/noticias\/wp-json\/wp\/v2\/media\/191176"}],"wp:attachment":[{"href":"https:\/\/franciscanos.org.br\/noticias\/wp-json\/wp\/v2\/media?parent=190059"}],"wp:term":[{"taxonomy":"category","embeddable":true,"href":"https:\/\/franciscanos.org.br\/noticias\/wp-json\/wp\/v2\/categories?post=190059"},{"taxonomy":"post_tag","embeddable":true,"href":"https:\/\/franciscanos.org.br\/noticias\/wp-json\/wp\/v2\/tags?post=190059"}],"curies":[{"name":"wp","href":"https:\/\/api.w.org\/{rel}","templated":true}]}}